{"id":161952,"date":"2020-09-22T15:18:53","date_gmt":"2020-09-22T13:18:53","guid":{"rendered":"https:\/\/www.radiopiu.net\/wordpress\/?p=161952"},"modified":"2020-09-22T15:18:53","modified_gmt":"2020-09-22T13:18:53","slug":"confcommercio-belluno-da-el-forner-per-i-90-anni-di-attivita-a-la-valle-agordina","status":"publish","type":"post","link":"https:\/\/www.radiopiu.net\/wordpress\/confcommercio-belluno-da-el-forner-per-i-90-anni-di-attivita-a-la-valle-agordina\/","title":{"rendered":"CONFCOMMERCIO BELLUNO DA \u201cEL FORNER\u201d PER I 90 ANNI DI ATTIVITA&#8217; A LA VALLE AGORDINA"},"content":{"rendered":"<p><strong><a class=\"dt-pswp-item\" href=\"https:\/\/www.radiopiu.net\/wordpress\/wp-content\/uploads\/2020\/09\/Premiazione-El-Forner.jpg\" data-dt-img-description=\"\" data-large_image_width=\"2362\" data-large_image_height=\"1772\"><img loading=\"lazy\" decoding=\"async\" class=\"size-medium wp-image-161955 alignleft\" src=\"https:\/\/www.radiopiu.net\/wordpress\/wp-content\/uploads\/2020\/09\/Premiazione-El-Forner-300x225.jpg\" alt=\"\" width=\"300\" height=\"225\" srcset=\"https:\/\/www.radiopiu.net\/wordpress\/wp-content\/uploads\/2020\/09\/Premiazione-El-Forner-300x225.jpg 300w, https:\/\/www.radiopiu.net\/wordpress\/wp-content\/uploads\/2020\/09\/Premiazione-El-Forner-1024x768.jpg 1024w, https:\/\/www.radiopiu.net\/wordpress\/wp-content\/uploads\/2020\/09\/Premiazione-El-Forner-768x576.jpg 768w, https:\/\/www.radiopiu.net\/wordpress\/wp-content\/uploads\/2020\/09\/Premiazione-El-Forner-1536x1152.jpg 1536w, https:\/\/www.radiopiu.net\/wordpress\/wp-content\/uploads\/2020\/09\/Premiazione-El-Forner-2048x1536.jpg 2048w, https:\/\/www.radiopiu.net\/wordpress\/wp-content\/uploads\/2020\/09\/Premiazione-El-Forner-640x480.jpg 640w\" sizes=\"auto, (max-width: 300px) 100vw, 300px\" \/><\/a>LA VALLE\u00a0<\/strong>Un&#8217;entusiasmante ed appassionata cavalcata nella storia di un paese e della sua comunit\u00e0. Questo \u00e8 il Panificio El Forner che da 90 anni sforna prelibatezze a La Valle Agordina attraverso scampoli di storia e di mutamenti sociali ed economici ai cui effetti \u201cEl Forner\u201d ha sempre resistito, sapendo prontamente rilanciare, all&#8217;insegna di passione, tradizione, socialit\u00e0, amore per il territorio e per l&#8217;arte bianca.\u00a0\u201c<em>Confcommercio Belluno \u2013 afferma il presidente Paolo Doglioni \u2013 ha voluto presentare a William e famiglia un segno di riconoscenza per l&#8217;attivit\u00e0 svolta e per il traguardo raggiunto. Un&#8217;attivit\u00e0 da sempre legata a Confcommercio con William che ha attivamente partecipato con passione e generosit\u00e0 alla vita associativa<\/em>\u201d\u00a0\u201c<em>Nel nostro territorio \u2013 continua Doglioni \u2013 attivit\u00e0 come \u201cEl Forner\u201d rappresentano la vita dei piccoli paesi, il presidio necessario per la salvaguardia della montagna, un punto di appoggio fondamentale per i turisti che animano le valli. Per questi motivi la riconoscenza alla Famiglia Da Roit \u00e8 il minimo che possiamo manifestare. Nel breve incontro con i Da Roit ho respirato entusiasmo ed amore per il proprio lavoro e, soprattutto, la volont\u00e0 di guardare al futuro con ottimismo e programmazione anche grazie all&#8217;impegno del figlio Omar<\/em>\u201d.\u00a0Pur non presente a La Valle Agordina perch\u00e8 impegnato nel suo panificio, anche il presidente dei panificatori Roberto Battaglia ha voluto dedicare a William un pensiero di stima e gratitudine.\u00a0\u201c<em>William \u2013 riferisce Roberto Battaglia \u2013 \u00e8 un collega vulcanico, disponibile e innamorato del proprio lavoro. Sempre arricchenti i momenti nei quali ci siamo trovati per incontri associativi, collaborazioni, eventi, approfondimenti formativi, attivit\u00e0 benefiche e sociali. Un personaggio del quale il nostro comparto ha bisogno; un traino ed un esempio per la passione e la ricerca che quotidianamente dedica al proprio lavoro e per la capacit\u00e0, anche social, di far amare il pane e l&#8217;arte panaria ai suoi clienti ma non solo. E questo \u00e8 di arricchimento per tutti!<\/em>\u201d<\/p>\n","protected":false},"excerpt":{"rendered":"<p>LA VALLE\u00a0Un&#8217;entusiasmante ed appassionata cavalcata nella storia di un paese e della sua comunit\u00e0. Questo \u00e8 il Panificio El Forner che da 90 anni sforna prelibatezze a La Valle Agordina attraverso scampoli di storia e di mutamenti sociali ed economici ai cui effetti \u201cEl Forner\u201d ha sempre resistito, sapendo prontamente rilanciare, all&#8217;insegna di passione, tradizione,&hellip;<\/p>\n","protected":false},"author":4,"featured_media":161955,"comment_status":"closed","ping_status":"closed","sticky":false,"template":"","format":"standard","meta":{"_monsterinsights_skip_tracking":false,"_monsterinsights_sitenote_active":false,"_monsterinsights_sitenote_note":"","_monsterinsights_sitenote_category":0,"footnotes":""},"categories":[49],"tags":[],"class_list":["post-161952","post","type-post","status-publish","format-standard","has-post-thumbnail","hentry","category-news-18","category-49","description-off"],"img_url":"https:\/\/www.radiopiu.net\/wordpress\/wp-content\/uploads\/2020\/09\/Premiazione-El-Forner.jpg","_links":{"self":[{"href":"https:\/\/www.radiopiu.net\/wordpress\/wp-json\/wp\/v2\/posts\/161952","targetHints":{"allow":["GET"]}}],"collection":[{"href":"https:\/\/www.radiopiu.net\/wordpress\/wp-json\/wp\/v2\/posts"}],"about":[{"href":"https:\/\/www.radiopiu.net\/wordpress\/wp-json\/wp\/v2\/types\/post"}],"author":[{"embeddable":true,"href":"https:\/\/www.radiopiu.net\/wordpress\/wp-json\/wp\/v2\/users\/4"}],"replies":[{"embeddable":true,"href":"https:\/\/www.radiopiu.net\/wordpress\/wp-json\/wp\/v2\/comments?post=161952"}],"version-history":[{"count":0,"href":"https:\/\/www.radiopiu.net\/wordpress\/wp-json\/wp\/v2\/posts\/161952\/revisions"}],"wp:featuredmedia":[{"embeddable":true,"href":"https:\/\/www.radiopiu.net\/wordpress\/wp-json\/wp\/v2\/media\/161955"}],"wp:attachment":[{"href":"https:\/\/www.radiopiu.net\/wordpress\/wp-json\/wp\/v2\/media?parent=161952"}],"wp:term":[{"taxonomy":"category","embeddable":true,"href":"https:\/\/www.radiopiu.net\/wordpress\/wp-json\/wp\/v2\/categories?post=161952"},{"taxonomy":"post_tag","embeddable":true,"href":"https:\/\/www.radiopiu.net\/wordpress\/wp-json\/wp\/v2\/tags?post=161952"}],"curies":[{"name":"wp","href":"https:\/\/api.w.org\/{rel}","templated":true}]}}