{"id":161980,"date":"2020-09-22T15:49:55","date_gmt":"2020-09-22T13:49:55","guid":{"rendered":"https:\/\/www.radiopiu.net\/wordpress\/?p=161980"},"modified":"2020-09-22T15:57:20","modified_gmt":"2020-09-22T13:57:20","slug":"inizio-dellautunno-astronomico-dopo-una-prima-parte-di-settembre-con-caldo-record-in-veneto","status":"publish","type":"post","link":"https:\/\/www.radiopiu.net\/wordpress\/inizio-dellautunno-astronomico-dopo-una-prima-parte-di-settembre-con-caldo-record-in-veneto\/","title":{"rendered":"INIZIO DELL\u2019AUTUNNO ASTRONOMICO DOPO UNA PRIMA PARTE DI SETTEMBRE CON CALDO RECORD IN VENETO"},"content":{"rendered":"<p><strong><a class=\"dt-pswp-item\" href=\"https:\/\/www.radiopiu.net\/wordpress\/wp-content\/uploads\/2020\/09\/Schermata-2020-09-22-alle-15.45.26.png\" data-dt-img-description=\"\" data-large_image_width=\"828\" data-large_image_height=\"962\"><img loading=\"lazy\" decoding=\"async\" class=\"size-medium wp-image-161981 alignleft\" src=\"https:\/\/www.radiopiu.net\/wordpress\/wp-content\/uploads\/2020\/09\/Schermata-2020-09-22-alle-15.45.26-258x300.png\" alt=\"\" width=\"258\" height=\"300\" srcset=\"https:\/\/www.radiopiu.net\/wordpress\/wp-content\/uploads\/2020\/09\/Schermata-2020-09-22-alle-15.45.26-258x300.png 258w, https:\/\/www.radiopiu.net\/wordpress\/wp-content\/uploads\/2020\/09\/Schermata-2020-09-22-alle-15.45.26-768x892.png 768w, https:\/\/www.radiopiu.net\/wordpress\/wp-content\/uploads\/2020\/09\/Schermata-2020-09-22-alle-15.45.26-413x480.png 413w, https:\/\/www.radiopiu.net\/wordpress\/wp-content\/uploads\/2020\/09\/Schermata-2020-09-22-alle-15.45.26.png 828w\" sizes=\"auto, (max-width: 258px) 100vw, 258px\" \/><\/a>PADOVA <\/strong>\u00a0Inizia\u00a0 l\u2019autunno astronomico in concomitanza anche ad un effettivo cambiamento del tempo sulla regione, dopo una prolungata fase nel corso di settembre, caratterizzata da giornate in prevalenza stabili, soleggiate e anormalmente calde. Durante il mese di settembre, dopo una prima breve fase piuttosto fresca che ha visto la ricomparsa della neve fino a 2900 m di quota (3 settembre), le temperature infatti sono decisamente aumentate fino a portarsi per molti giorni, dal 6-8 settembre, su valori ben oltre la norma. Nella montagna veneta la temperatura media dei primi 20 giorni del mese \u00e8 stata la pi\u00f9 alta degli ultimi 30 anni, in pianura in media \u00e8 stata la terza pi\u00f9 calda dopo il 2011 e il 2016. Nella parte centrale del mese, l\u2019affermazione di un vasto campo di alta pressione su gran parte dell\u2019Europa\u00a0 ha mantenuto per una decina di giorni valori termici in media oltre i 3-5\u00b0C rispetto alla <a class=\"dt-pswp-item\" href=\"https:\/\/www.radiopiu.net\/wordpress\/wp-content\/uploads\/2020\/09\/Schermata-2020-09-22-alle-15.46.28.png\" data-dt-img-description=\"\" data-large_image_width=\"1006\" data-large_image_height=\"586\"><img loading=\"lazy\" decoding=\"async\" class=\" wp-image-161982 alignright\" src=\"https:\/\/www.radiopiu.net\/wordpress\/wp-content\/uploads\/2020\/09\/Schermata-2020-09-22-alle-15.46.28-300x175.png\" alt=\"\" width=\"276\" height=\"161\" srcset=\"https:\/\/www.radiopiu.net\/wordpress\/wp-content\/uploads\/2020\/09\/Schermata-2020-09-22-alle-15.46.28-300x175.png 300w, https:\/\/www.radiopiu.net\/wordpress\/wp-content\/uploads\/2020\/09\/Schermata-2020-09-22-alle-15.46.28-768x447.png 768w, https:\/\/www.radiopiu.net\/wordpress\/wp-content\/uploads\/2020\/09\/Schermata-2020-09-22-alle-15.46.28-640x373.png 640w, https:\/\/www.radiopiu.net\/wordpress\/wp-content\/uploads\/2020\/09\/Schermata-2020-09-22-alle-15.46.28.png 1006w\" sizes=\"auto, (max-width: 276px) 100vw, 276px\" \/><\/a>norma. Nel corso della decade si sono anche raggiunte punte di temperature massime giornaliere record per questo periodo dell\u2019anno come i 32.1\u00b0C raggiunti a Verona \u2013 Villafranca. A partire dallo scorso week-end, il parziale cedimento del campo di alta pressione sull\u2019Europa ha favorito l\u2019ingresso di masse d\u2019aria leggermente pi\u00f9 fresche di origine continentale e le temperature hanno cominciato a scendere su valori pi\u00f9 consoni al periodo. Successivamente, ad iniziare da luned\u00ec 21, le condizioni atmosferiche sulla regione sono diventate progressivamente pi\u00f9 instabili per l\u2019avvicinamento di un\u2019area ciclonica di origine atlantica che condizioner\u00e0 il tempo sul Veneto anche nei prossimi giorni.<\/p>\n","protected":false},"excerpt":{"rendered":"<p>PADOVA \u00a0Inizia\u00a0 l\u2019autunno astronomico in concomitanza anche ad un effettivo cambiamento del tempo sulla regione, dopo una prolungata fase nel corso di settembre, caratterizzata da giornate in prevalenza stabili, soleggiate e anormalmente calde. Durante il mese di settembre, dopo una prima breve fase piuttosto fresca che ha visto la ricomparsa della neve fino a 2900&hellip;<\/p>\n","protected":false},"author":4,"featured_media":161983,"comment_status":"closed","ping_status":"closed","sticky":false,"template":"","format":"standard","meta":{"_monsterinsights_skip_tracking":false,"_monsterinsights_sitenote_active":false,"_monsterinsights_sitenote_note":"","_monsterinsights_sitenote_category":0,"footnotes":""},"categories":[49],"tags":[],"class_list":["post-161980","post","type-post","status-publish","format-standard","has-post-thumbnail","hentry","category-news-18","category-49","description-off"],"img_url":"https:\/\/www.radiopiu.net\/wordpress\/wp-content\/uploads\/2020\/09\/AUTUNNO-PANCHINA.jpg","_links":{"self":[{"href":"https:\/\/www.radiopiu.net\/wordpress\/wp-json\/wp\/v2\/posts\/161980","targetHints":{"allow":["GET"]}}],"collection":[{"href":"https:\/\/www.radiopiu.net\/wordpress\/wp-json\/wp\/v2\/posts"}],"about":[{"href":"https:\/\/www.radiopiu.net\/wordpress\/wp-json\/wp\/v2\/types\/post"}],"author":[{"embeddable":true,"href":"https:\/\/www.radiopiu.net\/wordpress\/wp-json\/wp\/v2\/users\/4"}],"replies":[{"embeddable":true,"href":"https:\/\/www.radiopiu.net\/wordpress\/wp-json\/wp\/v2\/comments?post=161980"}],"version-history":[{"count":0,"href":"https:\/\/www.radiopiu.net\/wordpress\/wp-json\/wp\/v2\/posts\/161980\/revisions"}],"wp:featuredmedia":[{"embeddable":true,"href":"https:\/\/www.radiopiu.net\/wordpress\/wp-json\/wp\/v2\/media\/161983"}],"wp:attachment":[{"href":"https:\/\/www.radiopiu.net\/wordpress\/wp-json\/wp\/v2\/media?parent=161980"}],"wp:term":[{"taxonomy":"category","embeddable":true,"href":"https:\/\/www.radiopiu.net\/wordpress\/wp-json\/wp\/v2\/categories?post=161980"},{"taxonomy":"post_tag","embeddable":true,"href":"https:\/\/www.radiopiu.net\/wordpress\/wp-json\/wp\/v2\/tags?post=161980"}],"curies":[{"name":"wp","href":"https:\/\/api.w.org\/{rel}","templated":true}]}}