{"id":162064,"date":"2020-09-22T18:25:20","date_gmt":"2020-09-22T16:25:20","guid":{"rendered":"https:\/\/www.radiopiu.net\/wordpress\/?p=162064"},"modified":"2020-09-22T18:25:20","modified_gmt":"2020-09-22T16:25:20","slug":"leredita-umana-e-cristiana-di-papa-luciani-un-bene-di-tutti-da-custodire-e-valorizzare-insieme","status":"publish","type":"post","link":"https:\/\/www.radiopiu.net\/wordpress\/leredita-umana-e-cristiana-di-papa-luciani-un-bene-di-tutti-da-custodire-e-valorizzare-insieme\/","title":{"rendered":"L\u2019EREDITA\u2019 UMANA E CRISTIANA DI PAPA LUCIANI: UN BENE DI TUTTI DA CUSTODIRE E VALORIZZARE INSIEME"},"content":{"rendered":"<p><strong><a class=\"dt-pswp-item\" href=\"https:\/\/www.radiopiu.net\/wordpress\/wp-content\/uploads\/2020\/09\/11090980_10152737813726074_5619830962156507044_o.jpg\" data-dt-img-description=\"\" data-large_image_width=\"923\" data-large_image_height=\"720\"><img loading=\"lazy\" decoding=\"async\" class=\" wp-image-162067 alignleft\" src=\"https:\/\/www.radiopiu.net\/wordpress\/wp-content\/uploads\/2020\/09\/11090980_10152737813726074_5619830962156507044_o-300x234.jpg\" alt=\"\" width=\"229\" height=\"179\" srcset=\"https:\/\/www.radiopiu.net\/wordpress\/wp-content\/uploads\/2020\/09\/11090980_10152737813726074_5619830962156507044_o-300x234.jpg 300w, https:\/\/www.radiopiu.net\/wordpress\/wp-content\/uploads\/2020\/09\/11090980_10152737813726074_5619830962156507044_o-768x599.jpg 768w, https:\/\/www.radiopiu.net\/wordpress\/wp-content\/uploads\/2020\/09\/11090980_10152737813726074_5619830962156507044_o-615x480.jpg 615w, https:\/\/www.radiopiu.net\/wordpress\/wp-content\/uploads\/2020\/09\/11090980_10152737813726074_5619830962156507044_o.jpg 923w\" sizes=\"auto, (max-width: 229px) 100vw, 229px\" \/><\/a>CANALE D&#8217;AGORDO<\/strong> La Fondazione Papa Luciani di Canale d\u2019Agordo\u00a0 si impegna ormai da pi\u00f9 di dieci anni a coltivare e tenere vivo il patrimonio umano e cristiano rappresentato dalla figura e dagli insegnamenti di papa Luciani.\u00a0 La Fondazione cura il Museo e la Casa natale di \u201cdon Albino\u201d, offre a visitatori e pellegrini un servizio di guida, accoglienza culturale e \u2013 con il prezioso aiuto del parroco di Canale \u2013 anche spirituale. Questa organizzazione implica molto impegno, energia e risorse, che per\u00f2 restituiscono importanti frutti: la soddisfazione dei visitatori e l\u2019aumento dell\u2019interesse verso la terra natale e la figura di papa Luciani.\u00a0 Per poter continuare a offrire questo importante servizio \u2013 che ha delle notevoli ricadute positive anche sul territorio \u2013 il Museo Albino Luciani ha bisogno del sostegno di tutti. Alcune persone sostengono con il proprio volontariato, altre\u00a0 con contributiil. Con l\u2019emergenza Covid sono venuti a mancare quasi completamente i gruppi organizzati che rappresentano quasi la met\u00e0 dei visitatori. Di qui\u00a0 un appello, al quale hanno risposto alcune persone, dalla Fondazione il grazie a tutti, in particolare\u00a0 a Giovanni Fontanive di Canale d\u2019Agordo per aver \u00a0voluto generosamente sostenere\u00a0 il Museo Albino Luciani, la Parrocchia di Canale d\u2019Agordo e la Scuola dell\u2019Infanzia parrocchiale che ha sofferto anche la partenza delle suore dopo 78 anni di prezioso servizio.<\/p>\n<p><strong><a class=\"dt-pswp-item\" href=\"https:\/\/www.radiopiu.net\/wordpress\/wp-content\/uploads\/2020\/09\/Blauwe-map87-scaled.jpg\" data-dt-img-description=\"\" data-large_image_width=\"2560\" data-large_image_height=\"1761\"><img loading=\"lazy\" decoding=\"async\" class=\"size-medium wp-image-162066 alignright\" src=\"https:\/\/www.radiopiu.net\/wordpress\/wp-content\/uploads\/2020\/09\/Blauwe-map87-300x206.jpg\" alt=\"\" width=\"300\" height=\"206\" srcset=\"https:\/\/www.radiopiu.net\/wordpress\/wp-content\/uploads\/2020\/09\/Blauwe-map87-300x206.jpg 300w, https:\/\/www.radiopiu.net\/wordpress\/wp-content\/uploads\/2020\/09\/Blauwe-map87-1024x704.jpg 1024w, https:\/\/www.radiopiu.net\/wordpress\/wp-content\/uploads\/2020\/09\/Blauwe-map87-768x528.jpg 768w, https:\/\/www.radiopiu.net\/wordpress\/wp-content\/uploads\/2020\/09\/Blauwe-map87-1536x1057.jpg 1536w, https:\/\/www.radiopiu.net\/wordpress\/wp-content\/uploads\/2020\/09\/Blauwe-map87-2048x1409.jpg 2048w, https:\/\/www.radiopiu.net\/wordpress\/wp-content\/uploads\/2020\/09\/Blauwe-map87-640x440.jpg 640w\" sizes=\"auto, (max-width: 300px) 100vw, 300px\" \/><\/a>Abbiamo chiesto al signor Fontanive di spiegare le motivazioni del suo gesto<\/strong>: &#8220;<em>Per i rapporti di parentela e di vicinato, la mia famiglia ha avuto spesso il piacere di incontrare don Albino &#8211; cos\u00ec tutti noi lo abbiamo sempre chiamato &#8211; quando veniva a trovare il fratello Edoardo a Canale d&#8217;Agordo, prima da Vescovo di Vittorio Veneto e poi da Patriarca di Venezia. Ricordo personalmente con emozione le varie occasioni in cui, da bambino, invitato in casa Luciani, ricevetti dalle sue mani una carezza e l&#8217;assaggio del suo gelato al caff\u00e8. La sua semplicit\u00e0, umilt\u00e0 e attenzione per il prossimo e soprattutto per i pi\u00f9 deboli e bisognosi, hanno sempre suscitato in me grande ammirazione, e hanno certamente contribuito alla mia formazione caratteriale. La sua lungimiranza su temi ancora attuali hanno inoltre reso il suo breve ma intenso pontificato un passaggio strategico nella storia della Chiesa, e mi auguro che il suo ricordo e il suo messaggio rimangano sempre nei cuori e nelle menti di tutti. \u00c8 con questo augurio che io, mamma e zia abbiamo voluto dare il nostro piccolo contributo al Museo Albino Luciani, perch\u00e9 possa continuare a divulgare la parola, le opere e l&#8217;intera testimonianza della vita di don Albino&#8221;.<\/em><\/p>\n<p>&nbsp;<\/p>\n","protected":false},"excerpt":{"rendered":"<p>CANALE D&#8217;AGORDO La Fondazione Papa Luciani di Canale d\u2019Agordo\u00a0 si impegna ormai da pi\u00f9 di dieci anni a coltivare e tenere vivo il patrimonio umano e cristiano rappresentato dalla figura e dagli insegnamenti di papa Luciani.\u00a0 La Fondazione cura il Museo e la Casa natale di \u201cdon Albino\u201d, offre a visitatori e pellegrini un servizio&hellip;<\/p>\n","protected":false},"author":4,"featured_media":162067,"comment_status":"closed","ping_status":"closed","sticky":false,"template":"","format":"standard","meta":{"_monsterinsights_skip_tracking":false,"_monsterinsights_sitenote_active":false,"_monsterinsights_sitenote_note":"","_monsterinsights_sitenote_category":0,"footnotes":""},"categories":[49],"tags":[],"class_list":["post-162064","post","type-post","status-publish","format-standard","has-post-thumbnail","hentry","category-news-18","category-49","description-off"],"img_url":"https:\/\/www.radiopiu.net\/wordpress\/wp-content\/uploads\/2020\/09\/11090980_10152737813726074_5619830962156507044_o.jpg","_links":{"self":[{"href":"https:\/\/www.radiopiu.net\/wordpress\/wp-json\/wp\/v2\/posts\/162064","targetHints":{"allow":["GET"]}}],"collection":[{"href":"https:\/\/www.radiopiu.net\/wordpress\/wp-json\/wp\/v2\/posts"}],"about":[{"href":"https:\/\/www.radiopiu.net\/wordpress\/wp-json\/wp\/v2\/types\/post"}],"author":[{"embeddable":true,"href":"https:\/\/www.radiopiu.net\/wordpress\/wp-json\/wp\/v2\/users\/4"}],"replies":[{"embeddable":true,"href":"https:\/\/www.radiopiu.net\/wordpress\/wp-json\/wp\/v2\/comments?post=162064"}],"version-history":[{"count":0,"href":"https:\/\/www.radiopiu.net\/wordpress\/wp-json\/wp\/v2\/posts\/162064\/revisions"}],"wp:featuredmedia":[{"embeddable":true,"href":"https:\/\/www.radiopiu.net\/wordpress\/wp-json\/wp\/v2\/media\/162067"}],"wp:attachment":[{"href":"https:\/\/www.radiopiu.net\/wordpress\/wp-json\/wp\/v2\/media?parent=162064"}],"wp:term":[{"taxonomy":"category","embeddable":true,"href":"https:\/\/www.radiopiu.net\/wordpress\/wp-json\/wp\/v2\/categories?post=162064"},{"taxonomy":"post_tag","embeddable":true,"href":"https:\/\/www.radiopiu.net\/wordpress\/wp-json\/wp\/v2\/tags?post=162064"}],"curies":[{"name":"wp","href":"https:\/\/api.w.org\/{rel}","templated":true}]}}