{"id":162070,"date":"2020-09-22T18:29:35","date_gmt":"2020-09-22T16:29:35","guid":{"rendered":"https:\/\/www.radiopiu.net\/wordpress\/?p=162070"},"modified":"2020-09-22T18:29:35","modified_gmt":"2020-09-22T16:29:35","slug":"altre-6-positivita-in-24-ore-cresce-il-numero-dei-tamponi-verso-chi-frequenta-la-scuola","status":"publish","type":"post","link":"https:\/\/www.radiopiu.net\/wordpress\/altre-6-positivita-in-24-ore-cresce-il-numero-dei-tamponi-verso-chi-frequenta-la-scuola\/","title":{"rendered":"ALTRE 6 POSITIVITA&#8217; IN 24 ORE, CRESCE IL NUMERO DEI TAMPONI VERSO CHI FREQUENTA LA SCUOLA"},"content":{"rendered":"<p><strong><img loading=\"lazy\" decoding=\"async\" class=\"alignleft\" src=\"https:\/\/www.radiopiu.net\/wordpress\/wp-content\/uploads\/2020\/04\/COVID-3-300x300.jpg\" width=\"203\" height=\"203\" \/>BELLUNO<\/strong> Nuove positivit\u00e0 dai laboratori della Ulss1 Dolomiti: una donna di nazionalit\u00e0 straniera di rientro dall\u2019Ucraina; una giovane donna italiana contatto di caso positivo segnalato nei giorni scorsi; un giovane italiano convivente con due genitori positivi segnalati alcuni giorni fa; una donna e un uomo collegati residenti in area dolomitica collegati al focolaio segnalato alcuni giorni fa relativo ad un\u2019attivit\u00e0 ricettiva prontamente chiusa; una donna italiana contatto di caso positivo.<\/p>\n<blockquote>\n<p align=\"JUSTIFY\"><em>La richiesta di tamponi per bambini, ragazzi e adulti sintomatici frequentanti la scuola, come nel resto del Veneto, continua a crescere: oggi sono stati eseguiti 229 tamponi prevalentemente pediatrici, 156 a Belluno e 73 a Feltre. Pur con massimo sforzo degli operatori, vi sono state alcune criticit\u00e0 all\u2019ospedale San Martino di Belluno dove si sono create code che hanno, per alcuni momenti, interessato anche la viabilit\u00e0 ordinaria. L\u2019attivit\u00e0 di esecuzione tamponi si \u00e8 protratta oltre le 12.30 ma sono stati rilevati tempi di attesa lunghi per la grande affluenza.<\/em><\/p>\n<\/blockquote>\n<p align=\"JUSTIFY\">In considerazione dei numeri in crescita, il Dipartimento di Prevenzione ha anticipato di una settimana l\u2019attivazione dei due drive-in per l\u2019esecuzione di tamponi a servizio della parte alta della Provincia. Le postazioni drive \u2013in di Tai di Cadore e Caprile saranno attive <b>da luned\u00ec 28 settembre<\/b> a giorni alterni: <span style=\"font-size: medium;\">CAPRILE luned\u00ec, mercoled\u00ec, venerd\u00ec \u2013 dalle 17.00 alle 19.00 <\/span><span style=\"font-size: medium;\">TAI marted\u00ec, gioved\u00ec, sabato \u2013 dalle 17.00 alle 19.00<\/span><\/p>\n<p>&nbsp;<\/p>\n","protected":false},"excerpt":{"rendered":"<p>BELLUNO Nuove positivit\u00e0 dai laboratori della Ulss1 Dolomiti: una donna di nazionalit\u00e0 straniera di rientro dall\u2019Ucraina; una giovane donna italiana contatto di caso positivo segnalato nei giorni scorsi; un giovane italiano convivente con due genitori positivi segnalati alcuni giorni fa; una donna e un uomo collegati residenti in area dolomitica collegati al focolaio segnalato alcuni&hellip;<\/p>\n","protected":false},"author":4,"featured_media":129322,"comment_status":"closed","ping_status":"closed","sticky":false,"template":"","format":"standard","meta":{"_monsterinsights_skip_tracking":false,"_monsterinsights_sitenote_active":false,"_monsterinsights_sitenote_note":"","_monsterinsights_sitenote_category":0,"footnotes":""},"categories":[51,49],"tags":[],"class_list":["post-162070","post","type-post","status-publish","format-standard","has-post-thumbnail","hentry","category-evidenza-top","category-news-18","category-51","category-49","description-off"],"img_url":"https:\/\/www.radiopiu.net\/wordpress\/wp-content\/uploads\/2020\/04\/COVID-3.jpg","_links":{"self":[{"href":"https:\/\/www.radiopiu.net\/wordpress\/wp-json\/wp\/v2\/posts\/162070","targetHints":{"allow":["GET"]}}],"collection":[{"href":"https:\/\/www.radiopiu.net\/wordpress\/wp-json\/wp\/v2\/posts"}],"about":[{"href":"https:\/\/www.radiopiu.net\/wordpress\/wp-json\/wp\/v2\/types\/post"}],"author":[{"embeddable":true,"href":"https:\/\/www.radiopiu.net\/wordpress\/wp-json\/wp\/v2\/users\/4"}],"replies":[{"embeddable":true,"href":"https:\/\/www.radiopiu.net\/wordpress\/wp-json\/wp\/v2\/comments?post=162070"}],"version-history":[{"count":0,"href":"https:\/\/www.radiopiu.net\/wordpress\/wp-json\/wp\/v2\/posts\/162070\/revisions"}],"wp:featuredmedia":[{"embeddable":true,"href":"https:\/\/www.radiopiu.net\/wordpress\/wp-json\/wp\/v2\/media\/129322"}],"wp:attachment":[{"href":"https:\/\/www.radiopiu.net\/wordpress\/wp-json\/wp\/v2\/media?parent=162070"}],"wp:term":[{"taxonomy":"category","embeddable":true,"href":"https:\/\/www.radiopiu.net\/wordpress\/wp-json\/wp\/v2\/categories?post=162070"},{"taxonomy":"post_tag","embeddable":true,"href":"https:\/\/www.radiopiu.net\/wordpress\/wp-json\/wp\/v2\/tags?post=162070"}],"curies":[{"name":"wp","href":"https:\/\/api.w.org\/{rel}","templated":true}]}}