{"id":162073,"date":"2020-09-22T18:35:57","date_gmt":"2020-09-22T16:35:57","guid":{"rendered":"https:\/\/www.radiopiu.net\/wordpress\/?p=162073"},"modified":"2020-09-22T18:38:14","modified_gmt":"2020-09-22T16:38:14","slug":"latleta-oltre-la-disabilita-laddio-a-marco-de-demo","status":"publish","type":"post","link":"https:\/\/www.radiopiu.net\/wordpress\/latleta-oltre-la-disabilita-laddio-a-marco-de-demo\/","title":{"rendered":"L&#8217;ATLETA OLTRE LA DISABILITA&#8217;, L&#8217;ADDIO A MARCO DE DEMO"},"content":{"rendered":"<h2><span style=\"color: #0000ff;\">dal sito NEWSINQUOTA.IT<\/span><\/h2>\n<p><strong>di Marco D&#8217;inc\u00e0_Ponte nelle Alpi<\/strong><\/p>\n<p><strong><a class=\"dt-pswp-item\" href=\"https:\/\/www.radiopiu.net\/wordpress\/wp-content\/uploads\/2020\/09\/Marco_De_Demo_1.jpg\" data-dt-img-description=\"\" data-large_image_width=\"1427\" data-large_image_height=\"882\"><img loading=\"lazy\" decoding=\"async\" class=\" wp-image-162075 alignleft\" src=\"https:\/\/www.radiopiu.net\/wordpress\/wp-content\/uploads\/2020\/09\/Marco_De_Demo_1-300x185.jpg\" alt=\"\" width=\"263\" height=\"162\" srcset=\"https:\/\/www.radiopiu.net\/wordpress\/wp-content\/uploads\/2020\/09\/Marco_De_Demo_1-300x185.jpg 300w, https:\/\/www.radiopiu.net\/wordpress\/wp-content\/uploads\/2020\/09\/Marco_De_Demo_1-1024x633.jpg 1024w, https:\/\/www.radiopiu.net\/wordpress\/wp-content\/uploads\/2020\/09\/Marco_De_Demo_1-768x475.jpg 768w, https:\/\/www.radiopiu.net\/wordpress\/wp-content\/uploads\/2020\/09\/Marco_De_Demo_1-640x396.jpg 640w, https:\/\/www.radiopiu.net\/wordpress\/wp-content\/uploads\/2020\/09\/Marco_De_Demo_1.jpg 1427w\" sizes=\"auto, (max-width: 263px) 100vw, 263px\" \/><\/a>ALPAGO<\/strong>\u00a0 Se n\u2019\u00e8 andato troppo presto, Marco De Demo. A soli 37 anni. E a piangerlo non \u00e8 solo il paesino di Borsoi, in cui abitava, e la comunit\u00e0 di Tambre. Lo piangono un\u2019intera provincia e il mondo dello sport. Un mondo di cui Marco faceva parte a tutti gli effetti. Nonostante la disabilit\u00e0.\u00a0 Perch\u00e9 De Demo eccelleva in una disciplina in cui l\u2019uso degli arti inferiori non \u00e8 necessario: il tiro a segno. Non a caso, lo chiamavano \u201ccecchino\u201d.\u00a0 Dal 2014, si \u00e8 sempre distinto per risultati di altissimo spessore: non solo a livello provinciale o regionale. Anche in ambito nazionale. Basti pensare che, nel 2015, aveva ottenuto un brillante quinto posto nella carabina R5, ai campionati italiani. Senza considerare svariati titoli e piazzamenti, conquistati in una carriera da incorniciare.\u00a0 Faceva parte del \u201cTiro a segno nazionale Ponte nelle Alpi\u201d, un\u2019associazione affiliata Uits e Coni, che da molti anni opera sul territorio con base al poligono di tiro di Nuova Erto. A questo proposito, il 30 dicembre scorso, De Demo era stato premiato nel municipio di Cadola dall\u2019amministrazione pontalpina per \u00abl\u2019impegno, la passione e i grandi risultati raggiunti\u00bb.\u00a0 Lo ricorda pure l\u2019Assi, a cui era legato: \u00ab\u00c8 stato uno dei primi associati e, grazie anche alle nostre attivit\u00e0, \u00e8 stato bravo a costruirsi una vita in cui cercava sempre la propria indipendenza\u00bb.\u00a0 Il funerale si svolger\u00e0 in forma privata.\u00a0 Il &#8220;cecchino&#8221; ci lascia. Ma la sua forza e il suo esempio rimangono. Quelli s\u00ec, per sempre.\u00a0 \u00a0<em>Buon viaggio, Marco.\u00a0<\/em><\/p>\n","protected":false},"excerpt":{"rendered":"<p>dal sito NEWSINQUOTA.IT di Marco D&#8217;inc\u00e0_Ponte nelle Alpi ALPAGO\u00a0 Se n\u2019\u00e8 andato troppo presto, Marco De Demo. A soli 37 anni. E a piangerlo non \u00e8 solo il paesino di Borsoi, in cui abitava, e la comunit\u00e0 di Tambre. Lo piangono un\u2019intera provincia e il mondo dello sport. Un mondo di cui Marco faceva parte&hellip;<\/p>\n","protected":false},"author":4,"featured_media":162075,"comment_status":"closed","ping_status":"closed","sticky":false,"template":"","format":"standard","meta":{"_monsterinsights_skip_tracking":false,"_monsterinsights_sitenote_active":false,"_monsterinsights_sitenote_note":"","_monsterinsights_sitenote_category":0,"footnotes":""},"categories":[51,49],"tags":[],"class_list":["post-162073","post","type-post","status-publish","format-standard","has-post-thumbnail","hentry","category-evidenza-top","category-news-18","category-51","category-49","description-off"],"img_url":"https:\/\/www.radiopiu.net\/wordpress\/wp-content\/uploads\/2020\/09\/Marco_De_Demo_1.jpg","_links":{"self":[{"href":"https:\/\/www.radiopiu.net\/wordpress\/wp-json\/wp\/v2\/posts\/162073","targetHints":{"allow":["GET"]}}],"collection":[{"href":"https:\/\/www.radiopiu.net\/wordpress\/wp-json\/wp\/v2\/posts"}],"about":[{"href":"https:\/\/www.radiopiu.net\/wordpress\/wp-json\/wp\/v2\/types\/post"}],"author":[{"embeddable":true,"href":"https:\/\/www.radiopiu.net\/wordpress\/wp-json\/wp\/v2\/users\/4"}],"replies":[{"embeddable":true,"href":"https:\/\/www.radiopiu.net\/wordpress\/wp-json\/wp\/v2\/comments?post=162073"}],"version-history":[{"count":0,"href":"https:\/\/www.radiopiu.net\/wordpress\/wp-json\/wp\/v2\/posts\/162073\/revisions"}],"wp:featuredmedia":[{"embeddable":true,"href":"https:\/\/www.radiopiu.net\/wordpress\/wp-json\/wp\/v2\/media\/162075"}],"wp:attachment":[{"href":"https:\/\/www.radiopiu.net\/wordpress\/wp-json\/wp\/v2\/media?parent=162073"}],"wp:term":[{"taxonomy":"category","embeddable":true,"href":"https:\/\/www.radiopiu.net\/wordpress\/wp-json\/wp\/v2\/categories?post=162073"},{"taxonomy":"post_tag","embeddable":true,"href":"https:\/\/www.radiopiu.net\/wordpress\/wp-json\/wp\/v2\/tags?post=162073"}],"curies":[{"name":"wp","href":"https:\/\/api.w.org\/{rel}","templated":true}]}}