{"id":162177,"date":"2020-09-23T17:39:07","date_gmt":"2020-09-23T15:39:07","guid":{"rendered":"https:\/\/www.radiopiu.net\/wordpress\/?p=162177"},"modified":"2020-09-23T17:39:07","modified_gmt":"2020-09-23T15:39:07","slug":"ricorso-al-tar-contro-il-calendario-venatorio-i-ricorrenti-rinunciano-alla-discussione","status":"publish","type":"post","link":"https:\/\/www.radiopiu.net\/wordpress\/ricorso-al-tar-contro-il-calendario-venatorio-i-ricorrenti-rinunciano-alla-discussione\/","title":{"rendered":"RICORSO AL TAR CONTRO IL CALENDARIO VENATORIO: I RICORRENTI RINUNCIANO ALLA DISCUSSIONE"},"content":{"rendered":"<p><strong><a class=\"dt-pswp-item\" href=\"https:\/\/www.radiopiu.net\/wordpress\/wp-content\/uploads\/2020\/09\/CACCIATORE.jpg\" data-dt-img-description=\"\" data-large_image_width=\"1920\" data-large_image_height=\"1219\"><img loading=\"lazy\" decoding=\"async\" class=\"size-medium wp-image-162181 alignleft\" src=\"https:\/\/www.radiopiu.net\/wordpress\/wp-content\/uploads\/2020\/09\/CACCIATORE-300x190.jpg\" alt=\"\" width=\"300\" height=\"190\" srcset=\"https:\/\/www.radiopiu.net\/wordpress\/wp-content\/uploads\/2020\/09\/CACCIATORE-300x190.jpg 300w, https:\/\/www.radiopiu.net\/wordpress\/wp-content\/uploads\/2020\/09\/CACCIATORE-1024x650.jpg 1024w, https:\/\/www.radiopiu.net\/wordpress\/wp-content\/uploads\/2020\/09\/CACCIATORE-768x488.jpg 768w, https:\/\/www.radiopiu.net\/wordpress\/wp-content\/uploads\/2020\/09\/CACCIATORE-1536x975.jpg 1536w, https:\/\/www.radiopiu.net\/wordpress\/wp-content\/uploads\/2020\/09\/CACCIATORE-640x406.jpg 640w, https:\/\/www.radiopiu.net\/wordpress\/wp-content\/uploads\/2020\/09\/CACCIATORE.jpg 1920w\" sizes=\"auto, (max-width: 300px) 100vw, 300px\" \/><\/a>BELLUNO <\/strong>Piena validit\u00e0 del calendario venatorio della Provincia di Belluno e legittimit\u00e0 della prosecuzione della caccia. \u00c8 quanto emerge dal Tar di Venezia, dove questa mattina, davanti alla Prima Sezione, si \u00e8 tenuta l\u2019udienza per la discussione della sospensiva sul calendario venatorio integrativo provinciale (assunto con atto del presidente n. 104 del 14 luglio 2020). Presenti l&#8217;avvocato Maria Caburazzi per la ricorrente Aidaa (associazione italiana difesa animali e ambiente), l&#8217;avvocato Emma Pierobon per la Provincia di Belluno e il legale incaricato dalla Coldiretti Belluno che si \u00e8 costituita \u201cad opponendum\u201d rispetto alla parte ricorrente, quindi in sostegno alla Provincia.\u00a0I ricorrenti hanno rinunciato a discutere la sospensiva, riservandosi di proporre motivi aggiunti pi\u00f9 avanti.\u00a0\u00ab<em>Indirettamente la scelta di rinunciare alla sospensiva, e quindi di ottenere un provvedimento inibitorio durante la stagione di caccia, conferma la piena validit\u00e0 del calendario provinciale e in concreto consente la prosecuzione dell&#8217;esercizio venatorio &#8211; commenta il consigliere provinciale delegato in materia, Franco De Bon -. La Provincia ha rispettato tutte le procedure previste dalla legge e ha richiesto due pareri all&#8217;Ispra &#8211; il massimo organismo del Ministero dell\u2019Ambiente -; uno a giugno per il calendario venatorio, e uno a luglio per il piano di prelievo degli ungulati. I pareri sono sempre stati positivi, a dimostrazione del fatto che \u00e8 stato seguito l\u2019iter corretto e della legittimit\u00e0 della proposta di gestione faunistico-venatoria. Spiace solo constatare che la rinuncia alla discussione della sospensiva sia un modo per temporeggiare, senza entrare nel merito della questione<\/em>\u00bb.\u00a0Una questione, quella del sovrannumero degli ungulati, che la Provincia ha cercato di affrontare insieme agli altri soggetti attivi sul territorio, agricoltori in testa, fin dalla primavera del 2019, con l\u2019istituzione del\u201cTavolo Verde\u201d con rappresentanze del mondo agricolo e del mondo venatorio. \u00ab<em>Un\u2019iniziativa per rispondere alle esigenze del settore primario, che da tempo chiede di contenere la popolazione di cervo e del cinghiale, e di prevenire i danni alle coltivazioni &#8211; continua il consigliere De Bon -. Danni che sono passati dai 39mila euro del 2015 ai 401mila euro del 2019, con una media di 350 incidenti stradali l\u2019anno<\/em>\u00bb.<\/p>\n","protected":false},"excerpt":{"rendered":"<p>BELLUNO Piena validit\u00e0 del calendario venatorio della Provincia di Belluno e legittimit\u00e0 della prosecuzione della caccia. \u00c8 quanto emerge dal Tar di Venezia, dove questa mattina, davanti alla Prima Sezione, si \u00e8 tenuta l\u2019udienza per la discussione della sospensiva sul calendario venatorio integrativo provinciale (assunto con atto del presidente n. 104 del 14 luglio 2020).&hellip;<\/p>\n","protected":false},"author":4,"featured_media":162181,"comment_status":"closed","ping_status":"closed","sticky":false,"template":"","format":"standard","meta":{"_monsterinsights_skip_tracking":false,"_monsterinsights_sitenote_active":false,"_monsterinsights_sitenote_note":"","_monsterinsights_sitenote_category":0,"footnotes":""},"categories":[49],"tags":[],"class_list":["post-162177","post","type-post","status-publish","format-standard","has-post-thumbnail","hentry","category-news-18","category-49","description-off"],"img_url":"https:\/\/www.radiopiu.net\/wordpress\/wp-content\/uploads\/2020\/09\/CACCIATORE.jpg","_links":{"self":[{"href":"https:\/\/www.radiopiu.net\/wordpress\/wp-json\/wp\/v2\/posts\/162177","targetHints":{"allow":["GET"]}}],"collection":[{"href":"https:\/\/www.radiopiu.net\/wordpress\/wp-json\/wp\/v2\/posts"}],"about":[{"href":"https:\/\/www.radiopiu.net\/wordpress\/wp-json\/wp\/v2\/types\/post"}],"author":[{"embeddable":true,"href":"https:\/\/www.radiopiu.net\/wordpress\/wp-json\/wp\/v2\/users\/4"}],"replies":[{"embeddable":true,"href":"https:\/\/www.radiopiu.net\/wordpress\/wp-json\/wp\/v2\/comments?post=162177"}],"version-history":[{"count":0,"href":"https:\/\/www.radiopiu.net\/wordpress\/wp-json\/wp\/v2\/posts\/162177\/revisions"}],"wp:featuredmedia":[{"embeddable":true,"href":"https:\/\/www.radiopiu.net\/wordpress\/wp-json\/wp\/v2\/media\/162181"}],"wp:attachment":[{"href":"https:\/\/www.radiopiu.net\/wordpress\/wp-json\/wp\/v2\/media?parent=162177"}],"wp:term":[{"taxonomy":"category","embeddable":true,"href":"https:\/\/www.radiopiu.net\/wordpress\/wp-json\/wp\/v2\/categories?post=162177"},{"taxonomy":"post_tag","embeddable":true,"href":"https:\/\/www.radiopiu.net\/wordpress\/wp-json\/wp\/v2\/tags?post=162177"}],"curies":[{"name":"wp","href":"https:\/\/api.w.org\/{rel}","templated":true}]}}