{"id":162188,"date":"2020-09-23T23:59:22","date_gmt":"2020-09-23T21:59:22","guid":{"rendered":"https:\/\/www.radiopiu.net\/wordpress\/?p=162188"},"modified":"2020-09-23T18:54:16","modified_gmt":"2020-09-23T16:54:16","slug":"bolzano-bellunese-visita-a-7-chiese-guidati-dal-libro-di-vincenzo-caputo-di-renato-bona","status":"publish","type":"post","link":"https:\/\/www.radiopiu.net\/wordpress\/bolzano-bellunese-visita-a-7-chiese-guidati-dal-libro-di-vincenzo-caputo-di-renato-bona\/","title":{"rendered":"BOLZANO BELLUNESE: \u201cVISITA\u201d A 7 CHIESE   GUIDATI DAL LIBRO DI VINCENZO CAPUTO di Renato Bona"},"content":{"rendered":"<p><strong>BELLUNO<\/strong> \u201cVisitiamo\u201d oggi, seguendo le indicazioni del libro \u201cBelluno, uno sguardo a centoquindici chiese\u201d gli edifici sacri che fanno capo alla parrocchia di Bolzano Bellunese che \u00e8 intitolata ai santi Pietro e Paolo apostoli. Il lavoro di Vincenzo Caputo &#8211; col quale ha collaborato con cenni architettonici Roberto Reolon &#8211; \u00e8 stato dato alle stampe (Tipografia Piave di Belluno) nel novembre del 2012 dall\u2019Istituto bellunese di ricerche sociali e culturali guidato dal prof. don Sergio Sacco, e si apre con informazioni sulla parrocchiale la cui struttura \u201cderiva da un edificio del secolo XV, ampliato nella seconda met\u00e0 del secolo XVII\u201d. Caputo scrive: \u201cSi raggiunge l\u2019entrata laterale al termine di una lunga scalinata. Il terremoto del 1873 ne danneggi\u00f2 il campanile alto 235 metri. Anche l\u2019attuale campanile fu restaurato nel 1978, dopo il terremoto del 6 maggio 1976 (che provoc\u00f2 gravi rovine e molti lutti nel Friuli \u2013 ndr.)\u201d. Ancora: \u201cChiesa parrocchiale dal 1834, una serie di antichi affreschi, raffiguranti vari Santi adorna l\u2019abside. Altri affreschi cinquecenteschi narranti la storia di San Pietro sono emersi nel restauro del 1971. Una lapide ricorda il battesimo ricevuto in questa chiesa da Mauro Cappellari, futuro Papa Gregorio XVI, nato a Mussoi (primo pontefice bellunese della storia; il secondo \u00e8 stato il \u201cpapa bellunese del sorriso\u201d Albino Luciani asceso al soglio di Pietro col nome di Giovanni Paolo I, eletto il 26 agosto e deceduto il 28 settembre dello stesso anno 1978, dopo appena 33 giorni di pontificato \u2013 ndr.). Dal canto suo Roberto Reolon ricorda che la chiesa \u00e8 composta \u201cda un\u2019unica navata, con abside quadrata a oriente e due sacrestie: quella a nord e quella nuova a sud, entrambe con accesso dall\u2019area presbiterale; \u00e8 di medie dimensioni ed ha il campanile addossato a met\u00e0 della parete nord\u2026 la facciata laterale verso sud \u00e8 caratterizzata da 5 insolite grandi lunette palladiane triforate\u201d. Nella localit\u00e0 Col di Pascoli ecco la chiesetta di sant\u2019Antonio abate, vicina a vecchi ruderi di case coloniche su un poggio con splendida vista della vallata bellunese, di propriet\u00e0 privata ((Tormen-Caldara). Potrebbe risalire al \u2018500 essendo citata dal vescovo Lollino. E\u2019 stata restaurata nel 1979 dagli Alpini in congedo. All\u2019interno sono visibili lacerti di affreschi e una tela con Madonna e Bambino fra Santi Francescani. Reolon la definisce \u201cGradevole chiesetta ad unica aula con una piccola abside circolare e portale a vela della campanella sul fronte d\u2019ingresso, che si erge sopra il colmo\u2026\u201d. Alle Valli sorge l\u2019edificio sacro intitolato a Sant\u2019Antonio da Padova: da Bolzano, seguendo la strada che porta alle Case Bortot si trova al bivio per raggiungere il vicino paesino di Vial. E\u2019 probabile che si trattasse di un antico sacello (1889) ampliato nelle dimensioni attuali nel 1950 e restaurato nel 1976. All\u2019interno un altare in legno di recente fattura. Da ricordare che purtroppo le due statue lignee ottocentesche di Sant\u2019Antonio e della Madonna con Bambino sono state trafugate nel 1973. Reolon: \u201c\u2026 \u00e8 formata da due piccoli corpi: il settentrionale, antico a pianta circolare con copertura originaria in lastre di pietra che oggi costituisce l\u2019abside, e quello meridionale del secolo scorso rettangolare con copertura a capanna in coppi\u2026\u201d. E\u2019 detta \u201cChiesa di San Frascher\u201d &#8211; ci riferiamo alla chiesetta da tempo abbandonata, della localit\u00e0 Aermezze a Case Bortot \u2013 per l\u2019utilizzo che ne viene fatto a stalla, deposito legname e frasche. ostruita nei primi decenni del ventesimo secolo ai margini del sentiero che porta al monte Terne; era propriet\u00e0 di Felice \u201cCice\u201d De Mare, poi di Carlo Viel e quindi di altri. All\u2019interno dell\u2019abside \u00e8 ancora visibile una nicchia dove forse c\u2019era una pala; non vi sono notizie su un santo titolare e pare che non sia stata usata per culto pubblico. Detto che il manufatto \u201crappresenta la morfologia tipica delle case delle Valli di Bolzano\u201d Reolon specifica che \u201cDel piccolo campanile, posto a met\u00e0 del fianco verso strada, oggi rimane il basamento e parte del fusto, quest\u2019ultimo trasformato in comignolo\u201d. Ed ecco, nella zona del Rifugio 7. Alpini, la chiesetta \u201cRegina Alpinorum\u201d (1959) dedicata al ricordo dei caduti in montagna, a protezione degli escursionisti. La si raggiunge dopo tre ore di cammino da Case Bortot; sorge ai piedi della Schiara; all\u2019interno statue in gesso della Madonna (donata nel 1951 da Papa Pio XII) e due affreschi con \u201cAngeli in preghiera\u201d. La piccola cappella in muratura a sassi con tetto asimmetrico molto pendente, ha facciata con grande portone in legno ed \u00e8 traforata sul timpano del portale della campanella in una originale composizione, Torniamo in centro a Bolzano dove vi \u00e8 la chiesetta dedicata a San Tommaso Apostolo. Risalente al XVI secolo \u00e8 addossata agli edifici che la rendono visibile raggiunta la piazzetta. Abside affrescata, l\u2019altare in legno ha una tela con \u201cL\u2019Adorazione dei Magi\u201d, un\u2019altra che propone sant\u2019Antonio da Padova (del primo \u2018600), una statua lignea di san Tommaso, tracce di affreschi con figure di Vescovi. Viene precisato fra l\u2019altro che \u201c\u2026 Le murature sono intonacate a raso sasso e conferiscono una calda colorazione di terra di Siena alla composizione facciale e al campanile\u2026\u201d. Chiudiamo la \u201cvisita\u201d in quel di Bolzano Bellunese con la piccola chiesa privata della famiglia Gava, nella localit\u00e0 al Bosco, intitolata a San Francesco da Paola.Vi sono sepolti i defunti della famiglia Carelle (in proposito si precisa che Giovanni Carelle fu parroco di Belluno e mor\u00ec nel 1757). La tela dell\u2019altare rappresenta una Madonna con Bambino, San Francesco da Paola e due donatori.<\/p>\n\n\t\t\t<style type='text\/css'>\n\t\t\t\t#gallery-1 {\n\t\t\t\t\tmargin: auto;\n\t\t\t\t}\n\t\t\t\t#gallery-1 .gallery-item {\n\t\t\t\t\tfloat: left;\n\t\t\t\t\tmargin-top: 10px;\n\t\t\t\t\ttext-align: center;\n\t\t\t\t\twidth: 25%;\n\t\t\t\t}\n\t\t\t\t#gallery-1 img {\n\t\t\t\t\tborder: 2px solid #cfcfcf;\n\t\t\t\t}\n\t\t\t\t#gallery-1 .gallery-caption {\n\t\t\t\t\tmargin-left: 0;\n\t\t\t\t}\n\t\t\t\t\/* see gallery_shortcode() in wp-includes\/media.php *\/\n\t\t\t<\/style>\n\t\t<div id='gallery-1' class='dt-gallery-container gallery galleryid-162188 gallery-columns-4 gallery-size-thumbnail'><dl class='gallery-item'>\n\t\t\t\t<dt class='gallery-icon portrait'>\n\t\t\t\t\t<a class=\"rollover rollover-zoom dt-pswp-item\" title=\"120102437_343080276954366_13628203379001933_n\" data-dt-img-description=\"\" data-large_image_width=\"1213\" data-large_image_height=\"2048\"href='https:\/\/www.radiopiu.net\/wordpress\/wp-content\/uploads\/2020\/09\/120102437_343080276954366_13628203379001933_n.jpg'><img loading=\"lazy\" decoding=\"async\" width=\"150\" height=\"150\" src=\"https:\/\/www.radiopiu.net\/wordpress\/wp-content\/uploads\/2020\/09\/120102437_343080276954366_13628203379001933_n-150x150.jpg\" class=\"attachment-thumbnail size-thumbnail\" alt=\"\" srcset=\"https:\/\/www.radiopiu.net\/wordpress\/wp-content\/uploads\/2020\/09\/120102437_343080276954366_13628203379001933_n-150x150.jpg 150w, https:\/\/www.radiopiu.net\/wordpress\/wp-content\/uploads\/2020\/09\/120102437_343080276954366_13628203379001933_n-125x125.jpg 125w, https:\/\/www.radiopiu.net\/wordpress\/wp-content\/uploads\/2020\/09\/120102437_343080276954366_13628203379001933_n-200x200.jpg 200w, https:\/\/www.radiopiu.net\/wordpress\/wp-content\/uploads\/2020\/09\/120102437_343080276954366_13628203379001933_n-80x80.jpg 80w\" sizes=\"auto, (max-width: 150px) 100vw, 150px\" \/><\/a>\n\t\t\t\t<\/dt><\/dl><dl class='gallery-item'>\n\t\t\t\t<dt class='gallery-icon portrait'>\n\t\t\t\t\t<a class=\"rollover rollover-zoom dt-pswp-item\" title=\"120107898_775337576578111_60050795456804032_n\" data-dt-img-description=\"\" data-large_image_width=\"1479\" data-large_image_height=\"2048\"href='https:\/\/www.radiopiu.net\/wordpress\/wp-content\/uploads\/2020\/09\/120107898_775337576578111_60050795456804032_n.jpg'><img loading=\"lazy\" decoding=\"async\" width=\"150\" height=\"150\" src=\"https:\/\/www.radiopiu.net\/wordpress\/wp-content\/uploads\/2020\/09\/120107898_775337576578111_60050795456804032_n-150x150.jpg\" class=\"attachment-thumbnail size-thumbnail\" alt=\"\" srcset=\"https:\/\/www.radiopiu.net\/wordpress\/wp-content\/uploads\/2020\/09\/120107898_775337576578111_60050795456804032_n-150x150.jpg 150w, https:\/\/www.radiopiu.net\/wordpress\/wp-content\/uploads\/2020\/09\/120107898_775337576578111_60050795456804032_n-125x125.jpg 125w, https:\/\/www.radiopiu.net\/wordpress\/wp-content\/uploads\/2020\/09\/120107898_775337576578111_60050795456804032_n-200x200.jpg 200w, https:\/\/www.radiopiu.net\/wordpress\/wp-content\/uploads\/2020\/09\/120107898_775337576578111_60050795456804032_n-80x80.jpg 80w\" sizes=\"auto, (max-width: 150px) 100vw, 150px\" \/><\/a>\n\t\t\t\t<\/dt><\/dl><dl class='gallery-item'>\n\t\t\t\t<dt class='gallery-icon portrait'>\n\t\t\t\t\t<a class=\"rollover rollover-zoom dt-pswp-item\" title=\"120148771_244774523607113_2637967003954489466_n\" data-dt-img-description=\"\" data-large_image_width=\"1353\" data-large_image_height=\"2048\"href='https:\/\/www.radiopiu.net\/wordpress\/wp-content\/uploads\/2020\/09\/120148771_244774523607113_2637967003954489466_n.jpg'><img loading=\"lazy\" decoding=\"async\" width=\"150\" height=\"150\" src=\"https:\/\/www.radiopiu.net\/wordpress\/wp-content\/uploads\/2020\/09\/120148771_244774523607113_2637967003954489466_n-150x150.jpg\" class=\"attachment-thumbnail size-thumbnail\" alt=\"\" srcset=\"https:\/\/www.radiopiu.net\/wordpress\/wp-content\/uploads\/2020\/09\/120148771_244774523607113_2637967003954489466_n-150x150.jpg 150w, https:\/\/www.radiopiu.net\/wordpress\/wp-content\/uploads\/2020\/09\/120148771_244774523607113_2637967003954489466_n-125x125.jpg 125w, https:\/\/www.radiopiu.net\/wordpress\/wp-content\/uploads\/2020\/09\/120148771_244774523607113_2637967003954489466_n-200x200.jpg 200w, https:\/\/www.radiopiu.net\/wordpress\/wp-content\/uploads\/2020\/09\/120148771_244774523607113_2637967003954489466_n-80x80.jpg 80w\" sizes=\"auto, (max-width: 150px) 100vw, 150px\" \/><\/a>\n\t\t\t\t<\/dt><\/dl><dl class='gallery-item'>\n\t\t\t\t<dt class='gallery-icon landscape'>\n\t\t\t\t\t<a class=\"rollover rollover-zoom dt-pswp-item\" title=\"120141727_339368034000704_8291404999631995741_n\" data-dt-img-description=\"\" data-large_image_width=\"2048\" data-large_image_height=\"2011\"href='https:\/\/www.radiopiu.net\/wordpress\/wp-content\/uploads\/2020\/09\/120141727_339368034000704_8291404999631995741_n.jpg'><img loading=\"lazy\" decoding=\"async\" width=\"150\" height=\"150\" src=\"https:\/\/www.radiopiu.net\/wordpress\/wp-content\/uploads\/2020\/09\/120141727_339368034000704_8291404999631995741_n-150x150.jpg\" class=\"attachment-thumbnail size-thumbnail\" alt=\"\" srcset=\"https:\/\/www.radiopiu.net\/wordpress\/wp-content\/uploads\/2020\/09\/120141727_339368034000704_8291404999631995741_n-150x150.jpg 150w, https:\/\/www.radiopiu.net\/wordpress\/wp-content\/uploads\/2020\/09\/120141727_339368034000704_8291404999631995741_n-125x125.jpg 125w, https:\/\/www.radiopiu.net\/wordpress\/wp-content\/uploads\/2020\/09\/120141727_339368034000704_8291404999631995741_n-200x200.jpg 200w, https:\/\/www.radiopiu.net\/wordpress\/wp-content\/uploads\/2020\/09\/120141727_339368034000704_8291404999631995741_n-80x80.jpg 80w\" sizes=\"auto, (max-width: 150px) 100vw, 150px\" \/><\/a>\n\t\t\t\t<\/dt><\/dl><br style=\"clear: both\" \/><dl class='gallery-item'>\n\t\t\t\t<dt class='gallery-icon portrait'>\n\t\t\t\t\t<a class=\"rollover rollover-zoom dt-pswp-item\" title=\"120099757_332178714532292_9090712667570229008_n\" data-dt-img-description=\"\" data-large_image_width=\"1511\" data-large_image_height=\"2048\"href='https:\/\/www.radiopiu.net\/wordpress\/wp-content\/uploads\/2020\/09\/120099757_332178714532292_9090712667570229008_n.jpg'><img loading=\"lazy\" decoding=\"async\" width=\"150\" height=\"150\" src=\"https:\/\/www.radiopiu.net\/wordpress\/wp-content\/uploads\/2020\/09\/120099757_332178714532292_9090712667570229008_n-150x150.jpg\" class=\"attachment-thumbnail size-thumbnail\" alt=\"\" srcset=\"https:\/\/www.radiopiu.net\/wordpress\/wp-content\/uploads\/2020\/09\/120099757_332178714532292_9090712667570229008_n-150x150.jpg 150w, https:\/\/www.radiopiu.net\/wordpress\/wp-content\/uploads\/2020\/09\/120099757_332178714532292_9090712667570229008_n-125x125.jpg 125w, https:\/\/www.radiopiu.net\/wordpress\/wp-content\/uploads\/2020\/09\/120099757_332178714532292_9090712667570229008_n-200x200.jpg 200w, https:\/\/www.radiopiu.net\/wordpress\/wp-content\/uploads\/2020\/09\/120099757_332178714532292_9090712667570229008_n-80x80.jpg 80w\" sizes=\"auto, (max-width: 150px) 100vw, 150px\" \/><\/a>\n\t\t\t\t<\/dt><\/dl><dl class='gallery-item'>\n\t\t\t\t<dt class='gallery-icon portrait'>\n\t\t\t\t\t<a class=\"rollover rollover-zoom dt-pswp-item\" title=\"120101420_1305733196444576_865072282580435292_n\" data-dt-img-description=\"\" data-large_image_width=\"1404\" data-large_image_height=\"2048\"href='https:\/\/www.radiopiu.net\/wordpress\/wp-content\/uploads\/2020\/09\/120101420_1305733196444576_865072282580435292_n.jpg'><img loading=\"lazy\" decoding=\"async\" width=\"150\" height=\"150\" src=\"https:\/\/www.radiopiu.net\/wordpress\/wp-content\/uploads\/2020\/09\/120101420_1305733196444576_865072282580435292_n-150x150.jpg\" class=\"attachment-thumbnail size-thumbnail\" alt=\"\" srcset=\"https:\/\/www.radiopiu.net\/wordpress\/wp-content\/uploads\/2020\/09\/120101420_1305733196444576_865072282580435292_n-150x150.jpg 150w, https:\/\/www.radiopiu.net\/wordpress\/wp-content\/uploads\/2020\/09\/120101420_1305733196444576_865072282580435292_n-125x125.jpg 125w, https:\/\/www.radiopiu.net\/wordpress\/wp-content\/uploads\/2020\/09\/120101420_1305733196444576_865072282580435292_n-200x200.jpg 200w, https:\/\/www.radiopiu.net\/wordpress\/wp-content\/uploads\/2020\/09\/120101420_1305733196444576_865072282580435292_n-80x80.jpg 80w\" sizes=\"auto, (max-width: 150px) 100vw, 150px\" \/><\/a>\n\t\t\t\t<\/dt><\/dl><dl class='gallery-item'>\n\t\t\t\t<dt class='gallery-icon portrait'>\n\t\t\t\t\t<a class=\"rollover rollover-zoom dt-pswp-item\" title=\"120178281_367673394271825_1648576038774549965_n\" data-dt-img-description=\"\" data-large_image_width=\"1367\" data-large_image_height=\"2048\"href='https:\/\/www.radiopiu.net\/wordpress\/wp-content\/uploads\/2020\/09\/120178281_367673394271825_1648576038774549965_n.jpg'><img loading=\"lazy\" decoding=\"async\" width=\"150\" height=\"150\" src=\"https:\/\/www.radiopiu.net\/wordpress\/wp-content\/uploads\/2020\/09\/120178281_367673394271825_1648576038774549965_n-150x150.jpg\" class=\"attachment-thumbnail size-thumbnail\" alt=\"\" srcset=\"https:\/\/www.radiopiu.net\/wordpress\/wp-content\/uploads\/2020\/09\/120178281_367673394271825_1648576038774549965_n-150x150.jpg 150w, https:\/\/www.radiopiu.net\/wordpress\/wp-content\/uploads\/2020\/09\/120178281_367673394271825_1648576038774549965_n-125x125.jpg 125w, https:\/\/www.radiopiu.net\/wordpress\/wp-content\/uploads\/2020\/09\/120178281_367673394271825_1648576038774549965_n-200x200.jpg 200w, https:\/\/www.radiopiu.net\/wordpress\/wp-content\/uploads\/2020\/09\/120178281_367673394271825_1648576038774549965_n-80x80.jpg 80w\" sizes=\"auto, (max-width: 150px) 100vw, 150px\" \/><\/a>\n\t\t\t\t<\/dt><\/dl><dl class='gallery-item'>\n\t\t\t\t<dt class='gallery-icon landscape'>\n\t\t\t\t\t<a class=\"rollover rollover-zoom dt-pswp-item\" title=\"120106635_1510842765787774_1876702317957938030_n\" data-dt-img-description=\"\" data-large_image_width=\"2048\" data-large_image_height=\"1985\"href='https:\/\/www.radiopiu.net\/wordpress\/wp-content\/uploads\/2020\/09\/120106635_1510842765787774_1876702317957938030_n.jpg'><img loading=\"lazy\" decoding=\"async\" width=\"150\" height=\"150\" src=\"https:\/\/www.radiopiu.net\/wordpress\/wp-content\/uploads\/2020\/09\/120106635_1510842765787774_1876702317957938030_n-150x150.jpg\" class=\"attachment-thumbnail size-thumbnail\" alt=\"\" srcset=\"https:\/\/www.radiopiu.net\/wordpress\/wp-content\/uploads\/2020\/09\/120106635_1510842765787774_1876702317957938030_n-150x150.jpg 150w, https:\/\/www.radiopiu.net\/wordpress\/wp-content\/uploads\/2020\/09\/120106635_1510842765787774_1876702317957938030_n-125x125.jpg 125w, https:\/\/www.radiopiu.net\/wordpress\/wp-content\/uploads\/2020\/09\/120106635_1510842765787774_1876702317957938030_n-200x200.jpg 200w, https:\/\/www.radiopiu.net\/wordpress\/wp-content\/uploads\/2020\/09\/120106635_1510842765787774_1876702317957938030_n-80x80.jpg 80w\" sizes=\"auto, (max-width: 150px) 100vw, 150px\" \/><\/a>\n\t\t\t\t<\/dt><\/dl><br style=\"clear: both\" \/>\n\t\t\t<\/div>\n\n<p>&nbsp;<\/p>\n<p>NELLE FOTO (riproduzioni dal libro di Vincenzo Caputo): la parrocchiale dei santi Pietro e Paolo; la chiesetta di Sant\u2019Antonio abate a Coi di Pascoli; quella di Sant\u2019Antonio da Padova alle Valli; la chiesa abbandonata da tempo della localit\u00e0 Aermezze; la \u201cRegina Alpinorum\u201d nella zona del Rifugio 7. Alpini; Bolzano centro: l\u2019edificio sacro intitolato a San Tommaso apostolo; la chiesetta privata di San Francesco da Paola nella localit\u00e0 al Bosco; la copertina del libro edito da Ibrsc.<\/p>\n","protected":false},"excerpt":{"rendered":"<p>BELLUNO \u201cVisitiamo\u201d oggi, seguendo le indicazioni del libro \u201cBelluno, uno sguardo a centoquindici chiese\u201d gli edifici sacri che fanno capo alla parrocchia di Bolzano Bellunese che \u00e8 intitolata ai santi Pietro e Paolo apostoli. Il lavoro di Vincenzo Caputo &#8211; col quale ha collaborato con cenni architettonici Roberto Reolon &#8211; \u00e8 stato dato alle stampe&hellip;<\/p>\n","protected":false},"author":4,"featured_media":162197,"comment_status":"closed","ping_status":"closed","sticky":false,"template":"","format":"standard","meta":{"_monsterinsights_skip_tracking":false,"_monsterinsights_sitenote_active":false,"_monsterinsights_sitenote_note":"","_monsterinsights_sitenote_category":0,"footnotes":""},"categories":[49],"tags":[],"class_list":["post-162188","post","type-post","status-publish","format-standard","has-post-thumbnail","hentry","category-news-18","category-49","description-off"],"img_url":"https:\/\/www.radiopiu.net\/wordpress\/wp-content\/uploads\/2020\/09\/120148771_244774523607113_2637967003954489466_n.jpg","_links":{"self":[{"href":"https:\/\/www.radiopiu.net\/wordpress\/wp-json\/wp\/v2\/posts\/162188","targetHints":{"allow":["GET"]}}],"collection":[{"href":"https:\/\/www.radiopiu.net\/wordpress\/wp-json\/wp\/v2\/posts"}],"about":[{"href":"https:\/\/www.radiopiu.net\/wordpress\/wp-json\/wp\/v2\/types\/post"}],"author":[{"embeddable":true,"href":"https:\/\/www.radiopiu.net\/wordpress\/wp-json\/wp\/v2\/users\/4"}],"replies":[{"embeddable":true,"href":"https:\/\/www.radiopiu.net\/wordpress\/wp-json\/wp\/v2\/comments?post=162188"}],"version-history":[{"count":0,"href":"https:\/\/www.radiopiu.net\/wordpress\/wp-json\/wp\/v2\/posts\/162188\/revisions"}],"wp:featuredmedia":[{"embeddable":true,"href":"https:\/\/www.radiopiu.net\/wordpress\/wp-json\/wp\/v2\/media\/162197"}],"wp:attachment":[{"href":"https:\/\/www.radiopiu.net\/wordpress\/wp-json\/wp\/v2\/media?parent=162188"}],"wp:term":[{"taxonomy":"category","embeddable":true,"href":"https:\/\/www.radiopiu.net\/wordpress\/wp-json\/wp\/v2\/categories?post=162188"},{"taxonomy":"post_tag","embeddable":true,"href":"https:\/\/www.radiopiu.net\/wordpress\/wp-json\/wp\/v2\/tags?post=162188"}],"curies":[{"name":"wp","href":"https:\/\/api.w.org\/{rel}","templated":true}]}}