{"id":162222,"date":"2020-09-25T05:56:44","date_gmt":"2020-09-25T03:56:44","guid":{"rendered":"https:\/\/www.radiopiu.net\/wordpress\/?p=162222"},"modified":"2020-09-25T15:06:08","modified_gmt":"2020-09-25T13:06:08","slug":"giornale-radiopiu-25-settembre-2020-direttore-mirko-mezzacasa","status":"publish","type":"post","link":"https:\/\/www.radiopiu.net\/wordpress\/giornale-radiopiu-25-settembre-2020-direttore-mirko-mezzacasa\/","title":{"rendered":"GIORNALE RADIOPIU 25 SETTEMBRE 2020 DIRETTORE MIRKO MEZZACASA"},"content":{"rendered":"<h3><strong>PER RICEVERE QUESTO NOTIZIARIO DIRETTAMENTE SUL TUO CELLULARE ISCRIVITI AL CANALE TELEGRAM <\/strong><strong>\u201cRADIO PIU\u00a0 INFORMAZIONE&#8221;<\/strong><\/h3>\n<p><em>ATTENZIONE: LA NUOVA APP PER IOS-IPHONE<\/em><\/p>\n<div>\n<div><a href=\"https:\/\/apps.apple.com\/it\/app\/radio-pi%C3%B9-emittente-agordina\/id1515939845\">https:\/\/apps.apple.com\/it\/app\/radio-pi%C3%B9-emittente-agordina\/id1515939845<\/a><\/div>\n<\/div>\n<div><\/div>\n<div>\n<div dir=\"auto\"><em>ATTENZIONE: LA NUOVA APP RADIO\u00a0 PER ANDROID<\/em><\/div>\n<\/div>\n<p><a href=\"https:\/\/play.google.com\/store\/apps\/details?id=net.radiopiu.iniko\" target=\"_blank\" rel=\"noopener noreferrer\">https:\/\/play.google.com\/store\/apps\/details?id=net.radiopiu.iniko<\/a><\/p>\n<p>&nbsp;<\/p>\n<hr \/>\n<p>&nbsp;<\/p>\n<h3><span style=\"color: #0000ff;\">PER CHI VIAGGIA<\/span><\/h3>\n<p><span style=\"color: #ff0000;\">BELLUNO<\/span> Mercoledi e giovedi senso unico alternato sul <strong>ponte Bailey<\/strong> per permettere le operazioni di verifica della struttura. Disagi previsti nei giorni 30 settembre e 1 ottobre dalle 8.30 alle 12 e dalle 13.30 alle 17.30<\/p>\n<p><strong><span style=\"color: #ff0000;\">Strada 203 agordina,<\/span>\u00a0 Ingresso ad Agordo via Cesare Battisti, direzione Belluno-Agordo, in prossimit\u00e0 distributore Agip, oggi dalle\u00a0 8 alle 18 , senso unico alternato regolato da semaforo per montaggio ponteggi.<\/strong><\/p>\n<p><strong>SR 203 AGORDINA<\/strong> Fino\u00a0 al 30 settembre, dalle 8 alle 17, sabato e domenica esclusi, senso unico alternato regolato da semaforo in localit\u00e0 Listolade di Taibon Agordino per asfaltatura tratti interessati dalla posa della fibra ottica <strong>REGIONALE 203 AGORDINA<\/strong> dal 24 settembre al 18 dicembre (esclusi festivi e prefestivi) senso unico alternato tra Peron e Candaten e tra Candaten e La Stanga con movieri dalle 7 alle 9 e dalle 16.30 alle 18. Con semaforo negli altri orari<\/p>\n<p>&nbsp;<\/p>\n<p><strong>PROVINCIALE 35 &#8211; LASTE<\/strong><br \/>\nPer allargamento della sede stradale in localit\u00e0 Laste di Sopra limitazioni al transito fino al 15 ottobre esclusi festivi e prefestivi, brevi interruzioni durata massima di 15 minuti tra le 8 e le 12 e tra le 13 e le 17.\u00a0Negli altri orari semaforo e senso unico alternato<\/p>\n<p>&nbsp;<\/p>\n<hr \/>\n<p>&nbsp;<\/p>\n<p><strong><a class=\"dt-pswp-item\" href=\"https:\/\/www.radiopiu.net\/wordpress\/wp-content\/uploads\/2018\/08\/ACQUA.jpeg\" data-dt-img-description=\"\" data-large_image_width=\"1280\" data-large_image_height=\"768\"><img loading=\"lazy\" decoding=\"async\" class=\" wp-image-57052 alignleft\" src=\"https:\/\/www.radiopiu.net\/wordpress\/wp-content\/uploads\/2018\/08\/ACQUA-300x180.jpeg\" alt=\"\" width=\"273\" height=\"164\" srcset=\"https:\/\/www.radiopiu.net\/wordpress\/wp-content\/uploads\/2018\/08\/ACQUA-300x180.jpeg 300w, https:\/\/www.radiopiu.net\/wordpress\/wp-content\/uploads\/2018\/08\/ACQUA-768x461.jpeg 768w, https:\/\/www.radiopiu.net\/wordpress\/wp-content\/uploads\/2018\/08\/ACQUA-1024x614.jpeg 1024w, https:\/\/www.radiopiu.net\/wordpress\/wp-content\/uploads\/2018\/08\/ACQUA.jpeg 1280w\" sizes=\"auto, (max-width: 273px) 100vw, 273px\" \/><\/a>ROCCA PIETORE <\/strong>Gestione Servizi Pubblici informa che a ROCCA PIETORE in localit\u00e0 SAVINER DI CALLONEGHE, MASARE&#8217;, BADIOT, LE PALE e SOPRACORDEVOLE l&#8217;acqua erogata dall&#8217;acquedotto non \u00e8 potabile e pu\u00f2 essere usata per scopi alimentari SOLO PREVIA bollitura. GSP ha, comunque, gi\u00e0 adottato le necessarie misure per la disinfezione dell&#8217;acqua presente nei serbatoi e nella rete idrica con l&#8217;aggiunta di cloro. Ulteriori informazioni saranno fornite nei prossimi giorni.<\/p>\n<p>&nbsp;<\/p>\n<hr \/>\n<p>&nbsp;<\/p>\n<blockquote>\n<h3>ASSIA BELHADJ CANDIDATA ALLE REGIONALI DENUNCIA CHI L&#8217;HA INSULTATA IN RETE<\/h3>\n<\/blockquote>\n<p><strong><a class=\"dt-pswp-item\" href=\"https:\/\/www.radiopiu.net\/wordpress\/wp-content\/uploads\/2020\/09\/download-2-1.jpg\" data-dt-img-description=\"\" data-large_image_width=\"202\" data-large_image_height=\"249\"><img loading=\"lazy\" decoding=\"async\" class=\" wp-image-162387 alignleft\" src=\"https:\/\/www.radiopiu.net\/wordpress\/wp-content\/uploads\/2020\/09\/download-2-1.jpg\" alt=\"\" width=\"151\" height=\"186\" \/><\/a>BELLUNO<\/strong> L&#8217;avvocato Enrico Rech \u00e8 pronto ad andare in Tribunale per difendere la candidata del PD alle recenti regionali insultata in rete nel corso della campagna elettorale. Sul profilo facebook si sono sommati commenti diffamatori o discriminatori. La 36enne italo-algerina era nella lista &#8220;Il Veneto che vogliamo&#8221;, che sosteneva Arturo Lorenzoni. Non ha mai risposto a nessuno, ora per\u00f2 passa alle vie di fatto con il ricorso alla giustizia. Rech ha presentato una denuncia querela, producendo un fascicolo con tutte le foto dei messaggi offensivi e la Digos ha avviato le indagini per l&#8217;ipotesi di reato di diffamazione aggravata.<\/p>\n<p>&nbsp;<\/p>\n<p>&nbsp;<\/p>\n<p>&nbsp;<\/p>\n<hr \/>\n<p>&nbsp;<\/p>\n<blockquote>\n<h3>STUDENTESSA A PROCESSO PER AVER DENIGRATO LA SCUOLA<\/h3>\n<\/blockquote>\n<p><strong><a class=\"dt-pswp-item\" href=\"https:\/\/www.radiopiu.net\/wordpress\/wp-content\/uploads\/2020\/09\/download-19.jpg\" data-dt-img-description=\"\" data-large_image_width=\"276\" data-large_image_height=\"182\"><img loading=\"lazy\" decoding=\"async\" class=\"size-full wp-image-162389 alignleft\" src=\"https:\/\/www.radiopiu.net\/wordpress\/wp-content\/uploads\/2020\/09\/download-19.jpg\" alt=\"\" width=\"276\" height=\"182\" \/><\/a>BELLUNO<\/strong> \u00ab\u00abVa tutto a raccomandazioni, diffamazioni e faide: il Catullo \u00e8 la scuola dei pugliesi&#8230;. i professori sono del sud che, si sa, impongono la mentalit\u00e0 mafiosa anche nei piccoli ambienti\u00bb, una delle tanti frasi pesante, denigratoria, pubblicata su google contro l&#8217;Istituto Catullo. La\u00a0 &#8220;leonessa da tastiera&#8221; era tranquilla nascosta nel nomignolo\u00a0 Fiori di pesco, ma\u00a0 Daniela Cherchi, studentessa del serale non aveva fatto i conti con gli inquirenti che sono risaliti alla sua vera identit\u00e0,\u00a0 \u00e8 accusata di diffamazione aggravata rischia la condanna e\u00a0 di dover pagare un risarcimento al dirigente scolastico e a un&#8217;insegnante, che si sono costituiti parte civile. La prima udienza \u00e8 stata fissata per il 28 gennaio. La recensione \u00e8 ancora in rete con 12 mi piace. Il messaggio \u00e8 lungo e intriso di offese verso insegnanti, bidelli ma anche colleghi studenti.<\/p>\n<p>&nbsp;<\/p>\n<hr \/>\n<p>&nbsp;<\/p>\n<blockquote>\n<h3>REGIONALE 203 AGORDINA, SETTIMANE DI PASSIONE<\/h3>\n<\/blockquote>\n<p><strong><a class=\"dt-pswp-item\" href=\"https:\/\/www.radiopiu.net\/wordpress\/wp-content\/uploads\/2020\/06\/e1441c59-1f67-48ce-8665-009c606912f1.jpg\" data-dt-img-description=\"\" data-large_image_width=\"1440\" data-large_image_height=\"720\"><img loading=\"lazy\" decoding=\"async\" class=\"size-medium wp-image-145611 alignleft\" src=\"https:\/\/www.radiopiu.net\/wordpress\/wp-content\/uploads\/2020\/06\/e1441c59-1f67-48ce-8665-009c606912f1-300x150.jpg\" alt=\"\" width=\"300\" height=\"150\" srcset=\"https:\/\/www.radiopiu.net\/wordpress\/wp-content\/uploads\/2020\/06\/e1441c59-1f67-48ce-8665-009c606912f1-300x150.jpg 300w, https:\/\/www.radiopiu.net\/wordpress\/wp-content\/uploads\/2020\/06\/e1441c59-1f67-48ce-8665-009c606912f1-1024x512.jpg 1024w, https:\/\/www.radiopiu.net\/wordpress\/wp-content\/uploads\/2020\/06\/e1441c59-1f67-48ce-8665-009c606912f1-768x384.jpg 768w, https:\/\/www.radiopiu.net\/wordpress\/wp-content\/uploads\/2020\/06\/e1441c59-1f67-48ce-8665-009c606912f1.jpg 1440w\" sizes=\"auto, (max-width: 300px) 100vw, 300px\" \/><\/a>TAIBON<\/strong> Quello che non mancheranno nei prossimi giorni saranno i disagi per chi viaggia verso Agordo e l&#8217;Alto Agordino. Una serie di ordinanze di Veneto strade preannunciano l&#8217;apertura di cantieri, sermafori e movieri. Le prime &#8220;soste forzate&#8221; per gli automobilisti diretti nell&#8217;Agordino tra Canden e Peron e tra Candaten e La Stanga (esclusi festivi e prefestivi) sensi unici\u00a0 con movieri dalle 7 alle 9 e dalle 16.30 alle 18. Con semaforo negli altri orari.<\/p>\n<p>Poco prima di Agordo, in localit\u00e0 Le Campe comune di La Valle Agordina, secondo cantiere dal 28 settembre al 2 ottobre sar\u00e0 istituito il senso unico alternato con movieri (8-8,30 e 16.30-17) e semaforo, qualche disagio in pi\u00f9 per i turnisti di Luxottica del turno pomeridiano perch\u00e9 non sono previsti movieri.<\/p>\n<p>Pi\u00f9 avanti in Comune di Taibon fino\u00a0 al 30 settembre, dalle 8 alle 17, sabato e domenica esclusi, senso unico alternato regolato da semaforo in localit\u00e0 Listolade.<\/p>\n<p>Lavori in corso anche a Ruvac\u00e0 nei Comuni di Colle Santa Lucia e Livinallongo, fino al 23 ottobre senso unico con semaforo.<\/p>\n<p>&nbsp;<\/p>\n<p>&nbsp;<\/p>\n<hr \/>\n<h3><span style=\"color: #ff0000;\">IL GERMOGLIO DELLA NUOVA ESISTENZA<\/span><\/h3>\n<blockquote>\n<h3>L&#8217;OPERA DI MORO SIMBOLO DELLA MONTAGNA, AL TAGLIO DEL NASTRO ANCHE IL PRESIDENTE LUCA ZAIA<\/h3>\n<\/blockquote>\n<p><strong>COLLE SANTA LUCIA<\/strong><\/p>\n<p>di Gianni Santomaso<\/p>\n<audio class=\"wp-audio-shortcode\" id=\"audio-162222-1\" preload=\"none\" style=\"width: 100%;\" controls=\"controls\"><source type=\"audio\/mpeg\" src=\"https:\/\/www.radiopiu.net\/wordpress\/wp-content\/uploads\/2020\/09\/GIANNI-OPERA-COLLE-SANTA-LUCIA.mp3?_=1\" \/><a href=\"https:\/\/www.radiopiu.net\/wordpress\/wp-content\/uploads\/2020\/09\/GIANNI-OPERA-COLLE-SANTA-LUCIA.mp3\">https:\/\/www.radiopiu.net\/wordpress\/wp-content\/uploads\/2020\/09\/GIANNI-OPERA-COLLE-SANTA-LUCIA.mp3<\/a><\/audio>\n<p>&nbsp;<\/p>\n\n\t\t\t<style type='text\/css'>\n\t\t\t\t#gallery-1 {\n\t\t\t\t\tmargin: auto;\n\t\t\t\t}\n\t\t\t\t#gallery-1 .gallery-item {\n\t\t\t\t\tfloat: left;\n\t\t\t\t\tmargin-top: 10px;\n\t\t\t\t\ttext-align: center;\n\t\t\t\t\twidth: 50%;\n\t\t\t\t}\n\t\t\t\t#gallery-1 img {\n\t\t\t\t\tborder: 2px solid #cfcfcf;\n\t\t\t\t}\n\t\t\t\t#gallery-1 .gallery-caption {\n\t\t\t\t\tmargin-left: 0;\n\t\t\t\t}\n\t\t\t\t\/* see gallery_shortcode() in wp-includes\/media.php *\/\n\t\t\t<\/style>\n\t\t<div id='gallery-1' class='dt-gallery-container gallery galleryid-162222 gallery-columns-2 gallery-size-medium'><dl class='gallery-item'>\n\t\t\t\t<dt class='gallery-icon landscape'>\n\t\t\t\t\t<a class=\"rollover rollover-zoom dt-pswp-item\" title=\"dfe281ca-766a-48ee-a01d-910e545d7c4e\" data-dt-img-description=\"\" data-large_image_width=\"1123\" data-large_image_height=\"788\"href='https:\/\/www.radiopiu.net\/wordpress\/wp-content\/uploads\/2020\/09\/dfe281ca-766a-48ee-a01d-910e545d7c4e.jpg'><img loading=\"lazy\" decoding=\"async\" width=\"300\" height=\"211\" src=\"https:\/\/www.radiopiu.net\/wordpress\/wp-content\/uploads\/2020\/09\/dfe281ca-766a-48ee-a01d-910e545d7c4e-300x211.jpg\" class=\"attachment-medium size-medium\" alt=\"\" srcset=\"https:\/\/www.radiopiu.net\/wordpress\/wp-content\/uploads\/2020\/09\/dfe281ca-766a-48ee-a01d-910e545d7c4e-300x211.jpg 300w, https:\/\/www.radiopiu.net\/wordpress\/wp-content\/uploads\/2020\/09\/dfe281ca-766a-48ee-a01d-910e545d7c4e-1024x719.jpg 1024w, https:\/\/www.radiopiu.net\/wordpress\/wp-content\/uploads\/2020\/09\/dfe281ca-766a-48ee-a01d-910e545d7c4e-768x539.jpg 768w, https:\/\/www.radiopiu.net\/wordpress\/wp-content\/uploads\/2020\/09\/dfe281ca-766a-48ee-a01d-910e545d7c4e-640x449.jpg 640w, https:\/\/www.radiopiu.net\/wordpress\/wp-content\/uploads\/2020\/09\/dfe281ca-766a-48ee-a01d-910e545d7c4e.jpg 1123w\" sizes=\"auto, (max-width: 300px) 100vw, 300px\" \/><\/a>\n\t\t\t\t<\/dt><\/dl><dl class='gallery-item'>\n\t\t\t\t<dt class='gallery-icon landscape'>\n\t\t\t\t\t<a class=\"rollover rollover-zoom dt-pswp-item\" title=\"ad43ea56-d188-46fa-b3d9-e9ec96c352b1\" data-dt-img-description=\"\" data-large_image_width=\"1117\" data-large_image_height=\"785\"href='https:\/\/www.radiopiu.net\/wordpress\/wp-content\/uploads\/2020\/09\/ad43ea56-d188-46fa-b3d9-e9ec96c352b1.jpg'><img loading=\"lazy\" decoding=\"async\" width=\"300\" height=\"211\" src=\"https:\/\/www.radiopiu.net\/wordpress\/wp-content\/uploads\/2020\/09\/ad43ea56-d188-46fa-b3d9-e9ec96c352b1-300x211.jpg\" class=\"attachment-medium size-medium\" alt=\"\" srcset=\"https:\/\/www.radiopiu.net\/wordpress\/wp-content\/uploads\/2020\/09\/ad43ea56-d188-46fa-b3d9-e9ec96c352b1-300x211.jpg 300w, https:\/\/www.radiopiu.net\/wordpress\/wp-content\/uploads\/2020\/09\/ad43ea56-d188-46fa-b3d9-e9ec96c352b1-1024x720.jpg 1024w, https:\/\/www.radiopiu.net\/wordpress\/wp-content\/uploads\/2020\/09\/ad43ea56-d188-46fa-b3d9-e9ec96c352b1-768x540.jpg 768w, https:\/\/www.radiopiu.net\/wordpress\/wp-content\/uploads\/2020\/09\/ad43ea56-d188-46fa-b3d9-e9ec96c352b1-640x450.jpg 640w, https:\/\/www.radiopiu.net\/wordpress\/wp-content\/uploads\/2020\/09\/ad43ea56-d188-46fa-b3d9-e9ec96c352b1.jpg 1117w\" sizes=\"auto, (max-width: 300px) 100vw, 300px\" \/><\/a>\n\t\t\t\t<\/dt><\/dl><br style=\"clear: both\" \/>\n\t\t\t<\/div>\n\n<p>&nbsp;<\/p>\n<hr \/>\n<p>&nbsp;<\/p>\n<blockquote>\n<h3>DAL 28 SETTEMBRE TORNANO I BUS NAVETTA LUXOTTICA E LE CORSE DA PRIMIERO, FALCADE E BELLUNO-FELTRE<\/h3>\n<\/blockquote>\n<p><strong>AGORDO <\/strong>Dal 28 settembre le maestranze Luxottica riprenderanno con gli orari pre Covid-19. I turni saranno 6-14, 14-22 e 22-6. Nell&#8217;occasione Luxottica e la commissione trasporti della RSU sono riuscite a ripristinato il servizio navetta per i lavoratori del secondo turno. Per quanto riguarda il TPL \u00a0i nuovi orari sulle varie tratte e l&#8217;aggiunta delle corse dal Primiero, Falcade e Belluno-Feltre<\/p>\n<p>ORARI E\u00a0 NUOVE TABELLE:<\/p>\n<blockquote class=\"wp-embedded-content\" data-secret=\"HdSMvEGeMO\"><p><a href=\"https:\/\/www.radiopiu.net\/wordpress\/dal-28-settembre-tornano-i-bus-navetta-luxottica-e-le-corse-da-primiero-falcade-e-belluno-feltre\/\">DAL 28 SETTEMBRE TORNANO I BUS NAVETTA LUXOTTICA E LE CORSE DA PRIMIERO, FALCADE E BELLUNO-FELTRE<\/a><\/p><\/blockquote>\n<p><iframe loading=\"lazy\" class=\"wp-embedded-content\" sandbox=\"allow-scripts\" security=\"restricted\" style=\"position: absolute; clip: rect(1px, 1px, 1px, 1px);\" title=\"&#8220;DAL 28 SETTEMBRE TORNANO I BUS NAVETTA LUXOTTICA E LE CORSE DA PRIMIERO, FALCADE E BELLUNO-FELTRE&#8221; &#8212; Radio Pi\u00f9\" src=\"https:\/\/www.radiopiu.net\/wordpress\/dal-28-settembre-tornano-i-bus-navetta-luxottica-e-le-corse-da-primiero-falcade-e-belluno-feltre\/embed\/#?secret=HdSMvEGeMO\" data-secret=\"HdSMvEGeMO\" width=\"600\" height=\"338\" frameborder=\"0\" marginwidth=\"0\" marginheight=\"0\" scrolling=\"no\"><\/iframe><\/p>\n<p>&nbsp;<\/p>\n<p>&nbsp;<\/p>\n<p>&nbsp;<\/p>\n<p>&nbsp;<\/p>\n<hr \/>\n<p>&nbsp;<\/p>\n<blockquote>\n<h3>OSPEDALE DI AGORDO, LE ATTENZIONI DI CHI CI LAVORA A VANTAGGIO DEGLI UTENTI<\/h3>\n<\/blockquote>\n<p><strong><img loading=\"lazy\" decoding=\"async\" class=\"alignleft\" src=\"https:\/\/www.radiopiu.net\/wordpress\/wp-content\/uploads\/2015\/10\/Entrata-Agordo-300x225.jpg\" width=\"239\" height=\"179\" \/>AGORDO<\/strong> Organizzazione, precisione, cordialit\u00e0. Ci vengono in mente queste tre parole dopo il passaggio per gli ambulatori, i reparti, il Pronto Soccorso del nosocomio Agordino. Organizzazione sotto la tenda allestita dalla Protezione Civile. Precisione del personale addetto nel misurare la temperatura, porgere il gel per la sanificazione delle mani. Cordialit\u00e0 nel chiedere agli utenti la loro situazione fisica (febbre o sintomi influenzali precedenti etc..) ma soprattutto pronti a informare sul come muoversi tra le mura ospedaliere. Tutto questo si inquadra nei controlli anti covid predisposti dai manuali e rispettati alla lettera. Un presidio di cui andare orgoliosi per la tranquillit\u00e0 di tutte le famiglie, da prendere ad esempio e da citare tra gli esempi positivi perch\u00e9 a fare notizia non sono solo quelli negativi o pseudo tali. (mm)<\/p>\n<p>&nbsp;<\/p>\n<hr \/>\n<p>&nbsp;<\/p>\n<blockquote>\n<h3>&#8220;SIAMO PRONTI AD AFFRONTARE LE EMERGENZE&#8221;, IN CONSIDERAZIONE DI CODE E TEMPI QUALCHE DUBBIO SORGE SPONTANEO<\/h3>\n<\/blockquote>\n<p><strong>AGORDO<\/strong> <em>&#8220;I tempi per refertare i tamponi dovrebbero essere rispettati nelle 48 ore dall&#8217;effettuazione del test, fino a pochi giorni fa stavamo nelle 24 ore, l&#8217;afflusso degli ultimi giorni ha allungato i tempi&#8221;. <\/em>Un&#8217;ammissione precisa quella del Direttore Generale Adriano Rasi Caldogno nella diretta facebook di ieri mattina, peraltro da parte di un alto dirigente che conosce i protocolli. Quarantotto ore sono due giorni, se non viene rispettato il protocollo lo spazio tende a tre giorni e non tutti in attesa della risposta trascorrono il tempo tra le mura di casa. Questo \u00e8 un punto che preoccupa,\u00a0 anche se il direttore generale taglia corto <em>&#8220;Siamo consapevoli dell&#8217;allungamento dei tempi e abbiamo in corso un potenziamento dei laboratori di microbiologia&#8221;<\/em>.Solo da lunedi sar\u00e0 attivo il drive-in di Caprile, ma a giorni alterni, nel frattempo e nei giorni di chiusura del punto dell&#8217;Alto Cordevole gli agordini sono costretti a\u00a0 sorbirsi decine di chilometri di strade, cantieri e semafori per raggiungere Belluno o Feltre e mentre viaggiano si chiedono perch\u00e9 un ospedale come quello di Agordo non venga utilizzato come&#8230;ospedale.. Anche questo, come nella scorsa primavera \u00e8 un periodo di emergenze, lo ribadisce Rasi Caldogno<em> &#8220;Lunedi\u00a0 abbiamo refertato 66 tamponi, attualmente negli ultimi giorni circa 230 nelle 24 ore, una crescita rilevante&#8221;<\/em> Niente di pi\u00f9 vero, solo una considerazione: ma l&#8217;ospedale di Agordo non potrebbe aiutare ad evitare perdite di tempo e denaro ai residenti nell&#8217;Agordino?<\/p>\n<p><strong>DILLO A RADIO PIU&#8217;&#8230; Riceviamo e volentieri pubblichiamo testo e foto di una nostra ascoltatrice<\/strong><\/p>\n<blockquote><p><em>&#8220;Ma i protocolli per covid19 sono diversi da provincia a provincia? E&#8217; necessario fare chiarezza. Ogni giorno ore di colonna in macchina a Belluno per un tampone, e poi l&#8217;attesa di giorni per il referto magari senza rimanere in isolamento. E l&#8217;ospedale di Agordo? Intanto chi ci rimette sono i bambini&#8230;&#8221;<\/em><\/p><\/blockquote>\n\n\t\t\t<style type='text\/css'>\n\t\t\t\t#gallery-2 {\n\t\t\t\t\tmargin: auto;\n\t\t\t\t}\n\t\t\t\t#gallery-2 .gallery-item {\n\t\t\t\t\tfloat: left;\n\t\t\t\t\tmargin-top: 10px;\n\t\t\t\t\ttext-align: center;\n\t\t\t\t\twidth: 33%;\n\t\t\t\t}\n\t\t\t\t#gallery-2 img {\n\t\t\t\t\tborder: 2px solid #cfcfcf;\n\t\t\t\t}\n\t\t\t\t#gallery-2 .gallery-caption {\n\t\t\t\t\tmargin-left: 0;\n\t\t\t\t}\n\t\t\t\t\/* see gallery_shortcode() in wp-includes\/media.php *\/\n\t\t\t<\/style>\n\t\t<div id='gallery-2' class='dt-gallery-container gallery galleryid-162222 gallery-columns-3 gallery-size-thumbnail'><dl class='gallery-item'>\n\t\t\t\t<dt class='gallery-icon portrait'>\n\t\t\t\t\t<a class=\"rollover rollover-zoom dt-pswp-item\" title=\"120215460_736438573580081_943838681701323171_n\" data-dt-img-description=\"\" data-large_image_width=\"567\" data-large_image_height=\"756\"href='https:\/\/www.radiopiu.net\/wordpress\/wp-content\/uploads\/2020\/09\/120215460_736438573580081_943838681701323171_n.jpg'><img loading=\"lazy\" decoding=\"async\" width=\"150\" height=\"150\" src=\"https:\/\/www.radiopiu.net\/wordpress\/wp-content\/uploads\/2020\/09\/120215460_736438573580081_943838681701323171_n-150x150.jpg\" class=\"attachment-thumbnail size-thumbnail\" alt=\"\" srcset=\"https:\/\/www.radiopiu.net\/wordpress\/wp-content\/uploads\/2020\/09\/120215460_736438573580081_943838681701323171_n-150x150.jpg 150w, https:\/\/www.radiopiu.net\/wordpress\/wp-content\/uploads\/2020\/09\/120215460_736438573580081_943838681701323171_n-125x125.jpg 125w, https:\/\/www.radiopiu.net\/wordpress\/wp-content\/uploads\/2020\/09\/120215460_736438573580081_943838681701323171_n-200x200.jpg 200w, https:\/\/www.radiopiu.net\/wordpress\/wp-content\/uploads\/2020\/09\/120215460_736438573580081_943838681701323171_n-80x80.jpg 80w\" sizes=\"auto, (max-width: 150px) 100vw, 150px\" \/><\/a>\n\t\t\t\t<\/dt><\/dl><dl class='gallery-item'>\n\t\t\t\t<dt class='gallery-icon portrait'>\n\t\t\t\t\t<a class=\"rollover rollover-zoom dt-pswp-item\" title=\"120148771_243791077070647_881569934583033534_n\" data-dt-img-description=\"\" data-large_image_width=\"600\" data-large_image_height=\"800\"href='https:\/\/www.radiopiu.net\/wordpress\/wp-content\/uploads\/2020\/09\/120148771_243791077070647_881569934583033534_n.jpg'><img loading=\"lazy\" decoding=\"async\" width=\"150\" height=\"150\" src=\"https:\/\/www.radiopiu.net\/wordpress\/wp-content\/uploads\/2020\/09\/120148771_243791077070647_881569934583033534_n-150x150.jpg\" class=\"attachment-thumbnail size-thumbnail\" alt=\"\" srcset=\"https:\/\/www.radiopiu.net\/wordpress\/wp-content\/uploads\/2020\/09\/120148771_243791077070647_881569934583033534_n-150x150.jpg 150w, https:\/\/www.radiopiu.net\/wordpress\/wp-content\/uploads\/2020\/09\/120148771_243791077070647_881569934583033534_n-125x125.jpg 125w, https:\/\/www.radiopiu.net\/wordpress\/wp-content\/uploads\/2020\/09\/120148771_243791077070647_881569934583033534_n-200x200.jpg 200w, https:\/\/www.radiopiu.net\/wordpress\/wp-content\/uploads\/2020\/09\/120148771_243791077070647_881569934583033534_n-80x80.jpg 80w\" sizes=\"auto, (max-width: 150px) 100vw, 150px\" \/><\/a>\n\t\t\t\t<\/dt><\/dl><dl class='gallery-item'>\n\t\t\t\t<dt class='gallery-icon portrait'>\n\t\t\t\t\t<a class=\"rollover rollover-zoom dt-pswp-item\" title=\"120138131_1132874623780891_3530571107565897099_n\" data-dt-img-description=\"\" data-large_image_width=\"567\" data-large_image_height=\"756\"href='https:\/\/www.radiopiu.net\/wordpress\/wp-content\/uploads\/2020\/09\/120138131_1132874623780891_3530571107565897099_n.jpg'><img loading=\"lazy\" decoding=\"async\" width=\"150\" height=\"150\" src=\"https:\/\/www.radiopiu.net\/wordpress\/wp-content\/uploads\/2020\/09\/120138131_1132874623780891_3530571107565897099_n-150x150.jpg\" class=\"attachment-thumbnail size-thumbnail\" alt=\"\" srcset=\"https:\/\/www.radiopiu.net\/wordpress\/wp-content\/uploads\/2020\/09\/120138131_1132874623780891_3530571107565897099_n-150x150.jpg 150w, https:\/\/www.radiopiu.net\/wordpress\/wp-content\/uploads\/2020\/09\/120138131_1132874623780891_3530571107565897099_n-125x125.jpg 125w, https:\/\/www.radiopiu.net\/wordpress\/wp-content\/uploads\/2020\/09\/120138131_1132874623780891_3530571107565897099_n-200x200.jpg 200w, https:\/\/www.radiopiu.net\/wordpress\/wp-content\/uploads\/2020\/09\/120138131_1132874623780891_3530571107565897099_n-80x80.jpg 80w\" sizes=\"auto, (max-width: 150px) 100vw, 150px\" \/><\/a>\n\t\t\t\t<\/dt><\/dl><br style=\"clear: both\" \/>\n\t\t\t<\/div>\n\n<p>&nbsp;<\/p>\n<p>&nbsp;<\/p>\n<hr \/>\n<p>&nbsp;<\/p>\n<blockquote>\n<h3>DALLA ULSS1 DOLOMITI AGGIORNAMENTO COVID, SPECIALE SCUOLA<\/h3>\n<\/blockquote>\n<blockquote>\n<h3>IN DIRETTA DA BELLUNO IL DIRETTORE ADRIANO RASI CALDOGNO<\/h3>\n<\/blockquote>\n<h3><span style=\"color: #ff0000;\">LEGGI L&#8217;INTERVENTO DEL DG<\/span><\/h3>\n<p>Oggi: 96 persone positivi, rispetto a qualche settimana fa in aumento come prevedibile dopo la stagione estiva e una stagione di grandi spostamenti connessi alle vacanze. Positivi non significa ammalati sono persone con sintomi o sintomi lievi. Sono 504 le persone in isolamento. 88.674 i tamponi effettuati fino ad oggi, tamponi che in larga maggioranza sono stati piu&#8217; volte ripetuti agli stessi soggetti traducibili in 20mila unit\u00e0.<\/p>\n<p><strong>TEMA DEL GIORNO, LA SCUOLA<\/strong><br \/>\nUn rientro molto atteso da parte di tutti i giovani e delle famiglie. Le procedure adottate dal Ministero e declinate dalla Regione prevedono un percorso per quanto riguarda l&#8217;insorgere di sintomi che presentano preoccupazioni anche rispetto all&#8217;accesso nelle scuole. Di qui il numero consistente di persone che accompagnano i figli ai nostri centri di accesso libero per i tamponi presso gli ospedali di Belluno e Feltre. L&#8217;accesso ai drive in avviene su indicazione del Pediatra o medico di base ma vengono accettati anche tutti gli altri. Per l&#8217;ammissione a scuola \u00e8 necessario avvisare pediatra e medico. La materia delle procedure \u00e8 oggetto di una rivisitazione del Ministero facendo tesoro dell&#8217;esperienza dei primi giorni. Da noi nei primi giorni_ lunedi 66 tamponi, attualmente negli ultimi giorni circa 230 tamponi al giorno. Crescita rilevante. Abbiamo potenziato i servizi, oltre al drive in di Belluno e Feltre (sette giorni su sette) viene attivato da lunedi anche quello di Caprile di Alleghe e Tai di Cadore.\u00a0 lunedi mercoledi e venerdi pomeriggio 17 -19 a Caprile. Martedi giovedi e sabato stesse ore a Tai. Oggi la situazione si \u00e8 fludificata e migliorata. Su questo tema <strong>da lunedi 14 settembre fino a ieri eseguii 1201 tamponi sui giovani che presentavano sintomi che hanno indotto i genitori a portarli al controllo. Risultato: in totale positivi 3 circa il 2,5 per mille<\/strong> una percentuale molto modesta. Accanto a questo da segnalare che una scuola elementare a Belluno ha subito la chiusura in quarantena di una classe (quarantena) 17 gli alunni interessati 2 insegnanti e 2 del personale tecnico amministrativo, al primo tampone tutti negativi. Ieri stesso problema a Campolongo in Comelico (Santo Stefano) oggi 20 persone saranno interessate a tampone. Per l&#8217;emergenza coronavirus porte aperte per i tamponi per chi rientra dall&#8217;estero, servizio che continua ad essere fornito, oltre alle campagne di screening previsto dal piano di sanit\u00e0 pubblica (personale sanitario Ulss1 sottoposto a controllo ogni 30 giorni, anche il personale dipendente e ospiti case di riposo di tutta la provincia). Si aggiunge a questo l&#8217;attivit\u00e0 delle vaccinazioni ordinarie mai interrotte e quelle contro le TBE da morso di zecca, recuperato abbondantemente anche il pregresso di domanda fermato nel periodo primaverile.<\/p>\n<p><strong>TEMA TEMPI REFERTAZIONE<\/strong><\/p>\n<p>Il riferimento generale dovrebbe essere di 48 ore dall&#8217;effettuazione del tampone, fino a pochi giorni fa lo si dava entro le 24 ore. L&#8217;afflusso importante degli ultimi giorni ha portato a una dilatazione dei tempi, siamo consapevoli e abbiamo in corso un potenziamento dei laboratori di microbiologia.<\/p>\n<p><strong>TEMA VACCINAZIONE ANTI INFLUENZALE<\/strong><\/p>\n<p>A Breve inizier\u00e0 la somministrazione del vaccino antiinfluenzale esteso anche alle persone al di sotto dei 65 anni, gi\u00e0 dai 60 invito alla vaccinazione gratuita. Inoltre prevista la possibilit\u00e0 di vaccinare i bambini. Fascia 7-59 anni vaccinazione per tutta una serie di categorie di persone: malati con patologie particolari o gente impegnata in servizi essenziali. Da ottobre ordinate 60 mila dosi di vaccino, pi\u00f9 consistente rispetto al passato. Quest&#8217;anno invitiamo ancora di pi\u00f9 a vaccinarsi per minimizzare i rischi di confondere sintomi di un tipo con quelli del coronavirus e si tutelano le persone pi\u00f9 fragili. Sotto il profilo organizzativo in questo modo si migliora l&#8217;accesso alle strutture sanitarie per possibili complicanze. Richiamo alla responsabilit\u00e0 e un invito a non abbassare la guardia.<\/p>\n<p>&nbsp;<\/p>\n<p>&nbsp;<\/p>\n<p>https:\/\/www.facebook.com\/RasiCaldognoUlssDolomiti\/videos\/336172404274680\/<\/p>\n<p>&nbsp;<\/p>\n<hr \/>\n<p>&nbsp;<\/p>\n<blockquote class=\"wp-embedded-content\" data-secret=\"cw0wMuFB0o\"><p><a href=\"https:\/\/www.radiopiu.net\/wordpress\/coronavirus-aggiornamento-nazionale-24-settembre\/\">CORONAVIRUS: AGGIORNAMENTO NAZIONALE 24 SETTEMBRE<\/a><\/p><\/blockquote>\n<p><iframe loading=\"lazy\" class=\"wp-embedded-content\" sandbox=\"allow-scripts\" security=\"restricted\" style=\"position: absolute; clip: rect(1px, 1px, 1px, 1px);\" title=\"&#8220;CORONAVIRUS: AGGIORNAMENTO NAZIONALE 24 SETTEMBRE&#8221; &#8212; Radio Pi\u00f9\" src=\"https:\/\/www.radiopiu.net\/wordpress\/coronavirus-aggiornamento-nazionale-24-settembre\/embed\/#?secret=cw0wMuFB0o\" data-secret=\"cw0wMuFB0o\" width=\"600\" height=\"338\" frameborder=\"0\" marginwidth=\"0\" marginheight=\"0\" scrolling=\"no\"><\/iframe><\/p>\n<p>&nbsp;<\/p>\n<hr \/>\n<p>&nbsp;<\/p>\n<blockquote class=\"wp-embedded-content\" data-secret=\"Ps4LyIl1KP\"><p><a href=\"https:\/\/www.radiopiu.net\/wordpress\/222-positivi-in-piu-nelle-ultime-24-ore-2-decessi-e-136-negativizzati-e-17-persone-dimesse-calano-i-ricoveri\/\">222 POSITIVI IN PI\u00d9 NELLE ULTIME 24 ORE. 2 DECESSI, 136 NEGATIVIZZATI E 17 PERSONE DIMESSE. CALANO I RICOVERI<\/a><\/p><\/blockquote>\n<p><iframe loading=\"lazy\" class=\"wp-embedded-content\" sandbox=\"allow-scripts\" security=\"restricted\" style=\"position: absolute; clip: rect(1px, 1px, 1px, 1px);\" title=\"&#8220;222 POSITIVI IN PI\u00d9 NELLE ULTIME 24 ORE. 2 DECESSI, 136 NEGATIVIZZATI E 17 PERSONE DIMESSE. CALANO I RICOVERI&#8221; &#8212; Radio Pi\u00f9\" src=\"https:\/\/www.radiopiu.net\/wordpress\/222-positivi-in-piu-nelle-ultime-24-ore-2-decessi-e-136-negativizzati-e-17-persone-dimesse-calano-i-ricoveri\/embed\/#?secret=Ps4LyIl1KP\" data-secret=\"Ps4LyIl1KP\" width=\"600\" height=\"338\" frameborder=\"0\" marginwidth=\"0\" marginheight=\"0\" scrolling=\"no\"><\/iframe><\/p>\n<p>I GRAFICI DI TIZIANO DE COL<\/p>\n<p><a class=\"dt-pswp-item\" href=\"https:\/\/www.radiopiu.net\/wordpress\/wp-content\/uploads\/2020\/09\/77d89708-6227-4852-9c81-72cf43e9b4ee.jpg\" data-dt-img-description=\"\" data-large_image_width=\"480\" data-large_image_height=\"336\"><img loading=\"lazy\" decoding=\"async\" class=\"alignnone wp-image-162378\" src=\"https:\/\/www.radiopiu.net\/wordpress\/wp-content\/uploads\/2020\/09\/77d89708-6227-4852-9c81-72cf43e9b4ee-300x210.jpg\" alt=\"\" width=\"226\" height=\"158\" srcset=\"https:\/\/www.radiopiu.net\/wordpress\/wp-content\/uploads\/2020\/09\/77d89708-6227-4852-9c81-72cf43e9b4ee-300x210.jpg 300w, https:\/\/www.radiopiu.net\/wordpress\/wp-content\/uploads\/2020\/09\/77d89708-6227-4852-9c81-72cf43e9b4ee.jpg 480w\" sizes=\"auto, (max-width: 226px) 100vw, 226px\" \/><\/a><a class=\"dt-pswp-item\" href=\"https:\/\/www.radiopiu.net\/wordpress\/wp-content\/uploads\/2020\/09\/3c053ec7-96e5-4a6c-95dd-64852b8e65c8.jpg\" data-dt-img-description=\"\" data-large_image_width=\"480\" data-large_image_height=\"633\"><img loading=\"lazy\" decoding=\"async\" class=\"alignnone size-medium wp-image-162379\" src=\"https:\/\/www.radiopiu.net\/wordpress\/wp-content\/uploads\/2020\/09\/3c053ec7-96e5-4a6c-95dd-64852b8e65c8-227x300.jpg\" alt=\"\" width=\"227\" height=\"300\" srcset=\"https:\/\/www.radiopiu.net\/wordpress\/wp-content\/uploads\/2020\/09\/3c053ec7-96e5-4a6c-95dd-64852b8e65c8-227x300.jpg 227w, https:\/\/www.radiopiu.net\/wordpress\/wp-content\/uploads\/2020\/09\/3c053ec7-96e5-4a6c-95dd-64852b8e65c8-364x480.jpg 364w, https:\/\/www.radiopiu.net\/wordpress\/wp-content\/uploads\/2020\/09\/3c053ec7-96e5-4a6c-95dd-64852b8e65c8.jpg 480w\" sizes=\"auto, (max-width: 227px) 100vw, 227px\" \/><\/a><\/p>\n<p>&nbsp;<\/p>\n<p>&nbsp;<\/p>\n<hr \/>\n<p>&nbsp;<\/p>\n<blockquote>\n<h3>STUDENTE POSITIVO ALL&#8217;ISTITUTO NEGRELLI DI FELTRE<\/h3>\n<\/blockquote>\n<p><em>Caso di derivazione famigliare, positivo il pap\u00e0. Scattata la quarantena per i 16 studenti della classe che con gli insegnanti verranno sottoposti a tampone<\/em><\/p>\n<p><strong><a class=\"dt-pswp-item\" href=\"https:\/\/www.radiopiu.net\/wordpress\/wp-content\/uploads\/2020\/09\/corona-aggiornamenti-copia.jpg\" data-dt-img-description=\"\" data-large_image_width=\"626\" data-large_image_height=\"417\"><img loading=\"lazy\" decoding=\"async\" class=\" wp-image-158956 alignleft\" src=\"https:\/\/www.radiopiu.net\/wordpress\/wp-content\/uploads\/2020\/09\/corona-aggiornamenti-copia-300x200.jpg\" alt=\"\" width=\"128\" height=\"85\" srcset=\"https:\/\/www.radiopiu.net\/wordpress\/wp-content\/uploads\/2020\/09\/corona-aggiornamenti-copia-300x200.jpg 300w, https:\/\/www.radiopiu.net\/wordpress\/wp-content\/uploads\/2020\/09\/corona-aggiornamenti-copia.jpg 626w\" sizes=\"auto, (max-width: 128px) 100vw, 128px\" \/><\/a>BELLUNO <\/strong>Le ultime ore di attivit\u00e0 laboratoristica hanno registrato sei nuove positivit\u00e0: quattro soggetti contatti di caso noto, tre di essi su base familiare; due conviventi (moglie e figlio) di un caso noto. Il ragazzo frequenta l&#8217;Istituto Negrelli a Feltre. Come da protocollo sono in corso di adozione i provvedimenti di sanit\u00e0 pubblica previsti per l\u2019ambito scolastico. Afflusso rilevante\u00a0 anche \u00a0stamane mattina al San Martino di Belluno (foto) per l\u2019accesso ai tamponi drive-in dei soggetti sintomatici frequentanti la scuola, generalmente afferenti all\u2019et\u00e0 pediatrica. Complessivamente ieri\u00a0 sono stati eseguiti 132 tamponi a Belluno e 54 Feltre, per un totale di 186 tamponi.<\/p>\n<p><a class=\"dt-pswp-item\" href=\"https:\/\/www.radiopiu.net\/wordpress\/wp-content\/uploads\/2020\/09\/WhatsApp-Image-2020-09-25-at-09.22.30.jpeg\" data-dt-img-description=\"\" data-large_image_width=\"1600\" data-large_image_height=\"1200\"><img loading=\"lazy\" decoding=\"async\" class=\"alignnone size-medium wp-image-162407\" src=\"https:\/\/www.radiopiu.net\/wordpress\/wp-content\/uploads\/2020\/09\/WhatsApp-Image-2020-09-25-at-09.22.30-300x225.jpeg\" alt=\"\" width=\"300\" height=\"225\" srcset=\"https:\/\/www.radiopiu.net\/wordpress\/wp-content\/uploads\/2020\/09\/WhatsApp-Image-2020-09-25-at-09.22.30-300x225.jpeg 300w, https:\/\/www.radiopiu.net\/wordpress\/wp-content\/uploads\/2020\/09\/WhatsApp-Image-2020-09-25-at-09.22.30-1024x768.jpeg 1024w, https:\/\/www.radiopiu.net\/wordpress\/wp-content\/uploads\/2020\/09\/WhatsApp-Image-2020-09-25-at-09.22.30-768x576.jpeg 768w, https:\/\/www.radiopiu.net\/wordpress\/wp-content\/uploads\/2020\/09\/WhatsApp-Image-2020-09-25-at-09.22.30-1536x1152.jpeg 1536w, https:\/\/www.radiopiu.net\/wordpress\/wp-content\/uploads\/2020\/09\/WhatsApp-Image-2020-09-25-at-09.22.30-640x480.jpeg 640w, https:\/\/www.radiopiu.net\/wordpress\/wp-content\/uploads\/2020\/09\/WhatsApp-Image-2020-09-25-at-09.22.30.jpeg 1600w\" sizes=\"auto, (max-width: 300px) 100vw, 300px\" \/><\/a><a class=\"dt-pswp-item\" href=\"https:\/\/www.radiopiu.net\/wordpress\/wp-content\/uploads\/2020\/09\/WhatsApp-Image-2020-09-25-at-09.22.31.jpeg\" data-dt-img-description=\"\" data-large_image_width=\"1600\" data-large_image_height=\"1200\"><img loading=\"lazy\" decoding=\"async\" class=\"alignnone size-medium wp-image-162406\" src=\"https:\/\/www.radiopiu.net\/wordpress\/wp-content\/uploads\/2020\/09\/WhatsApp-Image-2020-09-25-at-09.22.31-300x225.jpeg\" alt=\"\" width=\"300\" height=\"225\" srcset=\"https:\/\/www.radiopiu.net\/wordpress\/wp-content\/uploads\/2020\/09\/WhatsApp-Image-2020-09-25-at-09.22.31-300x225.jpeg 300w, https:\/\/www.radiopiu.net\/wordpress\/wp-content\/uploads\/2020\/09\/WhatsApp-Image-2020-09-25-at-09.22.31-1024x768.jpeg 1024w, https:\/\/www.radiopiu.net\/wordpress\/wp-content\/uploads\/2020\/09\/WhatsApp-Image-2020-09-25-at-09.22.31-768x576.jpeg 768w, https:\/\/www.radiopiu.net\/wordpress\/wp-content\/uploads\/2020\/09\/WhatsApp-Image-2020-09-25-at-09.22.31-1536x1152.jpeg 1536w, https:\/\/www.radiopiu.net\/wordpress\/wp-content\/uploads\/2020\/09\/WhatsApp-Image-2020-09-25-at-09.22.31-640x480.jpeg 640w, https:\/\/www.radiopiu.net\/wordpress\/wp-content\/uploads\/2020\/09\/WhatsApp-Image-2020-09-25-at-09.22.31.jpeg 1600w\" sizes=\"auto, (max-width: 300px) 100vw, 300px\" \/><\/a><\/p>\n<p><a class=\"dt-pswp-item\" href=\"https:\/\/www.radiopiu.net\/wordpress\/wp-content\/uploads\/2020\/09\/WhatsApp-Image-2020-09-25-at-09.49.15.jpeg\" data-dt-img-description=\"\" data-large_image_width=\"1600\" data-large_image_height=\"900\"><img loading=\"lazy\" decoding=\"async\" class=\"alignnone wp-image-162411 size-full\" src=\"https:\/\/www.radiopiu.net\/wordpress\/wp-content\/uploads\/2020\/09\/WhatsApp-Image-2020-09-25-at-09.49.15.jpeg\" alt=\"\" width=\"1600\" height=\"900\" srcset=\"https:\/\/www.radiopiu.net\/wordpress\/wp-content\/uploads\/2020\/09\/WhatsApp-Image-2020-09-25-at-09.49.15.jpeg 1600w, https:\/\/www.radiopiu.net\/wordpress\/wp-content\/uploads\/2020\/09\/WhatsApp-Image-2020-09-25-at-09.49.15-300x169.jpeg 300w, https:\/\/www.radiopiu.net\/wordpress\/wp-content\/uploads\/2020\/09\/WhatsApp-Image-2020-09-25-at-09.49.15-1024x576.jpeg 1024w, https:\/\/www.radiopiu.net\/wordpress\/wp-content\/uploads\/2020\/09\/WhatsApp-Image-2020-09-25-at-09.49.15-768x432.jpeg 768w, https:\/\/www.radiopiu.net\/wordpress\/wp-content\/uploads\/2020\/09\/WhatsApp-Image-2020-09-25-at-09.49.15-1536x864.jpeg 1536w, https:\/\/www.radiopiu.net\/wordpress\/wp-content\/uploads\/2020\/09\/WhatsApp-Image-2020-09-25-at-09.49.15-640x360.jpeg 640w\" sizes=\"auto, (max-width: 1600px) 100vw, 1600px\" \/><\/a><\/p>\n<p>&nbsp;<\/p>\n<hr \/>\n<p>&nbsp;<\/p>\n<blockquote>\n<h3>POMERIGGIO DI STUDIO: UN SERVIZIO ANCHE PER LE FAMIGLIE<\/h3>\n<\/blockquote>\n<p><strong><a class=\"dt-pswp-item\" href=\"https:\/\/www.radiopiu.net\/wordpress\/wp-content\/uploads\/2019\/11\/foto-sedico.jpg\" data-dt-img-description=\"\" data-large_image_width=\"1600\" data-large_image_height=\"1200\"><img loading=\"lazy\" decoding=\"async\" class=\" wp-image-105261 alignleft\" src=\"https:\/\/www.radiopiu.net\/wordpress\/wp-content\/uploads\/2019\/11\/foto-sedico-300x225.jpg\" alt=\"\" width=\"127\" height=\"95\" srcset=\"https:\/\/www.radiopiu.net\/wordpress\/wp-content\/uploads\/2019\/11\/foto-sedico-300x225.jpg 300w, https:\/\/www.radiopiu.net\/wordpress\/wp-content\/uploads\/2019\/11\/foto-sedico-768x576.jpg 768w, https:\/\/www.radiopiu.net\/wordpress\/wp-content\/uploads\/2019\/11\/foto-sedico-1024x768.jpg 1024w, https:\/\/www.radiopiu.net\/wordpress\/wp-content\/uploads\/2019\/11\/foto-sedico.jpg 1600w\" sizes=\"auto, (max-width: 127px) 100vw, 127px\" \/><\/a>SEDICO<\/strong><\/p>\n<p><strong>DI DAMIANO TORMEN<\/strong><\/p>\n<audio class=\"wp-audio-shortcode\" id=\"audio-162222-2\" preload=\"none\" style=\"width: 100%;\" controls=\"controls\"><source type=\"audio\/mpeg\" src=\"https:\/\/www.radiopiu.net\/wordpress\/wp-content\/uploads\/2020\/09\/DAMIANO-TORMEN.mp3?_=2\" \/><a href=\"https:\/\/www.radiopiu.net\/wordpress\/wp-content\/uploads\/2020\/09\/DAMIANO-TORMEN.mp3\">https:\/\/www.radiopiu.net\/wordpress\/wp-content\/uploads\/2020\/09\/DAMIANO-TORMEN.mp3<\/a><\/audio>\n<p>&nbsp;<\/p>\n<hr \/>\n<blockquote>\n<h3>OSPEDALE DI LAMON: INDETTO L\u2019APPALTO PER I LAVORI DI RISTRUTTURAZIONE<\/h3>\n<\/blockquote>\n<p><strong><a class=\"dt-pswp-item\" href=\"https:\/\/www.radiopiu.net\/wordpress\/wp-content\/uploads\/2020\/09\/lamon-1.png\" data-dt-img-description=\"\" data-large_image_width=\"663\" data-large_image_height=\"417\"><img loading=\"lazy\" decoding=\"async\" class=\"size-medium wp-image-162312 alignleft\" src=\"https:\/\/www.radiopiu.net\/wordpress\/wp-content\/uploads\/2020\/09\/lamon-1-300x189.png\" alt=\"\" width=\"300\" height=\"189\" srcset=\"https:\/\/www.radiopiu.net\/wordpress\/wp-content\/uploads\/2020\/09\/lamon-1-300x189.png 300w, https:\/\/www.radiopiu.net\/wordpress\/wp-content\/uploads\/2020\/09\/lamon-1-640x403.png 640w, https:\/\/www.radiopiu.net\/wordpress\/wp-content\/uploads\/2020\/09\/lamon-1.png 663w\" sizes=\"auto, (max-width: 300px) 100vw, 300px\" \/><\/a>FELTRE\u00a0<\/strong>Procede spedito l\u2019iter per la ristrutturazione dell\u2019Ospedale di Lamon. E\u2019 stata indetta la procedura aperta per l\u2019appalto dei lavori per la ristrutturazione e la riqualificazione funzionale dell\u2019ospedale di Lamon, del valore di 5 milioni euro di cui 4 finanziati nell\u2019ambito del progetto \u201cSanit\u00e0 del Feltrino\u201d con i Fondi di Confine e 1 milione stanziato come cofinanziamento dalla Regione del Veneto.\u00a0Dopo l\u2019approvazione del progetto esecutivo il 10 settembre,\u00a0 sono state attivate le procedure per l\u2019appalto dei lavori. Ieri sono stati deliberati dalla Direzione Generale il disciplinare di gara e il bando per l\u2019appalto che sar\u00e0 ora pubblicato in Gazzetta Ufficiale e negli organi di informazione.\u00a0Il criterio dell\u2019aggiudicazione sar\u00e0 l\u2019offerta economicamente pi\u00f9 vantaggiosa basata sul miglior rapporto qualit\u00e0\/prezzo.L\u2019intervento \u00e9 relativo alla ristrutturazione, riorganizzazione e riqualificazione del Presidio Ospedaliero di Lamon dell\u2019Unit\u00e0 Locale Socio Sanitaria n. 1 Dolomiti, al fine di potenziarne e completarne le attuali attivit\u00e0 di Recupero e Riabilitazione Funzionale, di riorganizzare i servizi di diagnostica Radiologica e di Punto Prelievi a servizio sia della struttura ospedaliera che del territorio afferente la struttura sanitaria, e non da ultimo per strutturarne i servizi sanitari territoriali.\u00a0L\u2019ospedale sar\u00e0 potenziato\u00a0 con 22 nuovi posti letto di riabilitazione e il miglioramento\u00a0 delle attuali attivit\u00e0 di Recupero e Riabilitazione Funzionale. Inoltre, saranno riorganizzati i locali dei servizi di diagnostica Radiologica, i servizi sanitari territoriali e le attivit\u00e0 socio assistenziali e sar\u00e0 realizzata una Unit\u00e0 Riabilitativa Territoriale con 7 posti letto.\u00a0L\u2019obiettivo centrale del progetto di riordino \u00e8 la \u201cpersona\u201d sia essa utente, sia essa operatore, sia essa visitatore. L\u2019ospedale deve essere percepito come un luogo accogliente sia dal punto di vista dei servizi offerti, sia dal punto di vista dello spazio fisico che deve connotarsi per il particolare confort. Sar\u00e0 curata, oltre alla funzionalit\u00e0, anche l\u2019umanizzazione degli spazi.<\/p>\n<p>&nbsp;<\/p>\n<p>&nbsp;<\/p>\n<hr \/>\n<p>&nbsp;<\/p>\n<blockquote>\n<h3>CHIRURGIA VASCOLARE: PUBBLICATO L\u2019AVVISO PER LA RICERCA DEL DIRETTORE<\/h3>\n<\/blockquote>\n<h3><span style=\"font-size: 14px; font-weight: normal;\"><strong><a class=\"dt-pswp-item\" href=\"https:\/\/www.radiopiu.net\/wordpress\/wp-content\/uploads\/2020\/03\/ULSS-1-DOLOMITI-LOGO.jpg\" data-dt-img-description=\"\" data-large_image_width=\"298\" data-large_image_height=\"219\"><img loading=\"lazy\" decoding=\"async\" class=\" wp-image-121256 alignleft\" src=\"https:\/\/www.radiopiu.net\/wordpress\/wp-content\/uploads\/2020\/03\/ULSS-1-DOLOMITI-LOGO.jpg\" alt=\"\" width=\"138\" height=\"101\" \/><\/a>BELLUNO<\/strong> E\u2019 stato approvato il bando per la ricerca del direttore della Unit\u00e0 Operativa complessa di Chirurgia Vascolare che sar\u00e0 attivata all\u2019ospedale di Belluno, incardinata nel Dipartimento Strutturale Chirurgico. L\u2019attivit\u00e0 si articoler\u00e0 in degenza, ambulatori, sala operatoria e sala angiografica. Potr\u00e0 inoltre essere svolta anche in altre strutture ospedaliere dell\u2019ULSS e in particolare presso l\u2019ospedale di Feltre, secondo specifiche indicazioni operative fornite dalla Direzione Aziendale.<\/span><\/h3>\n<p>&nbsp;<\/p>\n<p>&nbsp;<\/p>\n<hr \/>\n<p>&nbsp;<\/p>\n<blockquote>\n<h3>CONCORSO PER IL POSTO DA PRIMARIO DI CHIRURGIA VASCOLARE<\/h3>\n<\/blockquote>\n<p><em>Avanti tutta con il concorso per il primario, prima pietra fondamentale per l\u2019organizzazione del reparto\u00bb.\u00a0<\/em><\/p>\n<p><strong><a class=\"dt-pswp-item\" href=\"https:\/\/www.radiopiu.net\/wordpress\/wp-content\/uploads\/2020\/09\/doctor-650534_1920.jpg\" data-dt-img-description=\"\" data-large_image_width=\"1920\" data-large_image_height=\"1279\"><img loading=\"lazy\" decoding=\"async\" class=\" wp-image-162297 alignleft\" src=\"https:\/\/www.radiopiu.net\/wordpress\/wp-content\/uploads\/2020\/09\/doctor-650534_1920-300x200.jpg\" alt=\"\" width=\"224\" height=\"149\" srcset=\"https:\/\/www.radiopiu.net\/wordpress\/wp-content\/uploads\/2020\/09\/doctor-650534_1920-300x200.jpg 300w, https:\/\/www.radiopiu.net\/wordpress\/wp-content\/uploads\/2020\/09\/doctor-650534_1920-1024x682.jpg 1024w, https:\/\/www.radiopiu.net\/wordpress\/wp-content\/uploads\/2020\/09\/doctor-650534_1920-768x512.jpg 768w, https:\/\/www.radiopiu.net\/wordpress\/wp-content\/uploads\/2020\/09\/doctor-650534_1920-1536x1023.jpg 1536w, https:\/\/www.radiopiu.net\/wordpress\/wp-content\/uploads\/2020\/09\/doctor-650534_1920-640x426.jpg 640w, https:\/\/www.radiopiu.net\/wordpress\/wp-content\/uploads\/2020\/09\/doctor-650534_1920.jpg 1920w\" sizes=\"auto, (max-width: 224px) 100vw, 224px\" \/><\/a>BELLUNO<\/strong> <em>\u00abFinalmente giungono buone indicazioni per la sanit\u00e0 bellunese. Pare che a breve potr\u00e0 essere coperto il posto da primario di chirurgia cardiovascolare\u00bb<\/em>. \u00c8 quanto afferma il deputato di Forza Italia, Dario Bond, che qualche settimana fa aveva manifestato perplessit\u00e0 e raccolto le preoccupazioni dei bellunesi rispetto alla totale assenza di un reparto di chirurgia vascolare negli ospedali dell\u2019Ulss 1 Dolomiti.<\/p>\n<audio class=\"wp-audio-shortcode\" id=\"audio-162222-3\" preload=\"none\" style=\"width: 100%;\" controls=\"controls\"><source type=\"audio\/mpeg\" src=\"https:\/\/www.radiopiu.net\/wordpress\/wp-content\/uploads\/2020\/09\/BOND-2.mp3?_=3\" \/><a href=\"https:\/\/www.radiopiu.net\/wordpress\/wp-content\/uploads\/2020\/09\/BOND-2.mp3\">https:\/\/www.radiopiu.net\/wordpress\/wp-content\/uploads\/2020\/09\/BOND-2.mp3<\/a><\/audio>\n<p>&nbsp;<\/p>\n<hr \/>\n<p>&nbsp;<\/p>\n<blockquote>\n<h3>IL PREFETTO ADRIANA COGODE IN VISITA A CANALE D&#8217;AGORDO<\/h3>\n<\/blockquote>\n<p><strong><a class=\"dt-pswp-item\" href=\"https:\/\/www.radiopiu.net\/wordpress\/wp-content\/uploads\/2020\/09\/78e53ec9-39cf-48df-bd21-441daa5c6242.jpg\" data-dt-img-description=\"\" data-large_image_width=\"1504\" data-large_image_height=\"2008\"><img loading=\"lazy\" decoding=\"async\" class=\"size-medium wp-image-162355 alignleft\" src=\"https:\/\/www.radiopiu.net\/wordpress\/wp-content\/uploads\/2020\/09\/78e53ec9-39cf-48df-bd21-441daa5c6242-225x300.jpg\" alt=\"\" width=\"225\" height=\"300\" srcset=\"https:\/\/www.radiopiu.net\/wordpress\/wp-content\/uploads\/2020\/09\/78e53ec9-39cf-48df-bd21-441daa5c6242-225x300.jpg 225w, https:\/\/www.radiopiu.net\/wordpress\/wp-content\/uploads\/2020\/09\/78e53ec9-39cf-48df-bd21-441daa5c6242-767x1024.jpg 767w, https:\/\/www.radiopiu.net\/wordpress\/wp-content\/uploads\/2020\/09\/78e53ec9-39cf-48df-bd21-441daa5c6242-768x1025.jpg 768w, https:\/\/www.radiopiu.net\/wordpress\/wp-content\/uploads\/2020\/09\/78e53ec9-39cf-48df-bd21-441daa5c6242-1150x1536.jpg 1150w, https:\/\/www.radiopiu.net\/wordpress\/wp-content\/uploads\/2020\/09\/78e53ec9-39cf-48df-bd21-441daa5c6242-360x480.jpg 360w, https:\/\/www.radiopiu.net\/wordpress\/wp-content\/uploads\/2020\/09\/78e53ec9-39cf-48df-bd21-441daa5c6242.jpg 1504w\" sizes=\"auto, (max-width: 225px) 100vw, 225px\" \/><\/a>CANALE D&#8217;AGORDO<\/strong><\/p>\n<p>di Gianni Santomaso<\/p>\n<audio class=\"wp-audio-shortcode\" id=\"audio-162222-4\" preload=\"none\" style=\"width: 100%;\" controls=\"controls\"><source type=\"audio\/mpeg\" src=\"https:\/\/www.radiopiu.net\/wordpress\/wp-content\/uploads\/2020\/09\/GIANNI-PREFETTO-A-CANALE.mp3?_=4\" \/><a href=\"https:\/\/www.radiopiu.net\/wordpress\/wp-content\/uploads\/2020\/09\/GIANNI-PREFETTO-A-CANALE.mp3\">https:\/\/www.radiopiu.net\/wordpress\/wp-content\/uploads\/2020\/09\/GIANNI-PREFETTO-A-CANALE.mp3<\/a><\/audio>\n<p>&nbsp;<\/p>\n<hr \/>\n<p>&nbsp;<\/p>\n<blockquote>\n<h3>&#8220;E NOI COSA DICEVAMO?&#8221; VIVAIO DOLOMITI E L&#8217;ELETRODOTTO<\/h3>\n<\/blockquote>\n<p><strong><a class=\"dt-pswp-item\" href=\"https:\/\/www.radiopiu.net\/wordpress\/wp-content\/uploads\/2015\/09\/ternapds.jpg\" data-dt-img-description=\"\" data-large_image_width=\"432\" data-large_image_height=\"287\"><img loading=\"lazy\" decoding=\"async\" class=\" wp-image-11357 alignleft\" src=\"https:\/\/www.radiopiu.net\/wordpress\/wp-content\/uploads\/2015\/09\/ternapds-300x199.jpg\" alt=\"\" width=\"250\" height=\"166\" \/><\/a>BELLUNO<\/strong> Riceviamo e pubblichiamo una nota di Vivaio Dolomiti riferita all&#8217;eletrodotto in Valbelluna<\/p>\n<p><em>&#8220;Questione Terna: lo studio dei tecnici cui la Provincia si \u00e8 affidata non fa che ribadire quanto noi sosteniamo da anni. E&#8217; ovvio che l&#8217;unica soluzione possibile per non danneggiare nessuno e portare un valore aggiunto al nostro territorio \u00e8 perseguire il canale autostradale, interrando i cavi sotto l&#8217;infrastruttura. Il progetto va visto per l&#8217;intera provincia non per singolo comune, perch\u00e9 le ricadute di una rete elettrica sono ampie e non limitate ai confini comunali. I vecchi progetti presentati nel Bellunese sono devastanti e superati, per una volta cerchiamo di fare un buon lavoro, condiviso e in grado di risolvere veramente le criticit\u00e0 esistenti. Se qualcuno ancora riserva dei dubbi pu\u00f2 solamente far crescere i sospetti di una mala fede&#8221;.<\/em><\/p>\n<p>&nbsp;<\/p>\n<hr \/>\n<p>&nbsp;<\/p>\n<blockquote>\n<h3>NUBIFRAGIO DEL 29 AGOSTO, INIZIATO IL CENSIMENTO, SCADENZA IL 1 OTTOBRE<\/h3>\n<\/blockquote>\n<p><strong><a class=\"dt-pswp-item\" href=\"https:\/\/www.radiopiu.net\/wordpress\/wp-content\/uploads\/2020\/08\/Schermata-2020-08-30-alle-09.49.50.png\" data-dt-img-description=\"\" data-large_image_width=\"1644\" data-large_image_height=\"932\"><img loading=\"lazy\" decoding=\"async\" class=\" wp-image-158356 alignleft\" src=\"https:\/\/www.radiopiu.net\/wordpress\/wp-content\/uploads\/2020\/08\/Schermata-2020-08-30-alle-09.49.50-300x170.png\" alt=\"\" width=\"217\" height=\"123\" srcset=\"https:\/\/www.radiopiu.net\/wordpress\/wp-content\/uploads\/2020\/08\/Schermata-2020-08-30-alle-09.49.50-300x170.png 300w, https:\/\/www.radiopiu.net\/wordpress\/wp-content\/uploads\/2020\/08\/Schermata-2020-08-30-alle-09.49.50-1024x581.png 1024w, https:\/\/www.radiopiu.net\/wordpress\/wp-content\/uploads\/2020\/08\/Schermata-2020-08-30-alle-09.49.50-768x435.png 768w, https:\/\/www.radiopiu.net\/wordpress\/wp-content\/uploads\/2020\/08\/Schermata-2020-08-30-alle-09.49.50-1536x871.png 1536w, https:\/\/www.radiopiu.net\/wordpress\/wp-content\/uploads\/2020\/08\/Schermata-2020-08-30-alle-09.49.50-640x363.png 640w, https:\/\/www.radiopiu.net\/wordpress\/wp-content\/uploads\/2020\/08\/Schermata-2020-08-30-alle-09.49.50.png 1644w\" sizes=\"auto, (max-width: 217px) 100vw, 217px\" \/><\/a>BELLUNO<\/strong>\u00a0 C&#8217;\u00e8 tempo fino alle 12 di gioved\u00ec 1 ottobre per presentare al Comune di Belluno la segnalazione di danni \u201csommariamente quantificati\u201d a beni mobili, immobili ed attivit\u00e0 private subiti in occasione del temporale dello scorso 29 agosto, caratterizzato da forte vento e grandine. <em>\u00abSottolineo che si tratta solo di un primo censimento ricognitivo, che non d\u00e0 diritto a rimborsi. &#8211; spiega il sindaco Jacopo Massaro \u2013 In questo modo, viene fatta una stima delle perdite nel territorio comunale; queste informazioni verranno trasmesse alla Regione che le sommer\u00e0 a quelle arrivate dalle altre province, ottenendo cos\u00ec un conto dei danni in tutto il Veneto. Solo quando questa procedura sar\u00e0 ultimata, verr\u00e0 emesso un bando e solamente in quell&#8217;occasione si potr\u00e0 accedere ad un ristoro economico, dietro presentazione di una nuova richiesta\u00bb. <\/em>I moduli per la segnalazione dei danni potranno essere ritirati allo Sportello dei Cittadini di Piazza Duomo oppure scaricati dal sito Internet del Comune di Belluno. lteriori informazioni possono essere richieste allo 0437\/913618.<\/p>\n<hr \/>\n<p>&nbsp;<\/p>\n<blockquote>\n<h3>SUL TRASPORTO PUBBLICO E L\u2019EDILIZIA, PRESA DI POSIZIONE DELLE CATEGORIE CGIL<\/h3>\n<\/blockquote>\n<p><strong>BELLUNO<\/strong>\u00a0 La Cgil di Belluno, di concerto con le proprie categorie della scuola, del trasporto, degli edili e dei pensionati ha presentato ai sindaci un protocollo da condividere in materia di trasporto pubblico (in generale e legato agli scuolabus) e di edilizia scolastica.<\/p>\n<p><em><a class=\"dt-pswp-item\" href=\"https:\/\/www.radiopiu.net\/wordpress\/wp-content\/uploads\/2016\/05\/cgil.png\" data-dt-img-description=\"\" data-large_image_width=\"100\" data-large_image_height=\"119\"><img loading=\"lazy\" decoding=\"async\" class=\" wp-image-19876 alignleft\" src=\"https:\/\/www.radiopiu.net\/wordpress\/wp-content\/uploads\/2016\/05\/cgil.png\" alt=\"\" width=\"127\" height=\"151\" \/><\/a>&#8220;Servono regole concertate per gestire questo periodo straordinario ma, ancor di pi\u00f9, per individuare un percorso comune rispetto al futuro del trasporto pubblico locale.<\/em><br \/>\n<em>Nell\u2019immediato serve rivedere l\u2019articolazione del trasporto degli scuolabus: va definito il tema dell\u2019accoglienza a scuola, del tempo di permanenza a bordo da parte dei bambini (i 15 minuti delle linee guida sono difficilmente gestibili), degli assistenti a bordo (che non possono e non devono essere volontari, magari pensionati e \u201cfragili) e degli orari. Parimenti vanno risolti i nodi del trasporto pubblico locale: chiediamo ai Comuni di non sottoscrivere accordi con privati per il potenziamento del servizio ma, piuttosto, di avviare un percorso per un eventuale subaffido da parte del gestore di Dolomiti Bus (come previsto dalle linee guida e dal recente dl settembre). Il trasporto non pu\u00f2 vedere snaturata la propria natura pubblica e ai cittadini non deve essere applicato alcun rincaro. Nel medio termine chiediamo di discutere con attenzione i bandi di gara per l\u2019affidamento degli scuolabus: chiediamo che la qualit\u00e0 prevalga sull\u2019economicit\u00e0 del servizio, chiediamo di fissare un limite ai km di ogni pulmino (per evitare che i bambini trascorrano ore a bordo); chiediamo che ai lavoratori si applichi il ccnl di settore, autoferrotranvieri, e non quello di multiservizi o pulizie. Chiediamo una maggiore vigilanza nel corso della gestione dell\u2019appalto. E sempre in materia di appalti la Fillea chiede ai Comuni, in qualit\u00e0 di stazioni appaltanti, di prevedere nei bandi di gara per l\u2019affidamento dei lavori legati all\u2019edilizia scolastica, l\u2019applicazione del ccnl edilizia e affini: \u00e8 inaccettabile che ancora oggi, in troppi appalti pubblici, si trovino lavoratori cui vengono applicati contratti non corretti, che mettono a rischio la qualit\u00e0 dei lavori e, ancor pi\u00f9 grave, la sicurezza dei lavoratori. Le aggiudicazioni devono premiare la buona occupazione sul territorio, il versamento agli enti bilaterali competenti e la legalit\u00e0, non i ribassi anomali. Il protocollo rientra nella discussione pi\u00f9 ampia avviata con la Provincia su trasporti e scuola. Ribadiamo la strategicit\u00e0 della regia provinciale ma, data la capillarit\u00e0 del tema, abbiamo deciso di promuovere un confronto con tutti i Comuni utilizzando, laddove possibile, lo strumento della negoziazione sociale. Siamo infatti convinti che la mobilit\u00e0 efficiente rappresenti il punto pi\u00f9 avanzato del welfare territoriale e un prezioso alleato nella lotta allo spopolamento&#8221;.\u00a0<\/em>Il documento porta la firma dei rappresentanti delle categorie trasporto e scuola Cgil: Alessandra Fontana, Marco Nardini, Lorenzo Rispoli e Maria Rita Gentilin<\/p>\n<p>&nbsp;<\/p>\n<p>&nbsp;<\/p>\n<hr \/>\n<p>&nbsp;<\/p>\n<blockquote>\n<h3>STOP ALLE LEZIONI ALL&#8217; UNIVERSITA&#8217; ANZIANI ADULTI DI AGORDO, DECISIONE SOFFERTA MA INEVITABILE<\/h3>\n<\/blockquote>\n<p><strong><a class=\"dt-pswp-item\" href=\"https:\/\/www.radiopiu.net\/wordpress\/wp-content\/uploads\/2020\/09\/download-18.jpg\" data-dt-img-description=\"\" data-large_image_width=\"256\" data-large_image_height=\"186\"><img loading=\"lazy\" decoding=\"async\" class=\" wp-image-162274 alignleft\" src=\"https:\/\/www.radiopiu.net\/wordpress\/wp-content\/uploads\/2020\/09\/download-18.jpg\" alt=\"\" width=\"224\" height=\"163\" \/><\/a>AGORDO<\/strong> Le lezione in sala Don Tamis non riprenderanno, l&#8217;emergenza epidemiologica impone, come ricorda il coordinatore Gabriele Bernardi <em>&#8220;Siamo anziani&#8230;vogliamo rimanere tali&#8221;.<\/em> Da Radio Pi\u00f9 il messaggio ai 157 iscritti all&#8217;importante sodalizio. Per ulteriori informazioni \u00e8 possibile contattare il coordinatore al seguente indirizzo mail: <strong><span style=\"color: #0000ff;\">bernardi.gab@libero.it<\/span><\/strong><\/p>\n<p><strong>L&#8217;INTERVISTA<\/strong><\/p>\n<audio class=\"wp-audio-shortcode\" id=\"audio-162222-5\" preload=\"none\" style=\"width: 100%;\" controls=\"controls\"><source type=\"audio\/mpeg\" src=\"https:\/\/www.radiopiu.net\/wordpress\/wp-content\/uploads\/2020\/09\/BERNARDIN-GABRIELE.mp3?_=5\" \/><a href=\"https:\/\/www.radiopiu.net\/wordpress\/wp-content\/uploads\/2020\/09\/BERNARDIN-GABRIELE.mp3\">https:\/\/www.radiopiu.net\/wordpress\/wp-content\/uploads\/2020\/09\/BERNARDIN-GABRIELE.mp3<\/a><\/audio>\n<p>&nbsp;<\/p>\n\n\t\t\t<style type='text\/css'>\n\t\t\t\t#gallery-3 {\n\t\t\t\t\tmargin: auto;\n\t\t\t\t}\n\t\t\t\t#gallery-3 .gallery-item {\n\t\t\t\t\tfloat: left;\n\t\t\t\t\tmargin-top: 10px;\n\t\t\t\t\ttext-align: center;\n\t\t\t\t\twidth: 33%;\n\t\t\t\t}\n\t\t\t\t#gallery-3 img {\n\t\t\t\t\tborder: 2px solid #cfcfcf;\n\t\t\t\t}\n\t\t\t\t#gallery-3 .gallery-caption {\n\t\t\t\t\tmargin-left: 0;\n\t\t\t\t}\n\t\t\t\t\/* see gallery_shortcode() in wp-includes\/media.php *\/\n\t\t\t<\/style>\n\t\t<div id='gallery-3' class='dt-gallery-container gallery galleryid-162222 gallery-columns-3 gallery-size-thumbnail'><dl class='gallery-item'>\n\t\t\t\t<dt class='gallery-icon landscape'>\n\t\t\t\t\t<a class=\"rollover rollover-zoom dt-pswp-item\" title=\"download (1)\" data-dt-img-description=\"\" data-large_image_width=\"183\" data-large_image_height=\"181\"href='https:\/\/www.radiopiu.net\/wordpress\/wp-content\/uploads\/2020\/09\/download-1-1.jpg'><img loading=\"lazy\" decoding=\"async\" width=\"150\" height=\"150\" src=\"https:\/\/www.radiopiu.net\/wordpress\/wp-content\/uploads\/2020\/09\/download-1-1-150x150.jpg\" class=\"attachment-thumbnail size-thumbnail\" alt=\"\" srcset=\"https:\/\/www.radiopiu.net\/wordpress\/wp-content\/uploads\/2020\/09\/download-1-1-150x150.jpg 150w, https:\/\/www.radiopiu.net\/wordpress\/wp-content\/uploads\/2020\/09\/download-1-1-125x125.jpg 125w, https:\/\/www.radiopiu.net\/wordpress\/wp-content\/uploads\/2020\/09\/download-1-1-80x80.jpg 80w\" sizes=\"auto, (max-width: 150px) 100vw, 150px\" \/><\/a>\n\t\t\t\t<\/dt><\/dl><dl class='gallery-item'>\n\t\t\t\t<dt class='gallery-icon landscape'>\n\t\t\t\t\t<a class=\"rollover rollover-zoom dt-pswp-item\" title=\"download\" data-dt-img-description=\"\" data-large_image_width=\"256\" data-large_image_height=\"186\"href='https:\/\/www.radiopiu.net\/wordpress\/wp-content\/uploads\/2020\/09\/download-18.jpg'><img loading=\"lazy\" decoding=\"async\" width=\"150\" height=\"150\" src=\"https:\/\/www.radiopiu.net\/wordpress\/wp-content\/uploads\/2020\/09\/download-18-150x150.jpg\" class=\"attachment-thumbnail size-thumbnail\" alt=\"\" srcset=\"https:\/\/www.radiopiu.net\/wordpress\/wp-content\/uploads\/2020\/09\/download-18-150x150.jpg 150w, https:\/\/www.radiopiu.net\/wordpress\/wp-content\/uploads\/2020\/09\/download-18-125x125.jpg 125w, https:\/\/www.radiopiu.net\/wordpress\/wp-content\/uploads\/2020\/09\/download-18-80x80.jpg 80w\" sizes=\"auto, (max-width: 150px) 100vw, 150px\" \/><\/a>\n\t\t\t\t<\/dt><\/dl><dl class='gallery-item'>\n\t\t\t\t<dt class='gallery-icon landscape'>\n\t\t\t\t\t<a class=\"rollover rollover-zoom dt-pswp-item\" title=\"2763a297-08d3-41a9-bc34-d6f065b99f75\" data-dt-img-description=\"\" data-large_image_width=\"1599\" data-large_image_height=\"1200\"href='https:\/\/www.radiopiu.net\/wordpress\/wp-content\/uploads\/2020\/09\/2763a297-08d3-41a9-bc34-d6f065b99f75.jpg'><img loading=\"lazy\" decoding=\"async\" width=\"150\" height=\"150\" src=\"https:\/\/www.radiopiu.net\/wordpress\/wp-content\/uploads\/2020\/09\/2763a297-08d3-41a9-bc34-d6f065b99f75-150x150.jpg\" class=\"attachment-thumbnail size-thumbnail\" alt=\"\" srcset=\"https:\/\/www.radiopiu.net\/wordpress\/wp-content\/uploads\/2020\/09\/2763a297-08d3-41a9-bc34-d6f065b99f75-150x150.jpg 150w, https:\/\/www.radiopiu.net\/wordpress\/wp-content\/uploads\/2020\/09\/2763a297-08d3-41a9-bc34-d6f065b99f75-125x125.jpg 125w, https:\/\/www.radiopiu.net\/wordpress\/wp-content\/uploads\/2020\/09\/2763a297-08d3-41a9-bc34-d6f065b99f75-200x200.jpg 200w, https:\/\/www.radiopiu.net\/wordpress\/wp-content\/uploads\/2020\/09\/2763a297-08d3-41a9-bc34-d6f065b99f75-80x80.jpg 80w\" sizes=\"auto, (max-width: 150px) 100vw, 150px\" \/><\/a>\n\t\t\t\t<\/dt><\/dl><br style=\"clear: both\" \/>\n\t\t\t<\/div>\n\n<p>&nbsp;<\/p>\n<p>&nbsp;<\/p>\n<hr \/>\n<p>&nbsp;<\/p>\n<blockquote>\n<h3>AL VIA I NUOVI CORSI OSS, SELEZIONI IL 2 OTTOBRE<\/h3>\n<\/blockquote>\n<p><strong><a class=\"dt-pswp-item\" href=\"https:\/\/www.radiopiu.net\/wordpress\/wp-content\/uploads\/2018\/06\/oss-infermiere-rapporto-funzionale.jpg\" data-dt-img-description=\"\" data-large_image_width=\"1200\" data-large_image_height=\"630\"><img loading=\"lazy\" decoding=\"async\" class=\" wp-image-51574 alignleft\" src=\"https:\/\/www.radiopiu.net\/wordpress\/wp-content\/uploads\/2018\/06\/oss-infermiere-rapporto-funzionale-300x158.jpg\" alt=\"\" width=\"239\" height=\"126\" srcset=\"https:\/\/www.radiopiu.net\/wordpress\/wp-content\/uploads\/2018\/06\/oss-infermiere-rapporto-funzionale-300x158.jpg 300w, https:\/\/www.radiopiu.net\/wordpress\/wp-content\/uploads\/2018\/06\/oss-infermiere-rapporto-funzionale-768x403.jpg 768w, https:\/\/www.radiopiu.net\/wordpress\/wp-content\/uploads\/2018\/06\/oss-infermiere-rapporto-funzionale-1024x538.jpg 1024w, https:\/\/www.radiopiu.net\/wordpress\/wp-content\/uploads\/2018\/06\/oss-infermiere-rapporto-funzionale.jpg 1200w\" sizes=\"auto, (max-width: 239px) 100vw, 239px\" \/><\/a>BELLUNO\u00a0<\/strong>Ultimi giorni per iscriversi ai nuovi percorsi Oss 2020-2021. Sono sette i corsi in programma, per 210 posti a disposizione. Un numero funzionale a coprire il fabbisogno di queste figure professionali per l\u2019immediato futuro, dato che secondo le stime della Regione Veneto da qui ai prossimi due anni ne serviranno 350 nella sola provincia di Belluno. Sono previsti tre cicli. Il primo con prova di selezione il 2 ottobre e avvio entro il 20 dicembre. Il secondo con prova selettiva il 15 gennaio e avvio entro il 31 marzo. E il terzo a seguire (selezione il 15 aprile, avvio entro il 30 giugno). A copertura dei costi di organizzazione, intervengono Provincia (con un finanziamento di 35mila euro) e Consorzio Bim. A sostegno invece dei corsisti ci sar\u00e0 l\u2019intervento del Rotary Club Belluno. Informazioni dettagliate all\u2019indirizzo mail ambito.belluno@venetolavoro.it.<\/p>\n<p>&nbsp;<\/p>\n<hr \/>\n<p>&nbsp;<\/p>\n<blockquote>\n<h3>PREFETTO E QUESTORE IN VISITA A COI DE PERA<\/h3>\n<\/blockquote>\n<p><strong><a class=\"dt-pswp-item\" href=\"https:\/\/www.radiopiu.net\/wordpress\/wp-content\/uploads\/2020\/09\/Visita_Vena_Oro_1.jpg\" data-dt-img-description=\"\" data-large_image_width=\"1307\" data-large_image_height=\"748\"><img loading=\"lazy\" decoding=\"async\" class=\"size-medium wp-image-162298 alignleft\" src=\"https:\/\/www.radiopiu.net\/wordpress\/wp-content\/uploads\/2020\/09\/Visita_Vena_Oro_1-300x172.jpg\" alt=\"\" width=\"300\" height=\"172\" srcset=\"https:\/\/www.radiopiu.net\/wordpress\/wp-content\/uploads\/2020\/09\/Visita_Vena_Oro_1-300x172.jpg 300w, https:\/\/www.radiopiu.net\/wordpress\/wp-content\/uploads\/2020\/09\/Visita_Vena_Oro_1-1024x586.jpg 1024w, https:\/\/www.radiopiu.net\/wordpress\/wp-content\/uploads\/2020\/09\/Visita_Vena_Oro_1-768x440.jpg 768w, https:\/\/www.radiopiu.net\/wordpress\/wp-content\/uploads\/2020\/09\/Visita_Vena_Oro_1-640x366.jpg 640w, https:\/\/www.radiopiu.net\/wordpress\/wp-content\/uploads\/2020\/09\/Visita_Vena_Oro_1.jpg 1307w\" sizes=\"auto, (max-width: 300px) 100vw, 300px\" \/><\/a>PONTE NELLE ALPI\u00a0<\/strong> Prefetto e Questore, Adriana Cogode e Lidia Fredella sono entrate in contatto con lo stabilimento della Vena d&#8217;Oro. <em>\u00abCi ha fatto molto piacere ricevere la visita delle titolari della funzione di coordinamento in materia di ordine e sicurezza &#8211; afferma il sindaco Paolo Vendramini -; entrambe sono rimaste colpite dalla bellezza e dalle peculiarit\u00e0 della zona, ma anche dalla serie di importanti servizi nelle frazioni. Nelle ultime due settimane di luglio, nei sabati di agosto e in due di settembre abbiamo promosso una serie di visite guidate insieme alla Pro Loco. E la risposta della collettivit\u00e0 \u00e8 stata sorprendente, come confermano le 500 presenze complessive. Un numero ancor pi\u00f9 significativo, se si considerano le restrizioni legate al Covid\u00bb.<\/em> Non \u00e8 un caso che la Vena d&#8217;Oro rappresenti un patrimonio del Fai (fondo Ambientale Italiano) e anche un&#8217;opportunit\u00e0 dal punto di vista turistico e culturale. Prefetto e Questore hanno potuto cos\u00ec scoprire la storia dello stabilimento, diventato ora teatro di diverse attivit\u00e0 e sede dell\u2019associazione Insieme verso nuovi Orizzonti. All&#8217;incontro anche gli esponenti della Protezione civile e degli Alpini.<\/p>\n<p>&nbsp;<\/p>\n<p>&nbsp;<\/p>\n<hr \/>\n<p>&nbsp;<\/p>\n<blockquote>\n<h3>FONDAZIONE TEATRI DELLE DOLOMITI. NOMINATI PRESIDENTE E COMITATO DI GESTIONE<\/h3>\n<\/blockquote>\n<p><strong><a class=\"dt-pswp-item\" href=\"https:\/\/www.radiopiu.net\/wordpress\/wp-content\/uploads\/2020\/09\/Tiziana-Pagani-Cesa-Presidente-Fondazione-Teatri.jpeg\" data-dt-img-description=\"\" data-large_image_width=\"777\" data-large_image_height=\"1051\"><img loading=\"lazy\" decoding=\"async\" class=\"size-medium wp-image-162308 alignleft\" src=\"https:\/\/www.radiopiu.net\/wordpress\/wp-content\/uploads\/2020\/09\/Tiziana-Pagani-Cesa-Presidente-Fondazione-Teatri-222x300.jpeg\" alt=\"\" width=\"222\" height=\"300\" srcset=\"https:\/\/www.radiopiu.net\/wordpress\/wp-content\/uploads\/2020\/09\/Tiziana-Pagani-Cesa-Presidente-Fondazione-Teatri-222x300.jpeg 222w, https:\/\/www.radiopiu.net\/wordpress\/wp-content\/uploads\/2020\/09\/Tiziana-Pagani-Cesa-Presidente-Fondazione-Teatri-757x1024.jpeg 757w, https:\/\/www.radiopiu.net\/wordpress\/wp-content\/uploads\/2020\/09\/Tiziana-Pagani-Cesa-Presidente-Fondazione-Teatri-768x1039.jpeg 768w, https:\/\/www.radiopiu.net\/wordpress\/wp-content\/uploads\/2020\/09\/Tiziana-Pagani-Cesa-Presidente-Fondazione-Teatri-355x480.jpeg 355w, https:\/\/www.radiopiu.net\/wordpress\/wp-content\/uploads\/2020\/09\/Tiziana-Pagani-Cesa-Presidente-Fondazione-Teatri.jpeg 777w\" sizes=\"auto, (max-width: 222px) 100vw, 222px\" \/><\/a>BELLUNO\u00a0<\/strong>Sono Patrizia Burigo, Tiziana Pagani Cesa e Ivan Borsato i nuovi componenti del comitato di gestione della Fondazione Teatri delle Dolomiti: oggi il Sindaco di Belluno, Jacopo Massaro, ha firmato i decreti di nomina dei tre rappresentanti, che resteranno in carica fino al termine del mandato del primo cittadino.\u00a0I componenti:\u00a0Come anticipato, i tre nuovi rappresentanti del Comune di Belluno in Fondazione Teatri delle Dolomiti sono Patrizia Burigo, 64 anni, laureata in sociologia a Trento, insegnante in pensione; Tiziana Pagani Cesa, 66 anni, laureata in Storia e filosofia a Bologna, gi\u00e0 dirigente industriale presso la Fonderia Artistica Venturi Arte di Bologna e in pensione dal 2016, anno di ritorno a Belluno; Ivan Borsato, 47 anni, avvocato specializzato in diritto del lavoro, ha anche partecipato a numerosi concorsi letterari locali e nazionali dedicati alla poesia ottenendo diversi riconoscimenti.\u00a0L&#8217;incarico di presidente \u00e8 stato affidato a Tiziana Pagani Cesa.\u00a0\u00ab<em>In questo lungo periodo post Covid, non \u00e8 stato semplice lavorare all&#8217;individuazione di un comitato di gestione che, visti lo spessore e le capacit\u00e0 dei precedenti componenti, avesse competenze di altissimo livello e con caratteristiche personali che si potessero integrare. &#8211; spiega Massaro \u2013 Dopo un lavoro complicato, che ha visto impegnati la giunta, i consiglieri comunali e lo stesso consiglio uscente della Fondazione, siamo riusciti a comporre una terna di elevata qualit\u00e0, con competenze di tipo manageriale, giuridico e culturale e con legami col mondo della cultura locale. \u00c8 un consiglio che lavorer\u00e0 in continuit\u00e0 con quello uscente, cui siamo grati per l&#8217;eccellente lavoro svolto e per la disponibilit\u00e0 data nell&#8217;affiancamento a questo nuovo gruppo nella fase di riavvio dell&#8217;attivit\u00e0. Le sfide sono moltissime: da un lato la riapertura dei contenitori culturali e la ripresa delle iniziative, che in questo periodo di emergenza sanitaria richiedono una vera e propria rivoluzione organizzativa; dall&#8217;altro, l&#8217;organizzazione di importanti eventi e l&#8217;apertura di Palazzo Bembo con l&#8217;allestimento del museo archeologic<\/em>o\u00bb.<\/p>\n<p>&nbsp;<\/p>\n<p>&nbsp;<\/p>\n<hr \/>\n<p>&nbsp;<\/p>\n<blockquote>\n<h3>\u00a0CONSIGLI COMUNALI IN AGORDINO<\/h3>\n<\/blockquote>\n<p><a class=\"dt-pswp-item\" href=\"https:\/\/www.radiopiu.net\/wordpress\/wp-content\/uploads\/2019\/12\/icona_sindaco.png\" data-dt-img-description=\"\" data-large_image_width=\"300\" data-large_image_height=\"400\"><img loading=\"lazy\" decoding=\"async\" class=\"size-medium wp-image-108460 alignleft\" src=\"https:\/\/www.radiopiu.net\/wordpress\/wp-content\/uploads\/2019\/12\/icona_sindaco-225x300.png\" alt=\"\" width=\"225\" height=\"300\" srcset=\"https:\/\/www.radiopiu.net\/wordpress\/wp-content\/uploads\/2019\/12\/icona_sindaco-225x300.png 225w, https:\/\/www.radiopiu.net\/wordpress\/wp-content\/uploads\/2019\/12\/icona_sindaco.png 300w\" sizes=\"auto, (max-width: 225px) 100vw, 225px\" \/><\/a><\/p>\n<p><strong>AGORDINO<\/strong><\/p>\n<p>di Gianni Santomaso<\/p>\n<audio class=\"wp-audio-shortcode\" id=\"audio-162222-6\" preload=\"none\" style=\"width: 100%;\" controls=\"controls\"><source type=\"audio\/mpeg\" src=\"https:\/\/www.radiopiu.net\/wordpress\/wp-content\/uploads\/2020\/09\/GIANNI-CONSIGLI-COMUNALI.mp3?_=6\" \/><a href=\"https:\/\/www.radiopiu.net\/wordpress\/wp-content\/uploads\/2020\/09\/GIANNI-CONSIGLI-COMUNALI.mp3\">https:\/\/www.radiopiu.net\/wordpress\/wp-content\/uploads\/2020\/09\/GIANNI-CONSIGLI-COMUNALI.mp3<\/a><\/audio>\n<p>&nbsp;<\/p>\n<hr \/>\n<p>&nbsp;<\/p>\n<blockquote>\n<h3>L&#8217;AMMINISTRAZIONE COMUNALE PRONTA AD APPROVARE IL DUP, LA VARIANTE DEL PAT E METTERE MANO AI REGOLAMENTI<\/h3>\n<\/blockquote>\n<p><strong><a class=\"dt-pswp-item\" href=\"https:\/\/www.radiopiu.net\/wordpress\/wp-content\/uploads\/2016\/03\/falcade_alto_gallery.jpg\" data-dt-img-description=\"\" data-large_image_width=\"800\" data-large_image_height=\"600\"><img loading=\"lazy\" decoding=\"async\" class=\"wp-image-17193 alignleft\" src=\"https:\/\/www.radiopiu.net\/wordpress\/wp-content\/uploads\/2016\/03\/falcade_alto_gallery-300x225.jpg\" alt=\"\" width=\"135\" height=\"101\" \/><\/a>FALCADE<\/strong> Lunedi alle 17.30 consiglio comunale convocato dal sindaco Michele Costa. All&#8217;ordine del giorno l&#8217;approvazione della prima variante del Piano di Assetto del Territorio, del nuovo regolamento edilizio e del Documento Unico di Programmazione per il triennio 2020-23. All&#8217;ordine del giorno anche una variazione al bilancio e la convenzione con la Provincia per l&#8217;uso della struttura Polifunzionale &#8220;Dolomiti&#8221; da parte dell&#8217;Istituto Professionale di Stato (alberghiero).<\/p>\n<p>&nbsp;<\/p>\n<p>&nbsp;<\/p>\n<hr \/>\n<blockquote>\n<h3><\/h3>\n<h3>APERTURA DI CONSIGLIO COMUNALE CON L&#8217;ENTE PARCO NAZIONALE DOLOMITI BELLUNESI<\/h3>\n<\/blockquote>\n<p style=\"text-align: left;\"><strong>RIVAMONTE<\/strong> Oggi alle 19 consiglio comunale convocato dal sindaco Nino Deon, all&#8217;ordine del giorno le comunicazioni del Presidente del Parco Nazionale delle Dolomiti Bellunesi, Ennio Vigne al consiglio comunale di Rivamonte e relativa illusrazione degli interventi che l&#8217;ente stra programmando assieme al Comune sul territorio; approvazione del documento DUP e del regolamento edilizio. Ancora nessuna notizia invece circa il contestato traliccio Wind Tre che gran parte del paese non vuole. Al tecnico intervenuto all&#8217;ultima riunione era stato chiesto di portare un messaggio all&#8217;azienda, ovvero spostare il traliccio altrove per non danneggiare l&#8217;ambiente e impoverire il patrimonio edilizio del luogo.<\/p>\n\n\t\t\t<style type='text\/css'>\n\t\t\t\t#gallery-4 {\n\t\t\t\t\tmargin: auto;\n\t\t\t\t}\n\t\t\t\t#gallery-4 .gallery-item {\n\t\t\t\t\tfloat: left;\n\t\t\t\t\tmargin-top: 10px;\n\t\t\t\t\ttext-align: center;\n\t\t\t\t\twidth: 33%;\n\t\t\t\t}\n\t\t\t\t#gallery-4 img {\n\t\t\t\t\tborder: 2px solid #cfcfcf;\n\t\t\t\t}\n\t\t\t\t#gallery-4 .gallery-caption {\n\t\t\t\t\tmargin-left: 0;\n\t\t\t\t}\n\t\t\t\t\/* see gallery_shortcode() in wp-includes\/media.php *\/\n\t\t\t<\/style>\n\t\t<div id='gallery-4' class='dt-gallery-container gallery galleryid-162222 gallery-columns-3 gallery-size-thumbnail'><dl class='gallery-item'>\n\t\t\t\t<dt class='gallery-icon landscape'>\n\t\t\t\t\t<a class=\"rollover rollover-zoom dt-pswp-item\" title=\"d634813d-2666-4df5-a0f7-31250bff99e3\" data-dt-img-description=\"\" data-large_image_width=\"1600\" data-large_image_height=\"903\"href='https:\/\/www.radiopiu.net\/wordpress\/wp-content\/uploads\/2020\/09\/d634813d-2666-4df5-a0f7-31250bff99e3.jpg'><img loading=\"lazy\" decoding=\"async\" width=\"150\" height=\"150\" src=\"https:\/\/www.radiopiu.net\/wordpress\/wp-content\/uploads\/2020\/09\/d634813d-2666-4df5-a0f7-31250bff99e3-150x150.jpg\" class=\"attachment-thumbnail size-thumbnail\" alt=\"\" srcset=\"https:\/\/www.radiopiu.net\/wordpress\/wp-content\/uploads\/2020\/09\/d634813d-2666-4df5-a0f7-31250bff99e3-150x150.jpg 150w, https:\/\/www.radiopiu.net\/wordpress\/wp-content\/uploads\/2020\/09\/d634813d-2666-4df5-a0f7-31250bff99e3-125x125.jpg 125w, https:\/\/www.radiopiu.net\/wordpress\/wp-content\/uploads\/2020\/09\/d634813d-2666-4df5-a0f7-31250bff99e3-200x200.jpg 200w, https:\/\/www.radiopiu.net\/wordpress\/wp-content\/uploads\/2020\/09\/d634813d-2666-4df5-a0f7-31250bff99e3-80x80.jpg 80w\" sizes=\"auto, (max-width: 150px) 100vw, 150px\" \/><\/a>\n\t\t\t\t<\/dt><\/dl><dl class='gallery-item'>\n\t\t\t\t<dt class='gallery-icon landscape'>\n\t\t\t\t\t<a class=\"rollover rollover-zoom dt-pswp-item\" title=\"2ccb87cb-ade2-4b01-8d9c-f752dfe6ddf3\" data-dt-img-description=\"\" data-large_image_width=\"1600\" data-large_image_height=\"903\"href='https:\/\/www.radiopiu.net\/wordpress\/wp-content\/uploads\/2020\/09\/2ccb87cb-ade2-4b01-8d9c-f752dfe6ddf3.jpg'><img loading=\"lazy\" decoding=\"async\" width=\"150\" height=\"150\" src=\"https:\/\/www.radiopiu.net\/wordpress\/wp-content\/uploads\/2020\/09\/2ccb87cb-ade2-4b01-8d9c-f752dfe6ddf3-150x150.jpg\" class=\"attachment-thumbnail size-thumbnail\" alt=\"\" srcset=\"https:\/\/www.radiopiu.net\/wordpress\/wp-content\/uploads\/2020\/09\/2ccb87cb-ade2-4b01-8d9c-f752dfe6ddf3-150x150.jpg 150w, https:\/\/www.radiopiu.net\/wordpress\/wp-content\/uploads\/2020\/09\/2ccb87cb-ade2-4b01-8d9c-f752dfe6ddf3-125x125.jpg 125w, https:\/\/www.radiopiu.net\/wordpress\/wp-content\/uploads\/2020\/09\/2ccb87cb-ade2-4b01-8d9c-f752dfe6ddf3-200x200.jpg 200w, https:\/\/www.radiopiu.net\/wordpress\/wp-content\/uploads\/2020\/09\/2ccb87cb-ade2-4b01-8d9c-f752dfe6ddf3-80x80.jpg 80w\" sizes=\"auto, (max-width: 150px) 100vw, 150px\" \/><\/a>\n\t\t\t\t<\/dt><\/dl><dl class='gallery-item'>\n\t\t\t\t<dt class='gallery-icon landscape'>\n\t\t\t\t\t<a class=\"rollover rollover-zoom dt-pswp-item\" title=\"2c176555-d145-4768-85d1-56ab6e401a33\" data-dt-img-description=\"\" data-large_image_width=\"1600\" data-large_image_height=\"903\"href='https:\/\/www.radiopiu.net\/wordpress\/wp-content\/uploads\/2020\/09\/2c176555-d145-4768-85d1-56ab6e401a33.jpg'><img loading=\"lazy\" decoding=\"async\" width=\"150\" height=\"150\" src=\"https:\/\/www.radiopiu.net\/wordpress\/wp-content\/uploads\/2020\/09\/2c176555-d145-4768-85d1-56ab6e401a33-150x150.jpg\" class=\"attachment-thumbnail size-thumbnail\" alt=\"\" srcset=\"https:\/\/www.radiopiu.net\/wordpress\/wp-content\/uploads\/2020\/09\/2c176555-d145-4768-85d1-56ab6e401a33-150x150.jpg 150w, https:\/\/www.radiopiu.net\/wordpress\/wp-content\/uploads\/2020\/09\/2c176555-d145-4768-85d1-56ab6e401a33-125x125.jpg 125w, https:\/\/www.radiopiu.net\/wordpress\/wp-content\/uploads\/2020\/09\/2c176555-d145-4768-85d1-56ab6e401a33-200x200.jpg 200w, https:\/\/www.radiopiu.net\/wordpress\/wp-content\/uploads\/2020\/09\/2c176555-d145-4768-85d1-56ab6e401a33-80x80.jpg 80w\" sizes=\"auto, (max-width: 150px) 100vw, 150px\" \/><\/a>\n\t\t\t\t<\/dt><\/dl><br style=\"clear: both\" \/>\n\t\t\t<\/div>\n\n<p>&nbsp;<\/p>\n<hr \/>\n<p>&nbsp;<\/p>\n<blockquote>\n<h3>TRE VARIAZIONI AL BILANCIO COMUNALE<\/h3>\n<\/blockquote>\n<p><strong><a class=\"dt-pswp-item\" href=\"https:\/\/www.radiopiu.net\/wordpress\/wp-content\/uploads\/2020\/05\/CENCENIGHE.jpg\" data-dt-img-description=\"\" data-large_image_width=\"1080\" data-large_image_height=\"810\"><img loading=\"lazy\" decoding=\"async\" class=\"wp-image-134919 alignleft\" src=\"https:\/\/www.radiopiu.net\/wordpress\/wp-content\/uploads\/2020\/05\/CENCENIGHE-300x225.jpg\" alt=\"\" width=\"148\" height=\"111\" srcset=\"https:\/\/www.radiopiu.net\/wordpress\/wp-content\/uploads\/2020\/05\/CENCENIGHE-300x225.jpg 300w, https:\/\/www.radiopiu.net\/wordpress\/wp-content\/uploads\/2020\/05\/CENCENIGHE-1024x768.jpg 1024w, https:\/\/www.radiopiu.net\/wordpress\/wp-content\/uploads\/2020\/05\/CENCENIGHE-768x576.jpg 768w, https:\/\/www.radiopiu.net\/wordpress\/wp-content\/uploads\/2020\/05\/CENCENIGHE.jpg 1080w\" sizes=\"auto, (max-width: 148px) 100vw, 148px\" \/><\/a>CENCENIGHE<\/strong> Oggi alle 20.30 il consiglio comunale discuter\u00e0 la terza, quarta e\u00a0 quinta variazione al bilancio, saranno presentatate dal sindaco Mauro Soppelsa. Nella seduta anche l&#8217;approvazione del Dup, del regolamento e aliquote Imu e del regolamento per lo svolgimento in video conferenza delle sedute degli organi collegiali del Comune.<\/p>\n<p>&nbsp;<\/p>\n<p>&nbsp;<\/p>\n<p>&nbsp;<\/p>\n<hr \/>\n<p>&nbsp;<\/p>\n<blockquote>\n<h3>UN ALTRO CONSIGLIO CON NUMEROSE INTERROGAZIONI DELLA &#8220;MINORANZA&#8221;<\/h3>\n<\/blockquote>\n<p><strong><a class=\"dt-pswp-item\" href=\"https:\/\/www.radiopiu.net\/wordpress\/wp-content\/uploads\/2019\/07\/consiglio-rocca-5.jpeg\" data-dt-img-description=\"\" data-large_image_width=\"1600\" data-large_image_height=\"901\"><img loading=\"lazy\" decoding=\"async\" class=\" wp-image-92222 alignleft\" src=\"https:\/\/www.radiopiu.net\/wordpress\/wp-content\/uploads\/2019\/07\/consiglio-rocca-5-300x169.jpeg\" alt=\"\" width=\"160\" height=\"90\" srcset=\"https:\/\/www.radiopiu.net\/wordpress\/wp-content\/uploads\/2019\/07\/consiglio-rocca-5-300x169.jpeg 300w, https:\/\/www.radiopiu.net\/wordpress\/wp-content\/uploads\/2019\/07\/consiglio-rocca-5-768x432.jpeg 768w, https:\/\/www.radiopiu.net\/wordpress\/wp-content\/uploads\/2019\/07\/consiglio-rocca-5-1024x577.jpeg 1024w, https:\/\/www.radiopiu.net\/wordpress\/wp-content\/uploads\/2019\/07\/consiglio-rocca-5.jpeg 1600w\" sizes=\"auto, (max-width: 160px) 100vw, 160px\" \/><\/a>ROCCA PIETORE<\/strong> Da quando il consigliere Diana Iraci Borgia ha abbandonato il gruppo di governo nel quale era stata eletta (con il sindaco De Bernadin) i consigli comunali si sono allungati e non di poco. E&#8217; la conseguenza delle numerose interrogazioni che vengono presentate unitamente a quelle del gruppo di opposizione &#8220;Uniti per la Montagna&#8221;. Nel consiglio di lunedi alle 17 ben otto (un reiterata). I quesiti su: recupero zone boschive oggetto di schianti, sistemazione area Ru da Molin a Santa Maria delle Grazie, lavori sul Cordevole a Saviner, lavori di messa in sicurezza della zona a valle degli skilift in zona Crepe Rosse, Tabi\u00e0 Palazza, Valon d&#8217;Antermoia, avanzamento dei lavori nei Serrai di Sottoguda, , ponte sul Pettorina a Palue, infine interpellanza su un manufatto per il ricovero dei mezzi a ridosso della provinciale 641. Reiterata invece l&#8217;interrogazione sulla messa in sicurezza del Ru Sass Negher in localit\u00e0 Col di Rocca. \u00a0All&#8217;ordine del giorno, invece gli altri punti: approvazione dei regolamenti ediizi e per lo svolgimento delle sedute in video conferenza; variazione al bilancio, assestamento di bilancio e compenso del revisore dei conti.<\/p>\n<p><strong>IL SERVIZIO DI GIANNI SANTOMASO<\/strong><\/p>\n<audio class=\"wp-audio-shortcode\" id=\"audio-162222-7\" preload=\"none\" style=\"width: 100%;\" controls=\"controls\"><source type=\"audio\/mpeg\" src=\"https:\/\/www.radiopiu.net\/wordpress\/wp-content\/uploads\/2020\/09\/GIANNI-CONSIGLIO-ROCCA-PIETORE.mp3?_=7\" \/><a href=\"https:\/\/www.radiopiu.net\/wordpress\/wp-content\/uploads\/2020\/09\/GIANNI-CONSIGLIO-ROCCA-PIETORE.mp3\">https:\/\/www.radiopiu.net\/wordpress\/wp-content\/uploads\/2020\/09\/GIANNI-CONSIGLIO-ROCCA-PIETORE.mp3<\/a><\/audio>\n<p>&nbsp;<\/p>\n<hr \/>\n<p>&nbsp;<\/p>\n<blockquote>\n<h3>L&#8217;UNIONE MONTANA ALL&#8217;APPROVAZIONE DEL BILANCIO<\/h3>\n<\/blockquote>\n<p><strong>AGORDO<\/strong> Lunedi alle 20.30 in Sala Don Tamis consiglio dell&#8217;Unione Montana Agordina. In discussione l&#8217;approvazione del bilancio 2019, la convenzione con l&#8217;Unione Montana Valbelluna per l&#8217;integrazione e la razionalizzazione delle rispettive attivit\u00e0 sul territorio, l&#8217;approvazione dello schema di convenzione per l&#8217;affidamento del servizio di tesoreria, la presentazione del Dup e le modifiche allo statuto.<\/p>\n<p>&nbsp;<\/p>\n<p>&nbsp;<\/p>\n<hr \/>\n<h3><\/h3>\n<blockquote>\n<h3>LO SKI COLLEGE VENETO PRESENTA LA PROSSIMA STAGIONE INVERNALE<\/h3>\n<\/blockquote>\n<p><strong><a class=\"dt-pswp-item\" href=\"https:\/\/www.radiopiu.net\/wordpress\/wp-content\/uploads\/2020\/09\/ski-college-veneto-falcade-16.11.2019-le-squadre-fondo-alpino-e-snowboard-2019-2020-1.jpg\" data-dt-img-description=\"\" data-large_image_width=\"1900\" data-large_image_height=\"1267\"><img loading=\"lazy\" decoding=\"async\" class=\" wp-image-162128 alignleft\" src=\"https:\/\/www.radiopiu.net\/wordpress\/wp-content\/uploads\/2020\/09\/ski-college-veneto-falcade-16.11.2019-le-squadre-fondo-alpino-e-snowboard-2019-2020-1-300x200.jpg\" alt=\"\" width=\"255\" height=\"170\" srcset=\"https:\/\/www.radiopiu.net\/wordpress\/wp-content\/uploads\/2020\/09\/ski-college-veneto-falcade-16.11.2019-le-squadre-fondo-alpino-e-snowboard-2019-2020-1-300x200.jpg 300w, https:\/\/www.radiopiu.net\/wordpress\/wp-content\/uploads\/2020\/09\/ski-college-veneto-falcade-16.11.2019-le-squadre-fondo-alpino-e-snowboard-2019-2020-1-1024x683.jpg 1024w, https:\/\/www.radiopiu.net\/wordpress\/wp-content\/uploads\/2020\/09\/ski-college-veneto-falcade-16.11.2019-le-squadre-fondo-alpino-e-snowboard-2019-2020-1-768x512.jpg 768w, https:\/\/www.radiopiu.net\/wordpress\/wp-content\/uploads\/2020\/09\/ski-college-veneto-falcade-16.11.2019-le-squadre-fondo-alpino-e-snowboard-2019-2020-1-1536x1024.jpg 1536w, https:\/\/www.radiopiu.net\/wordpress\/wp-content\/uploads\/2020\/09\/ski-college-veneto-falcade-16.11.2019-le-squadre-fondo-alpino-e-snowboard-2019-2020-1-640x427.jpg 640w, https:\/\/www.radiopiu.net\/wordpress\/wp-content\/uploads\/2020\/09\/ski-college-veneto-falcade-16.11.2019-le-squadre-fondo-alpino-e-snowboard-2019-2020-1.jpg 1900w\" sizes=\"auto, (max-width: 255px) 100vw, 255px\" \/><\/a>FALCADE<\/strong> Ski College Veneto di Falcade al cancelletto di partenza per un\u2019altra stagione agonistica. La struttura bellunese, che ospita una sessantina di studenti-sciatori, provenienti da diverse parti d\u2019Italia, presenter\u00e0 l\u2019attivit\u00e0 dell\u2019inverno 2020-2021, le squadre (che svolgono attivit\u00e0 nei settori dello sci alpino, dello sci di fondo e dello snowboard) e lo staff tecnico nella giornata di domani. La presentazione, al PalaFalcade di via Trieste, avr\u00e0 inizio alle 14.30 e vedr\u00e0 l\u2019intervento di diversi rappresentanti del mondo sportivo, amministrativo e scolastico. Per quanto riguarda l\u2019ambito scolastico, lo Ski College Veneto di Falcade ha stretto da anni una convenzione con il Follador &#8211; De Rossi, istituto che d\u00e0 la possibilit\u00e0 agli studenti &#8211; sciatori di scegliere tra istituto tecnico tecnologico, istituto tecnico economico, liceo scientifico, liceo scientifico sportivo e istituto professionale.<\/p>\n<p>&nbsp;<\/p>\n<hr \/>\n<p>&nbsp;<\/p>\n<blockquote>\n<h3>OLTRE LE VETTE 2020, LA PRESENTAZIONE SABATO A BELLUNO<\/h3>\n<\/blockquote>\n<p><strong>BELLUNO<\/strong> \u00c8 convocata per\u00a0sabato 26 settembre alle 10.30 in Sala Consiglio di Palazzo Rosso\u00a0la conferenza stampa di presentazione dell\u2019edizione 2020 di Oltre Le Vette.\u00a0Saranno presenti l&#8217;assessore alla cultura Marco Perale, il direttore organizzativo Valeria Benni e i membri del comitato tecnico che ha curato gli eventi (Diego Cason, Flavio Faoro, Francesco Vascellari, Valentina Ciprian).\u00a0Viste le restrizioni legate all\u2019emergenza sanitaria che impongono un numero limitato di persone presenti in sala, siete pregati di confermare a questa mail la vostra partecipazione (o quella di un rappresentante della vostra testata) entro le ore 12.00 di venerd\u00ec 25 settembre.\u00a0Sar\u00e0 obbligatorio l\u2019uso della mascherina.<\/p>\n<p>&nbsp;<\/p>\n<p>&nbsp;<\/p>\n<hr \/>\n<p>&nbsp;<\/p>\n<blockquote>\n<h3>CONCORSO PUBBLICO A ROCCA PIETORE PER COLLABORATORE A TEMPO INDETERMINATO<\/h3>\n<\/blockquote>\n<p><strong>ROCCA PIETORE<\/strong> ll Comune ha indetto un concorso pubblico per esami per la copertura, a tempo indeterminato e a tempo pieno, di\u00a0un posto di Collaboratore Professionale\u2013Conduttore di macchine\u00a0operatrici complesse \u2013 addetto al trasporto scolastico, ai servizi manutentivi e cimiteriali. Le domande di partecipazione dovranno pervenire al Comune di Rocca Pietore. \u00a0Per informazioni \u00e8 possibile rivolgersi ai seguenti recapiti: telefono 0437.721178; posta elettronica: segretario.rocca@agordino.bl.it<\/p>\n<p>&nbsp;<\/p>\n<p>&nbsp;<\/p>\n<hr \/>\n<p>&nbsp;<\/p>\n<blockquote>\n<h3>ESCURSIONISMO CON CAMMINATURALMENTE<\/h3>\n<\/blockquote>\n<p><b><a class=\"dt-pswp-item\" href=\"https:\/\/www.radiopiu.net\/wordpress\/wp-content\/uploads\/2020\/09\/DSC02154-Copia.jpg\" data-dt-img-description=\"\" data-large_image_width=\"1048\" data-large_image_height=\"786\"><img loading=\"lazy\" decoding=\"async\" class=\"size-medium wp-image-160745 alignleft\" src=\"https:\/\/www.radiopiu.net\/wordpress\/wp-content\/uploads\/2020\/09\/DSC02154-Copia-300x225.jpg\" alt=\"\" width=\"300\" height=\"225\" srcset=\"https:\/\/www.radiopiu.net\/wordpress\/wp-content\/uploads\/2020\/09\/DSC02154-Copia-300x225.jpg 300w, https:\/\/www.radiopiu.net\/wordpress\/wp-content\/uploads\/2020\/09\/DSC02154-Copia-1024x768.jpg 1024w, https:\/\/www.radiopiu.net\/wordpress\/wp-content\/uploads\/2020\/09\/DSC02154-Copia-768x576.jpg 768w, https:\/\/www.radiopiu.net\/wordpress\/wp-content\/uploads\/2020\/09\/DSC02154-Copia-640x480.jpg 640w, https:\/\/www.radiopiu.net\/wordpress\/wp-content\/uploads\/2020\/09\/DSC02154-Copia.jpg 1048w\" sizes=\"auto, (max-width: 300px) 100vw, 300px\" \/><\/a>BELLUNO <\/b>Il Centro UPM \u2013 Associazione Culturale di Belluno &#8211; organizza\u00a0 l&#8217;escursione naturalistica con Anacleto Boranga \u2013 divulgatore e guida naturalistica\/ambientale.<\/p>\n<p><b>Domani<\/b>\u00a0\u2013<strong> lista partecipanti esaurita<\/strong>\u00a0\u00a0<b>&#8211; Sabato 3 ottobre: replica<\/b> \u2013 <b>LAGO E<\/b> <b>OASI NATURALISTICA DI S.CROCE<\/b> \u2013Un\u2019area umida di straordinaria importanza ambientale e paesaggistica. E\u2019 presente <a class=\"dt-pswp-item\" href=\"https:\/\/www.radiopiu.net\/wordpress\/wp-content\/uploads\/2020\/09\/DSC07600-scaled.jpg\" data-dt-img-description=\"\" data-large_image_width=\"2560\" data-large_image_height=\"1920\"><img loading=\"lazy\" decoding=\"async\" class=\"size-medium wp-image-160746 alignright\" src=\"https:\/\/www.radiopiu.net\/wordpress\/wp-content\/uploads\/2020\/09\/DSC07600-300x225.jpg\" alt=\"\" width=\"300\" height=\"225\" srcset=\"https:\/\/www.radiopiu.net\/wordpress\/wp-content\/uploads\/2020\/09\/DSC07600-300x225.jpg 300w, https:\/\/www.radiopiu.net\/wordpress\/wp-content\/uploads\/2020\/09\/DSC07600-1024x768.jpg 1024w, https:\/\/www.radiopiu.net\/wordpress\/wp-content\/uploads\/2020\/09\/DSC07600-768x576.jpg 768w, https:\/\/www.radiopiu.net\/wordpress\/wp-content\/uploads\/2020\/09\/DSC07600-1536x1152.jpg 1536w, https:\/\/www.radiopiu.net\/wordpress\/wp-content\/uploads\/2020\/09\/DSC07600-2048x1536.jpg 2048w, https:\/\/www.radiopiu.net\/wordpress\/wp-content\/uploads\/2020\/09\/DSC07600-640x480.jpg 640w\" sizes=\"auto, (max-width: 300px) 100vw, 300px\" \/><\/a>anche un\u2019 esposizione fotografica all\u2019aperto e alcune creazioni di Land Art. Percorso facile di circa 3 km. Consigliate calzature adatte per eventuali tratti umidi\/fangosi. Ritrovo alla 14.30 in p\/le Resistenza oppure successivamente al parcheggio subito dopo il ponte sul torrente Tesa ( Farra d\u2019Alpago).<\/p>\n<p><em>Dovranno essere osservate le norme anti COVID-19 (mascherina,\u00a0 autocertificazione). Partecipazione limitata a 20 persone \u2013 Iscrizione obbligatoria presso Un Noce, in via Barozzi 18 o al tel 351 5468735 o a <a href=\"mailto:belluno1@centroupm.it\">belluno1@centroupm.it<\/a> \u2013 Info 340 8769665<\/em><\/p>\n<p>&nbsp;<\/p>\n\n\t\t\t<style type='text\/css'>\n\t\t\t\t#gallery-5 {\n\t\t\t\t\tmargin: auto;\n\t\t\t\t}\n\t\t\t\t#gallery-5 .gallery-item {\n\t\t\t\t\tfloat: left;\n\t\t\t\t\tmargin-top: 10px;\n\t\t\t\t\ttext-align: center;\n\t\t\t\t\twidth: 20%;\n\t\t\t\t}\n\t\t\t\t#gallery-5 img {\n\t\t\t\t\tborder: 2px solid #cfcfcf;\n\t\t\t\t}\n\t\t\t\t#gallery-5 .gallery-caption {\n\t\t\t\t\tmargin-left: 0;\n\t\t\t\t}\n\t\t\t\t\/* see gallery_shortcode() in wp-includes\/media.php *\/\n\t\t\t<\/style>\n\t\t<div id='gallery-5' class='dt-gallery-container gallery galleryid-162222 gallery-columns-5 gallery-size-thumbnail'><dl class='gallery-item'>\n\t\t\t\t<dt class='gallery-icon landscape'>\n\t\t\t\t\t<a class=\"rollover rollover-zoom dt-pswp-item\" title=\"P1140294\" data-dt-img-description=\"\" data-large_image_width=\"948\" data-large_image_height=\"711\"href='https:\/\/www.radiopiu.net\/wordpress\/wp-content\/uploads\/2020\/09\/P1140294.jpg'><img loading=\"lazy\" decoding=\"async\" width=\"150\" height=\"150\" src=\"https:\/\/www.radiopiu.net\/wordpress\/wp-content\/uploads\/2020\/09\/P1140294-150x150.jpg\" class=\"attachment-thumbnail size-thumbnail\" alt=\"\" srcset=\"https:\/\/www.radiopiu.net\/wordpress\/wp-content\/uploads\/2020\/09\/P1140294-150x150.jpg 150w, https:\/\/www.radiopiu.net\/wordpress\/wp-content\/uploads\/2020\/09\/P1140294-125x125.jpg 125w, https:\/\/www.radiopiu.net\/wordpress\/wp-content\/uploads\/2020\/09\/P1140294-200x200.jpg 200w, https:\/\/www.radiopiu.net\/wordpress\/wp-content\/uploads\/2020\/09\/P1140294-80x80.jpg 80w\" sizes=\"auto, (max-width: 150px) 100vw, 150px\" \/><\/a>\n\t\t\t\t<\/dt><\/dl><dl class='gallery-item'>\n\t\t\t\t<dt class='gallery-icon landscape'>\n\t\t\t\t\t<a class=\"rollover rollover-zoom dt-pswp-item\" title=\"P1140298\" data-dt-img-description=\"\" data-large_image_width=\"1048\" data-large_image_height=\"786\"href='https:\/\/www.radiopiu.net\/wordpress\/wp-content\/uploads\/2020\/09\/P1140298.jpg'><img loading=\"lazy\" decoding=\"async\" width=\"150\" height=\"150\" src=\"https:\/\/www.radiopiu.net\/wordpress\/wp-content\/uploads\/2020\/09\/P1140298-150x150.jpg\" class=\"attachment-thumbnail size-thumbnail\" alt=\"\" srcset=\"https:\/\/www.radiopiu.net\/wordpress\/wp-content\/uploads\/2020\/09\/P1140298-150x150.jpg 150w, https:\/\/www.radiopiu.net\/wordpress\/wp-content\/uploads\/2020\/09\/P1140298-125x125.jpg 125w, https:\/\/www.radiopiu.net\/wordpress\/wp-content\/uploads\/2020\/09\/P1140298-200x200.jpg 200w, https:\/\/www.radiopiu.net\/wordpress\/wp-content\/uploads\/2020\/09\/P1140298-80x80.jpg 80w\" sizes=\"auto, (max-width: 150px) 100vw, 150px\" \/><\/a>\n\t\t\t\t<\/dt><\/dl><dl class='gallery-item'>\n\t\t\t\t<dt class='gallery-icon landscape'>\n\t\t\t\t\t<a class=\"rollover rollover-zoom dt-pswp-item\" title=\"P1140300\" data-dt-img-description=\"\" data-large_image_width=\"1048\" data-large_image_height=\"786\"href='https:\/\/www.radiopiu.net\/wordpress\/wp-content\/uploads\/2020\/09\/P1140300.jpg'><img loading=\"lazy\" decoding=\"async\" width=\"150\" height=\"150\" src=\"https:\/\/www.radiopiu.net\/wordpress\/wp-content\/uploads\/2020\/09\/P1140300-150x150.jpg\" class=\"attachment-thumbnail size-thumbnail\" alt=\"\" srcset=\"https:\/\/www.radiopiu.net\/wordpress\/wp-content\/uploads\/2020\/09\/P1140300-150x150.jpg 150w, https:\/\/www.radiopiu.net\/wordpress\/wp-content\/uploads\/2020\/09\/P1140300-125x125.jpg 125w, https:\/\/www.radiopiu.net\/wordpress\/wp-content\/uploads\/2020\/09\/P1140300-200x200.jpg 200w, https:\/\/www.radiopiu.net\/wordpress\/wp-content\/uploads\/2020\/09\/P1140300-80x80.jpg 80w\" sizes=\"auto, (max-width: 150px) 100vw, 150px\" \/><\/a>\n\t\t\t\t<\/dt><\/dl><dl class='gallery-item'>\n\t\t\t\t<dt class='gallery-icon landscape'>\n\t\t\t\t\t<a class=\"rollover rollover-zoom dt-pswp-item\" title=\"P1140302\" data-dt-img-description=\"\" data-large_image_width=\"948\" data-large_image_height=\"711\"href='https:\/\/www.radiopiu.net\/wordpress\/wp-content\/uploads\/2020\/09\/P1140302.jpg'><img loading=\"lazy\" decoding=\"async\" width=\"150\" height=\"150\" src=\"https:\/\/www.radiopiu.net\/wordpress\/wp-content\/uploads\/2020\/09\/P1140302-150x150.jpg\" class=\"attachment-thumbnail size-thumbnail\" alt=\"\" srcset=\"https:\/\/www.radiopiu.net\/wordpress\/wp-content\/uploads\/2020\/09\/P1140302-150x150.jpg 150w, https:\/\/www.radiopiu.net\/wordpress\/wp-content\/uploads\/2020\/09\/P1140302-125x125.jpg 125w, https:\/\/www.radiopiu.net\/wordpress\/wp-content\/uploads\/2020\/09\/P1140302-200x200.jpg 200w, https:\/\/www.radiopiu.net\/wordpress\/wp-content\/uploads\/2020\/09\/P1140302-80x80.jpg 80w\" sizes=\"auto, (max-width: 150px) 100vw, 150px\" \/><\/a>\n\t\t\t\t<\/dt><\/dl><dl class='gallery-item'>\n\t\t\t\t<dt class='gallery-icon landscape'>\n\t\t\t\t\t<a class=\"rollover rollover-zoom dt-pswp-item\" title=\"P1140306\" data-dt-img-description=\"\" data-large_image_width=\"948\" data-large_image_height=\"711\"href='https:\/\/www.radiopiu.net\/wordpress\/wp-content\/uploads\/2020\/09\/P1140306.jpg'><img loading=\"lazy\" decoding=\"async\" width=\"150\" height=\"150\" src=\"https:\/\/www.radiopiu.net\/wordpress\/wp-content\/uploads\/2020\/09\/P1140306-150x150.jpg\" class=\"attachment-thumbnail size-thumbnail\" alt=\"\" srcset=\"https:\/\/www.radiopiu.net\/wordpress\/wp-content\/uploads\/2020\/09\/P1140306-150x150.jpg 150w, https:\/\/www.radiopiu.net\/wordpress\/wp-content\/uploads\/2020\/09\/P1140306-125x125.jpg 125w, https:\/\/www.radiopiu.net\/wordpress\/wp-content\/uploads\/2020\/09\/P1140306-200x200.jpg 200w, https:\/\/www.radiopiu.net\/wordpress\/wp-content\/uploads\/2020\/09\/P1140306-80x80.jpg 80w\" sizes=\"auto, (max-width: 150px) 100vw, 150px\" \/><\/a>\n\t\t\t\t<\/dt><\/dl><br style=\"clear: both\" \/><dl class='gallery-item'>\n\t\t\t\t<dt class='gallery-icon landscape'>\n\t\t\t\t\t<a class=\"rollover rollover-zoom dt-pswp-item\" title=\"P1140312\" data-dt-img-description=\"\" data-large_image_width=\"948\" data-large_image_height=\"711\"href='https:\/\/www.radiopiu.net\/wordpress\/wp-content\/uploads\/2020\/09\/P1140312.jpg'><img loading=\"lazy\" decoding=\"async\" width=\"150\" height=\"150\" src=\"https:\/\/www.radiopiu.net\/wordpress\/wp-content\/uploads\/2020\/09\/P1140312-150x150.jpg\" class=\"attachment-thumbnail size-thumbnail\" alt=\"\" srcset=\"https:\/\/www.radiopiu.net\/wordpress\/wp-content\/uploads\/2020\/09\/P1140312-150x150.jpg 150w, https:\/\/www.radiopiu.net\/wordpress\/wp-content\/uploads\/2020\/09\/P1140312-125x125.jpg 125w, https:\/\/www.radiopiu.net\/wordpress\/wp-content\/uploads\/2020\/09\/P1140312-200x200.jpg 200w, https:\/\/www.radiopiu.net\/wordpress\/wp-content\/uploads\/2020\/09\/P1140312-80x80.jpg 80w\" sizes=\"auto, (max-width: 150px) 100vw, 150px\" \/><\/a>\n\t\t\t\t<\/dt><\/dl><dl class='gallery-item'>\n\t\t\t\t<dt class='gallery-icon landscape'>\n\t\t\t\t\t<a class=\"rollover rollover-zoom dt-pswp-item\" title=\"P1140329\" data-dt-img-description=\"\" data-large_image_width=\"948\" data-large_image_height=\"711\"href='https:\/\/www.radiopiu.net\/wordpress\/wp-content\/uploads\/2020\/09\/P1140329.jpg'><img loading=\"lazy\" decoding=\"async\" width=\"150\" height=\"150\" src=\"https:\/\/www.radiopiu.net\/wordpress\/wp-content\/uploads\/2020\/09\/P1140329-150x150.jpg\" class=\"attachment-thumbnail size-thumbnail\" alt=\"\" srcset=\"https:\/\/www.radiopiu.net\/wordpress\/wp-content\/uploads\/2020\/09\/P1140329-150x150.jpg 150w, https:\/\/www.radiopiu.net\/wordpress\/wp-content\/uploads\/2020\/09\/P1140329-125x125.jpg 125w, https:\/\/www.radiopiu.net\/wordpress\/wp-content\/uploads\/2020\/09\/P1140329-200x200.jpg 200w, https:\/\/www.radiopiu.net\/wordpress\/wp-content\/uploads\/2020\/09\/P1140329-80x80.jpg 80w\" sizes=\"auto, (max-width: 150px) 100vw, 150px\" \/><\/a>\n\t\t\t\t<\/dt><\/dl><dl class='gallery-item'>\n\t\t\t\t<dt class='gallery-icon landscape'>\n\t\t\t\t\t<a class=\"rollover rollover-zoom dt-pswp-item\" title=\"P1140560\" data-dt-img-description=\"\" data-large_image_width=\"948\" data-large_image_height=\"711\"href='https:\/\/www.radiopiu.net\/wordpress\/wp-content\/uploads\/2020\/09\/P1140560.jpg'><img loading=\"lazy\" decoding=\"async\" width=\"150\" height=\"150\" src=\"https:\/\/www.radiopiu.net\/wordpress\/wp-content\/uploads\/2020\/09\/P1140560-150x150.jpg\" class=\"attachment-thumbnail size-thumbnail\" alt=\"\" srcset=\"https:\/\/www.radiopiu.net\/wordpress\/wp-content\/uploads\/2020\/09\/P1140560-150x150.jpg 150w, https:\/\/www.radiopiu.net\/wordpress\/wp-content\/uploads\/2020\/09\/P1140560-125x125.jpg 125w, https:\/\/www.radiopiu.net\/wordpress\/wp-content\/uploads\/2020\/09\/P1140560-200x200.jpg 200w, https:\/\/www.radiopiu.net\/wordpress\/wp-content\/uploads\/2020\/09\/P1140560-80x80.jpg 80w\" sizes=\"auto, (max-width: 150px) 100vw, 150px\" \/><\/a>\n\t\t\t\t<\/dt><\/dl><dl class='gallery-item'>\n\t\t\t\t<dt class='gallery-icon landscape'>\n\t\t\t\t\t<a class=\"rollover rollover-zoom dt-pswp-item\" title=\"P1140565\" data-dt-img-description=\"\" data-large_image_width=\"948\" data-large_image_height=\"711\"href='https:\/\/www.radiopiu.net\/wordpress\/wp-content\/uploads\/2020\/09\/P1140565.jpg'><img loading=\"lazy\" decoding=\"async\" width=\"150\" height=\"150\" src=\"https:\/\/www.radiopiu.net\/wordpress\/wp-content\/uploads\/2020\/09\/P1140565-150x150.jpg\" class=\"attachment-thumbnail size-thumbnail\" alt=\"\" srcset=\"https:\/\/www.radiopiu.net\/wordpress\/wp-content\/uploads\/2020\/09\/P1140565-150x150.jpg 150w, https:\/\/www.radiopiu.net\/wordpress\/wp-content\/uploads\/2020\/09\/P1140565-125x125.jpg 125w, https:\/\/www.radiopiu.net\/wordpress\/wp-content\/uploads\/2020\/09\/P1140565-200x200.jpg 200w, https:\/\/www.radiopiu.net\/wordpress\/wp-content\/uploads\/2020\/09\/P1140565-80x80.jpg 80w\" sizes=\"auto, (max-width: 150px) 100vw, 150px\" \/><\/a>\n\t\t\t\t<\/dt><\/dl><dl class='gallery-item'>\n\t\t\t\t<dt class='gallery-icon landscape'>\n\t\t\t\t\t<a class=\"rollover rollover-zoom dt-pswp-item\" title=\"P1140581\" data-dt-img-description=\"\" data-large_image_width=\"902\" data-large_image_height=\"677\"href='https:\/\/www.radiopiu.net\/wordpress\/wp-content\/uploads\/2020\/09\/P1140581.jpg'><img loading=\"lazy\" decoding=\"async\" width=\"150\" height=\"150\" src=\"https:\/\/www.radiopiu.net\/wordpress\/wp-content\/uploads\/2020\/09\/P1140581-150x150.jpg\" class=\"attachment-thumbnail size-thumbnail\" alt=\"\" srcset=\"https:\/\/www.radiopiu.net\/wordpress\/wp-content\/uploads\/2020\/09\/P1140581-150x150.jpg 150w, https:\/\/www.radiopiu.net\/wordpress\/wp-content\/uploads\/2020\/09\/P1140581-125x125.jpg 125w, https:\/\/www.radiopiu.net\/wordpress\/wp-content\/uploads\/2020\/09\/P1140581-200x200.jpg 200w, https:\/\/www.radiopiu.net\/wordpress\/wp-content\/uploads\/2020\/09\/P1140581-80x80.jpg 80w\" sizes=\"auto, (max-width: 150px) 100vw, 150px\" \/><\/a>\n\t\t\t\t<\/dt><\/dl><br style=\"clear: both\" \/>\n\t\t\t<\/div>\n\n<p>&nbsp;<\/p>\n<hr \/>\n<p>&nbsp;<\/p>\n<h3 style=\"text-align: center;\" align=\"JUSTIFY\"><span style=\"font-family: Arial, sans-serif;\"><span style=\"font-size: x-large;\"><b>Il Cammino di Angelo: un libro per sperare<\/b><\/span><\/span><\/h3>\n<p align=\"JUSTIFY\"><span style=\"font-family: Arial, sans-serif;\"><a class=\"dt-pswp-item\" href=\"https:\/\/www.radiopiu.net\/wordpress\/wp-content\/uploads\/2020\/09\/120015448_10207877804058619_982053072870644412_n.jpg\" data-dt-img-description=\"\" data-large_image_width=\"561\" data-large_image_height=\"790\"><img loading=\"lazy\" decoding=\"async\" class=\"size-medium wp-image-162108 alignleft\" src=\"https:\/\/www.radiopiu.net\/wordpress\/wp-content\/uploads\/2020\/09\/120015448_10207877804058619_982053072870644412_n-213x300.jpg\" alt=\"\" width=\"213\" height=\"300\" srcset=\"https:\/\/www.radiopiu.net\/wordpress\/wp-content\/uploads\/2020\/09\/120015448_10207877804058619_982053072870644412_n-213x300.jpg 213w, https:\/\/www.radiopiu.net\/wordpress\/wp-content\/uploads\/2020\/09\/120015448_10207877804058619_982053072870644412_n-341x480.jpg 341w, https:\/\/www.radiopiu.net\/wordpress\/wp-content\/uploads\/2020\/09\/120015448_10207877804058619_982053072870644412_n.jpg 561w\" sizes=\"auto, (max-width: 213px) 100vw, 213px\" \/><\/a><strong>AGORDO<\/strong> Oggi alle 20.30 nella \u201cSala don Tamis\u201d la Biblioteca di Agordo, Circolo Culturale Agordino e Ad Agordo Pro Loco invitano alla presentazione del libro \u201cIl cammino di Angelo\u201d. L&#8217;autore Angelo Finotti racconta nella sua autobiografia episodi della propria vita, incentrandosi in particolare sul periodo della malattia e sul suo superamento nel 2004 che lui intende come una vera e propria rinascita, possibile anche con la determinazione e la buona volont\u00e0, ma soprattutto con la vicinanza degli affetti cari. Un cammino di esperienze e di incontri che hanno fatto nascere la consapevolezza del valore della vita e che, come dice Angelo \u201cmi hanno fatto capire quanto la vita sia un bellissimo dono in cui vivere ogni momento in modo speciale e unico, dando valore anche alle piccole cose\u201d. <\/span><span style=\"font-family: Arial, sans-serif;\">La sensibilit\u00e0 dell&#8217;autore per questi temi ha contagiato amici e colleghi di lavoro che lo hanno stimolato a raccontare la propria esperienza in un libro. Angelo, che non si definisce uno scrittore, ha raccolto l&#8217;invito e si \u00e8 lanciato nella sfida di cimentarsi nella scrittura riuscendo a proporci un testo gradevole in cui traspare l&#8217;umanit\u00e0 delle emozioni che sono comunicate in modo semplice ma diretto e per questo riescono ad entrare nel cuore del lettore.\u00a0<\/span><span style=\"font-family: Arial, sans-serif;\"> Per la Biblioteca l&#8217;iniziativa rientra nell&#8217;ambito della \u201cMaratona regionale di lettura il Veneto legge 2020\u201d, una manifestazione che per un giorno a livello regionale mette insieme gli educatori e tutti gli attori della filiera del libro per promuovere la lettura e i libri, con l\u2019obiettivo di contribuire a rendere la pratica della lettura un\u2019abitudine sociale diffusa e riconosciuta. <\/span><span style=\"font-family: Arial, sans-serif;\">La serata ha anche un risvolto benefico in quanto le offerte raccolte durante la serata verranno devolute alla Fondazione per la Ricerca sulla Fibrosi Cistica, un aiuto concreto e non solo morale per le persone che come Angelo conoscono o hanno conosciuto la malattia.<\/span><\/p>\n<p align=\"JUSTIFY\"><strong>L&#8217;INTERVISTA ALLA RADIO<\/strong><\/p>\n<audio class=\"wp-audio-shortcode\" id=\"audio-162222-8\" preload=\"none\" style=\"width: 100%;\" controls=\"controls\"><source type=\"audio\/mpeg\" src=\"https:\/\/www.radiopiu.net\/wordpress\/wp-content\/uploads\/2020\/09\/angelo-finotti-scade-25-settembre.mp3?_=8\" \/><a href=\"https:\/\/www.radiopiu.net\/wordpress\/wp-content\/uploads\/2020\/09\/angelo-finotti-scade-25-settembre.mp3\">https:\/\/www.radiopiu.net\/wordpress\/wp-content\/uploads\/2020\/09\/angelo-finotti-scade-25-settembre.mp3<\/a><\/audio>\n<p>&nbsp;<\/p>\n<p><strong>IL SERVIZIO DI GIANNI SANTOMASO<\/strong><\/p>\n<audio class=\"wp-audio-shortcode\" id=\"audio-162222-9\" preload=\"none\" style=\"width: 100%;\" controls=\"controls\"><source type=\"audio\/mpeg\" src=\"https:\/\/www.radiopiu.net\/wordpress\/wp-content\/uploads\/2020\/09\/GIANNI-IL-CAMMINO-DI-ANGELO.mp3?_=9\" \/><a href=\"https:\/\/www.radiopiu.net\/wordpress\/wp-content\/uploads\/2020\/09\/GIANNI-IL-CAMMINO-DI-ANGELO.mp3\">https:\/\/www.radiopiu.net\/wordpress\/wp-content\/uploads\/2020\/09\/GIANNI-IL-CAMMINO-DI-ANGELO.mp3<\/a><\/audio>\n<p>&nbsp;<\/p>\n<p>&nbsp;<\/p>\n<hr \/>\n<p>&nbsp;<\/p>\n<blockquote>\n<h3>BELLISSIMO L\u2019ALBUM DI IMMAGINI \u201cQUANDO (1890-1930) A FALCADE LA MERIDIANA SEGNAVA IL TEMPO\u201d di Renato Bona<\/h3>\n<\/blockquote>\n<p><strong>BELLUNO<\/strong> \u201cQuando a Falcade la meridiana segnava il tempo\u201d \u00e8 un ottimo album di immagini scattate tra il 1890 ed il 1930, realizzato da Bepi Pellegrinon (stampa e foto selezione della trevigiana Litografia Antiga di Crocetta del Montello &#8211; che lo ha dedicato \u201calla mia gente\u201d &#8211; a cura dell\u2019amministrazione comunale di Falcade, con il contributo della Cassa di risparmio di Verona, Vicenza e Belluno, in occasione della mostra fotografica \u201cFalcade com\u2019era\u201d, dell\u2019estate 1982, con immagini di: Arturo Andreoletti, De Marchi, Eugenio Ganz, Ispettore delle Poste di Vicenza e Belluno nel 1890, non meglio identificato; ancora: Giovanni Luciani, Giuseppe Pietrobelli, Vincenzo Piatti, Antonio Sanmarchi, Giovanni Battista Unterwegher, e da persona rimasta sconosciuta! Ci soffermiamo in questa occasione &#8211; prendendo in considerazioni le didascalie-commento &#8211; sul capitolo \u201cIl paese\u201d ma prima dobbiamo richiamare un passo della presentazione dell\u2019allora sindaco di Falcade, Girolamo Serafini, il quale rendeva merito a Pellegrinon sottolineando che: \u201c\u2026Non ha inteso offrirci una pura e semplice rassegna di fotografie di archivio, ma ha voluto in modo concreto, attraverso immagini accuratamente scelte, suggerirci un discorso che tocca temi pi\u00f9 che mai vivi e reali anche nel presente la natura, la storia, il paesaggio e l\u2019uomo, conferendo a quello che potrebbe apparire un album di ricordi, una dignit\u00e0 culturale di notevole rilievo\u201d. E poi allo stesso Bepi Pellegrinon che nella sua presentazione intitolata \u201cGente di quass\u00f9\u201d ricorda che \u201cNel 1912 a Falcade si accesero le prime lampadine elettriche. Nessuno poteva immaginare che quella nuova fonte energetica avrebbe determinato una grande rivoluzione, quella tecnologica, destinata a modificare usi, abitudini, costumi e bisogno di tutto il mondo. Quell\u2019avvenimento si pone proprio al centro del periodo trattato dalla documentazione fotografica che va dal 1890 al 1930\u201d. E quindi evidenzia che \u201cDal confronto di Falcade com\u2019era e di Falcade com\u2019\u00e8, considerato il breve lasso di tempo che \u00e8 trascorso, poco pi\u00f9 di 50 anni, emerge con estrema chiarezza l\u2019intelligenza e la capacit\u00e0 di questa gente, non solo ad adattarsi agli eventi, ma a modificarli nel limite del possibile a proprio vantaggio e per le proprie fortune\u2026\u201d. E cos\u00ec \u201cOggi Falcade \u00e8 un importante centro turistico. Esso accoglie ed ospita moltissimi forestieri che vengono quass\u00f9 a villeggiare, per ammirare i nostri stupendi luoghi e per vivere in un ambiente di serenit\u00e0, in cui la salute \u00e8 ancora altamente protetta. Gli abitati sono in parte modificati. L\u2019ospitalit\u00e0 \u00e8 diventata uno degli scopi principali di ogni attivit\u00e0 economico-turistica. Iniziative sono sorte ovunque onde portare il luogo ad un livello migliore e di alta competitivit\u00e0 con altre localit\u00e0 turistiche non solo delle Dolomiti, ma di tutta la catena delle Alpi\u201d e va perci\u00f2 dato atto e altissimo merito a quanti \u201csi sono scrollati di dosso le vecchie antiche abitudini ed i vecchi antichi bisogni: si \u00e8 creata una nuova mentalit\u00e0, si \u00e8 migliorato il tenore di vita proprio e dei propri figli ed ora si guarda al futuro con minore ansia e con maggiore sicurezza\u2026\u201d.<\/p>\n\n\t\t\t<style type='text\/css'>\n\t\t\t\t#gallery-6 {\n\t\t\t\t\tmargin: auto;\n\t\t\t\t}\n\t\t\t\t#gallery-6 .gallery-item {\n\t\t\t\t\tfloat: left;\n\t\t\t\t\tmargin-top: 10px;\n\t\t\t\t\ttext-align: center;\n\t\t\t\t\twidth: 14%;\n\t\t\t\t}\n\t\t\t\t#gallery-6 img {\n\t\t\t\t\tborder: 2px solid #cfcfcf;\n\t\t\t\t}\n\t\t\t\t#gallery-6 .gallery-caption {\n\t\t\t\t\tmargin-left: 0;\n\t\t\t\t}\n\t\t\t\t\/* see gallery_shortcode() in wp-includes\/media.php *\/\n\t\t\t<\/style>\n\t\t<div id='gallery-6' class='dt-gallery-container gallery galleryid-162222 gallery-columns-7 gallery-size-thumbnail'><dl class='gallery-item'>\n\t\t\t\t<dt class='gallery-icon portrait'>\n\t\t\t\t\t<a class=\"rollover rollover-zoom dt-pswp-item\" title=\"120146460_333641321192041_1615814282081764334_n\" data-dt-img-description=\"\" data-large_image_width=\"194\" data-large_image_height=\"259\"href='https:\/\/www.radiopiu.net\/wordpress\/wp-content\/uploads\/2020\/09\/120146460_333641321192041_1615814282081764334_n.jpg'><img loading=\"lazy\" decoding=\"async\" width=\"150\" height=\"150\" src=\"https:\/\/www.radiopiu.net\/wordpress\/wp-content\/uploads\/2020\/09\/120146460_333641321192041_1615814282081764334_n-150x150.jpg\" class=\"attachment-thumbnail size-thumbnail\" alt=\"\" srcset=\"https:\/\/www.radiopiu.net\/wordpress\/wp-content\/uploads\/2020\/09\/120146460_333641321192041_1615814282081764334_n-150x150.jpg 150w, https:\/\/www.radiopiu.net\/wordpress\/wp-content\/uploads\/2020\/09\/120146460_333641321192041_1615814282081764334_n-125x125.jpg 125w, https:\/\/www.radiopiu.net\/wordpress\/wp-content\/uploads\/2020\/09\/120146460_333641321192041_1615814282081764334_n-80x80.jpg 80w\" sizes=\"auto, (max-width: 150px) 100vw, 150px\" \/><\/a>\n\t\t\t\t<\/dt><\/dl><dl class='gallery-item'>\n\t\t\t\t<dt class='gallery-icon landscape'>\n\t\t\t\t\t<a class=\"rollover rollover-zoom dt-pswp-item\" title=\"120116540_2673196326255585_4785973197839776838_n\" data-dt-img-description=\"\" data-large_image_width=\"2048\" data-large_image_height=\"1606\"href='https:\/\/www.radiopiu.net\/wordpress\/wp-content\/uploads\/2020\/09\/120116540_2673196326255585_4785973197839776838_n.jpg'><img loading=\"lazy\" decoding=\"async\" width=\"150\" height=\"150\" src=\"https:\/\/www.radiopiu.net\/wordpress\/wp-content\/uploads\/2020\/09\/120116540_2673196326255585_4785973197839776838_n-150x150.jpg\" class=\"attachment-thumbnail size-thumbnail\" alt=\"\" srcset=\"https:\/\/www.radiopiu.net\/wordpress\/wp-content\/uploads\/2020\/09\/120116540_2673196326255585_4785973197839776838_n-150x150.jpg 150w, https:\/\/www.radiopiu.net\/wordpress\/wp-content\/uploads\/2020\/09\/120116540_2673196326255585_4785973197839776838_n-125x125.jpg 125w, https:\/\/www.radiopiu.net\/wordpress\/wp-content\/uploads\/2020\/09\/120116540_2673196326255585_4785973197839776838_n-200x200.jpg 200w, https:\/\/www.radiopiu.net\/wordpress\/wp-content\/uploads\/2020\/09\/120116540_2673196326255585_4785973197839776838_n-80x80.jpg 80w\" sizes=\"auto, (max-width: 150px) 100vw, 150px\" \/><\/a>\n\t\t\t\t<\/dt><\/dl><dl class='gallery-item'>\n\t\t\t\t<dt class='gallery-icon portrait'>\n\t\t\t\t\t<a class=\"rollover rollover-zoom dt-pswp-item\" title=\"120142858_1866655236809666_9166158987447530606_n\" data-dt-img-description=\"\" data-large_image_width=\"1592\" data-large_image_height=\"2048\"href='https:\/\/www.radiopiu.net\/wordpress\/wp-content\/uploads\/2020\/09\/120142858_1866655236809666_9166158987447530606_n.jpg'><img loading=\"lazy\" decoding=\"async\" width=\"150\" height=\"150\" src=\"https:\/\/www.radiopiu.net\/wordpress\/wp-content\/uploads\/2020\/09\/120142858_1866655236809666_9166158987447530606_n-150x150.jpg\" class=\"attachment-thumbnail size-thumbnail\" alt=\"\" srcset=\"https:\/\/www.radiopiu.net\/wordpress\/wp-content\/uploads\/2020\/09\/120142858_1866655236809666_9166158987447530606_n-150x150.jpg 150w, https:\/\/www.radiopiu.net\/wordpress\/wp-content\/uploads\/2020\/09\/120142858_1866655236809666_9166158987447530606_n-125x125.jpg 125w, https:\/\/www.radiopiu.net\/wordpress\/wp-content\/uploads\/2020\/09\/120142858_1866655236809666_9166158987447530606_n-200x200.jpg 200w, https:\/\/www.radiopiu.net\/wordpress\/wp-content\/uploads\/2020\/09\/120142858_1866655236809666_9166158987447530606_n-80x80.jpg 80w\" sizes=\"auto, (max-width: 150px) 100vw, 150px\" \/><\/a>\n\t\t\t\t<\/dt><\/dl><dl class='gallery-item'>\n\t\t\t\t<dt class='gallery-icon landscape'>\n\t\t\t\t\t<a class=\"rollover rollover-zoom dt-pswp-item\" title=\"120092432_2627675390896133_3255980152005068561_n\" data-dt-img-description=\"\" data-large_image_width=\"2048\" data-large_image_height=\"1456\"href='https:\/\/www.radiopiu.net\/wordpress\/wp-content\/uploads\/2020\/09\/120092432_2627675390896133_3255980152005068561_n.jpg'><img loading=\"lazy\" decoding=\"async\" width=\"150\" height=\"150\" src=\"https:\/\/www.radiopiu.net\/wordpress\/wp-content\/uploads\/2020\/09\/120092432_2627675390896133_3255980152005068561_n-150x150.jpg\" class=\"attachment-thumbnail size-thumbnail\" alt=\"\" srcset=\"https:\/\/www.radiopiu.net\/wordpress\/wp-content\/uploads\/2020\/09\/120092432_2627675390896133_3255980152005068561_n-150x150.jpg 150w, https:\/\/www.radiopiu.net\/wordpress\/wp-content\/uploads\/2020\/09\/120092432_2627675390896133_3255980152005068561_n-125x125.jpg 125w, https:\/\/www.radiopiu.net\/wordpress\/wp-content\/uploads\/2020\/09\/120092432_2627675390896133_3255980152005068561_n-200x200.jpg 200w, https:\/\/www.radiopiu.net\/wordpress\/wp-content\/uploads\/2020\/09\/120092432_2627675390896133_3255980152005068561_n-80x80.jpg 80w\" sizes=\"auto, (max-width: 150px) 100vw, 150px\" \/><\/a>\n\t\t\t\t<\/dt><\/dl><dl class='gallery-item'>\n\t\t\t\t<dt class='gallery-icon landscape'>\n\t\t\t\t\t<a class=\"rollover rollover-zoom dt-pswp-item\" title=\"120089117_327191091677554_2792951483619438941_n\" data-dt-img-description=\"\" data-large_image_width=\"2048\" data-large_image_height=\"1283\"href='https:\/\/www.radiopiu.net\/wordpress\/wp-content\/uploads\/2020\/09\/120089117_327191091677554_2792951483619438941_n.jpg'><img loading=\"lazy\" decoding=\"async\" width=\"150\" height=\"150\" src=\"https:\/\/www.radiopiu.net\/wordpress\/wp-content\/uploads\/2020\/09\/120089117_327191091677554_2792951483619438941_n-150x150.jpg\" class=\"attachment-thumbnail size-thumbnail\" alt=\"\" srcset=\"https:\/\/www.radiopiu.net\/wordpress\/wp-content\/uploads\/2020\/09\/120089117_327191091677554_2792951483619438941_n-150x150.jpg 150w, https:\/\/www.radiopiu.net\/wordpress\/wp-content\/uploads\/2020\/09\/120089117_327191091677554_2792951483619438941_n-125x125.jpg 125w, https:\/\/www.radiopiu.net\/wordpress\/wp-content\/uploads\/2020\/09\/120089117_327191091677554_2792951483619438941_n-200x200.jpg 200w, https:\/\/www.radiopiu.net\/wordpress\/wp-content\/uploads\/2020\/09\/120089117_327191091677554_2792951483619438941_n-80x80.jpg 80w\" sizes=\"auto, (max-width: 150px) 100vw, 150px\" \/><\/a>\n\t\t\t\t<\/dt><\/dl><dl class='gallery-item'>\n\t\t\t\t<dt class='gallery-icon landscape'>\n\t\t\t\t\t<a class=\"rollover rollover-zoom dt-pswp-item\" title=\"120091864_788413858400453_3406917642787834093_n\" data-dt-img-description=\"\" data-large_image_width=\"2048\" data-large_image_height=\"1416\"href='https:\/\/www.radiopiu.net\/wordpress\/wp-content\/uploads\/2020\/09\/120091864_788413858400453_3406917642787834093_n.jpg'><img loading=\"lazy\" decoding=\"async\" width=\"150\" height=\"150\" src=\"https:\/\/www.radiopiu.net\/wordpress\/wp-content\/uploads\/2020\/09\/120091864_788413858400453_3406917642787834093_n-150x150.jpg\" class=\"attachment-thumbnail size-thumbnail\" alt=\"\" srcset=\"https:\/\/www.radiopiu.net\/wordpress\/wp-content\/uploads\/2020\/09\/120091864_788413858400453_3406917642787834093_n-150x150.jpg 150w, https:\/\/www.radiopiu.net\/wordpress\/wp-content\/uploads\/2020\/09\/120091864_788413858400453_3406917642787834093_n-125x125.jpg 125w, https:\/\/www.radiopiu.net\/wordpress\/wp-content\/uploads\/2020\/09\/120091864_788413858400453_3406917642787834093_n-200x200.jpg 200w, https:\/\/www.radiopiu.net\/wordpress\/wp-content\/uploads\/2020\/09\/120091864_788413858400453_3406917642787834093_n-80x80.jpg 80w\" sizes=\"auto, (max-width: 150px) 100vw, 150px\" \/><\/a>\n\t\t\t\t<\/dt><\/dl><dl class='gallery-item'>\n\t\t\t\t<dt class='gallery-icon landscape'>\n\t\t\t\t\t<a class=\"rollover rollover-zoom dt-pswp-item\" title=\"120107150_659313824698074_2840788865853689790_n\" data-dt-img-description=\"\" data-large_image_width=\"2048\" data-large_image_height=\"1484\"href='https:\/\/www.radiopiu.net\/wordpress\/wp-content\/uploads\/2020\/09\/120107150_659313824698074_2840788865853689790_n.jpg'><img loading=\"lazy\" decoding=\"async\" width=\"150\" height=\"150\" src=\"https:\/\/www.radiopiu.net\/wordpress\/wp-content\/uploads\/2020\/09\/120107150_659313824698074_2840788865853689790_n-150x150.jpg\" class=\"attachment-thumbnail size-thumbnail\" alt=\"\" srcset=\"https:\/\/www.radiopiu.net\/wordpress\/wp-content\/uploads\/2020\/09\/120107150_659313824698074_2840788865853689790_n-150x150.jpg 150w, https:\/\/www.radiopiu.net\/wordpress\/wp-content\/uploads\/2020\/09\/120107150_659313824698074_2840788865853689790_n-125x125.jpg 125w, https:\/\/www.radiopiu.net\/wordpress\/wp-content\/uploads\/2020\/09\/120107150_659313824698074_2840788865853689790_n-200x200.jpg 200w, https:\/\/www.radiopiu.net\/wordpress\/wp-content\/uploads\/2020\/09\/120107150_659313824698074_2840788865853689790_n-80x80.jpg 80w\" sizes=\"auto, (max-width: 150px) 100vw, 150px\" \/><\/a>\n\t\t\t\t<\/dt><\/dl><br style=\"clear: both\" \/><dl class='gallery-item'>\n\t\t\t\t<dt class='gallery-icon landscape'>\n\t\t\t\t\t<a class=\"rollover rollover-zoom dt-pswp-item\" title=\"120149087_324956485448027_3353622437194144748_n\" data-dt-img-description=\"\" data-large_image_width=\"2048\" data-large_image_height=\"1443\"href='https:\/\/www.radiopiu.net\/wordpress\/wp-content\/uploads\/2020\/09\/120149087_324956485448027_3353622437194144748_n.jpg'><img loading=\"lazy\" decoding=\"async\" width=\"150\" height=\"150\" src=\"https:\/\/www.radiopiu.net\/wordpress\/wp-content\/uploads\/2020\/09\/120149087_324956485448027_3353622437194144748_n-150x150.jpg\" class=\"attachment-thumbnail size-thumbnail\" alt=\"\" srcset=\"https:\/\/www.radiopiu.net\/wordpress\/wp-content\/uploads\/2020\/09\/120149087_324956485448027_3353622437194144748_n-150x150.jpg 150w, https:\/\/www.radiopiu.net\/wordpress\/wp-content\/uploads\/2020\/09\/120149087_324956485448027_3353622437194144748_n-125x125.jpg 125w, https:\/\/www.radiopiu.net\/wordpress\/wp-content\/uploads\/2020\/09\/120149087_324956485448027_3353622437194144748_n-200x200.jpg 200w, https:\/\/www.radiopiu.net\/wordpress\/wp-content\/uploads\/2020\/09\/120149087_324956485448027_3353622437194144748_n-80x80.jpg 80w\" sizes=\"auto, (max-width: 150px) 100vw, 150px\" \/><\/a>\n\t\t\t\t<\/dt><\/dl><dl class='gallery-item'>\n\t\t\t\t<dt class='gallery-icon landscape'>\n\t\t\t\t\t<a class=\"rollover rollover-zoom dt-pswp-item\" title=\"120194561_815889732503411_3974364105137500503_n\" data-dt-img-description=\"\" data-large_image_width=\"2048\" data-large_image_height=\"1264\"href='https:\/\/www.radiopiu.net\/wordpress\/wp-content\/uploads\/2020\/09\/120194561_815889732503411_3974364105137500503_n.jpg'><img loading=\"lazy\" decoding=\"async\" width=\"150\" height=\"150\" src=\"https:\/\/www.radiopiu.net\/wordpress\/wp-content\/uploads\/2020\/09\/120194561_815889732503411_3974364105137500503_n-150x150.jpg\" class=\"attachment-thumbnail size-thumbnail\" alt=\"\" srcset=\"https:\/\/www.radiopiu.net\/wordpress\/wp-content\/uploads\/2020\/09\/120194561_815889732503411_3974364105137500503_n-150x150.jpg 150w, https:\/\/www.radiopiu.net\/wordpress\/wp-content\/uploads\/2020\/09\/120194561_815889732503411_3974364105137500503_n-125x125.jpg 125w, https:\/\/www.radiopiu.net\/wordpress\/wp-content\/uploads\/2020\/09\/120194561_815889732503411_3974364105137500503_n-200x200.jpg 200w, https:\/\/www.radiopiu.net\/wordpress\/wp-content\/uploads\/2020\/09\/120194561_815889732503411_3974364105137500503_n-80x80.jpg 80w\" sizes=\"auto, (max-width: 150px) 100vw, 150px\" \/><\/a>\n\t\t\t\t<\/dt><\/dl><dl class='gallery-item'>\n\t\t\t\t<dt class='gallery-icon landscape'>\n\t\t\t\t\t<a class=\"rollover rollover-zoom dt-pswp-item\" title=\"120194960_245045043585806_1457438666026191840_n\" data-dt-img-description=\"\" data-large_image_width=\"2048\" data-large_image_height=\"1511\"href='https:\/\/www.radiopiu.net\/wordpress\/wp-content\/uploads\/2020\/09\/120194960_245045043585806_1457438666026191840_n.jpg'><img loading=\"lazy\" decoding=\"async\" width=\"150\" height=\"150\" src=\"https:\/\/www.radiopiu.net\/wordpress\/wp-content\/uploads\/2020\/09\/120194960_245045043585806_1457438666026191840_n-150x150.jpg\" class=\"attachment-thumbnail size-thumbnail\" alt=\"\" srcset=\"https:\/\/www.radiopiu.net\/wordpress\/wp-content\/uploads\/2020\/09\/120194960_245045043585806_1457438666026191840_n-150x150.jpg 150w, https:\/\/www.radiopiu.net\/wordpress\/wp-content\/uploads\/2020\/09\/120194960_245045043585806_1457438666026191840_n-125x125.jpg 125w, https:\/\/www.radiopiu.net\/wordpress\/wp-content\/uploads\/2020\/09\/120194960_245045043585806_1457438666026191840_n-200x200.jpg 200w, https:\/\/www.radiopiu.net\/wordpress\/wp-content\/uploads\/2020\/09\/120194960_245045043585806_1457438666026191840_n-80x80.jpg 80w\" sizes=\"auto, (max-width: 150px) 100vw, 150px\" \/><\/a>\n\t\t\t\t<\/dt><\/dl><dl class='gallery-item'>\n\t\t\t\t<dt class='gallery-icon landscape'>\n\t\t\t\t\t<a class=\"rollover rollover-zoom dt-pswp-item\" title=\"120157346_3474431679262282_4202839268156065728_n\" data-dt-img-description=\"\" data-large_image_width=\"2048\" data-large_image_height=\"1452\"href='https:\/\/www.radiopiu.net\/wordpress\/wp-content\/uploads\/2020\/09\/120157346_3474431679262282_4202839268156065728_n.jpg'><img loading=\"lazy\" decoding=\"async\" width=\"150\" height=\"150\" src=\"https:\/\/www.radiopiu.net\/wordpress\/wp-content\/uploads\/2020\/09\/120157346_3474431679262282_4202839268156065728_n-150x150.jpg\" class=\"attachment-thumbnail size-thumbnail\" alt=\"\" srcset=\"https:\/\/www.radiopiu.net\/wordpress\/wp-content\/uploads\/2020\/09\/120157346_3474431679262282_4202839268156065728_n-150x150.jpg 150w, https:\/\/www.radiopiu.net\/wordpress\/wp-content\/uploads\/2020\/09\/120157346_3474431679262282_4202839268156065728_n-125x125.jpg 125w, https:\/\/www.radiopiu.net\/wordpress\/wp-content\/uploads\/2020\/09\/120157346_3474431679262282_4202839268156065728_n-200x200.jpg 200w, https:\/\/www.radiopiu.net\/wordpress\/wp-content\/uploads\/2020\/09\/120157346_3474431679262282_4202839268156065728_n-80x80.jpg 80w\" sizes=\"auto, (max-width: 150px) 100vw, 150px\" \/><\/a>\n\t\t\t\t<\/dt><\/dl><dl class='gallery-item'>\n\t\t\t\t<dt class='gallery-icon portrait'>\n\t\t\t\t\t<a class=\"rollover rollover-zoom dt-pswp-item\" title=\"120203115_335409267571708_1035316284458042913_n\" data-dt-img-description=\"\" data-large_image_width=\"1523\" data-large_image_height=\"2048\"href='https:\/\/www.radiopiu.net\/wordpress\/wp-content\/uploads\/2020\/09\/120203115_335409267571708_1035316284458042913_n.jpg'><img loading=\"lazy\" decoding=\"async\" width=\"150\" height=\"150\" src=\"https:\/\/www.radiopiu.net\/wordpress\/wp-content\/uploads\/2020\/09\/120203115_335409267571708_1035316284458042913_n-150x150.jpg\" class=\"attachment-thumbnail size-thumbnail\" alt=\"\" srcset=\"https:\/\/www.radiopiu.net\/wordpress\/wp-content\/uploads\/2020\/09\/120203115_335409267571708_1035316284458042913_n-150x150.jpg 150w, https:\/\/www.radiopiu.net\/wordpress\/wp-content\/uploads\/2020\/09\/120203115_335409267571708_1035316284458042913_n-125x125.jpg 125w, https:\/\/www.radiopiu.net\/wordpress\/wp-content\/uploads\/2020\/09\/120203115_335409267571708_1035316284458042913_n-200x200.jpg 200w, https:\/\/www.radiopiu.net\/wordpress\/wp-content\/uploads\/2020\/09\/120203115_335409267571708_1035316284458042913_n-80x80.jpg 80w\" sizes=\"auto, (max-width: 150px) 100vw, 150px\" \/><\/a>\n\t\t\t\t<\/dt><\/dl><dl class='gallery-item'>\n\t\t\t\t<dt class='gallery-icon portrait'>\n\t\t\t\t\t<a class=\"rollover rollover-zoom dt-pswp-item\" title=\"120075879_356532829060882_6825464636163243906_n\" data-dt-img-description=\"\" data-large_image_width=\"1257\" data-large_image_height=\"2048\"href='https:\/\/www.radiopiu.net\/wordpress\/wp-content\/uploads\/2020\/09\/120075879_356532829060882_6825464636163243906_n.jpg'><img loading=\"lazy\" decoding=\"async\" width=\"150\" height=\"150\" src=\"https:\/\/www.radiopiu.net\/wordpress\/wp-content\/uploads\/2020\/09\/120075879_356532829060882_6825464636163243906_n-150x150.jpg\" class=\"attachment-thumbnail size-thumbnail\" alt=\"\" srcset=\"https:\/\/www.radiopiu.net\/wordpress\/wp-content\/uploads\/2020\/09\/120075879_356532829060882_6825464636163243906_n-150x150.jpg 150w, https:\/\/www.radiopiu.net\/wordpress\/wp-content\/uploads\/2020\/09\/120075879_356532829060882_6825464636163243906_n-125x125.jpg 125w, https:\/\/www.radiopiu.net\/wordpress\/wp-content\/uploads\/2020\/09\/120075879_356532829060882_6825464636163243906_n-200x200.jpg 200w, https:\/\/www.radiopiu.net\/wordpress\/wp-content\/uploads\/2020\/09\/120075879_356532829060882_6825464636163243906_n-80x80.jpg 80w\" sizes=\"auto, (max-width: 150px) 100vw, 150px\" \/><\/a>\n\t\t\t\t<\/dt><\/dl><dl class='gallery-item'>\n\t\t\t\t<dt class='gallery-icon portrait'>\n\t\t\t\t\t<a class=\"rollover rollover-zoom dt-pswp-item\" title=\"120105870_376430910055605_4646022733337092530_n\" data-dt-img-description=\"\" data-large_image_width=\"1387\" data-large_image_height=\"2048\"href='https:\/\/www.radiopiu.net\/wordpress\/wp-content\/uploads\/2020\/09\/120105870_376430910055605_4646022733337092530_n.jpg'><img loading=\"lazy\" decoding=\"async\" width=\"150\" height=\"150\" src=\"https:\/\/www.radiopiu.net\/wordpress\/wp-content\/uploads\/2020\/09\/120105870_376430910055605_4646022733337092530_n-150x150.jpg\" class=\"attachment-thumbnail size-thumbnail\" alt=\"\" srcset=\"https:\/\/www.radiopiu.net\/wordpress\/wp-content\/uploads\/2020\/09\/120105870_376430910055605_4646022733337092530_n-150x150.jpg 150w, https:\/\/www.radiopiu.net\/wordpress\/wp-content\/uploads\/2020\/09\/120105870_376430910055605_4646022733337092530_n-125x125.jpg 125w, https:\/\/www.radiopiu.net\/wordpress\/wp-content\/uploads\/2020\/09\/120105870_376430910055605_4646022733337092530_n-200x200.jpg 200w, https:\/\/www.radiopiu.net\/wordpress\/wp-content\/uploads\/2020\/09\/120105870_376430910055605_4646022733337092530_n-80x80.jpg 80w\" sizes=\"auto, (max-width: 150px) 100vw, 150px\" \/><\/a>\n\t\t\t\t<\/dt><\/dl><br style=\"clear: both\" \/>\n\t\t\t<\/div>\n\n<p>NELLE FOTO (archivio Renato Bona e riproduzioni dal libro edito dal Comune di Falcade nel 1982): l\u2018autore, Bepi Pellegrinon; la copertina della pubblicazione; Piazza de S. Bastian con la Chiesa e la vecchia canonica; don Augusto Pellegrini ed un gruppo di giovinetti davanti alla canonica; immagine del 1895 (alla data si risale per il fatto che si sta costruendo la \u201cCiasa dei Z\u00e8goi\u201d a Rif); le \u201cciase\u201d dei Danela e dei Corda le abitazioni pi\u00f9 avanzate della plaga segativa delle Busche costituiscono l\u2019estrema periferia di Pedefalcade. In primo piano la gentildonna contessa Piatti; nel 1910 ad iniziativa del parroco Antonio De Cassan viene demolito a Falcade Alto il tabi\u00e0 dei Dur per far posto alla Casa del popolo, ultimata nel 1914, dove si far\u00e0 scuola serale e funzioner\u00e0 una biblioteca circolante; sono al lavoro: Luca Scola Sliss, Giovanni Costa Nese, Agostino e Sante De Pellegrini Dur, don Antonio De Cassan, Girolamo Cagnati, Daniele De Pellegrini Malta ed il segretari comunale Callegari; 1909: la bella immagine evidenzia l\u2019assetto urbanistico di Strim, Caruo, Col de Rif e la Foca; a sinistra la strada delle Giare, a destra quella per la Fioita; anno 1894: Caviola nel fervore della coltivazione dei campi; l\u2019albergo Alla Corona nella localit\u00e0 La Mora, condotto dalla famiglia Tognetti, tappa d\u2019obbligo per i turisti che si avventuravano nella Valle del Biois; uomini e bestie al lavoro: il duro e macchinoso trasporto da Pedefalcade alla nuova Centrale dei \u201cpezzi\u201d da montare; il giovanotto al centro di questa immagine del 1912 \u00e8 Emilio Cagnati; la centrale delle Podisse poco a monte del Ponte della Sega, quasi nel letto del torrente Biois, costruita per volont\u00e0 tenace della popolazione nel 1912. Primi a ricevere la luce la locanda Al Cavallino e l\u2019albergo Focobon; neanche quattro anni dopo la centralina veniva distrutta da una grandiosa valanga di neve precipitata dal Col Pizzol per la Val de Agort; Anni Trenta: la festa del rientro dall\u2019alpeggio degli uomini con le loro bestie; un angolo perduto per sempre: la Siega del Baro a Molin Bas con la condotta dell\u2019acqua; l\u2019utilizzazione intelligente delle risorse ambientali tra cui il legname di larice ed abete \u00e8 una delle costanti delle attivit\u00e0 artigianali locali; 1900 circa: la zona delle Brostolade e dei Ronch agli albori dell\u2019urbanizzazione avvenuta in seguito all\u2019incendio di Pedefalcade dell\u20198 febbraio 1893; alcune famiglie dei senzatetto: B\u00e8da, Mente, Biasogn e Laurenz ricostruirono qui le loro abitazioni.<\/p>\n<p>&nbsp;<\/p>\n<p>&nbsp;<\/p>\n<hr \/>\n<p>&nbsp;<\/p>\n<p><a class=\"dt-pswp-item\" href=\"https:\/\/www.radiopiu.net\/wordpress\/wp-content\/uploads\/2018\/09\/appuntamenti.jpeg\" data-dt-img-description=\"\" data-large_image_width=\"800\" data-large_image_height=\"100\"><img loading=\"lazy\" decoding=\"async\" class=\"aligncenter wp-image-61958 size-full\" src=\"https:\/\/www.radiopiu.net\/wordpress\/wp-content\/uploads\/2018\/09\/appuntamenti.jpeg\" alt=\"\" width=\"800\" height=\"100\" srcset=\"https:\/\/www.radiopiu.net\/wordpress\/wp-content\/uploads\/2018\/09\/appuntamenti.jpeg 800w, https:\/\/www.radiopiu.net\/wordpress\/wp-content\/uploads\/2018\/09\/appuntamenti-300x38.jpeg 300w, https:\/\/www.radiopiu.net\/wordpress\/wp-content\/uploads\/2018\/09\/appuntamenti-768x96.jpeg 768w\" sizes=\"auto, (max-width: 800px) 100vw, 800px\" \/><\/a><\/p>\n<h3><\/h3>\n<blockquote>\n<h3>DA\u00a0 DOMANI\u00a0 A VILLA PATT DI SEDICO LA MOSTRA MERCATO<\/h3>\n<\/blockquote>\n<p><strong><a class=\"dt-pswp-item\" href=\"https:\/\/www.radiopiu.net\/wordpress\/wp-content\/uploads\/2020\/09\/d8e1c7c0-750c-4e87-8bcf-788f5111ba49.jpg\" data-dt-img-description=\"\" data-large_image_width=\"1080\" data-large_image_height=\"1558\"><img loading=\"lazy\" decoding=\"async\" class=\"size-medium wp-image-161174 alignleft\" src=\"https:\/\/www.radiopiu.net\/wordpress\/wp-content\/uploads\/2020\/09\/d8e1c7c0-750c-4e87-8bcf-788f5111ba49-208x300.jpg\" alt=\"\" width=\"208\" height=\"300\" srcset=\"https:\/\/www.radiopiu.net\/wordpress\/wp-content\/uploads\/2020\/09\/d8e1c7c0-750c-4e87-8bcf-788f5111ba49-208x300.jpg 208w, https:\/\/www.radiopiu.net\/wordpress\/wp-content\/uploads\/2020\/09\/d8e1c7c0-750c-4e87-8bcf-788f5111ba49-710x1024.jpg 710w, https:\/\/www.radiopiu.net\/wordpress\/wp-content\/uploads\/2020\/09\/d8e1c7c0-750c-4e87-8bcf-788f5111ba49-768x1108.jpg 768w, https:\/\/www.radiopiu.net\/wordpress\/wp-content\/uploads\/2020\/09\/d8e1c7c0-750c-4e87-8bcf-788f5111ba49-1065x1536.jpg 1065w, https:\/\/www.radiopiu.net\/wordpress\/wp-content\/uploads\/2020\/09\/d8e1c7c0-750c-4e87-8bcf-788f5111ba49-333x480.jpg 333w, https:\/\/www.radiopiu.net\/wordpress\/wp-content\/uploads\/2020\/09\/d8e1c7c0-750c-4e87-8bcf-788f5111ba49.jpg 1080w\" sizes=\"auto, (max-width: 208px) 100vw, 208px\" \/><\/a>SEDICO<\/strong> Mostra mercato colori, sapori e profumi d&#8217;autunno, si terr\u00e0 a Villa Patt con esposizione di prodotti agricoli, hobbystica, la rassegna e mostra del cavallo, esposizione trattori d&#8217;epoca. Domani alle 20 proiezione all&#8217;aperto del documentario di Stefano Usardi a cura dell&#8217;associazione Time Farm. Domenica\u00a0 dalle 9.30 la rassegna mostra del cavallo Noriker, nel pomeriggio alle 16 spettacoli a cavallo, alle 18 concerto del corpo musicale comunale di Sedico. Funzioneranno i chioschi. Domenica mostra mercato dalle 9, in sala affreschi concorso formaggi di malga &#8220;la forma in malga&#8221; 34esima rassegna formaggi di malga dell&#8217;Agordino e provincia. In mattinata spettacoli equestri e con ApiDolomiti: storia, metodi di produzione, piccola degustazione con gli apicoltori della provincia ed il relatore Andrea Ottolina &#8220;Idromele, una bevanda al miele antica e moderna&#8221;. Alle 11.30 il pranzo con la proloco, alle 17 spettacolo per cavalli. Nell&#8217;ambito dell&#8217;evento mostra micologia con l&#8217;associazione Bresadola, mostra Bonsai con il gruppo di Feltre, attrezzi, macchine agricole e trattore d&#8217;epoca, Museo storico del 7\u00b0Reggimento Alpini e 4^ vetrina del cavallo di razza.<\/p>\n<p>&nbsp;<\/p>\n<p>&nbsp;<\/p>\n<hr \/>\n<p>&nbsp;<\/p>\n<blockquote>\n<h3>CORSO DI GINNASTICA POSTURALE A CANALE D&#8217;AGORDO<\/h3>\n<\/blockquote>\n<p><strong>CANALE D&#8217;AGORDO<\/strong> L&#8217;associazione Pro Loco di Canale D&#8217;Agordo organizza per questo autunno il corso di ginnastica postulare con la fisioterapista Silvana Andrich. 8 lezioni a partire da luned\u00ec 5 ottobre, dal luned\u00ec al venerd\u00ec dalle 17:30 alle 19:30. Per informazioni o iscrizioni telefonare allo 0437 1948030 (venerd\u00ec, sabato domenica e festivi dalle 9 alle 12 e dalle 15 alle 18) oppure 331 1248034, mail info@prolococanale.it Per le restrizioni e normative per il contenimento del Covid-19 i posti sono limitati.<\/p>\n<p>&nbsp;<\/p>\n<p>&nbsp;<\/p>\n<hr \/>\n<p>&nbsp;<\/p>\n<h3><\/h3>\n<blockquote>\n<h3>NUOVI ORARI PER LE VISTE AL CASTELLO DI ANDRAZ<\/h3>\n<\/blockquote>\n<p>Il castello riaprir\u00e0 nei successivi 4 weekend (fino a domenica 11 ottobre), dal venerd\u00ec alla domenica, con orario leggermente ridotto: dalle 10.00 alle 12.30 e dalle 14.30 alle 17.30. \u00a0Le visite guidate o libere vanno prenotate al 334 33 46 680 o via mail a info@castellodiandraz.it<\/p>\n<p>&nbsp;<\/p>\n<hr \/>\n<p>&nbsp;<\/p>\n<blockquote>\n<h3>ESCURSIONE CON IL CAI DI AGORDO<\/h3>\n<\/blockquote>\n<p><strong>AGORDO<\/strong> La Val Pusteria\u00a0 con il Gruppo del\u00a0Monte Gruppo\u00a0\u00e8 la destinazione dell&#8217;escursione programmata\u00a0per i giorni\u00a010\u00a0e 11\u00a0ottobre.\u00a0Si tratta di diverse cime non particolarmente alte che riservano per\u00f2 prospettive tanto inusuali quanto spettacolari e che celano tra le\u00a0loro rocce scure diversi laghetti di origine glaciale tra cui, il pi\u00f9 grande \u00e8 quello di\u00a0Pausa\u00a0dove sorge l&#8217;omonimo ed accogliente\u00a0Rifugio. Tale struttura rimane aperta fino alla prima decade di novembre e il CAI di Agordo ne approfitta \u00a0nel periodo in cui i colori del mirtillo rosso e dei larici accendono i radi pascoli d&#8217;alta quota.\u00a0L&#8217;escursione \u00e8 valutata\u00a0EE con bevi tratti EEA.\u00a0I posti disponibili sono limitati.<\/p>\n<p>&nbsp;<\/p>\n<p>&nbsp;<\/p>\n<hr \/>\n<p>&nbsp;<\/p>\n<h2>IERI ALLA RADIO<\/h2>\n<p><strong><img decoding=\"async\" class=\"n3VNCb alignleft\" src=\"https:\/\/media-exp1.licdn.com\/dms\/image\/C5603AQFcD4WMYScglg\/profile-displayphoto-shrink_200_200\/0?e=1602720000&amp;v=beta&amp;t=ZzqVqvs3EHktRexsDHidS7z7JbQ1u6QC87Bnc8VDX3g\" alt=\"10+ &quot;Paolo Capraro&quot; profiles | LinkedIn\" data-noaft=\"1\" \/>IL PUNTO SUL SERVIZIO CIVILE, OSPITE PAOLO CAPRARO DAL CSV\u00a0<\/strong><\/p>\n<p><strong>di Claudio Fontanive<\/strong><\/p>\n<audio class=\"wp-audio-shortcode\" id=\"audio-162222-10\" preload=\"none\" style=\"width: 100%;\" controls=\"controls\"><source type=\"audio\/mpeg\" src=\"https:\/\/www.radiopiu.net\/wordpress\/wp-content\/uploads\/2020\/09\/paolo-capraro-servizio-civile-csv.mp3?_=10\" \/><a href=\"https:\/\/www.radiopiu.net\/wordpress\/wp-content\/uploads\/2020\/09\/paolo-capraro-servizio-civile-csv.mp3\">https:\/\/www.radiopiu.net\/wordpress\/wp-content\/uploads\/2020\/09\/paolo-capraro-servizio-civile-csv.mp3<\/a><\/audio>\n<p>&nbsp;<\/p>\n<p>&nbsp;<\/p>\n<hr \/>\n<h2>IERI ALLA RADIO<\/h2>\n<h2><span style=\"color: #ff0000;\">DUE MINUTI UN LIBRO\u00a0<\/span><\/h2>\n<blockquote class=\"wp-embedded-content\" data-secret=\"u4uu9O5GNg\"><p><a href=\"https:\/\/www.radiopiu.net\/wordpress\/anime-feroci\/\">ANIME FEROCI<\/a><\/p><\/blockquote>\n<p><iframe loading=\"lazy\" class=\"wp-embedded-content\" sandbox=\"allow-scripts\" security=\"restricted\" style=\"position: absolute; clip: rect(1px, 1px, 1px, 1px);\" title=\"&#8220;ANIME FEROCI&#8221; &#8212; Radio Pi\u00f9\" src=\"https:\/\/www.radiopiu.net\/wordpress\/anime-feroci\/embed\/#?secret=u4uu9O5GNg\" data-secret=\"u4uu9O5GNg\" width=\"600\" height=\"338\" frameborder=\"0\" marginwidth=\"0\" marginheight=\"0\" scrolling=\"no\"><\/iframe><\/p>\n<h2>LA RACCOLTA COMPLETA<\/h2>\n<blockquote class=\"wp-embedded-content\" data-secret=\"LzhYW7IeSB\"><p><a href=\"https:\/\/www.radiopiu.net\/wordpress\/due-minuti-un-libro\/\">Due minuti un libro<\/a><\/p><\/blockquote>\n<p><iframe loading=\"lazy\" class=\"wp-embedded-content\" sandbox=\"allow-scripts\" security=\"restricted\" style=\"position: absolute; clip: rect(1px, 1px, 1px, 1px);\" title=\"&#8220;Due minuti un libro&#8221; &#8212; Radio Pi\u00f9\" src=\"https:\/\/www.radiopiu.net\/wordpress\/due-minuti-un-libro\/embed\/#?secret=LzhYW7IeSB\" data-secret=\"LzhYW7IeSB\" width=\"600\" height=\"338\" frameborder=\"0\" marginwidth=\"0\" marginheight=\"0\" scrolling=\"no\"><\/iframe><\/p>\n<p>&nbsp;<\/p>\n<p>&nbsp;<\/p>\n<hr \/>\n<p>&nbsp;<\/p>\n<div>\n<h2><span style=\"color: #33cccc;\">I RACCONTI DI PAOLO SOPPELSA il lunedi alle 9.30 e 18.30<\/span><\/h2>\n<h2><span style=\"color: #33cccc;\"><strong>LA RACCOLTA COMPLETA<\/strong><\/span><\/h2>\n<blockquote class=\"wp-embedded-content\" data-secret=\"SPcsq2Kwbr\"><p><a href=\"https:\/\/www.radiopiu.net\/wordpress\/i-racconti-di-paolo-soppelsa\/\">I racconti di Paolo Soppelsa<\/a><\/p><\/blockquote>\n<p><iframe loading=\"lazy\" class=\"wp-embedded-content\" sandbox=\"allow-scripts\" security=\"restricted\" style=\"position: absolute; clip: rect(1px, 1px, 1px, 1px);\" title=\"&#8220;I racconti di Paolo Soppelsa&#8221; &#8212; Radio Pi\u00f9\" src=\"https:\/\/www.radiopiu.net\/wordpress\/i-racconti-di-paolo-soppelsa\/embed\/#?secret=SPcsq2Kwbr\" data-secret=\"SPcsq2Kwbr\" width=\"600\" height=\"338\" frameborder=\"0\" marginwidth=\"0\" marginheight=\"0\" scrolling=\"no\"><\/iframe><\/p>\n<p>&nbsp;<\/p>\n<p>&nbsp;<\/p>\n<hr \/>\n<p>&nbsp;<\/p>\n<h2><span style=\"color: #000080;\"><a class=\"dt-pswp-item\" href=\"https:\/\/www.radiopiu.net\/wordpress\/wp-content\/uploads\/2020\/07\/a8a8cbd6-9ca3-4f14-9e6a-43069c08cd84.jpg\" data-dt-img-description=\"\" data-large_image_width=\"960\" data-large_image_height=\"720\"><img loading=\"lazy\" decoding=\"async\" class=\"wp-image-151434 alignleft\" src=\"https:\/\/www.radiopiu.net\/wordpress\/wp-content\/uploads\/2020\/07\/a8a8cbd6-9ca3-4f14-9e6a-43069c08cd84-300x225.jpg\" alt=\"\" width=\"213\" height=\"160\" srcset=\"https:\/\/www.radiopiu.net\/wordpress\/wp-content\/uploads\/2020\/07\/a8a8cbd6-9ca3-4f14-9e6a-43069c08cd84-300x225.jpg 300w, https:\/\/www.radiopiu.net\/wordpress\/wp-content\/uploads\/2020\/07\/a8a8cbd6-9ca3-4f14-9e6a-43069c08cd84-768x576.jpg 768w, https:\/\/www.radiopiu.net\/wordpress\/wp-content\/uploads\/2020\/07\/a8a8cbd6-9ca3-4f14-9e6a-43069c08cd84.jpg 960w\" sizes=\"auto, (max-width: 213px) 100vw, 213px\" \/><\/a><\/span><\/h2>\n<h2><\/h2>\n<h2><span style=\"color: #000080;\">DON CESARE, IL PENSIERO DEL GIORNO. ALLA RADIO ALLE 7 DEL MATTINO E ALLE 19.30 DELLA SERA.\u00a0\u00a0<\/span><\/h2>\n<\/div>\n<audio class=\"wp-audio-shortcode\" id=\"audio-162222-11\" preload=\"none\" style=\"width: 100%;\" controls=\"controls\"><source type=\"audio\/mpeg\" src=\"https:\/\/www.radiopiu.net\/wordpress\/wp-content\/uploads\/2020\/09\/CESARE-21.mp3?_=11\" \/><a href=\"https:\/\/www.radiopiu.net\/wordpress\/wp-content\/uploads\/2020\/09\/CESARE-21.mp3\">https:\/\/www.radiopiu.net\/wordpress\/wp-content\/uploads\/2020\/09\/CESARE-21.mp3<\/a><\/audio>\n<p>&nbsp;<\/p>\n<div>\n<p>&nbsp;<\/p>\n<hr \/>\n<p>&nbsp;<\/p>\n<p><a class=\"dt-pswp-item\" href=\"https:\/\/www.radiopiu.net\/wordpress\/wp-content\/uploads\/2018\/09\/viabilita.jpeg\" data-dt-img-description=\"\" data-large_image_width=\"800\" data-large_image_height=\"100\"><img loading=\"lazy\" decoding=\"async\" class=\"aligncenter wp-image-61954 size-full\" src=\"https:\/\/www.radiopiu.net\/wordpress\/wp-content\/uploads\/2018\/09\/viabilita.jpeg\" alt=\"\" width=\"800\" height=\"100\" srcset=\"https:\/\/www.radiopiu.net\/wordpress\/wp-content\/uploads\/2018\/09\/viabilita.jpeg 800w, https:\/\/www.radiopiu.net\/wordpress\/wp-content\/uploads\/2018\/09\/viabilita-300x38.jpeg 300w, https:\/\/www.radiopiu.net\/wordpress\/wp-content\/uploads\/2018\/09\/viabilita-768x96.jpeg 768w\" sizes=\"auto, (max-width: 800px) 100vw, 800px\" \/><\/a><\/p>\n<\/div>\n<p><strong>\u00a0\u00a0<\/strong><\/p>\n<p><strong>REGIONALE 203 AGORDINA<\/strong> dal 24 settembre al 18 dicembre (esclusi festivi e prefestivi) senso unico alternato tra Peron e Candaten con movieri dalle 7.30 alle 9 e dalle 16.30 alle 18. Con semaforo negli altri orari<\/p>\n<p><strong>SR 203 AGORDINA<\/strong> Fino al 30 settembre, dalle 8 alle 17, sabato e domenica esclusi, senso unico alternato regolato da semaforo in localit\u00e0 Listolade di Taibon Agordino per asfaltatura tratti interessati dalla posa della fibra ottica<\/p>\n<p><strong>SP 33 DI SAURIS<\/strong> fino al 25 settembre interdizione totale alla viabilit\u00e0 tra Casera Razzo e il confine con la provincia di Udine per messa in sicurezza versante a monte strada<\/p>\n<p><strong>REGIONALE 203 AGORDINA<\/strong> Fino al 18 dicembre (sabato e domenica esclusi) tra Candaten e Peron dalle 7.30 alle 9 e dalle 16.30 alle 18 con movieri e negli altri orari con semaforo, senso unico alternato.<\/p>\n<p><strong>SR 48 DELLE DOLOMITI<\/strong> fino a l&#8217;8 ottobre, dalle 7 alle 18 sabato e domenica esclusi, senso unico alternato regolato da impianto semaforico per miglioramento visibilit\u00e0 incrocio strada per Castello di Andraz<\/p>\n<p><strong>SP 473 DI CROCE D&#8217;AUNE<\/strong> dalle 8 alle 17 fino al 2 ottobre, esclusi sabati e domeniche, senso unico alternato regolato da movieri in localit\u00e0 Croce D&#8217;Aune di Pedavena per sistemazione dissesto idrogeologico<\/p>\n<p><strong>SP 41 DI TIGNES\u00a0<\/strong>Fino al 24 settembre interruzione totale alla viabilit\u00e0 nell&#8217;abitato di Tignes in comune di Alpago, dalle 8 alle 12 e dalle 14:30 alle 17:30 per rifacimento asfaltatura<\/p>\n<p><strong>PROVINCIALE 35 &#8211; LASTE<\/strong> Per allargamento della sede stradale in localit\u00e0 Laste di Sopra limitazioni al transito fino al 15 ottobre esclusi festivi e prefestivi, brevi interruzioni durata massima di 15 minuti tra le 8 e le 12 e tra le 13 e le 17.\u00a0Negli altri orari semaforo e senso unico alternato<\/p>\n<p><strong>SP 7 DI ZOPPE&#8217; <\/strong>fino al 25 settembre, esclusi sabato e domenica, dalle 7:30 alle 12 e dalle 13 alle 17:30, temporanee interruzioni al traffico della durata massima di 30 minuti in comune di Val Di Zoldo per rifacimento rete idrica e fognaria<\/p>\n<p><strong>SP 30 PANORAMICA DEL COMELICO<\/strong> fino al 2 ottobre, esclusi sabati e domeniche, interdizione totale alla viabilit\u00e0 in entrambi i sensi di marcia tra Costa e Costalissoi per messa in sicurezza strada<\/p>\n<p><strong>SP 641 PASSO FEDAIA<\/strong> A\u00a0 Capanna Bill e\u00a0 a Col di Rocca\u00a0 fino al\u00a0 30 settembre senso unico alternato regolato da semaforo.<\/p>\n<p><strong>REGIONALE 203 AGORDINA<\/strong> Fino al 30 settembre (sabato e domenica esclusi) tra Candaten e La Stanga dalle 7.30 alle 9 e dalle 16.30 alle 18 con movieri e negli altri orari con semaforo, senso unico alternato.<\/p>\n<div>\n<p><strong>SR 48 DELLE DOLOMITI<\/strong> FINO\u00a0 AL 30 SETTEMBRE, DALLE 7 ALLE 17, ESCLUSI SABATO E DOMENICA, SALTUARIA ISTITUZIONE DI SENSO UNICO ALTERNATO REGOLATO DA MOVIERI PER PERIODI CONTINUATIVI NON SUPERIORI A 10 MINUTI NEI COMUNI DI CORTINA ED AURONZO DI CADORE PER CARICO SCARICO MATERIALI NECESSARI PER LA POSA DELL&#8217;ELTRODOTTO INTERRATO<\/p>\n<p><strong>SR 48 DELLE DOLOMITI<\/strong>\u00a0 Fino al 30 settembre in localit\u00e0 Pocol (Cortina) senso unico alternato, esclusi sabato e domenica<\/p>\n<p><strong>SR 48 DELLE DOLOMITI<\/strong>\u00a0 Fino al 9 ottobre senso unico alternato in localit\u00e0 Cernadoi, escluso sabato e domeniche<\/p>\n<p><strong>SR 48 DELLE DOLOMITI<\/strong> Fino\u00a0 al 30 settembre esclusi sabato e domenica senso unico alternato tra Cernadoi e Pian Falzarego<\/p>\n<p><strong>SP 30 PANORAMICA DEL COMELICO<\/strong> fino al 23 ottobre, compresi sabati e domeniche, senso unico alternato regolato da semaforo tra Costa e Costalissoi per consolidamento strada<\/p>\n<p><strong>SP 1 MADONNA DEL PIAVE<\/strong>\u00a0fino a revoca, senso unico alternato regolato da semaforo in localit\u00e0 Caorera di Quero Vas per lavori di messa in sicurezza piano viabile<\/p>\n<p>&nbsp;<\/p>\n<hr \/>\n<p>&nbsp;<\/p>\n<p class=\"photoswipe-wrapper\"><a class=\"dt-pswp-item pspw-wrap-ready\" href=\"https:\/\/i0.wp.com\/www.radiopiu.net\/wordpress\/wp-content\/uploads\/2018\/09\/WhatsApp-Image-2018-09-20-at-16.04.06.jpeg?ssl=1\" data-dt-img-description=\"\" data-large_image_width=\"800\" data-large_image_height=\"100\"><img loading=\"lazy\" decoding=\"async\" class=\"aligncenter wp-image-61378 size-full jetpack-lazy-image jetpack-lazy-image--handled\" src=\"https:\/\/i0.wp.com\/www.radiopiu.net\/wordpress\/wp-content\/uploads\/2018\/09\/WhatsApp-Image-2018-09-20-at-16.04.06.jpeg?resize=800%2C100&amp;ssl=1\" sizes=\"auto, (max-width: 800px) 100vw, 800px\" srcset=\"https:\/\/i0.wp.com\/www.radiopiu.net\/wordpress\/wp-content\/uploads\/2018\/09\/WhatsApp-Image-2018-09-20-at-16.04.06.jpeg?w=800&amp;ssl=1 800w, https:\/\/i0.wp.com\/www.radiopiu.net\/wordpress\/wp-content\/uploads\/2018\/09\/WhatsApp-Image-2018-09-20-at-16.04.06.jpeg?resize=300%2C38&amp;ssl=1 300w, https:\/\/i0.wp.com\/www.radiopiu.net\/wordpress\/wp-content\/uploads\/2018\/09\/WhatsApp-Image-2018-09-20-at-16.04.06.jpeg?resize=768%2C96&amp;ssl=1 768w\" alt=\"\" width=\"800\" height=\"100\" data-lazy-loaded=\"1\" \/><\/a><\/p>\n<\/div>\n<p>&nbsp;<\/p>\n<p><center><\/center><center><\/center><center><b>Venerdi 25<\/b><\/center><b>Tempo atteso: <\/b>Nottetempo maltempo seguito da probabile intervallo di variabilit\u00e0 con schiarite e temporanea attenuazione della nuvolosit\u00e0 in mattinata. Al pomeriggio\/sera tempo di nuovo perturbato con cielo coperto e altre precipitazioni, assieme a repentino calo termico per ingresso d&#8217;aria fredda (5\/6\u00b0C in meno di 5\/6 ore).<br \/>\n<b>Precipitazioni: <\/b>Probabilit\u00e0 molto alta (100%) per diffuse precipitazioni notturne, anche temporalesche. Al mattino pausa senza fenomeni, poi nuove diffuse precipitazioni fino a sera (100%). La neve scender\u00e0 dai 2700\/2800 m fino sui 1500\/1600 m, localmente fino sui 1400 m nelle valli dolomitiche pi\u00f9 chiuse; 1800\/1900 m sulle Prealpi. In 36 ore sono previsti cumuli medi di 30\/50 mm, localmente 60\/90 mm in caso di forti temporali. Gli apporti di neve fresca sui 2000\/2200 m saranno di 5-10 cm, localmente fino a 15 cm, sotto tali quote gli spessori diminuiranno con l&#8217;abbassarsi dell&#8217;altitudine.<br \/>\n<b>Temperature: <\/b>Temperature in calo con minime osservate alla sera. Sono previste punte di 14\/15\u00b0C nei fondovalle prealpini e di 9\/11\u00b0C a 1000\/1200 m. Su Prealpi a 1500 m min 4\u00b0C max 10\u00b0C, a 2000 m min 0\u00b0C max 8\u00b0C. Su Dolomiti a 2000 m min -1\u00b0C max 7\u00b0C, a 3000 m min -6\u00b0C max 1\u00b0C.<br \/>\n<b>Venti: <\/b>Nelle valli deboli di direzione variabile, salvo temporanei rinforzi per raffiche temporalesche; in quota moderati\/tesi da sud-sud-ovest, anche forti sulle vette pi\u00f9 alte, a 10-20 km\/h a 2000 e 35-50 km\/h a 3000 m.<\/p>\n<hr \/>\n<p><center><b>Sabato 26<\/b><\/center><b>Tempo atteso: <\/b>Residuo maltempo notturno con nuvolosit\u00e0 ancora estesa. Al mattino copertura nuvolosa spesso assai densa. Poi parziale diradamento delle nubi e qualche squarcio di sereno, pi\u00f9 probabile ed esteso alla sera. Ambiente termico decisamente pi\u00f9 fresco, anche freddo in quota.<br \/>\n<b>Precipitazioni: <\/b>Nella prima parte della notte probabilit\u00e0 medio-alta (50\/70%) di precipitazioni sparse, nevose oltre i 1600\/1800 m, localmente 1500 m nelle valli dolomitiche pi\u00f9 chiuse; sulle Prealpi limite sui 1800\/1900 m. In giornata probabilit\u00e0 bassa, eccetto qualche burrasca di neve mattutina sulle cime dolomitiche centro-settentrionali (10\/20%) e isolati piovaschi sulle Prealpi al pomeriggio (20\/30%).<br \/>\n<b>Temperature: <\/b>Temperature in ulteriore diminuzione rispetto a venerd\u00ec. L&#8217;ambiente sar\u00e0 fresco nelle valli e far\u00e0 freddo in alta quota. Su Prealpi a 1500 m min 2\u00b0C max 5\u00b0C, a 2000 m min -1\u00b0C max 2\u00b0C. Su Dolomiti a 2000 m min -2\u00b0C max 2\u00b0C, a 3000 m min -8\u00b0C max -6\u00b0C.<br \/>\n<b>Venti: <\/b>Nelle valli perlopi\u00f9 deboli settentrionali, su alcuni settori tuttaviai potranno verificarsi improvvise raffiche di Foehn; in quota al mattino venti tesi\/forti da nord, in attenuazione al pomeriggio, a 10-40 km\/h a 2000 e 20-70 km\/h a 3000 m.<\/p>\n<hr \/>\n<p><center><b>Domenica 27<\/b><\/center>Al mattino tratti soleggiati, pi\u00f9 ampi sulle Dolomiti, e presenza di nuvolosit\u00e0 stratiforme medio-alta, pi\u00f9 probabile sulle Prealpi. In seguito parzialmente soleggiato per presenza della nuvolosit\u00e0 alta e medio-alta. Verso sera intensificazione della copertura nuvolosa con rischio di due gocce su Prealpi. Temperature in ulteriore lieve calo. Venti in quota deboli\/moderati da ovest nord-ovest al mattino e da sud-est dal pomeriggio; nelle valli deboli di direzione variabile.<\/p>\n<hr \/>\n<p><center><b>Lunedi 28<\/b><\/center>A inizio giornata molte nubi e modeste precipitazioni, nevose oltre i 1500\/1600 m su Dolomiti e 1700\/1800 m su Prealpi. In mattinata esaurimento dei fenomeni e attenuazione della nuvolosit\u00e0. Al pomeriggio il tempo migliorer\u00e0 con ulteriore diradamento della nuvolosit\u00e0 e rasserenamenti sempre pi\u00f9 ampi. Temperature diurne in contenuto rialzo. In quota venti deboli\/moderati da sud-est al mattino, poi da nord-est, nelle valli deboli di direzione variabile. Previsore: R.L.Th.<\/p>\n<p>&nbsp;<\/p>\n<hr \/>\n<p>&nbsp;<\/p>\n<p><a class=\"dt-pswp-item\" href=\"https:\/\/www.radiopiu.net\/wordpress\/wp-content\/uploads\/2018\/09\/sport.jpg\" data-dt-img-description=\"\" data-large_image_width=\"800\" data-large_image_height=\"100\"><img loading=\"lazy\" decoding=\"async\" class=\"wp-image-60761 size-full aligncenter\" src=\"https:\/\/www.radiopiu.net\/wordpress\/wp-content\/uploads\/2018\/09\/sport.jpg\" alt=\"\" width=\"800\" height=\"100\" srcset=\"https:\/\/www.radiopiu.net\/wordpress\/wp-content\/uploads\/2018\/09\/sport.jpg 800w, https:\/\/www.radiopiu.net\/wordpress\/wp-content\/uploads\/2018\/09\/sport-300x38.jpg 300w, https:\/\/www.radiopiu.net\/wordpress\/wp-content\/uploads\/2018\/09\/sport-768x96.jpg 768w\" sizes=\"auto, (max-width: 800px) 100vw, 800px\" \/><\/a><\/p>\n<p>&nbsp;<\/p>\n<blockquote>\n<h3>\u00c8 UFFICIALE, IL CAMPIONATO IHL PARTIR\u00c0 IL 3 OTTOBRE<\/h3>\n<\/blockquote>\n<p>&nbsp;<\/p>\n<p><strong><a class=\"dt-pswp-item\" href=\"https:\/\/www.radiopiu.net\/wordpress\/wp-content\/uploads\/2020\/08\/ALLEGHE-HOCKEY-GRUPPO-scaled.jpg\" data-dt-img-description=\"\" data-large_image_width=\"2560\" data-large_image_height=\"1703\"><img loading=\"lazy\" decoding=\"async\" class=\"size-medium wp-image-156065 alignleft\" src=\"https:\/\/www.radiopiu.net\/wordpress\/wp-content\/uploads\/2020\/08\/ALLEGHE-HOCKEY-GRUPPO-300x200.jpg\" alt=\"\" width=\"300\" height=\"200\" srcset=\"https:\/\/www.radiopiu.net\/wordpress\/wp-content\/uploads\/2020\/08\/ALLEGHE-HOCKEY-GRUPPO-300x200.jpg 300w, https:\/\/www.radiopiu.net\/wordpress\/wp-content\/uploads\/2020\/08\/ALLEGHE-HOCKEY-GRUPPO-1024x681.jpg 1024w, https:\/\/www.radiopiu.net\/wordpress\/wp-content\/uploads\/2020\/08\/ALLEGHE-HOCKEY-GRUPPO-768x511.jpg 768w, https:\/\/www.radiopiu.net\/wordpress\/wp-content\/uploads\/2020\/08\/ALLEGHE-HOCKEY-GRUPPO-1536x1022.jpg 1536w, https:\/\/www.radiopiu.net\/wordpress\/wp-content\/uploads\/2020\/08\/ALLEGHE-HOCKEY-GRUPPO-2048x1363.jpg 2048w\" sizes=\"auto, (max-width: 300px) 100vw, 300px\" \/><\/a>ALLEGHE<\/strong> La notizia ora \u00e8 ufficiale, l\u2019Italian Hockey League partir\u00e0 il 3 ottobre. Lo si \u00e8 deciso mercoled\u00ec sera dopo una lunga videoconferenza tra i responsabili delle societ\u00e0 iscritte al campionato. Il calendario ufficiale ancora non \u00e8 stato distribuito, anche perch\u00e9 le squadre devono approvarlo all\u2019unanimit\u00e0 entro fine settimana, ma dalle prime indiscrezioni l\u2019Alleghe giocher\u00e0 la prima partita al De Toni.<strong>\u00a0<\/strong><\/p>\n<p><strong>MARCO FERRARIO, CONSIGLIERE DELL\u2019ALLEGHE HOCKEY<\/strong><\/p>\n<audio class=\"wp-audio-shortcode\" id=\"audio-162222-12\" preload=\"none\" style=\"width: 100%;\" controls=\"controls\"><source type=\"audio\/mpeg\" src=\"https:\/\/www.radiopiu.net\/wordpress\/wp-content\/uploads\/2020\/09\/MARCO-FERRARIO-IHL-2021.mp3?_=12\" \/><a href=\"https:\/\/www.radiopiu.net\/wordpress\/wp-content\/uploads\/2020\/09\/MARCO-FERRARIO-IHL-2021.mp3\">https:\/\/www.radiopiu.net\/wordpress\/wp-content\/uploads\/2020\/09\/MARCO-FERRARIO-IHL-2021.mp3<\/a><\/audio>\n<p><strong>IL PRESIDENTE DELL&#8217;ALLEGHE ADRIANO LEVIS<\/strong><\/p>\n<audio class=\"wp-audio-shortcode\" id=\"audio-162222-13\" preload=\"none\" style=\"width: 100%;\" controls=\"controls\"><source type=\"audio\/mpeg\" src=\"https:\/\/www.radiopiu.net\/wordpress\/wp-content\/uploads\/2020\/09\/ADRIANO-LEVIS-INIZIO-IHL.mp3?_=13\" \/><a href=\"https:\/\/www.radiopiu.net\/wordpress\/wp-content\/uploads\/2020\/09\/ADRIANO-LEVIS-INIZIO-IHL.mp3\">https:\/\/www.radiopiu.net\/wordpress\/wp-content\/uploads\/2020\/09\/ADRIANO-LEVIS-INIZIO-IHL.mp3<\/a><\/audio>\n<p>&nbsp;<\/p>\n<h1>IERI ALLA RADIO<\/h1>\n<blockquote class=\"wp-embedded-content\" data-secret=\"JgyZNtZ00k\"><p><a href=\"https:\/\/www.radiopiu.net\/wordpress\/collaudato-il-percorso-di-gara-della-quinta-edizione-del-dolomiti-rally\/\">IERI ALLA RADIO, COLLAUDATO IL PERCORSO DI GARA DELLA QUINTA EDIZIONE DEL DOLOMITI RALLY<\/a><\/p><\/blockquote>\n<p><iframe loading=\"lazy\" class=\"wp-embedded-content\" sandbox=\"allow-scripts\" security=\"restricted\" style=\"position: absolute; clip: rect(1px, 1px, 1px, 1px);\" title=\"&#8220;IERI ALLA RADIO, COLLAUDATO IL PERCORSO DI GARA DELLA QUINTA EDIZIONE DEL DOLOMITI RALLY&#8221; &#8212; Radio Pi\u00f9\" src=\"https:\/\/www.radiopiu.net\/wordpress\/collaudato-il-percorso-di-gara-della-quinta-edizione-del-dolomiti-rally\/embed\/#?secret=JgyZNtZ00k\" data-secret=\"JgyZNtZ00k\" width=\"600\" height=\"338\" frameborder=\"0\" marginwidth=\"0\" marginheight=\"0\" scrolling=\"no\"><\/iframe><\/p>\n<p>&nbsp;<\/p>\n","protected":false},"excerpt":{"rendered":"<p>PER RICEVERE QUESTO NOTIZIARIO DIRETTAMENTE SUL TUO CELLULARE ISCRIVITI AL CANALE TELEGRAM \u201cRADIO PIU\u00a0 INFORMAZIONE&#8221; ATTENZIONE: LA NUOVA APP PER IOS-IPHONE https:\/\/apps.apple.com\/it\/app\/radio-pi%C3%B9-emittente-agordina\/id1515939845 ATTENZIONE: LA NUOVA APP RADIO\u00a0 PER ANDROID https:\/\/play.google.com\/store\/apps\/details?id=net.radiopiu.iniko &nbsp; &nbsp; PER CHI VIAGGIA BELLUNO Mercoledi e giovedi senso unico alternato sul ponte Bailey per permettere le operazioni di verifica della struttura. Disagi previsti&hellip;<\/p>\n","protected":false},"author":4,"featured_media":162291,"comment_status":"closed","ping_status":"closed","sticky":false,"template":"","format":"standard","meta":{"_monsterinsights_skip_tracking":false,"_monsterinsights_sitenote_active":false,"_monsterinsights_sitenote_note":"","_monsterinsights_sitenote_category":0,"footnotes":""},"categories":[1,86,49],"tags":[],"class_list":["post-162222","post","type-post","status-publish","format-standard","has-post-thumbnail","hentry","category-senza-categoria","category-gr","category-news-18","category-1","category-86","category-49","description-off"],"img_url":"https:\/\/www.radiopiu.net\/wordpress\/wp-content\/uploads\/2020\/09\/120138131_1132874623780891_3530571107565897099_n.jpg","_links":{"self":[{"href":"https:\/\/www.radiopiu.net\/wordpress\/wp-json\/wp\/v2\/posts\/162222","targetHints":{"allow":["GET"]}}],"collection":[{"href":"https:\/\/www.radiopiu.net\/wordpress\/wp-json\/wp\/v2\/posts"}],"about":[{"href":"https:\/\/www.radiopiu.net\/wordpress\/wp-json\/wp\/v2\/types\/post"}],"author":[{"embeddable":true,"href":"https:\/\/www.radiopiu.net\/wordpress\/wp-json\/wp\/v2\/users\/4"}],"replies":[{"embeddable":true,"href":"https:\/\/www.radiopiu.net\/wordpress\/wp-json\/wp\/v2\/comments?post=162222"}],"version-history":[{"count":0,"href":"https:\/\/www.radiopiu.net\/wordpress\/wp-json\/wp\/v2\/posts\/162222\/revisions"}],"wp:featuredmedia":[{"embeddable":true,"href":"https:\/\/www.radiopiu.net\/wordpress\/wp-json\/wp\/v2\/media\/162291"}],"wp:attachment":[{"href":"https:\/\/www.radiopiu.net\/wordpress\/wp-json\/wp\/v2\/media?parent=162222"}],"wp:term":[{"taxonomy":"category","embeddable":true,"href":"https:\/\/www.radiopiu.net\/wordpress\/wp-json\/wp\/v2\/categories?post=162222"},{"taxonomy":"post_tag","embeddable":true,"href":"https:\/\/www.radiopiu.net\/wordpress\/wp-json\/wp\/v2\/tags?post=162222"}],"curies":[{"name":"wp","href":"https:\/\/api.w.org\/{rel}","templated":true}]}}