{"id":162225,"date":"2020-09-24T06:02:01","date_gmt":"2020-09-24T04:02:01","guid":{"rendered":"https:\/\/www.radiopiu.net\/wordpress\/?p=162225"},"modified":"2020-09-24T06:05:28","modified_gmt":"2020-09-24T04:05:28","slug":"i-presidenti-delle-squadre-di-seconda-categoria-girone-r-sul-piede-di-guerra-chiedono-un-incontro-urgente-con-lnd-e-ulss","status":"publish","type":"post","link":"https:\/\/www.radiopiu.net\/wordpress\/i-presidenti-delle-squadre-di-seconda-categoria-girone-r-sul-piede-di-guerra-chiedono-un-incontro-urgente-con-lnd-e-ulss\/","title":{"rendered":"I PRESIDENTI DELLE SQUADRE DI SECONDA CATEGORIA GIRONE R SUL PIEDE DI GUERRA. CHIEDONO UN INCONTRO URGENTE CON LND E ULSS"},"content":{"rendered":"<p><strong><a class=\"dt-pswp-item\" href=\"https:\/\/www.radiopiu.net\/wordpress\/wp-content\/uploads\/2020\/09\/calcio-2020.jpg\" data-dt-img-description=\"\" data-large_image_width=\"1920\" data-large_image_height=\"1080\"><img loading=\"lazy\" decoding=\"async\" class=\"size-medium wp-image-162226 alignleft\" src=\"https:\/\/www.radiopiu.net\/wordpress\/wp-content\/uploads\/2020\/09\/calcio-2020-300x169.jpg\" alt=\"\" width=\"300\" height=\"169\" srcset=\"https:\/\/www.radiopiu.net\/wordpress\/wp-content\/uploads\/2020\/09\/calcio-2020-300x169.jpg 300w, https:\/\/www.radiopiu.net\/wordpress\/wp-content\/uploads\/2020\/09\/calcio-2020-1024x576.jpg 1024w, https:\/\/www.radiopiu.net\/wordpress\/wp-content\/uploads\/2020\/09\/calcio-2020-768x432.jpg 768w, https:\/\/www.radiopiu.net\/wordpress\/wp-content\/uploads\/2020\/09\/calcio-2020-1536x864.jpg 1536w, https:\/\/www.radiopiu.net\/wordpress\/wp-content\/uploads\/2020\/09\/calcio-2020-640x360.jpg 640w, https:\/\/www.radiopiu.net\/wordpress\/wp-content\/uploads\/2020\/09\/calcio-2020.jpg 1920w\" sizes=\"auto, (max-width: 300px) 100vw, 300px\" \/><\/a>AGORDO<\/strong> Il calcio al tempo del Covid-19 non naviga in buone acque. Domenica scorsa \u00e8 iniziato il campionato di Seconda Categoria girone R, dove milita anche l&#8217;Agordina. Nella prima giornata giocata due le partite rinviate ma una in particolare ha fatto discutere. Stiamo parlando della sfida tra la trevigiana Fregona e il Ponte Nelle Alpi. \u00a0Nei giorni precedenti alla partita i trevigiani avevano chiesto al Ponte di poter rinviare la sfida ma i pontalpini non avevano accettato. Domenica il Fregona non si \u00e8 presentato al campo e di conseguenza \u00e8 arrivata l&#8217;ammenda da parte della Federazione. Partita persa a tavolino 3 a 0, un punto di penalizzazione e 200 euro di multa per prima rinuncia al campionato dopo non essersi presentati all&#8217;appuntamento di domenica. Il Fregona per\u00f2 ha le sue motivazioni valide per aver preso questa decisione ed \u00e8 una forma di protesta nei confronti di LND e Ulss per le restrizioni adottate in caso di positivit\u00e0 di un giocatore e relativa quarantena. Da qui una lettera firmata da tutti i presidenti della Seconda Categoria girone R dove chiedono un incontro urgente con la Lega Nazionale Dilettanti Veneto, il delegato provinciale di Belluno Orazio Zanin e i Direttori Generali delle Ulss 1 e 2 del Veneto, con minaccia di incrociare le braccia domenica 11 ottobre, quinta giornata di campionato, nel caso in cui l&#8217;incontro non avvenga.<\/p>\n<blockquote><p><strong>LA LETTERA<\/strong><\/p>\n<p>i Presidenti delle sedici squadre iscritte al campionato regionale di Seconda Categoria \u2013 Girone R, durante un partecipato e proficuo incontro svoltosi venerd\u00ec 18 settembre, hanno espresso le difficolt\u00e0 interpretative delle normative e protocolli Covid19; evidenziato l\u2019eccessivo peso delle responsabilit\u00e0 in capo ai DAP o loro delegati; sottolineato la poca chiarezza in alcuni punti operativi da parte della Federazione; oltre a sottolineare l\u2019eccessiva rigidit\u00e0 delle ULSS delle relative provincie di appartenenza in tema di quarantena fiduciaria.\u00a0In particolare questo ultimo punto crea delle difficolt\u00e0 di gestione ed organizzazione delle attivit\u00e0, in particolare per i giocatori delle Prime Squadre, preoccupati delle conseguenze lavorative e sociali di una quarantena tanto lunga anche in caso di negativit\u00e0 a tampone. \u00a0Nella pratica infatti, se un giocatore viene riscontrato positivo, tutti coloro che hanno avuto contatti con lo stesso, debbono andare in quarantena fiduciaria per 15 giorni anche se il tampone \u00e8 negativo. Nella provincia di Belluno ancora non si \u00e8 verificato alcun caso, mentre nella provincia di Treviso, anche se in altre categorie, vi sono gi\u00e0 stati dei casi, con conseguente interruzione dell\u2019attivit\u00e0 e quarantena fiduciaria presso la propria abitazione per i successivi 14 giorni.\u00a0Le societ\u00e0 tutte ritengono ingiustificata questa interpretazione. Evidenziano inoltre che questo tema \u00e8 stato sottoposto alla federazione in vari modi e tempi, senza per\u00f2 risolvere il problema. Giunti a questo punto della stagione la quasi totalit\u00e0 delle scriventi ritiene che sia giusto ed opportuno iniziare i campionati, nel doveroso ed ovvio rispetto delle norme vigenti, dando seguito a tutte le indicazioni del Governo e del Ministero della Salute per una convivenza oculata con la pandemia del Covid19.Riscontriamo infatti, mai come quest\u2019anno, una massiccia presenza dei nostri atleti di tutte le categorie ed et\u00e0 alle sedute di allenamento, segno della necessit\u00e0 da parte loro e delle loro famiglie di riprendere una normale quotidianit\u00e0, sottolineato nei fatti anche dalla ripresa delle scuole.\u00a0Nel silenzio della federazione intendiamo svolgere una azione forte, decisa e soprattutto comune per raggiungere due obiettivi: risolvere il problema evidenziato dei tempi di quarantena dettati dalle due ULSS locali; trovare una interpretazione univoca e se possibile maggiormente elastica dei protocolli Covid19.<strong> A questo scopo Vi chiediamo di un incontro ufficiale in presenza con una delegazione delle societ\u00e0 del girone R preferibilmente con i rappresentanti competenti delle due ULSS.\u00a0<\/strong>\u00a0<u>Abbiamo inoltre definito all\u2019unanimit\u00e0 ed in segno di solidariet\u00e0 nei confronti delle formazioni del trevigiano, che se non verr\u00e0 dato seguito alla nostra richiesta, domenica 11 ottobre nessuna formazione della Seconda Categoria \u2013 Girone R scender\u00e0 in campo.\u00a0<\/u>Al fine di sensibilizzarVi ulteriormente per addivenire ad una celere risoluzione delle problematiche sottolineate, daremo immediata e contestuale promozione della nostra iniziativa alle testate giornalistiche locali.\u00a0Certi di vedere accolte le nostre istanze, sollevate per il mero e sincero amore verso il nostro sport<\/p>\n<p style=\"text-align: right;\">con viva cordialit\u00e0<\/p>\n<p style=\"text-align: right;\">I PRESIDENTI<\/p>\n<\/blockquote>\n","protected":false},"excerpt":{"rendered":"<p>AGORDO Il calcio al tempo del Covid-19 non naviga in buone acque. Domenica scorsa \u00e8 iniziato il campionato di Seconda Categoria girone R, dove milita anche l&#8217;Agordina. Nella prima giornata giocata due le partite rinviate ma una in particolare ha fatto discutere. Stiamo parlando della sfida tra la trevigiana Fregona e il Ponte Nelle Alpi.&hellip;<\/p>\n","protected":false},"author":4,"featured_media":162226,"comment_status":"closed","ping_status":"closed","sticky":false,"template":"","format":"standard","meta":{"_monsterinsights_skip_tracking":false,"_monsterinsights_sitenote_active":false,"_monsterinsights_sitenote_note":"","_monsterinsights_sitenote_category":0,"footnotes":""},"categories":[49,72],"tags":[],"class_list":["post-162225","post","type-post","status-publish","format-standard","has-post-thumbnail","hentry","category-news-18","category-sport","category-49","category-72","description-off"],"img_url":"https:\/\/www.radiopiu.net\/wordpress\/wp-content\/uploads\/2020\/09\/calcio-2020.jpg","_links":{"self":[{"href":"https:\/\/www.radiopiu.net\/wordpress\/wp-json\/wp\/v2\/posts\/162225","targetHints":{"allow":["GET"]}}],"collection":[{"href":"https:\/\/www.radiopiu.net\/wordpress\/wp-json\/wp\/v2\/posts"}],"about":[{"href":"https:\/\/www.radiopiu.net\/wordpress\/wp-json\/wp\/v2\/types\/post"}],"author":[{"embeddable":true,"href":"https:\/\/www.radiopiu.net\/wordpress\/wp-json\/wp\/v2\/users\/4"}],"replies":[{"embeddable":true,"href":"https:\/\/www.radiopiu.net\/wordpress\/wp-json\/wp\/v2\/comments?post=162225"}],"version-history":[{"count":0,"href":"https:\/\/www.radiopiu.net\/wordpress\/wp-json\/wp\/v2\/posts\/162225\/revisions"}],"wp:featuredmedia":[{"embeddable":true,"href":"https:\/\/www.radiopiu.net\/wordpress\/wp-json\/wp\/v2\/media\/162226"}],"wp:attachment":[{"href":"https:\/\/www.radiopiu.net\/wordpress\/wp-json\/wp\/v2\/media?parent=162225"}],"wp:term":[{"taxonomy":"category","embeddable":true,"href":"https:\/\/www.radiopiu.net\/wordpress\/wp-json\/wp\/v2\/categories?post=162225"},{"taxonomy":"post_tag","embeddable":true,"href":"https:\/\/www.radiopiu.net\/wordpress\/wp-json\/wp\/v2\/tags?post=162225"}],"curies":[{"name":"wp","href":"https:\/\/api.w.org\/{rel}","templated":true}]}}