{"id":162260,"date":"2020-09-25T06:00:19","date_gmt":"2020-09-25T04:00:19","guid":{"rendered":"https:\/\/www.radiopiu.net\/wordpress\/?p=162260"},"modified":"2020-09-25T06:17:32","modified_gmt":"2020-09-25T04:17:32","slug":"regionale-203-agordina-settimane-di-passione","status":"publish","type":"post","link":"https:\/\/www.radiopiu.net\/wordpress\/regionale-203-agordina-settimane-di-passione\/","title":{"rendered":"REGIONALE 203 AGORDINA, SETTIMANE DI PASSIONE"},"content":{"rendered":"<p><strong><a class=\"dt-pswp-item\" href=\"https:\/\/www.radiopiu.net\/wordpress\/wp-content\/uploads\/2020\/06\/e1441c59-1f67-48ce-8665-009c606912f1.jpg\" data-dt-img-description=\"\" data-large_image_width=\"1440\" data-large_image_height=\"720\"><img loading=\"lazy\" decoding=\"async\" class=\"size-medium wp-image-145611 alignleft\" src=\"https:\/\/www.radiopiu.net\/wordpress\/wp-content\/uploads\/2020\/06\/e1441c59-1f67-48ce-8665-009c606912f1-300x150.jpg\" alt=\"\" width=\"300\" height=\"150\" srcset=\"https:\/\/www.radiopiu.net\/wordpress\/wp-content\/uploads\/2020\/06\/e1441c59-1f67-48ce-8665-009c606912f1-300x150.jpg 300w, https:\/\/www.radiopiu.net\/wordpress\/wp-content\/uploads\/2020\/06\/e1441c59-1f67-48ce-8665-009c606912f1-1024x512.jpg 1024w, https:\/\/www.radiopiu.net\/wordpress\/wp-content\/uploads\/2020\/06\/e1441c59-1f67-48ce-8665-009c606912f1-768x384.jpg 768w, https:\/\/www.radiopiu.net\/wordpress\/wp-content\/uploads\/2020\/06\/e1441c59-1f67-48ce-8665-009c606912f1.jpg 1440w\" sizes=\"auto, (max-width: 300px) 100vw, 300px\" \/><\/a>TAIBON<\/strong> Quello che non mancheranno nei prossimi giorni saranno i disagi per chi viaggia verso Agordo e l&#8217;Alto Agordino. Una serie di ordinanze di Veneto strade preannunciano l&#8217;apertura di cantieri, sermafori e movieri. Le prime &#8220;soste forzate&#8221; per gli automobilisti diretti nell&#8217;Agordino tra Canden e Peron e tra Candaten e La Stanga (esclusi festivi e prefestivi) sensi unici\u00a0 con movieri dalle 7 alle 9 e dalle 16.30 alle 18. Con semaforo negli altri orari.<\/p>\n<p>Poco prima di Agordo, in localit\u00e0 Le Campe comune di La Valle Agordina, secondo cantiere dal 28 settembre al 2 ottobre sar\u00e0 istituito il senso unico alternato con movieri (8-8,30 e 16.30-17) e semaforo, qualche disagio in pi\u00f9 per i turnisti di Luxottica del turno pomeridiano perch\u00e9 non sono previsti movieri.<\/p>\n<p>Pi\u00f9 avanti in Comune di Taibon fino\u00a0 al 30 settembre, dalle 8 alle 17, sabato e domenica esclusi, senso unico alternato regolato da semaforo in localit\u00e0 Listolade.<\/p>\n<p>Lavori in corso anche a Ruvac\u00e0 nei Comuni di Colle Santa Lucia e Livinallongo, fino al 23 ottobre senso unico con semaforo.<\/p>\n<p>&nbsp;<\/p>\n","protected":false},"excerpt":{"rendered":"<p>TAIBON Quello che non mancheranno nei prossimi giorni saranno i disagi per chi viaggia verso Agordo e l&#8217;Alto Agordino. Una serie di ordinanze di Veneto strade preannunciano l&#8217;apertura di cantieri, sermafori e movieri. Le prime &#8220;soste forzate&#8221; per gli automobilisti diretti nell&#8217;Agordino tra Canden e Peron e tra Candaten e La Stanga (esclusi festivi e&hellip;<\/p>\n","protected":false},"author":1,"featured_media":145611,"comment_status":"closed","ping_status":"closed","sticky":false,"template":"","format":"standard","meta":{"_monsterinsights_skip_tracking":false,"_monsterinsights_sitenote_active":false,"_monsterinsights_sitenote_note":"","_monsterinsights_sitenote_category":0,"footnotes":""},"categories":[49],"tags":[],"class_list":["post-162260","post","type-post","status-publish","format-standard","has-post-thumbnail","hentry","category-news-18","category-49","description-off"],"img_url":"https:\/\/www.radiopiu.net\/wordpress\/wp-content\/uploads\/2020\/06\/e1441c59-1f67-48ce-8665-009c606912f1.jpg","_links":{"self":[{"href":"https:\/\/www.radiopiu.net\/wordpress\/wp-json\/wp\/v2\/posts\/162260","targetHints":{"allow":["GET"]}}],"collection":[{"href":"https:\/\/www.radiopiu.net\/wordpress\/wp-json\/wp\/v2\/posts"}],"about":[{"href":"https:\/\/www.radiopiu.net\/wordpress\/wp-json\/wp\/v2\/types\/post"}],"author":[{"embeddable":true,"href":"https:\/\/www.radiopiu.net\/wordpress\/wp-json\/wp\/v2\/users\/1"}],"replies":[{"embeddable":true,"href":"https:\/\/www.radiopiu.net\/wordpress\/wp-json\/wp\/v2\/comments?post=162260"}],"version-history":[{"count":0,"href":"https:\/\/www.radiopiu.net\/wordpress\/wp-json\/wp\/v2\/posts\/162260\/revisions"}],"wp:featuredmedia":[{"embeddable":true,"href":"https:\/\/www.radiopiu.net\/wordpress\/wp-json\/wp\/v2\/media\/145611"}],"wp:attachment":[{"href":"https:\/\/www.radiopiu.net\/wordpress\/wp-json\/wp\/v2\/media?parent=162260"}],"wp:term":[{"taxonomy":"category","embeddable":true,"href":"https:\/\/www.radiopiu.net\/wordpress\/wp-json\/wp\/v2\/categories?post=162260"},{"taxonomy":"post_tag","embeddable":true,"href":"https:\/\/www.radiopiu.net\/wordpress\/wp-json\/wp\/v2\/tags?post=162260"}],"curies":[{"name":"wp","href":"https:\/\/api.w.org\/{rel}","templated":true}]}}