{"id":162264,"date":"2020-09-24T11:21:42","date_gmt":"2020-09-24T09:21:42","guid":{"rendered":"https:\/\/www.radiopiu.net\/wordpress\/?p=162264"},"modified":"2020-09-25T06:13:18","modified_gmt":"2020-09-25T04:13:18","slug":"dalla-ulss1-dolomiti-aggiornamento-covid-speciale-scuola","status":"publish","type":"post","link":"https:\/\/www.radiopiu.net\/wordpress\/dalla-ulss1-dolomiti-aggiornamento-covid-speciale-scuola\/","title":{"rendered":"DALLA ULSS1 DOLOMITI AGGIORNAMENTO COVID, SPECIALE SCUOLA"},"content":{"rendered":"<blockquote>\n<h3>IN DIRETTA DA BELLUNO IL DIRETTORE ADRIANO RASI CALDOGNO<\/h3>\n<\/blockquote>\n<h3><span style=\"color: #ff0000;\">LEGGI L&#8217;INTERVENTO DEL DG<\/span><\/h3>\n<p>Oggi: 96 persone positivi, rispetto a qualche settimana fa in aumento come prevedibile dopo la stagione estiva e una stagione di grandi spostamenti connessi alle vacanze. Positivi non significa ammalati sono persone con sintomi o sintomi lievi. Sono 504 le persone in isolamento. 88.674 i tamponi effettuati fino ad oggi, tamponi che in larga maggioranza sono stati piu&#8217; volte ripetuto agli stessi soggetti traducibili in 20mila unit\u00e0.<\/p>\n<p><strong>TEMA DEL GIORNO, LA SCUOLA<\/strong><br \/>\nUn rientro molto atteso da parte di tutti i giovani e delle famiglie. Le procedure adottate dal Ministero e declinate dalla Regione prevedono un percorso per quanto riguarda l&#8217;insorgere di sintomi che presentano preoccupazioni anche rispetto all&#8217;accesso nelle scuole. Di qui il numero consistente di persone che accompagnano i figli ai nostri centri di accesso libero per i tamponi presso gli ospedali di Belluno e Feltre. L&#8217;accesso ai drive in avviene su indicazione del Pediatra o medico di base ma vengono accettati anche tutti gli altri. Per l&#8217;ammissione a scuola \u00e8 necessario avvisare pediatra e medico. La materia delle procedure \u00e8 oggetto di una rivisitazione del Ministero facendo tesoro dell&#8217;esperienza dei primi giorni. Da noi nei primi giorni_ lunedi 66 tamponi, attualmente negli ultimi giorni circa 230 tamponi al giorno. Crescita rilevante. Abbiamo potenziato i servizi, oltre al drive in di Belluno e Feltre (sette giorni su sette) viene attivato da lunedi anche quello di Caprile di Alleghe e Tai di Cadore.\u00a0 lunedi mercoledi e venerdi pomeriggio 17 -19 a Caprile. Martedi giovedi e sabato stesse ore a Tai. Oggi la situazione si \u00e8 fludificaa e migliorata. Su questo tema <strong>da lunedi 14 settembre fino a ieri eseguii 1201 tamponi sui giovani che presentavano sintomi che hanno indotto i genitori a portarli al controllo. Risultato: in totale positivi 3 circa il 2,5 per mille<\/strong> una percentuale molto modesta. Accanto a questo da segnalare che una scuola elementare a Belluno ha subito la chiusura in quarantena di una classe (quarantena) 17 gli alunni interessati 2 insegnanti e 2 del personale tecnico amministrativo, al primo tampone tutti negativi. Ieri stesso probelema a Campolongo in Comelico (Santo Stefano) oggi 20 persone saranno interessate a tampone. Per l&#8217;emergenza coronavirus porte aperte per i tamponi per chi rientra dall&#8217;estero, servizio che continua ad essere fornito, oltre alle campagne di screening previsto dal piano di sanit\u00e0 pubblica (personale sanitario Ulss1 sottoposto a controllo ogni 30 giorni, anche il personale dipendente e ospiti case di riposo di tutta la provincia). Si aggiunge a questo l&#8217;attivit\u00e0 delle vaccinazioni ordinarie mai interrotte e quelle contro le TBE da morso di zecca, recuperato abbondantemente anche il pregresso di domanda fermato nel periodo primaverile.<\/p>\n<p><strong>TEMA TEMPI REFERTAZIONE<\/strong><\/p>\n<p>Il riferimento generale dovrebbe essere di 48 ore dall&#8217;effettuazione del tampone, fino a pochi giorni fa lo si dava entro le 24 ore. L&#8217;afflusso importante degli ultimi giorni ha portato a una dilatazione dei tempi, siamo consapevoli e abbiamo in corso un potenziamento dei laboratori di microbiologia.<\/p>\n<p><strong>TEMA VACCINAZIONE ANTI INFLUENZALE<\/strong><\/p>\n<p>A Breve inizier\u00e0 la somministrazione del vaccino antiinfluenzale esteso anche alle persone al di sotto dei 65 anni, gi\u00e0 dai 60 invito alla vaccinazione gratuita. Inoltre prevista la possibilit\u00e0 di vaccinare i bambini. Fascia 7-59 anni vaccinazione per tutta una serie di categorie di persone: malati con patologie particolari o gente impegnata in servizi essenziali. Da ottobre ordinate 60 mila dosi di vaccino, pi\u00f9 consistente rispetto al passato. Quest&#8217;anno invitiamo ancora di pi\u00f9 a vaccinarsi per minimizzare i rischi di confondere sintomi di un tipo con quelli del coronavirus e si tutelano le persone pi\u00f9 fragili. Sotto il profilo organizzativo in questo modo si migliora l&#8217;accesso alle strutture sanitarie per possibili complicanze. Richiamo alla responsabilit\u00e0 e un invito a non abbassare la guardia.<\/p>\n<p>&nbsp;<\/p>\n<p>&nbsp;<\/p>\n<p>https:\/\/www.facebook.com\/RasiCaldognoUlssDolomiti\/videos\/336172404274680\/<\/p>\n<p>&nbsp;<\/p>\n","protected":false},"excerpt":{"rendered":"<p>IN DIRETTA DA BELLUNO IL DIRETTORE ADRIANO RASI CALDOGNO LEGGI L&#8217;INTERVENTO DEL DG Oggi: 96 persone positivi, rispetto a qualche settimana fa in aumento come prevedibile dopo la stagione estiva e una stagione di grandi spostamenti connessi alle vacanze. Positivi non significa ammalati sono persone con sintomi o sintomi lievi. Sono 504 le persone in&hellip;<\/p>\n","protected":false},"author":1,"featured_media":127853,"comment_status":"closed","ping_status":"closed","sticky":false,"template":"","format":"standard","meta":{"_monsterinsights_skip_tracking":false,"_monsterinsights_sitenote_active":false,"_monsterinsights_sitenote_note":"","_monsterinsights_sitenote_category":0,"footnotes":""},"categories":[51,49],"tags":[],"class_list":["post-162264","post","type-post","status-publish","format-standard","has-post-thumbnail","hentry","category-evidenza-top","category-news-18","category-51","category-49","description-off"],"img_url":"https:\/\/www.radiopiu.net\/wordpress\/wp-content\/uploads\/2020\/04\/RASI-CALDOGNO.jpeg","_links":{"self":[{"href":"https:\/\/www.radiopiu.net\/wordpress\/wp-json\/wp\/v2\/posts\/162264","targetHints":{"allow":["GET"]}}],"collection":[{"href":"https:\/\/www.radiopiu.net\/wordpress\/wp-json\/wp\/v2\/posts"}],"about":[{"href":"https:\/\/www.radiopiu.net\/wordpress\/wp-json\/wp\/v2\/types\/post"}],"author":[{"embeddable":true,"href":"https:\/\/www.radiopiu.net\/wordpress\/wp-json\/wp\/v2\/users\/1"}],"replies":[{"embeddable":true,"href":"https:\/\/www.radiopiu.net\/wordpress\/wp-json\/wp\/v2\/comments?post=162264"}],"version-history":[{"count":0,"href":"https:\/\/www.radiopiu.net\/wordpress\/wp-json\/wp\/v2\/posts\/162264\/revisions"}],"wp:featuredmedia":[{"embeddable":true,"href":"https:\/\/www.radiopiu.net\/wordpress\/wp-json\/wp\/v2\/media\/127853"}],"wp:attachment":[{"href":"https:\/\/www.radiopiu.net\/wordpress\/wp-json\/wp\/v2\/media?parent=162264"}],"wp:term":[{"taxonomy":"category","embeddable":true,"href":"https:\/\/www.radiopiu.net\/wordpress\/wp-json\/wp\/v2\/categories?post=162264"},{"taxonomy":"post_tag","embeddable":true,"href":"https:\/\/www.radiopiu.net\/wordpress\/wp-json\/wp\/v2\/tags?post=162264"}],"curies":[{"name":"wp","href":"https:\/\/api.w.org\/{rel}","templated":true}]}}