{"id":162299,"date":"2020-09-24T15:04:40","date_gmt":"2020-09-24T13:04:40","guid":{"rendered":"https:\/\/www.radiopiu.net\/wordpress\/?p=162299"},"modified":"2020-09-24T15:04:40","modified_gmt":"2020-09-24T13:04:40","slug":"prefetto-e-questore-in-visita-a-coi-de-pera","status":"publish","type":"post","link":"https:\/\/www.radiopiu.net\/wordpress\/prefetto-e-questore-in-visita-a-coi-de-pera\/","title":{"rendered":"PREFETTO E QUESTORE IN VISITA A COI DE PERA"},"content":{"rendered":"<p><strong><a class=\"dt-pswp-item\" href=\"https:\/\/www.radiopiu.net\/wordpress\/wp-content\/uploads\/2020\/09\/Visita_Vena_Oro_1.jpg\" data-dt-img-description=\"\" data-large_image_width=\"1307\" data-large_image_height=\"748\"><img loading=\"lazy\" decoding=\"async\" class=\"size-medium wp-image-162298 alignleft\" src=\"https:\/\/www.radiopiu.net\/wordpress\/wp-content\/uploads\/2020\/09\/Visita_Vena_Oro_1-300x172.jpg\" alt=\"\" width=\"300\" height=\"172\" srcset=\"https:\/\/www.radiopiu.net\/wordpress\/wp-content\/uploads\/2020\/09\/Visita_Vena_Oro_1-300x172.jpg 300w, https:\/\/www.radiopiu.net\/wordpress\/wp-content\/uploads\/2020\/09\/Visita_Vena_Oro_1-1024x586.jpg 1024w, https:\/\/www.radiopiu.net\/wordpress\/wp-content\/uploads\/2020\/09\/Visita_Vena_Oro_1-768x440.jpg 768w, https:\/\/www.radiopiu.net\/wordpress\/wp-content\/uploads\/2020\/09\/Visita_Vena_Oro_1-640x366.jpg 640w, https:\/\/www.radiopiu.net\/wordpress\/wp-content\/uploads\/2020\/09\/Visita_Vena_Oro_1.jpg 1307w\" sizes=\"auto, (max-width: 300px) 100vw, 300px\" \/><\/a>PONTE NELLE ALPI\u00a0<\/strong> Prefetto e Questore, Adriana Cogode e Lidia Fredella sono entrate in contatto con lo stabilimento della Vena d&#8217;Oro. <em>\u00abCi ha fatto molto piacere ricevere la visita delle titolari della funzione di coordinamento in materia di ordine e sicurezza &#8211; afferma il sindaco Paolo Vendramini -; entrambe sono rimaste colpite dalla bellezza e dalle peculiarit\u00e0 della zona, ma anche dalla serie di importanti servizi nelle frazioni. Nelle ultime due settimane di luglio, nei sabati di agosto e in due di settembre abbiamo promosso una serie di visite guidate insieme alla Pro Loco. E la risposta della collettivit\u00e0 \u00e8 stata sorprendente, come confermano le 500 presenze complessive. Un numero ancor pi\u00f9 significativo, se si considerano le restrizioni legate al Covid\u00bb.<\/em> Non \u00e8 un caso che la Vena d&#8217;Oro rappresenti un patrimonio del Fai (fondo Ambientale Italiano) e anche un&#8217;opportunit\u00e0 dal punto di vista turistico e culturale. Prefetto e Questore hanno potuto cos\u00ec scoprire la storia dello stabilimento, diventato ora teatro di diverse attivit\u00e0 e sede dell\u2019associazione Insieme verso nuovi Orizzonti. All&#8217;incontro anche gli esponenti della Protezione civile e degli Alpini.<\/p>\n","protected":false},"excerpt":{"rendered":"<p>PONTE NELLE ALPI\u00a0 Prefetto e Questore, Adriana Cogode e Lidia Fredella sono entrate in contatto con lo stabilimento della Vena d&#8217;Oro. \u00abCi ha fatto molto piacere ricevere la visita delle titolari della funzione di coordinamento in materia di ordine e sicurezza &#8211; afferma il sindaco Paolo Vendramini -; entrambe sono rimaste colpite dalla bellezza e&hellip;<\/p>\n","protected":false},"author":4,"featured_media":162298,"comment_status":"closed","ping_status":"closed","sticky":false,"template":"","format":"standard","meta":{"_monsterinsights_skip_tracking":false,"_monsterinsights_sitenote_active":false,"_monsterinsights_sitenote_note":"","_monsterinsights_sitenote_category":0,"footnotes":""},"categories":[49],"tags":[],"class_list":["post-162299","post","type-post","status-publish","format-standard","has-post-thumbnail","hentry","category-news-18","category-49","description-off"],"img_url":"https:\/\/www.radiopiu.net\/wordpress\/wp-content\/uploads\/2020\/09\/Visita_Vena_Oro_1.jpg","_links":{"self":[{"href":"https:\/\/www.radiopiu.net\/wordpress\/wp-json\/wp\/v2\/posts\/162299","targetHints":{"allow":["GET"]}}],"collection":[{"href":"https:\/\/www.radiopiu.net\/wordpress\/wp-json\/wp\/v2\/posts"}],"about":[{"href":"https:\/\/www.radiopiu.net\/wordpress\/wp-json\/wp\/v2\/types\/post"}],"author":[{"embeddable":true,"href":"https:\/\/www.radiopiu.net\/wordpress\/wp-json\/wp\/v2\/users\/4"}],"replies":[{"embeddable":true,"href":"https:\/\/www.radiopiu.net\/wordpress\/wp-json\/wp\/v2\/comments?post=162299"}],"version-history":[{"count":0,"href":"https:\/\/www.radiopiu.net\/wordpress\/wp-json\/wp\/v2\/posts\/162299\/revisions"}],"wp:featuredmedia":[{"embeddable":true,"href":"https:\/\/www.radiopiu.net\/wordpress\/wp-json\/wp\/v2\/media\/162298"}],"wp:attachment":[{"href":"https:\/\/www.radiopiu.net\/wordpress\/wp-json\/wp\/v2\/media?parent=162299"}],"wp:term":[{"taxonomy":"category","embeddable":true,"href":"https:\/\/www.radiopiu.net\/wordpress\/wp-json\/wp\/v2\/categories?post=162299"},{"taxonomy":"post_tag","embeddable":true,"href":"https:\/\/www.radiopiu.net\/wordpress\/wp-json\/wp\/v2\/tags?post=162299"}],"curies":[{"name":"wp","href":"https:\/\/api.w.org\/{rel}","templated":true}]}}