{"id":162307,"date":"2020-09-25T05:48:06","date_gmt":"2020-09-25T03:48:06","guid":{"rendered":"https:\/\/www.radiopiu.net\/wordpress\/?p=162307"},"modified":"2020-09-25T06:09:46","modified_gmt":"2020-09-25T04:09:46","slug":"ospedale-di-lamon-indetto-lappalto-per-i-lavori-di-ristrutturazione","status":"publish","type":"post","link":"https:\/\/www.radiopiu.net\/wordpress\/ospedale-di-lamon-indetto-lappalto-per-i-lavori-di-ristrutturazione\/","title":{"rendered":"OSPEDALE DI LAMON: INDETTO L\u2019APPALTO PER I LAVORI DI RISTRUTTURAZIONE"},"content":{"rendered":"<p><strong><a class=\"dt-pswp-item\" href=\"https:\/\/www.radiopiu.net\/wordpress\/wp-content\/uploads\/2020\/09\/lamon-1.png\" data-dt-img-description=\"\" data-large_image_width=\"663\" data-large_image_height=\"417\"><img loading=\"lazy\" decoding=\"async\" class=\"size-medium wp-image-162312 alignleft\" src=\"https:\/\/www.radiopiu.net\/wordpress\/wp-content\/uploads\/2020\/09\/lamon-1-300x189.png\" alt=\"\" width=\"300\" height=\"189\" srcset=\"https:\/\/www.radiopiu.net\/wordpress\/wp-content\/uploads\/2020\/09\/lamon-1-300x189.png 300w, https:\/\/www.radiopiu.net\/wordpress\/wp-content\/uploads\/2020\/09\/lamon-1-640x403.png 640w, https:\/\/www.radiopiu.net\/wordpress\/wp-content\/uploads\/2020\/09\/lamon-1.png 663w\" sizes=\"auto, (max-width: 300px) 100vw, 300px\" \/><\/a>FELTRE\u00a0<\/strong>Procede spedito l\u2019iter per la ristrutturazione dell\u2019Ospedale di Lamon. E\u2019 stata indetta la procedura aperta per l\u2019appalto dei lavori per la ristrutturazione e la riqualificazione funzionale dell\u2019ospedale di Lamon, del valore di 5 milioni euro di cui 4 finanziati nell\u2019ambito del progetto \u201cSanit\u00e0 del Feltrino\u201d con i Fondi di Confine e 1 milione stanziato come cofinanziamento dalla Regione del Veneto.\u00a0Dopo l\u2019approvazione del progetto esecutivo il 10 settembre,\u00a0 sono state attivate le procedure per l\u2019appalto dei lavori. Oggi sono stati deliberati dalla Direzione Generale il disciplinare di gara e il bando per l\u2019appalto che sar\u00e0 ora pubblicato in Gazzetta Ufficiale e negli organi di informazione.\u00a0Il criterio dell\u2019aggiudicazione sar\u00e0 l\u2019offerta economicamente pi\u00f9 vantaggiosa basata sul miglior rapporto qualit\u00e0\/prezzo.L\u2019intervento \u00e9 relativo alla ristrutturazione, riorganizzazione e riqualificazione del Presidio Ospedaliero di Lamon dell\u2019Unit\u00e0 Locale Socio Sanitaria n. 1 Dolomiti, al fine di potenziarne e completarne le attuali attivit\u00e0 di Recupero e Riabilitazione Funzionale, di riorganizzare i servizi di diagnostica Radiologica e di Punto Prelievi a servizio sia della struttura ospedaliera che del territorio afferente la struttura sanitaria, e non da ultimo per strutturarne i servizi sanitari territoriali.\u00a0L\u2019ospedale sar\u00e0 potenziato\u00a0 con 22 nuovi posti letto di riabilitazione e il miglioramento\u00a0 delle attuali attivit\u00e0 di Recupero e Riabilitazione Funzionale. Inoltre, saranno riorganizzati i locali dei servizi di diagnostica Radiologica, i servizi sanitari territoriali e le attivit\u00e0 socio assistenziali e sar\u00e0 realizzata una Unit\u00e0 Riabilitativa Territoriale con 7 posti letto.\u00a0L\u2019obiettivo centrale del progetto di riordino \u00e8 la \u201cpersona\u201d sia essa utente, sia essa operatore, sia essa visitatore. L\u2019ospedale deve essere percepito come un luogo accogliente sia dal punto di vista dei servizi offerti, sia dal punto di vista dello spazio fisico che deve connotarsi per il particolare confort. Sar\u00e0 curata, oltre alla funzionalit\u00e0, anche l\u2019umanizzazione degli spazi.<\/p>\n","protected":false},"excerpt":{"rendered":"<p>FELTRE\u00a0Procede spedito l\u2019iter per la ristrutturazione dell\u2019Ospedale di Lamon. E\u2019 stata indetta la procedura aperta per l\u2019appalto dei lavori per la ristrutturazione e la riqualificazione funzionale dell\u2019ospedale di Lamon, del valore di 5 milioni euro di cui 4 finanziati nell\u2019ambito del progetto \u201cSanit\u00e0 del Feltrino\u201d con i Fondi di Confine e 1 milione stanziato come&hellip;<\/p>\n","protected":false},"author":4,"featured_media":162312,"comment_status":"closed","ping_status":"closed","sticky":false,"template":"","format":"standard","meta":{"_monsterinsights_skip_tracking":false,"_monsterinsights_sitenote_active":false,"_monsterinsights_sitenote_note":"","_monsterinsights_sitenote_category":0,"footnotes":""},"categories":[49],"tags":[],"class_list":["post-162307","post","type-post","status-publish","format-standard","has-post-thumbnail","hentry","category-news-18","category-49","description-off"],"img_url":"https:\/\/www.radiopiu.net\/wordpress\/wp-content\/uploads\/2020\/09\/lamon-1.png","_links":{"self":[{"href":"https:\/\/www.radiopiu.net\/wordpress\/wp-json\/wp\/v2\/posts\/162307","targetHints":{"allow":["GET"]}}],"collection":[{"href":"https:\/\/www.radiopiu.net\/wordpress\/wp-json\/wp\/v2\/posts"}],"about":[{"href":"https:\/\/www.radiopiu.net\/wordpress\/wp-json\/wp\/v2\/types\/post"}],"author":[{"embeddable":true,"href":"https:\/\/www.radiopiu.net\/wordpress\/wp-json\/wp\/v2\/users\/4"}],"replies":[{"embeddable":true,"href":"https:\/\/www.radiopiu.net\/wordpress\/wp-json\/wp\/v2\/comments?post=162307"}],"version-history":[{"count":0,"href":"https:\/\/www.radiopiu.net\/wordpress\/wp-json\/wp\/v2\/posts\/162307\/revisions"}],"wp:featuredmedia":[{"embeddable":true,"href":"https:\/\/www.radiopiu.net\/wordpress\/wp-json\/wp\/v2\/media\/162312"}],"wp:attachment":[{"href":"https:\/\/www.radiopiu.net\/wordpress\/wp-json\/wp\/v2\/media?parent=162307"}],"wp:term":[{"taxonomy":"category","embeddable":true,"href":"https:\/\/www.radiopiu.net\/wordpress\/wp-json\/wp\/v2\/categories?post=162307"},{"taxonomy":"post_tag","embeddable":true,"href":"https:\/\/www.radiopiu.net\/wordpress\/wp-json\/wp\/v2\/tags?post=162307"}],"curies":[{"name":"wp","href":"https:\/\/api.w.org\/{rel}","templated":true}]}}