{"id":162373,"date":"2020-09-26T05:49:49","date_gmt":"2020-09-26T03:49:49","guid":{"rendered":"https:\/\/www.radiopiu.net\/wordpress\/?p=162373"},"modified":"2020-09-26T09:52:22","modified_gmt":"2020-09-26T07:52:22","slug":"giornale-radiopiu-26-settembre-2020-direttore-mirko-mezzacasa","status":"publish","type":"post","link":"https:\/\/www.radiopiu.net\/wordpress\/giornale-radiopiu-26-settembre-2020-direttore-mirko-mezzacasa\/","title":{"rendered":"GIORNALE RADIOPIU 26 SETTEMBRE 2020 DIRETTORE MIRKO MEZZACASA"},"content":{"rendered":"<h3><strong>PER RICEVERE QUESTO NOTIZIARIO DIRETTAMENTE SUL TUO CELLULARE ISCRIVITI AL CANALE TELEGRAM <\/strong><strong>\u201cRADIO PIU\u00a0 INFORMAZIONE&#8221;<\/strong><\/h3>\n<p><em>ATTENZIONE: LA NUOVA APP PER IOS-IPHONE<\/em><\/p>\n<div>\n<div><a href=\"https:\/\/apps.apple.com\/it\/app\/radio-pi%C3%B9-emittente-agordina\/id1515939845\">https:\/\/apps.apple.com\/it\/app\/radio-pi%C3%B9-emittente-agordina\/id1515939845<\/a><\/div>\n<\/div>\n<div><\/div>\n<div>\n<div dir=\"auto\"><em>ATTENZIONE: LA NUOVA APP RADIO\u00a0 PER ANDROID<\/em><\/div>\n<\/div>\n<p><a href=\"https:\/\/play.google.com\/store\/apps\/details?id=net.radiopiu.iniko\" target=\"_blank\" rel=\"noopener noreferrer\">https:\/\/play.google.com\/store\/apps\/details?id=net.radiopiu.iniko<\/a><\/p>\n<p>&nbsp;<\/p>\n<hr \/>\n<p><span style=\"color: #ff0000;\"><strong>\u00a0LA BELLA NOTIZIA<\/strong><\/span><\/p>\n<blockquote>\n<h3>MERITATO RICONOSCIMENTO\u00a0 PER &#8220;LE CODOLE&#8221; TRA LE MIGLIORI CUCINE E RISTORANTI DEL POST VAIA<\/h3>\n<\/blockquote>\n<p><em>A consegnare il premio allo chef Oscar Tibolla c&#8217;erano il presidente Luca Zaia e il gastronomo Maurizio Potocnik, fondatore del Club Magnar Ben. &#8220;Ci tengo &#8211; ha detto Oscar &#8211; a condividere il premio con i miei fratelli&#8221;<\/em><\/p>\n<p><strong>CANALE D&#8217;AGORDO<\/strong> Meritato risconoscimento per Il ristorante Le Codole\u00a0 a Jesolo. L&#8217; \u201cAwards Best Of Alpe Adria\u201d della guida Best Gourmet 2020, dedicato alle migliori cucine, ristoranti, vini e prodotti della Macroregione Europea. La Guida \u00e8 opera del club Magnar Ben (l\u2019associazione culturale nata con lo scopo di promuovere, valorizzare ed incentivare l\u2019enogastronomia di qualit\u00e0 nel territorio dell\u2019Alpe Adria) fondato da Maurizio Potocnik, editore e critico enogastronomico. \u00a0La<span class=\"text_exposed_show\"> pubblicazione raccoglie 400 migliori ristoranti in quattro nazioni diverse, 100 migliori vini, 50 migliori prodotti d&#8217;autore, le venti migliori pizzerie gourmet, i 20 migliori hotel e le migliori cucine in quota. \u201cBest of Alpe Adria\u201d \u00e8 un riconoscimento internazionale giunto alla 10^ edizione, creato nel 2011 da Maurizio Potocnik, con la collaborazione del gruppo di giornalisti senior esperti del settore enogastronomico.<em>\u00abLa famiglia Tibolla \u00e8 stata un esempio virtuoso di come si pu\u00f2 riuscire a reagire alle avversit\u00e0\u00bb,<\/em> ha detto Potocnik prima di lodarne anche l&#8217;offerta gastronomica e in particolare una delle ricette pi\u00f9 famose dello chef: il pomodoro gratinato con lumache dell&#8217;Agordino, burro e fonduta di formaggio di malga.Il premio Miglior ristorante di montagna 2020 \u00e8 andato invece al Mondschein di Sappada\u00a0 come il ristorante Alle Codole\u00a0 famoso per il menu&#8217; Alto Gusto.<\/span><\/p>\n\n\t\t\t<style type='text\/css'>\n\t\t\t\t#gallery-1 {\n\t\t\t\t\tmargin: auto;\n\t\t\t\t}\n\t\t\t\t#gallery-1 .gallery-item {\n\t\t\t\t\tfloat: left;\n\t\t\t\t\tmargin-top: 10px;\n\t\t\t\t\ttext-align: center;\n\t\t\t\t\twidth: 50%;\n\t\t\t\t}\n\t\t\t\t#gallery-1 img {\n\t\t\t\t\tborder: 2px solid #cfcfcf;\n\t\t\t\t}\n\t\t\t\t#gallery-1 .gallery-caption {\n\t\t\t\t\tmargin-left: 0;\n\t\t\t\t}\n\t\t\t\t\/* see gallery_shortcode() in wp-includes\/media.php *\/\n\t\t\t<\/style>\n\t\t<div id='gallery-1' class='dt-gallery-container gallery galleryid-162373 gallery-columns-2 gallery-size-medium'><dl class='gallery-item'>\n\t\t\t\t<dt class='gallery-icon landscape'>\n\t\t\t\t\t<a class=\"rollover rollover-zoom dt-pswp-item\" title=\"120004092_1579740182227891_551821551812868578_o\" data-dt-img-description=\"\" data-large_image_width=\"960\" data-large_image_height=\"720\"href='https:\/\/www.radiopiu.net\/wordpress\/wp-content\/uploads\/2020\/09\/120004092_1579740182227891_551821551812868578_o-1.jpg'><img loading=\"lazy\" decoding=\"async\" width=\"300\" height=\"225\" src=\"https:\/\/www.radiopiu.net\/wordpress\/wp-content\/uploads\/2020\/09\/120004092_1579740182227891_551821551812868578_o-1-300x225.jpg\" class=\"attachment-medium size-medium\" alt=\"\" srcset=\"https:\/\/www.radiopiu.net\/wordpress\/wp-content\/uploads\/2020\/09\/120004092_1579740182227891_551821551812868578_o-1-300x225.jpg 300w, https:\/\/www.radiopiu.net\/wordpress\/wp-content\/uploads\/2020\/09\/120004092_1579740182227891_551821551812868578_o-1-768x576.jpg 768w, https:\/\/www.radiopiu.net\/wordpress\/wp-content\/uploads\/2020\/09\/120004092_1579740182227891_551821551812868578_o-1-640x480.jpg 640w, https:\/\/www.radiopiu.net\/wordpress\/wp-content\/uploads\/2020\/09\/120004092_1579740182227891_551821551812868578_o-1.jpg 960w\" sizes=\"auto, (max-width: 300px) 100vw, 300px\" \/><\/a>\n\t\t\t\t<\/dt><\/dl><dl class='gallery-item'>\n\t\t\t\t<dt class='gallery-icon landscape'>\n\t\t\t\t\t<a class=\"rollover rollover-zoom dt-pswp-item\" title=\"10661983_759401537464253_3485179271333732468_o\" data-dt-img-description=\"\" data-large_image_width=\"960\" data-large_image_height=\"642\"href='https:\/\/www.radiopiu.net\/wordpress\/wp-content\/uploads\/2020\/09\/10661983_759401537464253_3485179271333732468_o-1.jpg'><img loading=\"lazy\" decoding=\"async\" width=\"300\" height=\"201\" src=\"https:\/\/www.radiopiu.net\/wordpress\/wp-content\/uploads\/2020\/09\/10661983_759401537464253_3485179271333732468_o-1-300x201.jpg\" class=\"attachment-medium size-medium\" alt=\"\" srcset=\"https:\/\/www.radiopiu.net\/wordpress\/wp-content\/uploads\/2020\/09\/10661983_759401537464253_3485179271333732468_o-1-300x201.jpg 300w, https:\/\/www.radiopiu.net\/wordpress\/wp-content\/uploads\/2020\/09\/10661983_759401537464253_3485179271333732468_o-1-768x514.jpg 768w, https:\/\/www.radiopiu.net\/wordpress\/wp-content\/uploads\/2020\/09\/10661983_759401537464253_3485179271333732468_o-1-640x428.jpg 640w, https:\/\/www.radiopiu.net\/wordpress\/wp-content\/uploads\/2020\/09\/10661983_759401537464253_3485179271333732468_o-1.jpg 960w\" sizes=\"auto, (max-width: 300px) 100vw, 300px\" \/><\/a>\n\t\t\t\t<\/dt><\/dl><br style=\"clear: both\" \/>\n\t\t\t<\/div>\n\n<hr \/>\n<p>&nbsp;<\/p>\n<p><span style=\"color: #0000ff;\">DA TELEGRAM VIABILITA&#8217; PROVINCIA BELLUNO<\/span><\/p>\n<p>La prima neve a Cortina e Passo Campolongo, strade bianche fino a Pieve di Livinallongo, bufere di neve con forte vento (foto Zande). Grandine a Feltre (foto facebook sei di Feltre se, Igor Deon)<\/p>\n<p><a class=\"dt-pswp-item\" href=\"https:\/\/www.radiopiu.net\/wordpress\/wp-content\/uploads\/2020\/09\/c6f84ca7-8c68-4421-82f3-84e0ca7f9301.jpg\" data-dt-img-description=\"\" data-large_image_width=\"960\" data-large_image_height=\"1280\"><img loading=\"lazy\" decoding=\"async\" class=\"alignnone size-medium wp-image-162547\" src=\"https:\/\/www.radiopiu.net\/wordpress\/wp-content\/uploads\/2020\/09\/c6f84ca7-8c68-4421-82f3-84e0ca7f9301-225x300.jpg\" alt=\"\" width=\"225\" height=\"300\" srcset=\"https:\/\/www.radiopiu.net\/wordpress\/wp-content\/uploads\/2020\/09\/c6f84ca7-8c68-4421-82f3-84e0ca7f9301-225x300.jpg 225w, https:\/\/www.radiopiu.net\/wordpress\/wp-content\/uploads\/2020\/09\/c6f84ca7-8c68-4421-82f3-84e0ca7f9301-768x1024.jpg 768w, https:\/\/www.radiopiu.net\/wordpress\/wp-content\/uploads\/2020\/09\/c6f84ca7-8c68-4421-82f3-84e0ca7f9301-360x480.jpg 360w, https:\/\/www.radiopiu.net\/wordpress\/wp-content\/uploads\/2020\/09\/c6f84ca7-8c68-4421-82f3-84e0ca7f9301.jpg 960w\" sizes=\"auto, (max-width: 225px) 100vw, 225px\" \/><\/a><a class=\"dt-pswp-item\" href=\"https:\/\/www.radiopiu.net\/wordpress\/wp-content\/uploads\/2020\/09\/cda99ec8-3bc5-41fe-a8dd-dc25f4e98c29.jpg\" data-dt-img-description=\"\" data-large_image_width=\"600\" data-large_image_height=\"800\"><img loading=\"lazy\" decoding=\"async\" class=\"alignnone size-medium wp-image-162569\" src=\"https:\/\/www.radiopiu.net\/wordpress\/wp-content\/uploads\/2020\/09\/cda99ec8-3bc5-41fe-a8dd-dc25f4e98c29-225x300.jpg\" alt=\"\" width=\"225\" height=\"300\" srcset=\"https:\/\/www.radiopiu.net\/wordpress\/wp-content\/uploads\/2020\/09\/cda99ec8-3bc5-41fe-a8dd-dc25f4e98c29-225x300.jpg 225w, https:\/\/www.radiopiu.net\/wordpress\/wp-content\/uploads\/2020\/09\/cda99ec8-3bc5-41fe-a8dd-dc25f4e98c29-360x480.jpg 360w, https:\/\/www.radiopiu.net\/wordpress\/wp-content\/uploads\/2020\/09\/cda99ec8-3bc5-41fe-a8dd-dc25f4e98c29.jpg 600w\" sizes=\"auto, (max-width: 225px) 100vw, 225px\" \/><\/a><a class=\"dt-pswp-item\" href=\"https:\/\/www.radiopiu.net\/wordpress\/wp-content\/uploads\/2020\/09\/658de904-8482-4a6b-9e80-eb7d672e5bf7.jpg\" data-dt-img-description=\"\" data-large_image_width=\"600\" data-large_image_height=\"800\"><img loading=\"lazy\" decoding=\"async\" class=\"alignnone size-medium wp-image-162548\" src=\"https:\/\/www.radiopiu.net\/wordpress\/wp-content\/uploads\/2020\/09\/658de904-8482-4a6b-9e80-eb7d672e5bf7-225x300.jpg\" alt=\"\" width=\"225\" height=\"300\" srcset=\"https:\/\/www.radiopiu.net\/wordpress\/wp-content\/uploads\/2020\/09\/658de904-8482-4a6b-9e80-eb7d672e5bf7-225x300.jpg 225w, https:\/\/www.radiopiu.net\/wordpress\/wp-content\/uploads\/2020\/09\/658de904-8482-4a6b-9e80-eb7d672e5bf7-360x480.jpg 360w, https:\/\/www.radiopiu.net\/wordpress\/wp-content\/uploads\/2020\/09\/658de904-8482-4a6b-9e80-eb7d672e5bf7.jpg 600w\" sizes=\"auto, (max-width: 225px) 100vw, 225px\" \/><\/a><a class=\"dt-pswp-item\" href=\"https:\/\/www.radiopiu.net\/wordpress\/wp-content\/uploads\/2020\/09\/120154134_3176406679135771_4463768642768223573_o.jpg\" data-dt-img-description=\"\" data-large_image_width=\"720\" data-large_image_height=\"960\"><img loading=\"lazy\" decoding=\"async\" class=\"alignnone size-medium wp-image-162560\" src=\"https:\/\/www.radiopiu.net\/wordpress\/wp-content\/uploads\/2020\/09\/120154134_3176406679135771_4463768642768223573_o-225x300.jpg\" alt=\"\" width=\"225\" height=\"300\" srcset=\"https:\/\/www.radiopiu.net\/wordpress\/wp-content\/uploads\/2020\/09\/120154134_3176406679135771_4463768642768223573_o-225x300.jpg 225w, https:\/\/www.radiopiu.net\/wordpress\/wp-content\/uploads\/2020\/09\/120154134_3176406679135771_4463768642768223573_o-360x480.jpg 360w, https:\/\/www.radiopiu.net\/wordpress\/wp-content\/uploads\/2020\/09\/120154134_3176406679135771_4463768642768223573_o.jpg 720w\" sizes=\"auto, (max-width: 225px) 100vw, 225px\" \/><\/a><\/p>\n<p>&nbsp;<\/p>\n<p>&nbsp;<\/p>\n<hr \/>\n<p>&nbsp;<\/p>\n<h3><span style=\"color: #0000ff;\">PER CHI VIAGGIA<\/span><\/h3>\n<p><strong>SR 203 AGORDINA<\/strong> Fino\u00a0 al 30 settembre, dalle 8 alle 17, sabato e domenica esclusi, senso unico alternato regolato da semaforo in localit\u00e0 Listolade di Taibon Agordino per asfaltatura tratti interessati dalla posa della fibra ottica <strong>REGIONALE 203 AGORDINA<\/strong> dal 24 settembre al 18 dicembre (esclusi festivi e prefestivi) senso unico alternato tra Peron e Candaten e tra La Stanga e Candaten con movieri dalle 7.03 alle 9 e dalle 16.30 alle 18. Con semaforo negli altri orari<\/p>\n<p>&nbsp;<\/p>\n<p><strong>PROVINCIALE 35 &#8211; LASTE<\/strong><br \/>\nPer allargamento della sede stradale in localit\u00e0 Laste di Sopra limitazioni al transito fino al 15 ottobre esclusi festivi e prefestivi, brevi interruzioni durata massima di 15 minuti tra le 8 e le 12 e tra le 13 e le 17.\u00a0Negli altri orari semaforo e senso unico alternato<\/p>\n<p>&nbsp;<\/p>\n<hr \/>\n<p>&nbsp;<\/p>\n<p><strong><a class=\"dt-pswp-item\" href=\"https:\/\/www.radiopiu.net\/wordpress\/wp-content\/uploads\/2018\/08\/ACQUA.jpeg\" data-dt-img-description=\"\" data-large_image_width=\"1280\" data-large_image_height=\"768\"><img loading=\"lazy\" decoding=\"async\" class=\" wp-image-57052 alignleft\" src=\"https:\/\/www.radiopiu.net\/wordpress\/wp-content\/uploads\/2018\/08\/ACQUA-300x180.jpeg\" alt=\"\" width=\"273\" height=\"164\" srcset=\"https:\/\/www.radiopiu.net\/wordpress\/wp-content\/uploads\/2018\/08\/ACQUA-300x180.jpeg 300w, https:\/\/www.radiopiu.net\/wordpress\/wp-content\/uploads\/2018\/08\/ACQUA-768x461.jpeg 768w, https:\/\/www.radiopiu.net\/wordpress\/wp-content\/uploads\/2018\/08\/ACQUA-1024x614.jpeg 1024w, https:\/\/www.radiopiu.net\/wordpress\/wp-content\/uploads\/2018\/08\/ACQUA.jpeg 1280w\" sizes=\"auto, (max-width: 273px) 100vw, 273px\" \/><\/a>ROCCA PIETORE <\/strong>Gestione Servizi Pubblici informa che a ROCCA PIETORE in localit\u00e0 SAVINER DI CALLONEGHE, MASARE&#8217;, BADIOT, LE PALE e SOPRACORDEVOLE l&#8217;acqua erogata dall&#8217;acquedotto non \u00e8 potabile e pu\u00f2 essere usata per scopi alimentari SOLO PREVIA bollitura. GSP ha, comunque, gi\u00e0 adottato le necessarie misure per la disinfezione dell&#8217;acqua presente nei serbatoi e nella rete idrica con l&#8217;aggiunta di cloro. Ulteriori informazioni saranno fornite nei prossimi giorni.<\/p>\n<p>&nbsp;<\/p>\n<p>&nbsp;<\/p>\n<p>&nbsp;<\/p>\n<hr \/>\n<p>&nbsp;<\/p>\n<blockquote>\n<h3>LE IMMAGINI DELLE TELECAMERE E L&#8217;INTUITO DEGLI AGENTI DI POLIZIA HANNO PERMESSO DI INDIVIDUARE IL VANDALO DI VIA SOTTOCASTELLO<\/h3>\n<\/blockquote>\n<p><strong><a class=\"dt-pswp-item\" href=\"https:\/\/www.radiopiu.net\/wordpress\/wp-content\/uploads\/2020\/09\/37411a07-189a-4e59-b606-80a8bfe96163.jpg\" data-dt-img-description=\"\" data-large_image_width=\"1440\" data-large_image_height=\"720\"><img loading=\"lazy\" decoding=\"async\" class=\"size-medium wp-image-162450 alignleft\" src=\"https:\/\/www.radiopiu.net\/wordpress\/wp-content\/uploads\/2020\/09\/37411a07-189a-4e59-b606-80a8bfe96163-300x150.jpg\" alt=\"\" width=\"300\" height=\"150\" srcset=\"https:\/\/www.radiopiu.net\/wordpress\/wp-content\/uploads\/2020\/09\/37411a07-189a-4e59-b606-80a8bfe96163-300x150.jpg 300w, https:\/\/www.radiopiu.net\/wordpress\/wp-content\/uploads\/2020\/09\/37411a07-189a-4e59-b606-80a8bfe96163-1024x512.jpg 1024w, https:\/\/www.radiopiu.net\/wordpress\/wp-content\/uploads\/2020\/09\/37411a07-189a-4e59-b606-80a8bfe96163-768x384.jpg 768w, https:\/\/www.radiopiu.net\/wordpress\/wp-content\/uploads\/2020\/09\/37411a07-189a-4e59-b606-80a8bfe96163-640x320.jpg 640w, https:\/\/www.radiopiu.net\/wordpress\/wp-content\/uploads\/2020\/09\/37411a07-189a-4e59-b606-80a8bfe96163.jpg 1440w\" sizes=\"auto, (max-width: 300px) 100vw, 300px\" \/><\/a>BELLUNO<\/strong> La visione delle immagini della video sorveglianza, l&#8217;impegno degli agenti di Polizia hanno portato ad un risultato concreto: individuato il vandalo che ha danneggiato la targa in ricordo di Loris Tormen di intitolazione del giardino sotto Palazzo Rosso. La targa sabato notte \u00e8 stata divelta dal muro, spezzata e abbandonata a terra in pezzi. Schiamazzi, feste oltre le righe e anche di peggio,\u00a0 non \u00e8 purtroppo una novit\u00e0 per i \u00a0residenti in via Sottocastello spesso costretti a dribblare bottiglie di superalcolici e birra, bicchieri di plastica, immondizia e in qualche caso anche escrementi. Domenica mattina l&#8217;amara scoperta della targa dedicata a Loris Tormen frantumata, a terra.<\/p>\n<p><strong>di MORENO GIOLI<\/strong><\/p>\n<audio class=\"wp-audio-shortcode\" id=\"audio-162373-1\" preload=\"none\" style=\"width: 100%;\" controls=\"controls\"><source type=\"audio\/mpeg\" src=\"https:\/\/www.radiopiu.net\/wordpress\/wp-content\/uploads\/2020\/09\/GIOLI-TORMEN.mp3?_=1\" \/><a href=\"https:\/\/www.radiopiu.net\/wordpress\/wp-content\/uploads\/2020\/09\/GIOLI-TORMEN.mp3\">https:\/\/www.radiopiu.net\/wordpress\/wp-content\/uploads\/2020\/09\/GIOLI-TORMEN.mp3<\/a><\/audio>\n<p>&nbsp;<\/p>\n<p><strong>AI MICROFONI DI RADIO PIU IL COMANDANTE COMMISSARIO FEDERICO FARRIS<\/strong><\/p>\n<audio class=\"wp-audio-shortcode\" id=\"audio-162373-2\" preload=\"none\" style=\"width: 100%;\" controls=\"controls\"><source type=\"audio\/mpeg\" src=\"https:\/\/www.radiopiu.net\/wordpress\/wp-content\/uploads\/2020\/09\/RESOCONTO-VANDALO.mp3?_=2\" \/><a href=\"https:\/\/www.radiopiu.net\/wordpress\/wp-content\/uploads\/2020\/09\/RESOCONTO-VANDALO.mp3\">https:\/\/www.radiopiu.net\/wordpress\/wp-content\/uploads\/2020\/09\/RESOCONTO-VANDALO.mp3<\/a><\/audio>\n<p>&nbsp;<\/p>\n<p><strong>IL COMMENTO DEL SINDACO JACOPO MASSARO<\/strong><\/p>\n<audio class=\"wp-audio-shortcode\" id=\"audio-162373-3\" preload=\"none\" style=\"width: 100%;\" controls=\"controls\"><source type=\"audio\/mpeg\" src=\"https:\/\/www.radiopiu.net\/wordpress\/wp-content\/uploads\/2020\/09\/MASSARO.mp3?_=3\" \/><a href=\"https:\/\/www.radiopiu.net\/wordpress\/wp-content\/uploads\/2020\/09\/MASSARO.mp3\">https:\/\/www.radiopiu.net\/wordpress\/wp-content\/uploads\/2020\/09\/MASSARO.mp3<\/a><\/audio>\n<p>&nbsp;<\/p>\n<p><strong>IL VERGOGNOSO GESTO APPLAUDITO DAL BRANCO DOCUMENTO DAL VIDEO<\/strong><\/p>\n<div style=\"width: 640px;\" class=\"wp-video\"><video class=\"wp-video-shortcode\" id=\"video-162373-1\" width=\"640\" height=\"352\" preload=\"metadata\" controls=\"controls\"><source type=\"video\/mp4\" src=\"https:\/\/www.radiopiu.net\/wordpress\/wp-content\/uploads\/2020\/09\/WhatsApp-Video-2020-09-25-at-12.55.50.mp4?_=1\" \/><a href=\"https:\/\/www.radiopiu.net\/wordpress\/wp-content\/uploads\/2020\/09\/WhatsApp-Video-2020-09-25-at-12.55.50.mp4\">https:\/\/www.radiopiu.net\/wordpress\/wp-content\/uploads\/2020\/09\/WhatsApp-Video-2020-09-25-at-12.55.50.mp4<\/a><\/video><\/div>\n<p>&nbsp;<\/p>\n<hr \/>\n<p>&nbsp;<\/p>\n<blockquote>\n<h3>DIFFAMA SU FACEBOOK, LE SCUSE NON BASTANO<\/h3>\n<\/blockquote>\n<p><strong>BORGO VALBELLUNA<\/strong> Ha presentato le scuse, ma aprir\u00e0 anche il portafoglio e far\u00e0 il volontario ai lavori sociali a Feltre. Questo il conto presentato dal Tribunale per diffamazione su Facebook a Elvis Ferraresso che risarcir\u00e0 Renato Carpene. Nel 2017 Ferraresso ha postato un messaggio offensivo\u00a0 sulla pagina Facebook &#8220;In memoria di Maicol Zanella&#8221;. Maicol Zanella era la ragazza di 22 anni, originaria di Quero Vas, trovata morta nella sua abitazione di Lentiai il 26 gennaio 2016 per una patologia congenita al cuore.\u00a0 Carpene \u00e8 l&#8217;odontotecnico che in passato l&#8217;aveva avuta alle proprie dipendenze e che \u00e8 indagato &#8211; in altro processo &#8211; per stalkingp proprio nei confronti di Maicol Zanella.<\/p>\n<p>&nbsp;<\/p>\n<hr \/>\n<blockquote>\n<h3><\/h3>\n<h3>COLLABORAZIONE TRA COMUNE DI RIVAMONTE E PARCO NAZIONALE DELLE DOLOMITI BELLUNESI<\/h3>\n<\/blockquote>\n<p><strong><a class=\"dt-pswp-item\" href=\"https:\/\/www.radiopiu.net\/wordpress\/wp-content\/uploads\/2020\/09\/dd728a3d-8377-44f3-b50f-d64fd49d87f0.jpg\" data-dt-img-description=\"\" data-large_image_width=\"1600\" data-large_image_height=\"903\"><img loading=\"lazy\" decoding=\"async\" class=\"size-medium wp-image-162541 alignleft\" src=\"https:\/\/www.radiopiu.net\/wordpress\/wp-content\/uploads\/2020\/09\/dd728a3d-8377-44f3-b50f-d64fd49d87f0-300x169.jpg\" alt=\"\" width=\"300\" height=\"169\" srcset=\"https:\/\/www.radiopiu.net\/wordpress\/wp-content\/uploads\/2020\/09\/dd728a3d-8377-44f3-b50f-d64fd49d87f0-300x169.jpg 300w, https:\/\/www.radiopiu.net\/wordpress\/wp-content\/uploads\/2020\/09\/dd728a3d-8377-44f3-b50f-d64fd49d87f0-1024x578.jpg 1024w, https:\/\/www.radiopiu.net\/wordpress\/wp-content\/uploads\/2020\/09\/dd728a3d-8377-44f3-b50f-d64fd49d87f0-768x433.jpg 768w, https:\/\/www.radiopiu.net\/wordpress\/wp-content\/uploads\/2020\/09\/dd728a3d-8377-44f3-b50f-d64fd49d87f0-1536x867.jpg 1536w, https:\/\/www.radiopiu.net\/wordpress\/wp-content\/uploads\/2020\/09\/dd728a3d-8377-44f3-b50f-d64fd49d87f0-640x361.jpg 640w, https:\/\/www.radiopiu.net\/wordpress\/wp-content\/uploads\/2020\/09\/dd728a3d-8377-44f3-b50f-d64fd49d87f0.jpg 1600w\" sizes=\"auto, (max-width: 300px) 100vw, 300px\" \/><\/a>RIVAMONTE<\/strong><\/p>\n<p>di Gianni Santomaso<\/p>\n<audio class=\"wp-audio-shortcode\" id=\"audio-162373-4\" preload=\"none\" style=\"width: 100%;\" controls=\"controls\"><source type=\"audio\/mpeg\" src=\"https:\/\/www.radiopiu.net\/wordpress\/wp-content\/uploads\/2020\/09\/GIANNI-CONSIGLIO-RIVAMONTE.mp3?_=4\" \/><a href=\"https:\/\/www.radiopiu.net\/wordpress\/wp-content\/uploads\/2020\/09\/GIANNI-CONSIGLIO-RIVAMONTE.mp3\">https:\/\/www.radiopiu.net\/wordpress\/wp-content\/uploads\/2020\/09\/GIANNI-CONSIGLIO-RIVAMONTE.mp3<\/a><\/audio>\n<p>&nbsp;<\/p>\n<p>L&#8217;INTERVENTO DI ENNIO VIGNE<\/p>\n<audio class=\"wp-audio-shortcode\" id=\"audio-162373-5\" preload=\"none\" style=\"width: 100%;\" controls=\"controls\"><source type=\"audio\/mpeg\" src=\"https:\/\/www.radiopiu.net\/wordpress\/wp-content\/uploads\/2020\/09\/VIGNE.mp3?_=5\" \/><a href=\"https:\/\/www.radiopiu.net\/wordpress\/wp-content\/uploads\/2020\/09\/VIGNE.mp3\">https:\/\/www.radiopiu.net\/wordpress\/wp-content\/uploads\/2020\/09\/VIGNE.mp3<\/a><\/audio>\n<p>&nbsp;<\/p>\n<p>&nbsp;<\/p>\n<h2><em><strong>LA DIRETTA FACEBOOK DI RADIO PI\u00d9<\/strong><\/em><\/h2>\n<blockquote class=\"wp-embedded-content\" data-secret=\"634TN05WyP\"><p><a href=\"https:\/\/www.radiopiu.net\/wordpress\/il-consiglio-comunale-di-rivamonte-lintervento-del-presidente-dellente-parco-ennio-vigne\/\">IL CONSIGLIO COMUNALE DI RIVAMONTE, L&#8217;INTERVENTO DEL PRESIDENTE DELL&#8217;ENTE PARCO ENNIO VIGNE<\/a><\/p><\/blockquote>\n<p><iframe loading=\"lazy\" class=\"wp-embedded-content\" sandbox=\"allow-scripts\" security=\"restricted\" style=\"position: absolute; clip: rect(1px, 1px, 1px, 1px);\" title=\"&#8220;IL CONSIGLIO COMUNALE DI RIVAMONTE, L&#8217;INTERVENTO DEL PRESIDENTE DELL&#8217;ENTE PARCO ENNIO VIGNE&#8221; &#8212; Radio Pi\u00f9\" src=\"https:\/\/www.radiopiu.net\/wordpress\/il-consiglio-comunale-di-rivamonte-lintervento-del-presidente-dellente-parco-ennio-vigne\/embed\/#?secret=634TN05WyP\" data-secret=\"634TN05WyP\" width=\"600\" height=\"338\" frameborder=\"0\" marginwidth=\"0\" marginheight=\"0\" scrolling=\"no\"><\/iframe><\/p>\n<p>&nbsp;<\/p>\n<hr \/>\n<p>&nbsp;<\/p>\n<blockquote>\n<h3><strong>TURNI, TRASPORTI, FORMAZIONE E FLESSIBILITA&#8217;- LE ULTIME NOVITA&#8217; DA LUXOTTICA<\/strong><\/h3>\n<\/blockquote>\n<p><strong><img loading=\"lazy\" decoding=\"async\" class=\"alignleft\" src=\"https:\/\/www.radiopiu.net\/wordpress\/wp-content\/uploads\/2020\/07\/814ace46-a8a2-4c2d-a100-4d87aa509ef3.jpg\" width=\"202\" height=\"152\" \/>AGORDO<\/strong> Come gi\u00e0 anticipato per i lavoratori Luxottica c&#8217;\u00e8 il ritorno ai turni &#8220;classici&#8221; ovvero dalle 6 alle 14, dalle 14 alle 22 e dalle 22 alle 6. TRASPORTI\u00a0 Da luned\u00ec con il ritorno ai normali orari\u00a0 (senza pi\u00f9 il distacco di mezz&#8217; ora tra un turno e l&#8217;altro) verr\u00e0\u00a0 ripristinato il servizio navetta per i lavoratori del secondo turno. Il servizio del mattino, al momento, non sar\u00e0 attivato. In Luxottica gi\u00e0 \u00a0esposti i nuovi orari di Dolomitibus e\u00a0 TrentinoTrasporti. Da lunedi \u00a0sar\u00e0 ripristinato il mezzo di trasporto per il turno notturno.<strong> FLESSIBILITA&#8217;<\/strong> Le giornate di flessibilit\u00e0 precedentemente calendarizzate previste per Stamperia plastica e finitura iniettato slittano di un sabato, sono infatti previste per il\u00a0 10,\u00a0 17,\u00a0 24 e 31 ottobre in modo da &#8220;liberare&#8221; sabato 3 ottobre che verr\u00e0 trasformato in Straordinario Incentivato. Questo consentir\u00e0 di effettuare il recupero delle ore perse a causa dei problemi sul sistema informatico del 21 settembre.\u00a0 <strong>FORMAZIONE PTI:<\/strong> Per il 2020 le ore di formazione saranno 8 (come da accordo del 1 aprile) e, orientativamente, saranno effettuate verso met\u00e0 ottobre.<\/p>\n<p>&nbsp;<\/p>\n<hr \/>\n<p>&nbsp;<\/p>\n<blockquote>\n<h3>FONDI DI CONFINE: 7,5 MILIONI PER IL BELLUNESE CON LE ANNUALITA&#8217; DA 500 MILA EURO. SARANNO RISANATE ANCHE LE EX CUOLE MEDIE DI GOSALDO<\/h3>\n<\/blockquote>\n<p><strong><a class=\"dt-pswp-item\" href=\"https:\/\/www.radiopiu.net\/wordpress\/wp-content\/uploads\/2020\/09\/DeMenech_Kompatscher.jpg\" data-dt-img-description=\"\" data-large_image_width=\"706\" data-large_image_height=\"506\"><img loading=\"lazy\" decoding=\"async\" class=\" wp-image-162433 alignleft\" src=\"https:\/\/www.radiopiu.net\/wordpress\/wp-content\/uploads\/2020\/09\/DeMenech_Kompatscher-300x215.jpg\" alt=\"\" width=\"220\" height=\"158\" srcset=\"https:\/\/www.radiopiu.net\/wordpress\/wp-content\/uploads\/2020\/09\/DeMenech_Kompatscher-300x215.jpg 300w, https:\/\/www.radiopiu.net\/wordpress\/wp-content\/uploads\/2020\/09\/DeMenech_Kompatscher-640x459.jpg 640w, https:\/\/www.radiopiu.net\/wordpress\/wp-content\/uploads\/2020\/09\/DeMenech_Kompatscher.jpg 706w\" sizes=\"auto, (max-width: 220px) 100vw, 220px\" \/><\/a>TRENTO\u00a0<\/strong> \u00a0Il Comitato paritetico del Fondo Comuni Confinanti, presieduto da Roger De Menech, ha approvato i programmi di intervento a valere sulle risorse annue da 500.000 euro destinate ai 48 comuni confinanti. La volont\u00e0 di garantire un utilizzo pi\u00f9 efficace delle risorse attraverso una semplificazione delle procedure che, da un lato consenta ai Comuni di disporre della liquidit\u00e0 necessaria in tempi brevi e al Fondo di gestire le pratiche in maniera pi\u00f9 snella, ha portato il Comitato all\u2019adozione di un percorso pi\u00f9 semplificato rispetto alla procedura a bando. In via sperimentale per l\u2019anno in corso, i Comuni hanno quindi potuto presentare un\u2019istanza di finanziamento riferita ad un \u201cprogramma di interventi\u201d, in numero massimo di 4, rientranti in 8 ambiti definiti, il Comitato ha ritenuto opportuno introdurre un nuovo ambito specifico dedicato agli investimenti collegati alla gestione emergenziale da COVID-19. Sono stati quindi proposti interventi di miglioramento della viabilit\u00e0 comunale, la realizzazione di parcheggi e strutture a servizio della comunit\u00e0, la riqualificazione degli impianti sportivi, azioni volte a potenziare il settore turistico e interventi a sostegno della comunit\u00e0 per fronteggiare l\u2019emergenza sanitaria. Il valore complessivo delle risorse destinate per l\u2019attuazione dei programmi presentati ammonta a 23 milioni di euro, 7 milioni e mezzo per i comuni della provincia di Belluno. <em>\u201cE\u2019 questo un anno sperimentale per quanto riguarda questa nuova modalit\u00e0 di gestione e trasferimento delle risorse\u201d dice il presidente del fondo Roger De Menech \u201cLa volont\u00e0 del Comitato di garantire un utilizzo efficace delle risorse passa anche dalla semplificazione delle procedure sia a livello istruttorio sia nella fase di realizzazione progettuale.\u201d<\/em>\u00a0 Nella discussione \u00e8 emersa ancora forte la volont\u00e0 del comitato di potenziare le progettualit\u00e0 d\u2019area vasta valorizzando le sinergie tra gli Enti che partecipano al tavolo e cercando di integrare le tante forme di finanziamento destinate ai territori. L\u2019utilizzo efficace delle risorse impone un ragionamento ampio che tenga conto di tutte le opportunit\u00e0 che oggi ci sono.\u00a0<em>\u201cPer semplificare e aiutare ancor di pi\u00f9 tutti i comuni \u2013 chiude De Menech \u2013 con le nuove modalit\u00e0 che abbiamo approvato, daremo subito il 30% di anticipo delle risorse oggetto dei progetti ad ogni singolo comune, in modo che possano progettare e realizzare gli interventi con maggior tranquillit\u00e0\u201d.<\/em><\/p>\n<p><span style=\"color: #ff0000;\">QUESTI GLI INTERVENTI BEL BELLUNESE 7,5 MILIONI, ANNUNALITA&#8217; DA 500 MILA EURO<\/span><\/p>\n<p><strong>Arsi\u00e8 <\/strong>Interventi di messa in sicurezza e manutenzione straordinaria della viabilit\u00e0 e strutture di servizio al cittadino 500.000 <strong>Auronzo di Cadore <\/strong>Progetti a sostegno dello sviluppo di Auronzo di Cadore, e per la gestione dell\u2019emergenza epidemiologica da COVID-19.<strong>Canale d&#8217;Agordo\u00a0 <\/strong>Interventi di ottimizzazione della viabilit\u00e0 frazionale, lavori di completamento e riqualificazione degli impianti sportivi comunali, conservazione e valorizzazione del patrimonio storico <strong>Cesiomaggiore <\/strong>Valorizzazione territorio comunale sistemazione piazza mercato di Cesiomaggiore, miglioramento viabilit\u00e0 in loc Pez e nuova area giochi attrezzata in via Grei <strong>Comelico Superiore <\/strong>Intervento di riqualificazione urbana e arredo urbano del centro storico di Padola \u2013 piazza san Luca, lato sud-est.<strong> Cortina d\u2019Ampezzo <\/strong>Nuovo centro per il curling nello stadio olimpico del ghiaccio, con messa in sicurezza, potenziamento e adeguamento dell\u2019impiantistica esistente <strong>Falcade <\/strong>Acquisto di un immobile per consentire alle associazioni di primo soccorso di ricoverare i mezzi e di garantire sufficienti spazi da utilizzare come sede sociale. <strong>Feltre <\/strong>Valorizzazione e promozione turistica e commerciale della citt\u00e0 di Feltre\u00a0<strong> Gosaldo<\/strong> Restauro &#8211; risanamento conservativo dell\u2019immobile comunale ex scuole medie <strong>Lamon <\/strong>Efficientamento energetico: aggiornamento del picil, rifacimento e realizzazione ex novo di alcuni tratti di illuminazione pubblica e altri interventi di efficientamento energetico su opere di propriet\u00e0 comunale e la realizzazione e manutenzione straordinaria di opere di produzione di energia elettrica rinnovabile&#8221; e &#8220;: riqualificazione dell&#8217;area del vecchio campo da calcio sito in via Cismon.&#8221;\u00a0 <strong>Livinallongo del Col di Lana\u00a0<\/strong> Miglioramento del parcheggio ad uso turistico in localit\u00e0 Pieve <strong>Rocca Pietore<\/strong>\u00a0 Realizzazione manufatto di interesse pubblico a servizio delle maestranze comunali per ricovero mezzi a garanzia di interventi di pubblica sicurezza lungo la viabilit\u00e0 comunale.<strong>Sovramonte <\/strong>Riqualificazione impianti sportivi comunali e potenziamento nuova palestra comunale <strong>Taibon Agordino<\/strong> Completamento interventi in atto volti al miglioramento dei servizi nell\u2019ambito dello sviluppo turistico del comune ed evitare lo spopolamento dei territori montani. <strong>Voltago <\/strong>Riqualificazione del viale della Vittoria, via principale di Frassen\u00e9 Agordino &#8211; comune di Voltago Agordino e nell\u2019acquisto in dotazione al reparto manutentivo comunale di una pala gommata.<\/p>\n<p>&nbsp;<\/p>\n<div style=\"width: 1200px;\" class=\"wp-video\"><video class=\"wp-video-shortcode\" id=\"video-162373-2\" width=\"1200\" height=\"675\" preload=\"metadata\" controls=\"controls\"><source type=\"video\/mp4\" src=\"https:\/\/www.radiopiu.net\/wordpress\/wp-content\/uploads\/2020\/09\/DE-MENECH-FONDI-CONFINE.mp4?_=2\" \/><a href=\"https:\/\/www.radiopiu.net\/wordpress\/wp-content\/uploads\/2020\/09\/DE-MENECH-FONDI-CONFINE.mp4\">https:\/\/www.radiopiu.net\/wordpress\/wp-content\/uploads\/2020\/09\/DE-MENECH-FONDI-CONFINE.mp4<\/a><\/video><\/div>\n<p>&nbsp;<\/p>\n<p>&nbsp;<\/p>\n<hr \/>\n<p>&nbsp;<\/p>\n<blockquote>\n<h3>CADE CON LA MOUNTAIN BIKE A PEDALATA ASSISTITA. IL SOCCORSO ALPINO LO PORTA AL SAN MARTINO DI BELLUNO<\/h3>\n<\/blockquote>\n<p><strong><a class=\"dt-pswp-item\" href=\"https:\/\/www.radiopiu.net\/wordpress\/wp-content\/uploads\/2018\/07\/mountain-biking-1210066_960_720.jpg\" data-dt-img-description=\"\" data-large_image_width=\"960\" data-large_image_height=\"720\"><img loading=\"lazy\" decoding=\"async\" class=\"size-medium wp-image-53713 alignleft\" src=\"https:\/\/www.radiopiu.net\/wordpress\/wp-content\/uploads\/2018\/07\/mountain-biking-1210066_960_720-300x225.jpg\" alt=\"\" width=\"300\" height=\"225\" srcset=\"https:\/\/www.radiopiu.net\/wordpress\/wp-content\/uploads\/2018\/07\/mountain-biking-1210066_960_720-300x225.jpg 300w, https:\/\/www.radiopiu.net\/wordpress\/wp-content\/uploads\/2018\/07\/mountain-biking-1210066_960_720-768x576.jpg 768w, https:\/\/www.radiopiu.net\/wordpress\/wp-content\/uploads\/2018\/07\/mountain-biking-1210066_960_720.jpg 960w\" sizes=\"auto, (max-width: 300px) 100vw, 300px\" \/><\/a>CORTINA <\/strong>Attorno a mezzogiorno la Centrale del Suem \u00e8 stata allertata da un uomo il cui compagno era caduto con una mountain bike a pedalata assistita lungo una ripida strada sterrata sopra Fiames, era rimasto incosciente per un po&#8217;, aveva una ferita al ginocchio e lamentava dolori in diverse parti del corpo. Poich\u00e9 il maltempo impediva l&#8217;intervento dell&#8217;elicottero, risaliti alle coordinate del punto e capito che i due si trovavano dietro Cianderau per arrivare al Sas Peron, una squadra del Soccorso alpino, del Sagf e dei Carabinieri di Cortina ha raggiunto il luogo dell&#8217;incidente, non senza difficolt\u00e0 dato il fango e la pioggia che ostacolavano l&#8217;avanzata dei mezzi. Una volta da lui, hanno prestato le prime cure all&#8217;infortunato, che aveva riportato possibili traumi e una ferita al ginocchio, lo hanno imbarellato e trasportato all&#8217;ambulanza. Il ciclista \u00e8 poi stato accompagnato all&#8217;ospedale di Belluno.<\/p>\n<p>&nbsp;<\/p>\n<p>&nbsp;<\/p>\n<hr \/>\n<p>&nbsp;<\/p>\n<blockquote>\n<h3>INVERNO SENZA SCI SUL NEVEGAL SE NON CI SARA&#8217; UN INTERVENTO DEGLI IMPRENDITORI<\/h3>\n<\/blockquote>\n<p>&nbsp;<\/p>\n<p><a class=\"dt-pswp-item\" href=\"https:\/\/www.radiopiu.net\/wordpress\/wp-content\/uploads\/2020\/09\/92de7b3a-1a2a-40a4-b1ee-76d1a35300a8.jpg\" data-dt-img-description=\"\" data-large_image_width=\"1600\" data-large_image_height=\"737\"><img loading=\"lazy\" decoding=\"async\" class=\"size-medium wp-image-162449 alignleft\" src=\"https:\/\/www.radiopiu.net\/wordpress\/wp-content\/uploads\/2020\/09\/92de7b3a-1a2a-40a4-b1ee-76d1a35300a8-300x138.jpg\" alt=\"\" width=\"300\" height=\"138\" srcset=\"https:\/\/www.radiopiu.net\/wordpress\/wp-content\/uploads\/2020\/09\/92de7b3a-1a2a-40a4-b1ee-76d1a35300a8-300x138.jpg 300w, https:\/\/www.radiopiu.net\/wordpress\/wp-content\/uploads\/2020\/09\/92de7b3a-1a2a-40a4-b1ee-76d1a35300a8-1024x472.jpg 1024w, https:\/\/www.radiopiu.net\/wordpress\/wp-content\/uploads\/2020\/09\/92de7b3a-1a2a-40a4-b1ee-76d1a35300a8-768x354.jpg 768w, https:\/\/www.radiopiu.net\/wordpress\/wp-content\/uploads\/2020\/09\/92de7b3a-1a2a-40a4-b1ee-76d1a35300a8-1536x708.jpg 1536w, https:\/\/www.radiopiu.net\/wordpress\/wp-content\/uploads\/2020\/09\/92de7b3a-1a2a-40a4-b1ee-76d1a35300a8-640x295.jpg 640w, https:\/\/www.radiopiu.net\/wordpress\/wp-content\/uploads\/2020\/09\/92de7b3a-1a2a-40a4-b1ee-76d1a35300a8.jpg 1600w\" sizes=\"auto, (max-width: 300px) 100vw, 300px\" \/><\/a><\/p>\n<p>&nbsp;<\/p>\n<p>&nbsp;<\/p>\n<p>&nbsp;<\/p>\n<p>&nbsp;<\/p>\n<p><strong>BELLUNO<\/strong><\/p>\n<p><strong>DI MORENO GIOLI<\/strong><\/p>\n<audio class=\"wp-audio-shortcode\" id=\"audio-162373-6\" preload=\"none\" style=\"width: 100%;\" controls=\"controls\"><source type=\"audio\/mpeg\" src=\"https:\/\/www.radiopiu.net\/wordpress\/wp-content\/uploads\/2020\/09\/GIOLI-NEVEGAL.mp3?_=6\" \/><a href=\"https:\/\/www.radiopiu.net\/wordpress\/wp-content\/uploads\/2020\/09\/GIOLI-NEVEGAL.mp3\">https:\/\/www.radiopiu.net\/wordpress\/wp-content\/uploads\/2020\/09\/GIOLI-NEVEGAL.mp3<\/a><\/audio>\n<p>&nbsp;<\/p>\n<h3>IL SINDACO JACOPO MASSARO<\/h3>\n<p><strong>PARTE 1<\/strong><\/p>\n<audio class=\"wp-audio-shortcode\" id=\"audio-162373-7\" preload=\"none\" style=\"width: 100%;\" controls=\"controls\"><source type=\"audio\/mpeg\" src=\"https:\/\/www.radiopiu.net\/wordpress\/wp-content\/uploads\/2020\/09\/MASSARO-IMPIANTI.mp3?_=7\" \/><a href=\"https:\/\/www.radiopiu.net\/wordpress\/wp-content\/uploads\/2020\/09\/MASSARO-IMPIANTI.mp3\">https:\/\/www.radiopiu.net\/wordpress\/wp-content\/uploads\/2020\/09\/MASSARO-IMPIANTI.mp3<\/a><\/audio>\n<p><strong>PARTE 2<\/strong><\/p>\n<audio class=\"wp-audio-shortcode\" id=\"audio-162373-8\" preload=\"none\" style=\"width: 100%;\" controls=\"controls\"><source type=\"audio\/mpeg\" src=\"https:\/\/www.radiopiu.net\/wordpress\/wp-content\/uploads\/2020\/09\/MASSARO-2.mp3?_=8\" \/><a href=\"https:\/\/www.radiopiu.net\/wordpress\/wp-content\/uploads\/2020\/09\/MASSARO-2.mp3\">https:\/\/www.radiopiu.net\/wordpress\/wp-content\/uploads\/2020\/09\/MASSARO-2.mp3<\/a><\/audio>\n<p>&nbsp;<\/p>\n<p><em><strong>Domani alle 11 in piazzale Nevegal presso la Pizzeria Dal Bo la conferenza stampa indetta da Vivaio Dolomiti<\/strong><\/em><\/p>\n<p>&nbsp;<\/p>\n<p>&nbsp;<\/p>\n<hr \/>\n<p>&nbsp;<\/p>\n<blockquote>\n<h3>BANCHE CHE CHIUDONO UFFICI NEI PICCOLI COMUNI &#8220;PROTESTA GIUSTA DEI SINDACI E DEI TERRITORI. CORRENTISTI SCELGANO CHI MANTIENE I SERVIZI&#8221;<\/h3>\n<\/blockquote>\n<p><strong><a class=\"dt-pswp-item\" href=\"https:\/\/www.radiopiu.net\/wordpress\/wp-content\/uploads\/2018\/12\/BUSSONE_FLAI_CGIL11122018.jpg\" data-dt-img-description=\"\" data-large_image_width=\"1280\" data-large_image_height=\"853\"><img loading=\"lazy\" decoding=\"async\" class=\" wp-image-69122 alignleft\" src=\"https:\/\/www.radiopiu.net\/wordpress\/wp-content\/uploads\/2018\/12\/BUSSONE_FLAI_CGIL11122018-300x200.jpg\" alt=\"\" width=\"233\" height=\"155\" srcset=\"https:\/\/www.radiopiu.net\/wordpress\/wp-content\/uploads\/2018\/12\/BUSSONE_FLAI_CGIL11122018-300x200.jpg 300w, https:\/\/www.radiopiu.net\/wordpress\/wp-content\/uploads\/2018\/12\/BUSSONE_FLAI_CGIL11122018-768x512.jpg 768w, https:\/\/www.radiopiu.net\/wordpress\/wp-content\/uploads\/2018\/12\/BUSSONE_FLAI_CGIL11122018-1024x682.jpg 1024w, https:\/\/www.radiopiu.net\/wordpress\/wp-content\/uploads\/2018\/12\/BUSSONE_FLAI_CGIL11122018.jpg 1280w\" sizes=\"auto, (max-width: 233px) 100vw, 233px\" \/><\/a>ROMA<\/strong>\u00a0 Le banche continuano a chiudere gli uffici nei piccoli Comuni e nei territori montani. Una scelta che Uncem non ha condiviso rimarcando che abbandonare le aree alpine e appenniniche \u00e8 grave e rilevando una grave mancanza di rispetto per gli utenti, per i residenti nei territori<em>. &#8220;Lo abbiamo scritto innumerevoli volte ad ABI, alla Banca d&#8217;italia &#8211; precisa Marco Bussone, presidente Uncem (foto) &#8211; i Sindaci sono arrabbiati per queste chiusure. E i cittadini, in particolare le fasce pi\u00f9 deboli, gli anziani, si trovano smarriti. Per questo riteniamo giuste le forme di proteste dei correntisti che si spostano verso che mantiene i servizi. I cittadini fanno bene a spostare i conti e a scegliere le soluzioni di chi mantiene i servizi. I cittadini dove chiude una banca fanno bene a scegliere altri servizi, altri erogatori di opportunit\u00e0 che restano sui territori&#8221;.<\/em><\/p>\n<p>&nbsp;<\/p>\n<p>&nbsp;<\/p>\n<hr \/>\n<p>&nbsp;<\/p>\n<blockquote>\n<h3>CONFAPI VENETO: \u00abORA UNA GIUNTA CHE DIA IL GIUSTO RISALTO AI TERRITORI\u00bb<\/h3>\n<\/blockquote>\n<p><strong> <em><a class=\"dt-pswp-item\" href=\"https:\/\/www.radiopiu.net\/wordpress\/wp-content\/uploads\/2020\/09\/Ravetto.jpg\" data-dt-img-description=\"\" data-large_image_width=\"1800\" data-large_image_height=\"1200\"><img loading=\"lazy\" decoding=\"async\" class=\" wp-image-162446 alignleft\" src=\"https:\/\/www.radiopiu.net\/wordpress\/wp-content\/uploads\/2020\/09\/Ravetto-300x200.jpg\" alt=\"\" width=\"201\" height=\"134\" srcset=\"https:\/\/www.radiopiu.net\/wordpress\/wp-content\/uploads\/2020\/09\/Ravetto-300x200.jpg 300w, https:\/\/www.radiopiu.net\/wordpress\/wp-content\/uploads\/2020\/09\/Ravetto-1024x683.jpg 1024w, https:\/\/www.radiopiu.net\/wordpress\/wp-content\/uploads\/2020\/09\/Ravetto-768x512.jpg 768w, https:\/\/www.radiopiu.net\/wordpress\/wp-content\/uploads\/2020\/09\/Ravetto-1536x1024.jpg 1536w, https:\/\/www.radiopiu.net\/wordpress\/wp-content\/uploads\/2020\/09\/Ravetto-640x427.jpg 640w, https:\/\/www.radiopiu.net\/wordpress\/wp-content\/uploads\/2020\/09\/Ravetto.jpg 1800w\" sizes=\"auto, (max-width: 201px) 100vw, 201px\" \/><\/a><\/em>VENEZIA<\/strong><em> \u00abL\u2019ampia affermazione elettorale di Luca Zaia \u00e8 frutto del buon governo e della concretezza mostrate in questi anni\u00bb<\/em>, afferma il presidente Confapi Manfredi Ravetto. <em>\u00abOggi, nell\u2019augurare a Zaia buon lavoro, auspichiamo che tenga conto delle istanze delle Piccole Medie Imprese, che noi rappresentiamo, e che sono la vera ossatura dell\u2019economia del Veneto, \u00a0hanno bisogno di risposte urgenti e di un supporto concreto sul piano delle infrastrutture e degli investimenti, della ricerca e del sostegno all\u2019innovazione\u00bb,<\/em> sottolinea la guida di Confapi Veneto, i cui contratti sono applicati da pi\u00f9 di 6 mila imprese, con oltre 87 mila addetti. <em>\u00abConfidiamo di poter proseguire la collaborazione portata avanti in questi anni con gli organi della Regione e, a tal proposito\u00bb, conclude Ravetto, \u00abattendiamo di conoscere la composizione della Giunta che lavorer\u00e0 con il presidente Zaia, sicuri che sapr\u00e0 dare il giusto risalto ai territori e ai valori, politici ed economici, che essi esprimono<\/em>.<\/p>\n<p>&nbsp;<\/p>\n<p>&nbsp;<\/p>\n<hr \/>\n<p>&nbsp;<\/p>\n<p>&nbsp;<\/p>\n<blockquote class=\"wp-embedded-content\" data-secret=\"GmW80DP77o\"><p><a href=\"https:\/\/www.radiopiu.net\/wordpress\/nelle-ultime-24-ore-i-positivi-in-veneto-aumentano-di-210-unita-un-decesso-128-negativizzati-aumentano-i-ricoveri\/\">NELLE ULTIME 24 ORE I POSITIVI IN VENETO AUMENTANO DI 210 UNIT\u00c0. UN DECESSO, 128 NEGATIVIZZATI. AUMENTANO I RICOVERI<\/a><\/p><\/blockquote>\n<p><iframe loading=\"lazy\" class=\"wp-embedded-content\" sandbox=\"allow-scripts\" security=\"restricted\" style=\"position: absolute; clip: rect(1px, 1px, 1px, 1px);\" title=\"&#8220;NELLE ULTIME 24 ORE I POSITIVI IN VENETO AUMENTANO DI 210 UNIT\u00c0. UN DECESSO, 128 NEGATIVIZZATI. AUMENTANO I RICOVERI&#8221; &#8212; Radio Pi\u00f9\" src=\"https:\/\/www.radiopiu.net\/wordpress\/nelle-ultime-24-ore-i-positivi-in-veneto-aumentano-di-210-unita-un-decesso-128-negativizzati-aumentano-i-ricoveri\/embed\/#?secret=GmW80DP77o\" data-secret=\"GmW80DP77o\" width=\"600\" height=\"338\" frameborder=\"0\" marginwidth=\"0\" marginheight=\"0\" scrolling=\"no\"><\/iframe><\/p>\n<p>&nbsp;<\/p>\n<p><strong>I GRAFICI DI TIZIANO DE COL<\/strong><\/p>\n<p><a class=\"dt-pswp-item\" href=\"https:\/\/www.radiopiu.net\/wordpress\/wp-content\/uploads\/2020\/09\/b9a43e18-7077-47fe-9964-2edf5bcaa227.jpg\" data-dt-img-description=\"\" data-large_image_width=\"480\" data-large_image_height=\"334\"><img loading=\"lazy\" decoding=\"async\" class=\"alignnone size-medium wp-image-162564\" src=\"https:\/\/www.radiopiu.net\/wordpress\/wp-content\/uploads\/2020\/09\/b9a43e18-7077-47fe-9964-2edf5bcaa227-300x209.jpg\" alt=\"\" width=\"300\" height=\"209\" srcset=\"https:\/\/www.radiopiu.net\/wordpress\/wp-content\/uploads\/2020\/09\/b9a43e18-7077-47fe-9964-2edf5bcaa227-300x209.jpg 300w, https:\/\/www.radiopiu.net\/wordpress\/wp-content\/uploads\/2020\/09\/b9a43e18-7077-47fe-9964-2edf5bcaa227.jpg 480w\" sizes=\"auto, (max-width: 300px) 100vw, 300px\" \/><\/a><a class=\"dt-pswp-item\" href=\"https:\/\/www.radiopiu.net\/wordpress\/wp-content\/uploads\/2020\/09\/18bed71d-915c-40ff-96b8-9a7dce656f64.jpg\" data-dt-img-description=\"\" data-large_image_width=\"480\" data-large_image_height=\"634\"><img loading=\"lazy\" decoding=\"async\" class=\"alignnone size-medium wp-image-162565\" src=\"https:\/\/www.radiopiu.net\/wordpress\/wp-content\/uploads\/2020\/09\/18bed71d-915c-40ff-96b8-9a7dce656f64-227x300.jpg\" alt=\"\" width=\"227\" height=\"300\" srcset=\"https:\/\/www.radiopiu.net\/wordpress\/wp-content\/uploads\/2020\/09\/18bed71d-915c-40ff-96b8-9a7dce656f64-227x300.jpg 227w, https:\/\/www.radiopiu.net\/wordpress\/wp-content\/uploads\/2020\/09\/18bed71d-915c-40ff-96b8-9a7dce656f64-363x480.jpg 363w, https:\/\/www.radiopiu.net\/wordpress\/wp-content\/uploads\/2020\/09\/18bed71d-915c-40ff-96b8-9a7dce656f64.jpg 480w\" sizes=\"auto, (max-width: 227px) 100vw, 227px\" \/><\/a><\/p>\n<p>&nbsp;<\/p>\n<p>&nbsp;<\/p>\n<hr \/>\n<p>&nbsp;<\/p>\n<p><em>Cosa succede in Comelico? Nei giorni pi\u00f9 caldi il territorio non aveva evidenziato casi positivi, non come altrove. Oggi la situazione \u00e8 radicalmente cambiata, diversi i focolai\u00a0 e l&#8217;Usl ha disposto una campagna di monitoraggio chiamando un campione di 300 residenti. Sono 34\u00a0 i positivi nei 4 comuni sui 104 della provincia, ben 80 soggetti in isolamento.\u00a0 Il direttore del dipartimento di Prevenzione, Sandro Cinquetti, ipotizza la presenza almeno\u00a0 4\u00a0 persone che infettano pi\u00f9 della media.<\/em><\/p>\n<blockquote>\n<h3>TRA I SEI NUOVI POSITIVI IN ULSS 1 ANCHE UN&#8217;INSEGNANTE DI UNA SCUOLA MATERNA IN CADORE, FORTUNATAMENTE I CONTATTI SONO NEGATIVI<\/h3>\n<\/blockquote>\n<p><strong><a class=\"dt-pswp-item\" href=\"https:\/\/www.radiopiu.net\/wordpress\/wp-content\/uploads\/2020\/09\/corona-aggiornamenti-copia.jpg\" data-dt-img-description=\"\" data-large_image_width=\"626\" data-large_image_height=\"417\"><img loading=\"lazy\" decoding=\"async\" class=\"size-medium wp-image-158956 alignleft\" src=\"https:\/\/www.radiopiu.net\/wordpress\/wp-content\/uploads\/2020\/09\/corona-aggiornamenti-copia-300x200.jpg\" alt=\"\" width=\"300\" height=\"200\" srcset=\"https:\/\/www.radiopiu.net\/wordpress\/wp-content\/uploads\/2020\/09\/corona-aggiornamenti-copia-300x200.jpg 300w, https:\/\/www.radiopiu.net\/wordpress\/wp-content\/uploads\/2020\/09\/corona-aggiornamenti-copia.jpg 626w\" sizes=\"auto, (max-width: 300px) 100vw, 300px\" \/><\/a>BELLUNO\u00a0<\/strong>Le ultime ore di attivit\u00e0 laboratoristica hanno registrato sei nuove positivit\u00e0:\u00a0due soggetti gi\u00e0 in carico in quanto contatti occasionali di caso;\u00a0quattro soggetti , contatto di caso afferenti al focolaio che interessa i Comuni di San Pietro e Santo Stefano di Cadore.\u00a0Tra i casi positivi dei comuni del Cadore c\u2019\u00e8 anche un insegnante di scuola materna, in isolamento dal 22 settembre in quanto contatto di caso. E\u2019 stato attivato il protocollo previsto per la scuola, con disposizione di quarantena alla classe interessata e esecuzione di tamponi sul posto da parte del team tamponi domenica mattina, in parallelo all\u2019attivit\u00e0 di screening programmata per alcune classi di et\u00e0 tra i residenti dei Comuni di Santo Stefano e san Pietro di Cadore (vedi nota specifica).\u00a0Afflusso consistente anche ieri per l\u2019accesso ai tamponi drive-in dei soggetti sintomatici frequentanti la scuola, generalmente afferenti all\u2019et\u00e0 pediatrica. Complessivamente sono stati eseguiti 131 tamponi a Belluno e 75 Feltre, per un totale di 206 tamponi. Si ricorda che i drive-in di Belluno e Feltre sono attivi anche sabato e domenica, con accesso libero, dalle 8.30 alle 12.30.\u00a0Da luned\u00ec 28 settembre opereranno per i tamponi per bambini, ragazzi e adulti frequentanti la scuola anche i drive-in di Caprile e Tai di Cadore:\u00a0CAPRILE luned\u00ec, mercoled\u00ec, venerd\u00ec \u2013 dalle 17.00 alle 19.00;\u00a0TAI marted\u00ec, gioved\u00ec, sabato \u2013 dalle 17.00 alle 19.00<\/p>\n<p>&nbsp;<\/p>\n<p>&nbsp;<\/p>\n<hr \/>\n<p>&nbsp;<\/p>\n<blockquote>\n<h3>DOMENICA SCREENING A SANTO STEFANO E SAN PIETRO DI CADORE<\/h3>\n<\/blockquote>\n<p><strong><a class=\"dt-pswp-item\" href=\"https:\/\/www.radiopiu.net\/wordpress\/wp-content\/uploads\/2020\/08\/TAMPONE.jpg\" data-dt-img-description=\"\" data-large_image_width=\"1920\" data-large_image_height=\"1280\"><img loading=\"lazy\" decoding=\"async\" class=\"size-medium wp-image-155278 alignleft\" src=\"https:\/\/www.radiopiu.net\/wordpress\/wp-content\/uploads\/2020\/08\/TAMPONE-300x200.jpg\" alt=\"\" width=\"300\" height=\"200\" srcset=\"https:\/\/www.radiopiu.net\/wordpress\/wp-content\/uploads\/2020\/08\/TAMPONE-300x200.jpg 300w, https:\/\/www.radiopiu.net\/wordpress\/wp-content\/uploads\/2020\/08\/TAMPONE-1024x683.jpg 1024w, https:\/\/www.radiopiu.net\/wordpress\/wp-content\/uploads\/2020\/08\/TAMPONE-768x512.jpg 768w, https:\/\/www.radiopiu.net\/wordpress\/wp-content\/uploads\/2020\/08\/TAMPONE-1536x1024.jpg 1536w, https:\/\/www.radiopiu.net\/wordpress\/wp-content\/uploads\/2020\/08\/TAMPONE.jpg 1920w\" sizes=\"auto, (max-width: 300px) 100vw, 300px\" \/><\/a>BELLUNO\u00a0<\/strong>L\u2019Ulss Dolomiti, in accordo con le amministrazioni comunali di Santo Stefano e San Pietro di Cadore, domenica eseguir\u00e0 un tampone di screening , a scopo conoscitivo, a due gruppi di cittadini individuati attraverso un\u2019analisi epidemiologica della casistica relativa alle positivit\u00e0 COVID.\u00a0Nelle ultime due settimane, infatti, nei due comuni di San Pietro e Santo Stefano di Cadore, \u00e8 stata registrata dall\u2019unit\u00e0 di crisi del Dipartimento di Prevenzione dell\u2019Ulss Dolomiti, una crescente evidenza di positivit\u00e0 Covid. I casi sono generalmente paucisintomatici o asintomatici, con un&#8217;unica persona ricoverata in Malattie Infettive all\u2019ospedale di Belluno, affetta da importanti patologie di base.\u00a0Per ciascun caso confermato sono state condotte tutte le azioni di sanit\u00e0 pubblica previste dal protocollo (<em>contact tracing<\/em>, misure contumaciali, provvedimenti su luoghi di aggregazione, ecc.).\u00a0Complessivamente si registrano ad oggi \u00a034 soggetti positivi, isolati (18 a San Pietro di Cadore; 16 a Santo Stefano di Cadore), e complessivi 80 soggetti quarantenati in quanto contatti di caso. Nell\u2019ambito della ricerca dei contatti delle persone positive, sono state riscontrate positivit\u00e0 anche in un bambino frequentante la scuola materna di Campolongo e in un\u2019insegnante di un&#8217;altra scuola materna. nell\u2019ambito scolastico, come da disposizioni regionali e nazionali sono stati attivati i protocolli previsti in collaborazione con i referenti Covid degli istituti coinvolti.\u00a0Il Dipartimento di Prevenzione vista la diffusione del contagio in questi due particolari Comuni, ha ritenuto, a scopo conoscitivo, consultata la Direzione Regionale Prevenzione, di effettuare una prima indagine con tamponi anche su soggetti asintomatici e non in quarantena (quindi non contatti stretti dei positivi) appartenenti alle 7 classi di nascita pi\u00f9 rappresentate nella casistica relativa ai due contesti comunali (dal 1950 al 1954 a S. Pietro di Cadore; 1972-1973 in entrambi i comuni), in base all\u2019 analisi epidemiologica dei casi.\u00a0I cittadini residenti nei due comuni e appartenenti alle classi di et\u00e0 individuate, circa 300 persone, sono state invitate a presentarsi domenica 27 settembre a Santo Stefano nella sede dei magazzini comunali in Piazza Volontari della libert\u00e0 dalle 9.30 alle 12.30 per effettuare un tampone standard di controllo in modalit\u00e0 drive-in. Le persone dovranno presentarsi in auto muniti di tessera sanitaria elettronica. Non saranno chiamati ad eseguire il test eventuali soggetti gi\u00e0 isolati o quarantenati. considerato che in alcuni casi non \u00e8 stato possibile raggiungere telefonicamente alcune persone appartenenti alle classi di nascita oggetto di studio nella stessa fascia oraria \u00e8 consentito l\u2019accesso libero, sempre in auto con tessera sanitaria elettronica.\u00a0\u00ab<em>Si tratta di un primo intervento valutativo per approfondire la diffusione del contagio. Dalla valutazione degli esiti dei tamponi avremo un quadro epidemiologico pi\u00f9 preciso e potremo considerare eventualmente ulteriori iniziative per il contenimento del contagio\u00bb, spiega il Direttore del Dipartimento di Prevenzione, Sandro Cinquetti, \u00abIl nostro \u201cteam tamponi\u201d composto da personale esperto sar\u00e0 sul posto per facilitare i cittadini negli spostamenti e offrire il servizio vicino casa. Al momento la situazione non desta allarme, ma \u00e8 necessario muoversi adottando tutte le misure di cautela possibile per contenere e contribuire a spegnere rapidamente il focolaio. Raccomando, infine, a tutti i cittadini di usare con attenzione e responsabilit\u00e0 le misure di prevenzione note: uso della mascherina in qualunque contesto pubblico anche all\u2019esterno, accurata igiene delle mani e mantenimento della distanza fisica di almeno un metro nei contatti sociali<\/em>\u00bb.<\/p>\n<p>&nbsp;<\/p>\n<p>&nbsp;<\/p>\n<hr \/>\n<p>&nbsp;<\/p>\n<blockquote>\n<h3>OSPEDALE SAN MARTINO, BELLUNO:IERI\u00a0 IN ATTESA DEL TAMPONE, FOTO<\/h3>\n<\/blockquote>\n\n\t\t\t<style type='text\/css'>\n\t\t\t\t#gallery-2 {\n\t\t\t\t\tmargin: auto;\n\t\t\t\t}\n\t\t\t\t#gallery-2 .gallery-item {\n\t\t\t\t\tfloat: left;\n\t\t\t\t\tmargin-top: 10px;\n\t\t\t\t\ttext-align: center;\n\t\t\t\t\twidth: 33%;\n\t\t\t\t}\n\t\t\t\t#gallery-2 img {\n\t\t\t\t\tborder: 2px solid #cfcfcf;\n\t\t\t\t}\n\t\t\t\t#gallery-2 .gallery-caption {\n\t\t\t\t\tmargin-left: 0;\n\t\t\t\t}\n\t\t\t\t\/* see gallery_shortcode() in wp-includes\/media.php *\/\n\t\t\t<\/style>\n\t\t<div id='gallery-2' class='dt-gallery-container gallery galleryid-162373 gallery-columns-3 gallery-size-thumbnail'><dl class='gallery-item'>\n\t\t\t\t<dt class='gallery-icon landscape'>\n\t\t\t\t\t<a class=\"rollover rollover-zoom dt-pswp-item\" title=\"WhatsApp Image 2020-09-25 at 09.49.15\" data-dt-img-description=\"\" data-large_image_width=\"1600\" data-large_image_height=\"900\"href='https:\/\/www.radiopiu.net\/wordpress\/wp-content\/uploads\/2020\/09\/WhatsApp-Image-2020-09-25-at-09.49.15.jpeg'><img loading=\"lazy\" decoding=\"async\" width=\"150\" height=\"150\" src=\"https:\/\/www.radiopiu.net\/wordpress\/wp-content\/uploads\/2020\/09\/WhatsApp-Image-2020-09-25-at-09.49.15-150x150.jpeg\" class=\"attachment-thumbnail size-thumbnail\" alt=\"\" srcset=\"https:\/\/www.radiopiu.net\/wordpress\/wp-content\/uploads\/2020\/09\/WhatsApp-Image-2020-09-25-at-09.49.15-150x150.jpeg 150w, https:\/\/www.radiopiu.net\/wordpress\/wp-content\/uploads\/2020\/09\/WhatsApp-Image-2020-09-25-at-09.49.15-125x125.jpeg 125w, https:\/\/www.radiopiu.net\/wordpress\/wp-content\/uploads\/2020\/09\/WhatsApp-Image-2020-09-25-at-09.49.15-200x200.jpeg 200w, https:\/\/www.radiopiu.net\/wordpress\/wp-content\/uploads\/2020\/09\/WhatsApp-Image-2020-09-25-at-09.49.15-80x80.jpeg 80w\" sizes=\"auto, (max-width: 150px) 100vw, 150px\" \/><\/a>\n\t\t\t\t<\/dt><\/dl><dl class='gallery-item'>\n\t\t\t\t<dt class='gallery-icon landscape'>\n\t\t\t\t\t<a class=\"rollover rollover-zoom dt-pswp-item\" title=\"WhatsApp Image 2020-09-25 at 09.22.30\" data-dt-img-description=\"\" data-large_image_width=\"1600\" data-large_image_height=\"1200\"href='https:\/\/www.radiopiu.net\/wordpress\/wp-content\/uploads\/2020\/09\/WhatsApp-Image-2020-09-25-at-09.22.30.jpeg'><img loading=\"lazy\" decoding=\"async\" width=\"150\" height=\"150\" src=\"https:\/\/www.radiopiu.net\/wordpress\/wp-content\/uploads\/2020\/09\/WhatsApp-Image-2020-09-25-at-09.22.30-150x150.jpeg\" class=\"attachment-thumbnail size-thumbnail\" alt=\"\" srcset=\"https:\/\/www.radiopiu.net\/wordpress\/wp-content\/uploads\/2020\/09\/WhatsApp-Image-2020-09-25-at-09.22.30-150x150.jpeg 150w, https:\/\/www.radiopiu.net\/wordpress\/wp-content\/uploads\/2020\/09\/WhatsApp-Image-2020-09-25-at-09.22.30-125x125.jpeg 125w, https:\/\/www.radiopiu.net\/wordpress\/wp-content\/uploads\/2020\/09\/WhatsApp-Image-2020-09-25-at-09.22.30-200x200.jpeg 200w, https:\/\/www.radiopiu.net\/wordpress\/wp-content\/uploads\/2020\/09\/WhatsApp-Image-2020-09-25-at-09.22.30-80x80.jpeg 80w\" sizes=\"auto, (max-width: 150px) 100vw, 150px\" \/><\/a>\n\t\t\t\t<\/dt><\/dl><dl class='gallery-item'>\n\t\t\t\t<dt class='gallery-icon landscape'>\n\t\t\t\t\t<a class=\"rollover rollover-zoom dt-pswp-item\" title=\"WhatsApp Image 2020-09-25 at 09.22.31\" data-dt-img-description=\"\" data-large_image_width=\"1600\" data-large_image_height=\"1200\"href='https:\/\/www.radiopiu.net\/wordpress\/wp-content\/uploads\/2020\/09\/WhatsApp-Image-2020-09-25-at-09.22.31.jpeg'><img loading=\"lazy\" decoding=\"async\" width=\"150\" height=\"150\" src=\"https:\/\/www.radiopiu.net\/wordpress\/wp-content\/uploads\/2020\/09\/WhatsApp-Image-2020-09-25-at-09.22.31-150x150.jpeg\" class=\"attachment-thumbnail size-thumbnail\" alt=\"\" srcset=\"https:\/\/www.radiopiu.net\/wordpress\/wp-content\/uploads\/2020\/09\/WhatsApp-Image-2020-09-25-at-09.22.31-150x150.jpeg 150w, https:\/\/www.radiopiu.net\/wordpress\/wp-content\/uploads\/2020\/09\/WhatsApp-Image-2020-09-25-at-09.22.31-125x125.jpeg 125w, https:\/\/www.radiopiu.net\/wordpress\/wp-content\/uploads\/2020\/09\/WhatsApp-Image-2020-09-25-at-09.22.31-200x200.jpeg 200w, https:\/\/www.radiopiu.net\/wordpress\/wp-content\/uploads\/2020\/09\/WhatsApp-Image-2020-09-25-at-09.22.31-80x80.jpeg 80w\" sizes=\"auto, (max-width: 150px) 100vw, 150px\" \/><\/a>\n\t\t\t\t<\/dt><\/dl><br style=\"clear: both\" \/>\n\t\t\t<\/div>\n\n<p>&nbsp;<\/p>\n<hr \/>\n<h3><\/h3>\n<blockquote>\n<h3>TEST SIEROLOGICI PER PERSONALE DELLA SCUOLA: SEDUTA DI \u201cRECUPERO\u201d A BELLUNO IL 30 SETTEMBRE<\/h3>\n<\/blockquote>\n<p><strong><a class=\"dt-pswp-item\" href=\"https:\/\/www.radiopiu.net\/wordpress\/wp-content\/uploads\/2020\/05\/drivein3.jpg\" data-dt-img-description=\"\" data-large_image_width=\"1600\" data-large_image_height=\"1200\"><img loading=\"lazy\" decoding=\"async\" class=\"size-medium wp-image-137283 alignleft\" src=\"https:\/\/www.radiopiu.net\/wordpress\/wp-content\/uploads\/2020\/05\/drivein3-300x225.jpg\" alt=\"\" width=\"300\" height=\"225\" srcset=\"https:\/\/www.radiopiu.net\/wordpress\/wp-content\/uploads\/2020\/05\/drivein3-300x225.jpg 300w, https:\/\/www.radiopiu.net\/wordpress\/wp-content\/uploads\/2020\/05\/drivein3-1024x768.jpg 1024w, https:\/\/www.radiopiu.net\/wordpress\/wp-content\/uploads\/2020\/05\/drivein3-768x576.jpg 768w, https:\/\/www.radiopiu.net\/wordpress\/wp-content\/uploads\/2020\/05\/drivein3-1536x1152.jpg 1536w, https:\/\/www.radiopiu.net\/wordpress\/wp-content\/uploads\/2020\/05\/drivein3.jpg 1600w\" sizes=\"auto, (max-width: 300px) 100vw, 300px\" \/><\/a>BELLUNO\u00a0<\/strong>In ottemperanza con le indicazioni nazionali e regionali, si comunica che gli insegnanti e il personale delle scuole di ogni ordine e grado, pubbliche e private, che non hanno ancora effettuato il test di screening sierologico possono rivolgersi\u00a0mercoled\u00ec 30 settembre, dalle 13.30 alle 16.00 \u2013 per personale gi\u00e0 prenotato, dalle 16.00 alle 17.00 \u2013 accesso libero (senza prenotazione)\u00a0al drive-in allestito all\u2019Ospedale San Martino di Belluno\u00a0\u2013 tenda BLU- vicino a Casa tua Due.\u00a0Fino al 10 settembre, 2.513 insegnanti e personale della scuola avevano aderito al programma di screening effettuando il test nelle sessioni organizzate dal Dipartimento di Prevenzione o dai Medici di Medicina Generale aderenti all\u2019iniziativa. erano risultate positive al test sierologico 16 persone, pari 0,6% del totale. Nessuno \u00e8 risultato positivo al tampone.\u00a0Il Dipartimento di Prevenzione, d\u2019accordo con l\u2019Ufficio Scolastico Provinciale, ha organizzato una ulteriore seduta di test per dare la possibilit\u00e0 di aderire allo screening anche al personale da poco nominato.<\/p>\n<p>&nbsp;<\/p>\n<p>&nbsp;<\/p>\n<hr \/>\n<p>&nbsp;<\/p>\n<blockquote>\n<h3>INCONTRO A SOVERZENE SU L&#8217;ELETTRODOTTO<\/h3>\n<\/blockquote>\n<p><strong><a class=\"dt-pswp-item\" href=\"https:\/\/www.radiopiu.net\/wordpress\/wp-content\/uploads\/2020\/09\/Conferenza_stampa_1-scaled.jpg\" data-dt-img-description=\"\" data-large_image_width=\"2560\" data-large_image_height=\"1457\"><img loading=\"lazy\" decoding=\"async\" class=\"size-medium wp-image-162526 alignleft\" src=\"https:\/\/www.radiopiu.net\/wordpress\/wp-content\/uploads\/2020\/09\/Conferenza_stampa_1-300x171.jpg\" alt=\"\" width=\"300\" height=\"171\" srcset=\"https:\/\/www.radiopiu.net\/wordpress\/wp-content\/uploads\/2020\/09\/Conferenza_stampa_1-300x171.jpg 300w, https:\/\/www.radiopiu.net\/wordpress\/wp-content\/uploads\/2020\/09\/Conferenza_stampa_1-1024x583.jpg 1024w, https:\/\/www.radiopiu.net\/wordpress\/wp-content\/uploads\/2020\/09\/Conferenza_stampa_1-768x437.jpg 768w, https:\/\/www.radiopiu.net\/wordpress\/wp-content\/uploads\/2020\/09\/Conferenza_stampa_1-1536x874.jpg 1536w, https:\/\/www.radiopiu.net\/wordpress\/wp-content\/uploads\/2020\/09\/Conferenza_stampa_1-2048x1166.jpg 2048w, https:\/\/www.radiopiu.net\/wordpress\/wp-content\/uploads\/2020\/09\/Conferenza_stampa_1-640x364.jpg 640w\" sizes=\"auto, (max-width: 300px) 100vw, 300px\" \/><\/a>PONTE NELLE ALPI\u00a0<\/strong><span style=\"color: #000000; font-family: Helvetica;\">Un report emerso dalla Provincia rimette in discussione il piano di \u201cRazionalizzazione e sviluppo della RTN nella media valle del Piave\u201d. \u00a0<\/span><span style=\"color: #000000; font-family: Helvetica;\">E le amministrazioni di Ponte nelle Alpi e Soverzene, attraverso una conferenza stampa, fanno sentire la loro voce. Univoca: \u00abIl progetto sull\u2019interramento dell\u2019elettrodotto non si tocca\u00bb. \u00a0<\/span><span style=\"color: #000000; font-family: Helvetica;\">Soverzene alza gli scudi con il sindaco Gianni Burigo e il vice Dario Vallata: \u00abImmaginare un nuovo scenario sarebbe folle. Mettiamo dei paletti e procediamo con un progetto che, dopo 70 anni, libererebbe i centri abitati dai tralicci. Il solo fantasticare in merito a possibili spostamenti dell\u2019elettrodotto fa accapponare pelle\u00bb.\u00a0<\/span><span style=\"color: #000000; font-family: Helvetica;\">Anche Paolo Vendramini \u00e8 netto: \u00abVoglio essere molto chiaro &#8211; spiega il sindaco di Ponte nelle Alpi &#8211; se in Regione non avremo corrispondenze rispetto alle promesse iniziali, andremo in Procura e chiederemo di avviare delle indagini per capire perch\u00e9 non siamo ancora arrivati a un risultato concreto\u00bb. \u00a0<\/span><span style=\"color: #000000; font-family: Helvetica;\">Ma lo studio uscito da Palazzo Piloni si \u00e8 rivelato un\u2019amara sorpresa: \u00abPi\u00f9 che altro per la modalit\u00e0 con cui la notizia \u00e8 uscita &#8211; prosegue Vendramini -. Oltre a non essere stato condiviso, questo report non \u00e8 passato per il consiglio provinciale, di cui faccio parte. In ogni caso, ho gi\u00e0 parlato con il presidente Roberto Padrin e con l\u2019assessore all\u2019Ambiente, Simone Deola, i quali mi hanno garantito il totale appoggio della Provincia per far s\u00ec che i lavori partano in tempi brevissimi. Mi fido di loro, so che in Regione porteranno la voce di Ponte nelle Alpi e Soverzene. E difenderanno le nostre posizioni\u00bb. \u00a0<\/span><span style=\"color: #000000; font-family: Helvetica;\">Vendramini si fa interprete del volere della collettivit\u00e0: \u00abSentiamo vicini i comitati locali, i rappresentanti dei genitori e il consiglio comunale. Non dimentichiamo che la scuola elementare \u201cArrigo Boito\u201d di Polpet non pu\u00f2 essere frequentata nella sua totalit\u00e0 perch\u00e9 abbiamo utilizzato un sistema di cautela, nella misurazione di 0,2 microtesla. Senza considerare che 500 famiglie vivono sotto i tralicci. Eppure, siamo arrivati a un punto fondamentale: quello dell&#8217;approvazione definitiva da parte delle amministrazioni e di Terna, con cui abbiamo battagliato per evitare che ci venissero imposte delle scelte. Ora manca solo la riunione in Regione: la stiamo attendendo\u00bb. \u00a0<\/span><span style=\"color: #000000; font-family: Helvetica;\">Insomma, non si pu\u00f2 pi\u00f9 tornare indietro. Anche secondo l\u2019assessore comunale alle Politiche ambientali, Pierluigi Dal Borgo: \u00abIl 15 per cento della popolazione \u00e8 a rischio di esposizione ai campi elettromagnetici. Su queste cose non si gioca. Ecco perch\u00e9 chiediamo che la Provincia vada incontro alle esigenze del territorio\u00bb. <\/span><span style=\"color: #000000; font-family: Helvetica;\">Il 31 marzo 2009 era stato sottoscritto il protocollo definitivo sull&#8217;opera di razionalizzazione della rete nella media valle del Piave. E tra i firmatari c&#8217;era pure Fulvio De Pasqual. Allora sindaco, oggi capogruppo di maggioranza: \u00abDa allora sono passati 11 anni. Dispiace essere ancora qui, oggi, a discutere dello stesso tema. \u00c8 triste\u00bb.\u00a0<\/span><\/p>\n<p>&nbsp;<\/p>\n<p>&nbsp;<\/p>\n<hr \/>\n<p>&nbsp;<\/p>\n<blockquote>\n<h3>L&#8217;AMMINISTRAZIONE COMUNALE PRONTA AD APPROVARE IL DUP, LA VARIANTE DEL PAT E METTERE MANO AI REGOLAMENTI<\/h3>\n<\/blockquote>\n<p><strong><a class=\"dt-pswp-item\" href=\"https:\/\/www.radiopiu.net\/wordpress\/wp-content\/uploads\/2016\/03\/falcade_alto_gallery.jpg\" data-dt-img-description=\"\" data-large_image_width=\"800\" data-large_image_height=\"600\"><img loading=\"lazy\" decoding=\"async\" class=\"wp-image-17193 alignleft\" src=\"https:\/\/www.radiopiu.net\/wordpress\/wp-content\/uploads\/2016\/03\/falcade_alto_gallery-300x225.jpg\" alt=\"\" width=\"135\" height=\"101\" \/><\/a>FALCADE<\/strong> Lunedi alle 17.30 consiglio comunale convocato dal sindaco Michele Costa. All&#8217;ordine del giorno l&#8217;approvazione della prima variante del Piano di Assetto del Territorio, del nuovo regolamento edilizio e del Documento Unico di Programmazione per il triennio 2020-23. All&#8217;ordine del giorno anche una variazione al bilancio e la convenzione con la Provincia per l&#8217;uso della struttura Polifunzionale &#8220;Dolomiti&#8221; da parte dell&#8217;Istituto Professionale di Stato (alberghiero).<\/p>\n<p>&nbsp;<\/p>\n<p>&nbsp;<\/p>\n<hr \/>\n<p>&nbsp;<\/p>\n<blockquote>\n<h3>UN ALTRO CONSIGLIO CON NUMEROSE INTERROGAZIONI DELLA &#8220;MINORANZA&#8221;<\/h3>\n<\/blockquote>\n<p><strong><a class=\"dt-pswp-item\" href=\"https:\/\/www.radiopiu.net\/wordpress\/wp-content\/uploads\/2019\/07\/consiglio-rocca-5.jpeg\" data-dt-img-description=\"\" data-large_image_width=\"1600\" data-large_image_height=\"901\"><img loading=\"lazy\" decoding=\"async\" class=\" wp-image-92222 alignleft\" src=\"https:\/\/www.radiopiu.net\/wordpress\/wp-content\/uploads\/2019\/07\/consiglio-rocca-5-300x169.jpeg\" alt=\"\" width=\"160\" height=\"90\" srcset=\"https:\/\/www.radiopiu.net\/wordpress\/wp-content\/uploads\/2019\/07\/consiglio-rocca-5-300x169.jpeg 300w, https:\/\/www.radiopiu.net\/wordpress\/wp-content\/uploads\/2019\/07\/consiglio-rocca-5-768x432.jpeg 768w, https:\/\/www.radiopiu.net\/wordpress\/wp-content\/uploads\/2019\/07\/consiglio-rocca-5-1024x577.jpeg 1024w, https:\/\/www.radiopiu.net\/wordpress\/wp-content\/uploads\/2019\/07\/consiglio-rocca-5.jpeg 1600w\" sizes=\"auto, (max-width: 160px) 100vw, 160px\" \/><\/a>ROCCA PIETORE<\/strong> Da quando il consigliere Diana Iraci Borgia ha abbandonato il gruppo di governo nel quale era stata eletta (con il sindaco De Bernadin) i consigli comunali si sono allungati e non di poco. E&#8217; la conseguenza delle numerose interrogazioni che vengono presentate unitamente a quelle del gruppo di opposizione &#8220;Uniti per la Montagna&#8221;. Nel consiglio di lunedi alle 17 ben otto (un reiterata). I quesiti su: recupero zone boschive oggetto di schianti, sistemazione area Ru da Molin a Santa Maria delle Grazie, lavori sul Cordevole a Saviner, lavori di messa in sicurezza della zona a valle degli skilift in zona Crepe Rosse, Tabi\u00e0 Palazza, Valon d&#8217;Antermoia, avanzamento dei lavori nei Serrai di Sottoguda, , ponte sul Pettorina a Palue, infine interpellanza su un manufatto per il ricovero dei mezzi a ridosso della provinciale 641. Reiterata invece l&#8217;interrogazione sulla messa in sicurezza del Ru Sass Negher in localit\u00e0 Col di Rocca. \u00a0All&#8217;ordine del giorno, invece gli altri punti: approvazione dei regolamenti ediizi e per lo svolgimento delle sedute in video conferenza; variazione al bilancio, assestamento di bilancio e compenso del revisore dei conti.<\/p>\n<p><strong>DI GIANNI SANTOMASO<\/strong><\/p>\n<audio class=\"wp-audio-shortcode\" id=\"audio-162373-9\" preload=\"none\" style=\"width: 100%;\" controls=\"controls\"><source type=\"audio\/mpeg\" src=\"https:\/\/www.radiopiu.net\/wordpress\/wp-content\/uploads\/2020\/09\/GIANNI-CONSIGLIO-ROCCA-PIETORE.mp3?_=9\" \/><a href=\"https:\/\/www.radiopiu.net\/wordpress\/wp-content\/uploads\/2020\/09\/GIANNI-CONSIGLIO-ROCCA-PIETORE.mp3\">https:\/\/www.radiopiu.net\/wordpress\/wp-content\/uploads\/2020\/09\/GIANNI-CONSIGLIO-ROCCA-PIETORE.mp3<\/a><\/audio>\n<p>&nbsp;<\/p>\n<hr \/>\n<p>&nbsp;<\/p>\n<blockquote>\n<h3>NUOVE DELEGHE PER L&#8217;ASSESSORE FRANCESCO MARTINI<\/h3>\n<\/blockquote>\n<p><strong>LIVINALLONGO<\/strong> Mercoledi alle 17.30 consiglio comunale convocato dal sindaco Leandro Grones. All&#8217;ordine del giorno il mutamento di destinazione di alcuni terreni di uso civico per la creazione di un tracciato free ride per moutain bike tra Arabba e Portavescovo e tra Bec de Roces e Plan Bo\u00e8. Alienazione terreno comunale a Cernadoi.Variazioni al bilancio, approvazione bilancio dell&#8217;azienda speciale Fodom Servizi, approvazione del regolamento generale delle entrate. Il sindaco comunicher\u00e0 al consiglio comunale le nuove deleghe attribuite all&#8217;assessore Francesco Martini.<\/p>\n<p>&nbsp;<\/p>\n<hr \/>\n<p>&nbsp;<\/p>\n<blockquote>\n<h3>L&#8217;AMMINISTRAZIONE COMUNALE RIAPPROVA IL REGOLAMENTO EDILIZIO COMUNALE CON LE PRESCRIZIONI ULSS<\/h3>\n<\/blockquote>\n<p><strong>ALLEGHE<\/strong> Nel consiglio comunale di mercoledi alle 20.30 in Municipio, il sindaco di Alleghe Danilo De Toni metter\u00e0 ai voti l&#8217;approvazione del regolamento edilizio. All&#8217;ordine del giorno le variazioni al bilancio e anche\u00a0 la presa d&#8217;atto del documento unico di programmazione<\/p>\n<p>&nbsp;<\/p>\n<hr \/>\n<p>&nbsp;<\/p>\n<blockquote>\n<h3>L&#8217;UNIONE MONTANA ALL&#8217;APPROVAZIONE DEL BILANCIO<\/h3>\n<\/blockquote>\n<p><strong>AGORDO<\/strong> Lunedi alle 20.30 in Sala Don Tamis consiglio dell&#8217;Unione Montana Agordina. In discussione l&#8217;approvazione del bilancio 2019, la convenzione con l&#8217;Unione Montana Valbelluna per l&#8217;integrazione e la razionalizzazione delle rispettive attivit\u00e0 sul territorio, l&#8217;approvazione dello schema di convenzione per l&#8217;affidamento del servizio di tesoreria, la presentazione del Dup e le modifiche allo statuto.<\/p>\n<p>&nbsp;<\/p>\n<p>&nbsp;<\/p>\n<hr \/>\n<p>&nbsp;<\/p>\n<blockquote>\n<h3>\u00a0OGGI A PIAN DI SALESEI LA TUMULAZIONE DI TRE CADUTI<\/h3>\n<\/blockquote>\n<p><strong><img loading=\"lazy\" decoding=\"async\" class=\"alignleft\" src=\"https:\/\/www.radiopiu.net\/wordpress\/wp-content\/uploads\/2017\/07\/Pian-di-Salesei-la-Festa-dei-Ceri-nel-1917-e-come-si-presenta-oggi.jpg\" width=\"156\" height=\"213\" \/>LIVINALLONGO<\/strong>\u00a0 Oggi al Sacrario di Salesei cerimonia di tumulazione dei tre Caduti i cui resti mortali sono stati recuperati nelle localit\u00e0 Bosch de Roe (Livinallongo del Col di Lana), Forcella Serauta (Marmolada) e Costabella (Gruppo del Monte Cristallo \u2013 Cortina d\u2019Ampezzo). La funzione religiosa verr\u00e0 celebrata alle 11.30 dal cappellano militare don Gianmarco Masiero della Legione Carabinieri Trentino Alto Adige in chiesa a Pieve di Livinallongo. Dopo la benedizione delle urne, sono previsti i discorsi di Veltri e del sindaco di Livinallongo, Leandro Grones. In seguito saranno resi gli onori ai caduti e le urne verranno tumulate nel sacrario.<\/p>\n<div class=\"amico-article__inner\">\n<div class=\"amico-article__content\">\n<blockquote><p>Il primo caduto \u00e8 stato ritrovato il 27 agosto 2018 a forcella Serauta (2.875 metri). Il secondo il 29 agosto 2019 dai militari della stazione Carabinieri forestali di Caprile in localit\u00e0 Bosch de Roe.\u00a0 Il terzo caduto \u00e8 stato ritrovato il 6 ottobre 2019, in localit\u00e0 Costabella, sul Monte Cristallo (2.700 metri) da un escursionista che ha segnalato il rinvenimento ai carabinieri di Cortina d\u2019Ampezzo.<\/p><\/blockquote>\n<p>foto archivio RADIOPIU&#8217;, festa dei ceri ieri al Sacrario nei giorni della Guerra ed oggi<\/p>\n<\/div>\n<\/div>\n<p>&nbsp;<\/p>\n<p>&nbsp;<\/p>\n<hr \/>\n<h3><\/h3>\n<blockquote>\n<h3>CORSO DI COMPUTER ALLO SPI CGIL DI FELTRE<\/h3>\n<\/blockquote>\n<p><strong>FELTRE\u00a0<\/strong>Torna anche quest\u2019anno il corso di computer per le pensionate e i pensionati. Quest\u2019anno con le modalit\u00e0 di distanziamento.\u00a0In una nuova sede a Feltre,\u00a0sempre in piazza Parmeggiani\u00a0ma al civico 15.\u00a0Tutti coloro che vogliono avere una dimestichezza maggiore con la tecnologia informatica possono iscriversi al corso base per l\u2019utilizzo di computer e cellulari smart.\u00a0Partecipare ad un corso di computer vuol dire avere aggiornamenti sul mondo informatico, un mondo fantastico che magari non sentiamo tanto vicino, ma che, alla fine delle lezioni,\u00a0potremo apprezzarne la conoscenza per l&#8217;utilizzo nella nostra vita quotidiana.\u00a0Le iscrizioni sono aperte.\u00a0 Il corso inizia il 7 ottobre 2020.\u00a0Le lezioni settimanali si svolgono il pomeriggio di mercoled\u00ec dalle 15 alle 17.\u00a0Per info e iscrizioni chiamare il 347 277 1980<\/p>\n<p>&nbsp;<\/p>\n<p>&nbsp;<\/p>\n<hr \/>\n<p>&nbsp;<\/p>\n<blockquote>\n<h3>LO SKI COLLEGE VENETO PRESENTA LA PROSSIMA STAGIONE INVERNALE<\/h3>\n<\/blockquote>\n<p><strong><a class=\"dt-pswp-item\" href=\"https:\/\/www.radiopiu.net\/wordpress\/wp-content\/uploads\/2020\/09\/ski-college-veneto-falcade-16.11.2019-le-squadre-fondo-alpino-e-snowboard-2019-2020-1.jpg\" data-dt-img-description=\"\" data-large_image_width=\"1900\" data-large_image_height=\"1267\"><img loading=\"lazy\" decoding=\"async\" class=\" wp-image-162128 alignleft\" src=\"https:\/\/www.radiopiu.net\/wordpress\/wp-content\/uploads\/2020\/09\/ski-college-veneto-falcade-16.11.2019-le-squadre-fondo-alpino-e-snowboard-2019-2020-1-300x200.jpg\" alt=\"\" width=\"255\" height=\"170\" srcset=\"https:\/\/www.radiopiu.net\/wordpress\/wp-content\/uploads\/2020\/09\/ski-college-veneto-falcade-16.11.2019-le-squadre-fondo-alpino-e-snowboard-2019-2020-1-300x200.jpg 300w, https:\/\/www.radiopiu.net\/wordpress\/wp-content\/uploads\/2020\/09\/ski-college-veneto-falcade-16.11.2019-le-squadre-fondo-alpino-e-snowboard-2019-2020-1-1024x683.jpg 1024w, https:\/\/www.radiopiu.net\/wordpress\/wp-content\/uploads\/2020\/09\/ski-college-veneto-falcade-16.11.2019-le-squadre-fondo-alpino-e-snowboard-2019-2020-1-768x512.jpg 768w, https:\/\/www.radiopiu.net\/wordpress\/wp-content\/uploads\/2020\/09\/ski-college-veneto-falcade-16.11.2019-le-squadre-fondo-alpino-e-snowboard-2019-2020-1-1536x1024.jpg 1536w, https:\/\/www.radiopiu.net\/wordpress\/wp-content\/uploads\/2020\/09\/ski-college-veneto-falcade-16.11.2019-le-squadre-fondo-alpino-e-snowboard-2019-2020-1-640x427.jpg 640w, https:\/\/www.radiopiu.net\/wordpress\/wp-content\/uploads\/2020\/09\/ski-college-veneto-falcade-16.11.2019-le-squadre-fondo-alpino-e-snowboard-2019-2020-1.jpg 1900w\" sizes=\"auto, (max-width: 255px) 100vw, 255px\" \/><\/a>FALCADE<\/strong> Ski College Veneto di Falcade al cancelletto di partenza per un\u2019altra stagione agonistica. La struttura bellunese, che ospita una sessantina di studenti-sciatori, provenienti da diverse parti d\u2019Italia, presenter\u00e0 l\u2019attivit\u00e0 dell\u2019inverno 2020-2021, le squadre (che svolgono attivit\u00e0 nei settori dello sci alpino, dello sci di fondo e dello snowboard) e lo staff tecnico nella giornata di oggi. La presentazione, al PalaFalcade di via Trieste, avr\u00e0 inizio alle 14.30 e vedr\u00e0 l\u2019intervento di diversi rappresentanti del mondo sportivo, amministrativo e scolastico. Per quanto riguarda l\u2019ambito scolastico, lo Ski College Veneto di Falcade ha stretto da anni una convenzione con il Follador &#8211; De Rossi, istituto che d\u00e0 la possibilit\u00e0 agli studenti &#8211; sciatori di scegliere tra istituto tecnico tecnologico, istituto tecnico economico, liceo scientifico, liceo scientifico sportivo e istituto professionale.<\/p>\n<p><strong>DI GIANNI SANTOMASO\u00a0<\/strong><\/p>\n<audio class=\"wp-audio-shortcode\" id=\"audio-162373-10\" preload=\"none\" style=\"width: 100%;\" controls=\"controls\"><source type=\"audio\/mpeg\" src=\"https:\/\/www.radiopiu.net\/wordpress\/wp-content\/uploads\/2020\/09\/GIANNI-SKI-COLLEGE.mp3?_=10\" \/><a href=\"https:\/\/www.radiopiu.net\/wordpress\/wp-content\/uploads\/2020\/09\/GIANNI-SKI-COLLEGE.mp3\">https:\/\/www.radiopiu.net\/wordpress\/wp-content\/uploads\/2020\/09\/GIANNI-SKI-COLLEGE.mp3<\/a><\/audio>\n<p>&nbsp;<\/p>\n<hr \/>\n<p>&nbsp;<\/p>\n<blockquote>\n<h3>LONGARONE FIERE, RIPARTENZA ALL&#8217;INSEGNA DELLA SICUREZZA<\/h3>\n<\/blockquote>\n<p><strong><a class=\"dt-pswp-item\" href=\"https:\/\/www.radiopiu.net\/wordpress\/wp-content\/uploads\/2020\/09\/longarone-eventi-sucuri.jpg\" data-dt-img-description=\"\" data-large_image_width=\"1518\" data-large_image_height=\"812\"><img loading=\"lazy\" decoding=\"async\" class=\" wp-image-162444 alignleft\" src=\"https:\/\/www.radiopiu.net\/wordpress\/wp-content\/uploads\/2020\/09\/longarone-eventi-sucuri-300x160.jpg\" alt=\"\" width=\"270\" height=\"144\" srcset=\"https:\/\/www.radiopiu.net\/wordpress\/wp-content\/uploads\/2020\/09\/longarone-eventi-sucuri-300x160.jpg 300w, https:\/\/www.radiopiu.net\/wordpress\/wp-content\/uploads\/2020\/09\/longarone-eventi-sucuri-1024x548.jpg 1024w, https:\/\/www.radiopiu.net\/wordpress\/wp-content\/uploads\/2020\/09\/longarone-eventi-sucuri-768x411.jpg 768w, https:\/\/www.radiopiu.net\/wordpress\/wp-content\/uploads\/2020\/09\/longarone-eventi-sucuri-640x342.jpg 640w, https:\/\/www.radiopiu.net\/wordpress\/wp-content\/uploads\/2020\/09\/longarone-eventi-sucuri.jpg 1518w\" sizes=\"auto, (max-width: 270px) 100vw, 270px\" \/><\/a>LONGARONE<\/strong> Dopo lo stop e il ridimensionamento della programmazione 2020 a causa dell\u2019emergenza covid, ha ripreso il via una nuova stagione di iniziative alla Fiera di Longarone, con i due eventi di settembre, Reptiles Day e soprattutto Fiera &amp; Festival delle Foreste, che ha registrato ottimi risultati di pubblico: oltre 5000 persone per il Festival delle Foreste, in presenza e online, e quasi 1000 visitatori ai cantieri dimostrativi in Cansiglio. Tra i prossimi appuntamenti: il 12 ottobre il Dolomiti Show, un evento che fa il punto della situazione dello sviluppo turistico della montagna. Dal 31 ottobre per sei giorni Arredamont: La Fiera dell\u2019Arredare in Montagna e anche se un po\u2019 ridotta negli spazi, con corsie e aree di rispetto ampliate, garantir\u00e0 quella qualit\u00e0 e unicit\u00e0 che da sempre la caratterizzano. <em>\u201cLa Fiera di Longarone \u2013 dichiara il Presidente Gian Angelo Bellati \u2013 sta diventando sempre pi\u00f9 un punto di riferimento internazionale per il tema della montagna e rappresenta un simbolo di riscatto di questo territorio che combatte contro lo spopolamento e le difficolt\u00e0 economiche aggravate dall\u2019emergenza di questi mesi. Mantenere nel cuore delle Dolomiti un polo fieristico dedicato ad ospitare esposizioni a livello mondiale sulla montagna e le sue ricchezze turistiche, ambientali e produttive, \u00e8 di strategica importanza per rappresentare al meglio tutte le potenzialit\u00e0 che il territorio offre\u201d.\u00a0<\/em><\/p>\n<p>&nbsp;<\/p>\n<hr \/>\n<p>&nbsp;<\/p>\n<blockquote>\n<h3>POSTE ITALIANE: A BELLUNO WEBINAR DI EDUCAZIONE FINANZIARIA<\/h3>\n<\/blockquote>\n<p><strong>BELLUNO<\/strong>\u00a0 Torna l\u2019appuntamento di Poste Italiane con l\u2019Educazione Finanziaria. I bellunesi possono partecipare alle sessioni didattiche online (durata di 40 minuti) per aumentare la consapevolezza in campo finanziario, assicurativo e previdenziale. Per conoscere le modalit\u00e0 di partecipazione e\/o prenotarsi all&#8217;iniziativa, ci si potr\u00e0 rivolgere agli Uffici Postali Belluno Castello, Belluno 1 (via Giorgetti, Baldenich), Belluno 4 (via Travazzoi), Agordo, Ponte nelle Alpi, Longarone, Puos d\u2019Alpago, Pieve di Cadore. Il webinar si terr\u00e0 marted\u00ec 29 settembre.<\/p>\n<p>&nbsp;<\/p>\n<p>&nbsp;<\/p>\n<hr \/>\n<blockquote>\n<h3><\/h3>\n<h3>OLTRE LE VETTE 2020, LA PRESENTAZIONE OGGI\u00a0 A BELLUNO<\/h3>\n<\/blockquote>\n<p><strong>BELLUNO<\/strong> \u00c8 convocata per oggi alle 10.30 in Sala Consiglio di Palazzo Rosso\u00a0la conferenza stampa di presentazione dell\u2019edizione 2020 di Oltre Le Vette.\u00a0Saranno presenti l&#8217;assessore alla cultura Marco Perale, il direttore organizzativo Valeria Benni e i membri del comitato tecnico che ha curato gli eventi (Diego Cason, Flavio Faoro, Francesco Vascellari, Valentina Ciprian).<\/p>\n<p>&nbsp;<\/p>\n<p>&nbsp;<\/p>\n<hr \/>\n<p>&nbsp;<\/p>\n<blockquote>\n<h3>ASSEGNATO L&#8217;INCARICO DEFINITIVO AL MEDICO DI FAMIGLIA LEILA TURNAVA<\/h3>\n<\/blockquote>\n<p><strong>FELTRE\u00a0<\/strong> Oggi\u00a0verr\u00e0 conferito alla dottoressa Leila Turnava l\u2019incarico di medico di assistenza primaria nell\u2019ambito territoriale di Feltre, Pedavena, Seren del Grappa, Alano di Piave, Quero\/Vas ( ambulatorio a Feltre in Via Piave, 4\/A) con contestuale cessazione dell\u2019attuale incarico provvisorio.Gli attuali assistiti della dottoressa Turnava, poich\u00e9 la stessa cessa l\u2019incarico provvisorio, dovranno effettuare la scelta di uno tra i medici di assistenza primaria con disponibilit\u00e0 di posti dell\u2019ambito territoriale di residenza, potendo cos\u00ec continuare a fruire dell\u2019assistenza medico generica in forma diretta e gratuita a carico del Servizio Sanitario Nazionale. Potr\u00e0 essere scelta anche la dottoressa Turnava che temporaneamente avr\u00e0 un massimale limitato a 500 assistiti, come previsto da normativa per il caso specifico.<\/p>\n<p>&nbsp;<\/p>\n<hr \/>\n<blockquote>\n<h3><\/h3>\n<h3>CONCORSO PUBBLICO A ROCCA PIETORE PER COLLABORATORE A TEMPO INDETERMINATO<\/h3>\n<\/blockquote>\n<p><strong>ROCCA PIETORE<\/strong> ll Comune ha indetto un concorso pubblico per esami per la copertura, a tempo indeterminato e a tempo pieno, di\u00a0un posto di Collaboratore Professionale\u2013Conduttore di macchine\u00a0operatrici complesse \u2013 addetto al trasporto scolastico, ai servizi manutentivi e cimiteriali. Le domande di partecipazione dovranno pervenire al Comune di Rocca Pietore. \u00a0Per informazioni \u00e8 possibile rivolgersi ai seguenti recapiti: telefono 0437.721178; posta elettronica: segretario.rocca@agordino.bl.it<\/p>\n<p>&nbsp;<\/p>\n<p>&nbsp;<\/p>\n<hr \/>\n<p>&nbsp;<\/p>\n<p>&nbsp;<\/p>\n<blockquote class=\"wp-embedded-content\" data-secret=\"qoDmUlprIh\"><p><a href=\"https:\/\/www.radiopiu.net\/wordpress\/se-desmonteghea-il-26-e-27-settembre-a-falcade\/\">&#8220;SE DESMONTEGHEA&#8221; IL 26 E 27 SETTEMBRE A FALCADE<\/a><\/p><\/blockquote>\n<p><iframe loading=\"lazy\" class=\"wp-embedded-content\" sandbox=\"allow-scripts\" security=\"restricted\" style=\"position: absolute; clip: rect(1px, 1px, 1px, 1px);\" title=\"&#8220;&#8220;SE DESMONTEGHEA&#8221; IL 26 E 27 SETTEMBRE A FALCADE&#8221; &#8212; Radio Pi\u00f9\" src=\"https:\/\/www.radiopiu.net\/wordpress\/se-desmonteghea-il-26-e-27-settembre-a-falcade\/embed\/#?secret=qoDmUlprIh\" data-secret=\"qoDmUlprIh\" width=\"600\" height=\"338\" frameborder=\"0\" marginwidth=\"0\" marginheight=\"0\" scrolling=\"no\"><\/iframe><\/p>\n<p>&nbsp;<\/p>\n<p>&nbsp;<\/p>\n<p>&nbsp;<\/p>\n<hr \/>\n<h3><\/h3>\n<blockquote>\n<h3>A VILLA PATT DI SEDICO LA MOSTRA MERCATO<\/h3>\n<\/blockquote>\n<p><strong><a class=\"dt-pswp-item\" href=\"https:\/\/www.radiopiu.net\/wordpress\/wp-content\/uploads\/2020\/09\/d8e1c7c0-750c-4e87-8bcf-788f5111ba49.jpg\" data-dt-img-description=\"\" data-large_image_width=\"1080\" data-large_image_height=\"1558\"><img loading=\"lazy\" decoding=\"async\" class=\"size-medium wp-image-161174 alignleft\" src=\"https:\/\/www.radiopiu.net\/wordpress\/wp-content\/uploads\/2020\/09\/d8e1c7c0-750c-4e87-8bcf-788f5111ba49-208x300.jpg\" alt=\"\" width=\"208\" height=\"300\" srcset=\"https:\/\/www.radiopiu.net\/wordpress\/wp-content\/uploads\/2020\/09\/d8e1c7c0-750c-4e87-8bcf-788f5111ba49-208x300.jpg 208w, https:\/\/www.radiopiu.net\/wordpress\/wp-content\/uploads\/2020\/09\/d8e1c7c0-750c-4e87-8bcf-788f5111ba49-710x1024.jpg 710w, https:\/\/www.radiopiu.net\/wordpress\/wp-content\/uploads\/2020\/09\/d8e1c7c0-750c-4e87-8bcf-788f5111ba49-768x1108.jpg 768w, https:\/\/www.radiopiu.net\/wordpress\/wp-content\/uploads\/2020\/09\/d8e1c7c0-750c-4e87-8bcf-788f5111ba49-1065x1536.jpg 1065w, https:\/\/www.radiopiu.net\/wordpress\/wp-content\/uploads\/2020\/09\/d8e1c7c0-750c-4e87-8bcf-788f5111ba49-333x480.jpg 333w, https:\/\/www.radiopiu.net\/wordpress\/wp-content\/uploads\/2020\/09\/d8e1c7c0-750c-4e87-8bcf-788f5111ba49.jpg 1080w\" sizes=\"auto, (max-width: 208px) 100vw, 208px\" \/><\/a><br \/>\n<\/strong><\/p>\n<p>&nbsp;<\/p>\n<p>&nbsp;<\/p>\n<p>&nbsp;<\/p>\n<p>&nbsp;<\/p>\n<p>&nbsp;<\/p>\n<p>&nbsp;<\/p>\n<p><strong>IERI ALLA RADIO&#8230;. L&#8217;INTERVISTA A CLAUDIO MEZZAVILLA PRESIDENTE PROLOCO SEDICO<\/strong><\/p>\n<audio class=\"wp-audio-shortcode\" id=\"audio-162373-11\" preload=\"none\" style=\"width: 100%;\" controls=\"controls\"><source type=\"audio\/mpeg\" src=\"https:\/\/www.radiopiu.net\/wordpress\/wp-content\/uploads\/2020\/09\/claudio-mezzavilla-scade-26-settembre-1.mp3?_=11\" \/><a href=\"https:\/\/www.radiopiu.net\/wordpress\/wp-content\/uploads\/2020\/09\/claudio-mezzavilla-scade-26-settembre-1.mp3\">https:\/\/www.radiopiu.net\/wordpress\/wp-content\/uploads\/2020\/09\/claudio-mezzavilla-scade-26-settembre-1.mp3<\/a><\/audio>\n<p>&nbsp;<\/p>\n<p>&nbsp;<\/p>\n<p>&nbsp;<\/p>\n<hr \/>\n<blockquote>\n<h3><\/h3>\n<h3>LA MESSA NEL RICORDO DI PAPA LUCIANI<\/h3>\n<\/blockquote>\n<p><a class=\"dt-pswp-item\" href=\"https:\/\/www.radiopiu.net\/wordpress\/wp-content\/uploads\/2020\/09\/Papa-Luciani-2.jpg\" data-dt-img-description=\"\" data-large_image_width=\"1391\" data-large_image_height=\"1979\"><img loading=\"lazy\" decoding=\"async\" class=\"wp-image-162429 alignleft\" src=\"https:\/\/www.radiopiu.net\/wordpress\/wp-content\/uploads\/2020\/09\/Papa-Luciani-2-211x300.jpg\" alt=\"\" width=\"106\" height=\"151\" srcset=\"https:\/\/www.radiopiu.net\/wordpress\/wp-content\/uploads\/2020\/09\/Papa-Luciani-2-211x300.jpg 211w, https:\/\/www.radiopiu.net\/wordpress\/wp-content\/uploads\/2020\/09\/Papa-Luciani-2-720x1024.jpg 720w, https:\/\/www.radiopiu.net\/wordpress\/wp-content\/uploads\/2020\/09\/Papa-Luciani-2-768x1093.jpg 768w, https:\/\/www.radiopiu.net\/wordpress\/wp-content\/uploads\/2020\/09\/Papa-Luciani-2-1080x1536.jpg 1080w, https:\/\/www.radiopiu.net\/wordpress\/wp-content\/uploads\/2020\/09\/Papa-Luciani-2-337x480.jpg 337w, https:\/\/www.radiopiu.net\/wordpress\/wp-content\/uploads\/2020\/09\/Papa-Luciani-2.jpg 1391w\" sizes=\"auto, (max-width: 106px) 100vw, 106px\" \/><\/a><strong>CANALE D&#8217;AGORDO<\/strong> Luned\u00ec\u00a0 alle\u00a0 18 nella chiesa arcipretale di Canale d&#8217;Agordo si terr\u00e0 la Santa Messa in occasione del 42\u00b0 anniversario della morte di papa Giovanni Paolo I. La cerimonia sar\u00e0 concelebrata dal Vescovo della Diocesi di Belluno- Feltre, Mons. Renato Marangoni. E&#8217; l&#8217;ultimo appuntamento per la 42\u00aa edizione della rassegna Appuntamento estivo con papa Luciani, serie di incontri, mostre e concerti che ricordano papa Giovanni Paolo I nel suo paese natale, Canale d&#8217;Agordo.<\/p>\n<p>&nbsp;<\/p>\n<p>&nbsp;<\/p>\n<p>&nbsp;<\/p>\n<p>&nbsp;<\/p>\n<hr \/>\n<p>&nbsp;<\/p>\n<blockquote>\n<h3>RIPRENDERANNO AD OTTOBRE I CORSI DI PETTIROSSO AGORDINO PER I VOLONTARI<\/h3>\n<\/blockquote>\n<p><strong><a class=\"dt-pswp-item\" href=\"https:\/\/www.radiopiu.net\/wordpress\/wp-content\/uploads\/2016\/03\/cucc-pettirosso-15.jpg\" data-dt-img-description=\"\" data-large_image_width=\"400\" data-large_image_height=\"200\"><img loading=\"lazy\" decoding=\"async\" class=\"size-medium wp-image-17194 alignleft\" src=\"https:\/\/www.radiopiu.net\/wordpress\/wp-content\/uploads\/2016\/03\/cucc-pettirosso-15-300x150.jpg\" alt=\"\" width=\"300\" height=\"150\" \/><\/a>AGORDO<\/strong><\/p>\n<p>di Gianni Santomaso<\/p>\n<audio class=\"wp-audio-shortcode\" id=\"audio-162373-12\" preload=\"none\" style=\"width: 100%;\" controls=\"controls\"><source type=\"audio\/mpeg\" src=\"https:\/\/www.radiopiu.net\/wordpress\/wp-content\/uploads\/2020\/09\/GIANNI-CORSO-PETTIROSSO-AGORDINO.mp3?_=12\" \/><a href=\"https:\/\/www.radiopiu.net\/wordpress\/wp-content\/uploads\/2020\/09\/GIANNI-CORSO-PETTIROSSO-AGORDINO.mp3\">https:\/\/www.radiopiu.net\/wordpress\/wp-content\/uploads\/2020\/09\/GIANNI-CORSO-PETTIROSSO-AGORDINO.mp3<\/a><\/audio>\n<p>&nbsp;<\/p>\n<hr \/>\n<p>&nbsp;<\/p>\n<blockquote>\n<h3>ESCURSIONISMO CON CAMMINATURALMENTE<\/h3>\n<\/blockquote>\n<p><b><a class=\"dt-pswp-item\" href=\"https:\/\/www.radiopiu.net\/wordpress\/wp-content\/uploads\/2020\/09\/DSC02154-Copia.jpg\" data-dt-img-description=\"\" data-large_image_width=\"1048\" data-large_image_height=\"786\"><img loading=\"lazy\" decoding=\"async\" class=\"size-medium wp-image-160745 alignleft\" src=\"https:\/\/www.radiopiu.net\/wordpress\/wp-content\/uploads\/2020\/09\/DSC02154-Copia-300x225.jpg\" alt=\"\" width=\"300\" height=\"225\" srcset=\"https:\/\/www.radiopiu.net\/wordpress\/wp-content\/uploads\/2020\/09\/DSC02154-Copia-300x225.jpg 300w, https:\/\/www.radiopiu.net\/wordpress\/wp-content\/uploads\/2020\/09\/DSC02154-Copia-1024x768.jpg 1024w, https:\/\/www.radiopiu.net\/wordpress\/wp-content\/uploads\/2020\/09\/DSC02154-Copia-768x576.jpg 768w, https:\/\/www.radiopiu.net\/wordpress\/wp-content\/uploads\/2020\/09\/DSC02154-Copia-640x480.jpg 640w, https:\/\/www.radiopiu.net\/wordpress\/wp-content\/uploads\/2020\/09\/DSC02154-Copia.jpg 1048w\" sizes=\"auto, (max-width: 300px) 100vw, 300px\" \/><\/a>BELLUNO <\/b>Il Centro UPM \u2013 Associazione Culturale di Belluno &#8211; organizza\u00a0 l&#8217;escursione naturalistica con Anacleto Boranga \u2013 divulgatore e guida naturalistica\/ambientale.<\/p>\n<p><b>Oggi<\/b>\u00a0\u2013<strong> lista partecipanti esaurita<\/strong>\u00a0\u00a0<b>&#8211; Sabato 3 ottobre: replica<\/b> \u2013 <b>LAGO E<\/b> <b>OASI NATURALISTICA DI S.CROCE<\/b> \u2013Un\u2019area umida di straordinaria importanza ambientale e paesaggistica. E\u2019 presente <a class=\"dt-pswp-item\" href=\"https:\/\/www.radiopiu.net\/wordpress\/wp-content\/uploads\/2020\/09\/DSC07600-scaled.jpg\" data-dt-img-description=\"\" data-large_image_width=\"2560\" data-large_image_height=\"1920\"><img loading=\"lazy\" decoding=\"async\" class=\"size-medium wp-image-160746 alignright\" src=\"https:\/\/www.radiopiu.net\/wordpress\/wp-content\/uploads\/2020\/09\/DSC07600-300x225.jpg\" alt=\"\" width=\"300\" height=\"225\" srcset=\"https:\/\/www.radiopiu.net\/wordpress\/wp-content\/uploads\/2020\/09\/DSC07600-300x225.jpg 300w, https:\/\/www.radiopiu.net\/wordpress\/wp-content\/uploads\/2020\/09\/DSC07600-1024x768.jpg 1024w, https:\/\/www.radiopiu.net\/wordpress\/wp-content\/uploads\/2020\/09\/DSC07600-768x576.jpg 768w, https:\/\/www.radiopiu.net\/wordpress\/wp-content\/uploads\/2020\/09\/DSC07600-1536x1152.jpg 1536w, https:\/\/www.radiopiu.net\/wordpress\/wp-content\/uploads\/2020\/09\/DSC07600-2048x1536.jpg 2048w, https:\/\/www.radiopiu.net\/wordpress\/wp-content\/uploads\/2020\/09\/DSC07600-640x480.jpg 640w\" sizes=\"auto, (max-width: 300px) 100vw, 300px\" \/><\/a>anche un\u2019 esposizione fotografica all\u2019aperto e alcune creazioni di Land Art. Percorso facile di circa 3 km. Consigliate calzature adatte per eventuali tratti umidi\/fangosi. Ritrovo alla 14.30 in p\/le Resistenza oppure successivamente al parcheggio subito dopo il ponte sul torrente Tesa ( Farra d\u2019Alpago).<\/p>\n<p><em>Dovranno essere osservate le norme anti COVID-19 (mascherina,\u00a0 autocertificazione). Partecipazione limitata a 20 persone \u2013 Iscrizione obbligatoria presso Un Noce, in via Barozzi 18 o al tel 351 5468735 o a <a href=\"mailto:belluno1@centroupm.it\">belluno1@centroupm.it<\/a> \u2013 Info 340 8769665<\/em><\/p>\n<p>&nbsp;<\/p>\n\n\t\t\t<style type='text\/css'>\n\t\t\t\t#gallery-3 {\n\t\t\t\t\tmargin: auto;\n\t\t\t\t}\n\t\t\t\t#gallery-3 .gallery-item {\n\t\t\t\t\tfloat: left;\n\t\t\t\t\tmargin-top: 10px;\n\t\t\t\t\ttext-align: center;\n\t\t\t\t\twidth: 20%;\n\t\t\t\t}\n\t\t\t\t#gallery-3 img {\n\t\t\t\t\tborder: 2px solid #cfcfcf;\n\t\t\t\t}\n\t\t\t\t#gallery-3 .gallery-caption {\n\t\t\t\t\tmargin-left: 0;\n\t\t\t\t}\n\t\t\t\t\/* see gallery_shortcode() in wp-includes\/media.php *\/\n\t\t\t<\/style>\n\t\t<div id='gallery-3' class='dt-gallery-container gallery galleryid-162373 gallery-columns-5 gallery-size-thumbnail'><dl class='gallery-item'>\n\t\t\t\t<dt class='gallery-icon landscape'>\n\t\t\t\t\t<a class=\"rollover rollover-zoom dt-pswp-item\" title=\"P1140294\" data-dt-img-description=\"\" data-large_image_width=\"948\" data-large_image_height=\"711\"href='https:\/\/www.radiopiu.net\/wordpress\/wp-content\/uploads\/2020\/09\/P1140294.jpg'><img loading=\"lazy\" decoding=\"async\" width=\"150\" height=\"150\" src=\"https:\/\/www.radiopiu.net\/wordpress\/wp-content\/uploads\/2020\/09\/P1140294-150x150.jpg\" class=\"attachment-thumbnail size-thumbnail\" alt=\"\" srcset=\"https:\/\/www.radiopiu.net\/wordpress\/wp-content\/uploads\/2020\/09\/P1140294-150x150.jpg 150w, https:\/\/www.radiopiu.net\/wordpress\/wp-content\/uploads\/2020\/09\/P1140294-125x125.jpg 125w, https:\/\/www.radiopiu.net\/wordpress\/wp-content\/uploads\/2020\/09\/P1140294-200x200.jpg 200w, https:\/\/www.radiopiu.net\/wordpress\/wp-content\/uploads\/2020\/09\/P1140294-80x80.jpg 80w\" sizes=\"auto, (max-width: 150px) 100vw, 150px\" \/><\/a>\n\t\t\t\t<\/dt><\/dl><dl class='gallery-item'>\n\t\t\t\t<dt class='gallery-icon landscape'>\n\t\t\t\t\t<a class=\"rollover rollover-zoom dt-pswp-item\" title=\"P1140298\" data-dt-img-description=\"\" data-large_image_width=\"1048\" data-large_image_height=\"786\"href='https:\/\/www.radiopiu.net\/wordpress\/wp-content\/uploads\/2020\/09\/P1140298.jpg'><img loading=\"lazy\" decoding=\"async\" width=\"150\" height=\"150\" src=\"https:\/\/www.radiopiu.net\/wordpress\/wp-content\/uploads\/2020\/09\/P1140298-150x150.jpg\" class=\"attachment-thumbnail size-thumbnail\" alt=\"\" srcset=\"https:\/\/www.radiopiu.net\/wordpress\/wp-content\/uploads\/2020\/09\/P1140298-150x150.jpg 150w, https:\/\/www.radiopiu.net\/wordpress\/wp-content\/uploads\/2020\/09\/P1140298-125x125.jpg 125w, https:\/\/www.radiopiu.net\/wordpress\/wp-content\/uploads\/2020\/09\/P1140298-200x200.jpg 200w, https:\/\/www.radiopiu.net\/wordpress\/wp-content\/uploads\/2020\/09\/P1140298-80x80.jpg 80w\" sizes=\"auto, (max-width: 150px) 100vw, 150px\" \/><\/a>\n\t\t\t\t<\/dt><\/dl><dl class='gallery-item'>\n\t\t\t\t<dt class='gallery-icon landscape'>\n\t\t\t\t\t<a class=\"rollover rollover-zoom dt-pswp-item\" title=\"P1140300\" data-dt-img-description=\"\" data-large_image_width=\"1048\" data-large_image_height=\"786\"href='https:\/\/www.radiopiu.net\/wordpress\/wp-content\/uploads\/2020\/09\/P1140300.jpg'><img loading=\"lazy\" decoding=\"async\" width=\"150\" height=\"150\" src=\"https:\/\/www.radiopiu.net\/wordpress\/wp-content\/uploads\/2020\/09\/P1140300-150x150.jpg\" class=\"attachment-thumbnail size-thumbnail\" alt=\"\" srcset=\"https:\/\/www.radiopiu.net\/wordpress\/wp-content\/uploads\/2020\/09\/P1140300-150x150.jpg 150w, https:\/\/www.radiopiu.net\/wordpress\/wp-content\/uploads\/2020\/09\/P1140300-125x125.jpg 125w, https:\/\/www.radiopiu.net\/wordpress\/wp-content\/uploads\/2020\/09\/P1140300-200x200.jpg 200w, https:\/\/www.radiopiu.net\/wordpress\/wp-content\/uploads\/2020\/09\/P1140300-80x80.jpg 80w\" sizes=\"auto, (max-width: 150px) 100vw, 150px\" \/><\/a>\n\t\t\t\t<\/dt><\/dl><dl class='gallery-item'>\n\t\t\t\t<dt class='gallery-icon landscape'>\n\t\t\t\t\t<a class=\"rollover rollover-zoom dt-pswp-item\" title=\"P1140302\" data-dt-img-description=\"\" data-large_image_width=\"948\" data-large_image_height=\"711\"href='https:\/\/www.radiopiu.net\/wordpress\/wp-content\/uploads\/2020\/09\/P1140302.jpg'><img loading=\"lazy\" decoding=\"async\" width=\"150\" height=\"150\" src=\"https:\/\/www.radiopiu.net\/wordpress\/wp-content\/uploads\/2020\/09\/P1140302-150x150.jpg\" class=\"attachment-thumbnail size-thumbnail\" alt=\"\" srcset=\"https:\/\/www.radiopiu.net\/wordpress\/wp-content\/uploads\/2020\/09\/P1140302-150x150.jpg 150w, https:\/\/www.radiopiu.net\/wordpress\/wp-content\/uploads\/2020\/09\/P1140302-125x125.jpg 125w, https:\/\/www.radiopiu.net\/wordpress\/wp-content\/uploads\/2020\/09\/P1140302-200x200.jpg 200w, https:\/\/www.radiopiu.net\/wordpress\/wp-content\/uploads\/2020\/09\/P1140302-80x80.jpg 80w\" sizes=\"auto, (max-width: 150px) 100vw, 150px\" \/><\/a>\n\t\t\t\t<\/dt><\/dl><dl class='gallery-item'>\n\t\t\t\t<dt class='gallery-icon landscape'>\n\t\t\t\t\t<a class=\"rollover rollover-zoom dt-pswp-item\" title=\"P1140306\" data-dt-img-description=\"\" data-large_image_width=\"948\" data-large_image_height=\"711\"href='https:\/\/www.radiopiu.net\/wordpress\/wp-content\/uploads\/2020\/09\/P1140306.jpg'><img loading=\"lazy\" decoding=\"async\" width=\"150\" height=\"150\" src=\"https:\/\/www.radiopiu.net\/wordpress\/wp-content\/uploads\/2020\/09\/P1140306-150x150.jpg\" class=\"attachment-thumbnail size-thumbnail\" alt=\"\" srcset=\"https:\/\/www.radiopiu.net\/wordpress\/wp-content\/uploads\/2020\/09\/P1140306-150x150.jpg 150w, https:\/\/www.radiopiu.net\/wordpress\/wp-content\/uploads\/2020\/09\/P1140306-125x125.jpg 125w, https:\/\/www.radiopiu.net\/wordpress\/wp-content\/uploads\/2020\/09\/P1140306-200x200.jpg 200w, https:\/\/www.radiopiu.net\/wordpress\/wp-content\/uploads\/2020\/09\/P1140306-80x80.jpg 80w\" sizes=\"auto, (max-width: 150px) 100vw, 150px\" \/><\/a>\n\t\t\t\t<\/dt><\/dl><br style=\"clear: both\" \/><dl class='gallery-item'>\n\t\t\t\t<dt class='gallery-icon landscape'>\n\t\t\t\t\t<a class=\"rollover rollover-zoom dt-pswp-item\" title=\"P1140312\" data-dt-img-description=\"\" data-large_image_width=\"948\" data-large_image_height=\"711\"href='https:\/\/www.radiopiu.net\/wordpress\/wp-content\/uploads\/2020\/09\/P1140312.jpg'><img loading=\"lazy\" decoding=\"async\" width=\"150\" height=\"150\" src=\"https:\/\/www.radiopiu.net\/wordpress\/wp-content\/uploads\/2020\/09\/P1140312-150x150.jpg\" class=\"attachment-thumbnail size-thumbnail\" alt=\"\" srcset=\"https:\/\/www.radiopiu.net\/wordpress\/wp-content\/uploads\/2020\/09\/P1140312-150x150.jpg 150w, https:\/\/www.radiopiu.net\/wordpress\/wp-content\/uploads\/2020\/09\/P1140312-125x125.jpg 125w, https:\/\/www.radiopiu.net\/wordpress\/wp-content\/uploads\/2020\/09\/P1140312-200x200.jpg 200w, https:\/\/www.radiopiu.net\/wordpress\/wp-content\/uploads\/2020\/09\/P1140312-80x80.jpg 80w\" sizes=\"auto, (max-width: 150px) 100vw, 150px\" \/><\/a>\n\t\t\t\t<\/dt><\/dl><dl class='gallery-item'>\n\t\t\t\t<dt class='gallery-icon landscape'>\n\t\t\t\t\t<a class=\"rollover rollover-zoom dt-pswp-item\" title=\"P1140329\" data-dt-img-description=\"\" data-large_image_width=\"948\" data-large_image_height=\"711\"href='https:\/\/www.radiopiu.net\/wordpress\/wp-content\/uploads\/2020\/09\/P1140329.jpg'><img loading=\"lazy\" decoding=\"async\" width=\"150\" height=\"150\" src=\"https:\/\/www.radiopiu.net\/wordpress\/wp-content\/uploads\/2020\/09\/P1140329-150x150.jpg\" class=\"attachment-thumbnail size-thumbnail\" alt=\"\" srcset=\"https:\/\/www.radiopiu.net\/wordpress\/wp-content\/uploads\/2020\/09\/P1140329-150x150.jpg 150w, https:\/\/www.radiopiu.net\/wordpress\/wp-content\/uploads\/2020\/09\/P1140329-125x125.jpg 125w, https:\/\/www.radiopiu.net\/wordpress\/wp-content\/uploads\/2020\/09\/P1140329-200x200.jpg 200w, https:\/\/www.radiopiu.net\/wordpress\/wp-content\/uploads\/2020\/09\/P1140329-80x80.jpg 80w\" sizes=\"auto, (max-width: 150px) 100vw, 150px\" \/><\/a>\n\t\t\t\t<\/dt><\/dl><dl class='gallery-item'>\n\t\t\t\t<dt class='gallery-icon landscape'>\n\t\t\t\t\t<a class=\"rollover rollover-zoom dt-pswp-item\" title=\"P1140560\" data-dt-img-description=\"\" data-large_image_width=\"948\" data-large_image_height=\"711\"href='https:\/\/www.radiopiu.net\/wordpress\/wp-content\/uploads\/2020\/09\/P1140560.jpg'><img loading=\"lazy\" decoding=\"async\" width=\"150\" height=\"150\" src=\"https:\/\/www.radiopiu.net\/wordpress\/wp-content\/uploads\/2020\/09\/P1140560-150x150.jpg\" class=\"attachment-thumbnail size-thumbnail\" alt=\"\" srcset=\"https:\/\/www.radiopiu.net\/wordpress\/wp-content\/uploads\/2020\/09\/P1140560-150x150.jpg 150w, https:\/\/www.radiopiu.net\/wordpress\/wp-content\/uploads\/2020\/09\/P1140560-125x125.jpg 125w, https:\/\/www.radiopiu.net\/wordpress\/wp-content\/uploads\/2020\/09\/P1140560-200x200.jpg 200w, https:\/\/www.radiopiu.net\/wordpress\/wp-content\/uploads\/2020\/09\/P1140560-80x80.jpg 80w\" sizes=\"auto, (max-width: 150px) 100vw, 150px\" \/><\/a>\n\t\t\t\t<\/dt><\/dl><dl class='gallery-item'>\n\t\t\t\t<dt class='gallery-icon landscape'>\n\t\t\t\t\t<a class=\"rollover rollover-zoom dt-pswp-item\" title=\"P1140565\" data-dt-img-description=\"\" data-large_image_width=\"948\" data-large_image_height=\"711\"href='https:\/\/www.radiopiu.net\/wordpress\/wp-content\/uploads\/2020\/09\/P1140565.jpg'><img loading=\"lazy\" decoding=\"async\" width=\"150\" height=\"150\" src=\"https:\/\/www.radiopiu.net\/wordpress\/wp-content\/uploads\/2020\/09\/P1140565-150x150.jpg\" class=\"attachment-thumbnail size-thumbnail\" alt=\"\" srcset=\"https:\/\/www.radiopiu.net\/wordpress\/wp-content\/uploads\/2020\/09\/P1140565-150x150.jpg 150w, https:\/\/www.radiopiu.net\/wordpress\/wp-content\/uploads\/2020\/09\/P1140565-125x125.jpg 125w, https:\/\/www.radiopiu.net\/wordpress\/wp-content\/uploads\/2020\/09\/P1140565-200x200.jpg 200w, https:\/\/www.radiopiu.net\/wordpress\/wp-content\/uploads\/2020\/09\/P1140565-80x80.jpg 80w\" sizes=\"auto, (max-width: 150px) 100vw, 150px\" \/><\/a>\n\t\t\t\t<\/dt><\/dl><dl class='gallery-item'>\n\t\t\t\t<dt class='gallery-icon landscape'>\n\t\t\t\t\t<a class=\"rollover rollover-zoom dt-pswp-item\" title=\"P1140581\" data-dt-img-description=\"\" data-large_image_width=\"902\" data-large_image_height=\"677\"href='https:\/\/www.radiopiu.net\/wordpress\/wp-content\/uploads\/2020\/09\/P1140581.jpg'><img loading=\"lazy\" decoding=\"async\" width=\"150\" height=\"150\" src=\"https:\/\/www.radiopiu.net\/wordpress\/wp-content\/uploads\/2020\/09\/P1140581-150x150.jpg\" class=\"attachment-thumbnail size-thumbnail\" alt=\"\" srcset=\"https:\/\/www.radiopiu.net\/wordpress\/wp-content\/uploads\/2020\/09\/P1140581-150x150.jpg 150w, https:\/\/www.radiopiu.net\/wordpress\/wp-content\/uploads\/2020\/09\/P1140581-125x125.jpg 125w, https:\/\/www.radiopiu.net\/wordpress\/wp-content\/uploads\/2020\/09\/P1140581-200x200.jpg 200w, https:\/\/www.radiopiu.net\/wordpress\/wp-content\/uploads\/2020\/09\/P1140581-80x80.jpg 80w\" sizes=\"auto, (max-width: 150px) 100vw, 150px\" \/><\/a>\n\t\t\t\t<\/dt><\/dl><br style=\"clear: both\" \/>\n\t\t\t<\/div>\n\n<p>&nbsp;<\/p>\n<hr \/>\n<p>&nbsp;<\/p>\n<blockquote>\n<h3 class=\"title style-scope ytd-video-primary-info-renderer\">Esercitazione incendio rifugi Alleghe &#8211; Vigili del Fuoco Belluno + Venezia<\/h3>\n<\/blockquote>\n<p><img loading=\"lazy\" decoding=\"async\" class=\"alignleft\" src=\"https:\/\/www.radiopiu.net\/wordpress\/wp-content\/uploads\/2020\/09\/WhatsApp-Image-2020-09-21-at-16.55.04.jpeg\" width=\"207\" height=\"155\" \/><strong>ALLEGHE<\/strong> Oltre 60 vigili del fuoco tra permanenti e volontari, con 20 automezzi l\u2019elicottero Drago 71 e personale del centro telecomunicazioni regionale, hanno preso parte domenica mattina ad un addestramento in cui si sono ipotizzati degli incendi in strutture poste in alta montagna nella zona di Col dei Baldi ad Alleghe. Le squadre dei pompieri di Agordo dei volontari di Zoldo Alto, di Selva di Cadore, di Colle Santa Lucia e Caprile hanno effettuato un addestramento a oltre 2000 metri di quota ipotizzando dei roghi in alcune baite, malghe in un impianto di risalita. Le vasche solitamente utilizzate per l\u2019approvvigionamento idrico degli elicotteri sono state montate vuote in quota e questa volta riempite dall&#8217;elicottero, che faceva rifornimento d\u2019acqua in un bacino pi\u00f9 a valle. L\u2019acqua depositata \u00e8 stata poi utilizzata dalle squadre a terra con delle motopompe per spegnere gli incendi. Un\u2019altra simulazione di spegnimento ha previsto l\u2019utilizzo dell\u2019acqua degli impianti di innevamento di Alleghe Funivie. Il personale del centro telecomunicazioni di Venezia ha predisposto e testato in tempo reale la predisposizione di un ponte radio mobile locale, a disposizione delle squadre intervenute. Soddisfazione tra il personale per l\u2019esito del particolare addestramento in quota andato a buon fine.<\/p>\n<p><iframe loading=\"lazy\" title=\"Esercitazione incendio rifugi Alleghe - Vigili del Fuoco Belluno + Venezia\" width=\"1200\" height=\"675\" src=\"https:\/\/www.youtube.com\/embed\/Tlx04UtE8_A?feature=oembed\" frameborder=\"0\" allow=\"accelerometer; autoplay; clipboard-write; encrypted-media; gyroscope; picture-in-picture\" allowfullscreen><\/iframe><\/p>\n<p>&nbsp;<\/p>\n<p>&nbsp;<\/p>\n<p>&nbsp;<\/p>\n<hr \/>\n<p>&nbsp;<\/p>\n<blockquote>\n<h3>DILLO A RADIO PIU&#8217;&#8230;&#8221;DOPO IL VOTO DALLE PROMESSE AI FATTI CONCRETI&#8221;<\/h3>\n<\/blockquote>\n<p><strong>di Franco Piacentini_Feltre<\/strong><\/p>\n<div dir=\"auto\">\n<blockquote>\n<div dir=\"auto\"><em>&#8220;A caldo, dopo il personale straordinario risultato elettorale (comunque previsto e scontato) il Governatore del Veneto,\u00a0<span id=\"m_-8591021625842308167m_7346756659375376051gmail-m_4037499138106090764gmail-m_8488765437790458278m_-9167704341126511185:vk.43\"><span id=\"m_-8591021625842308167m_7346756659375376051gmail-m_4037499138106090764gmail-m_8488765437790458278:1jl.52\"><span id=\"m_-8591021625842308167m_7346756659375376051:204.6\">dott<\/span><\/span><\/span>. Luca\u00a0<span id=\"m_-8591021625842308167m_7346756659375376051gmail-m_4037499138106090764gmail-m_8488765437790458278m_-9167704341126511185:vk.44\"><span id=\"m_-8591021625842308167m_7346756659375376051gmail-m_4037499138106090764gmail-m_8488765437790458278:1jl.53\"><span id=\"m_-8591021625842308167m_7346756659375376051:204.7\">Zaia<\/span><\/span><\/span>, ha dichiarato che nel cambiare volto alla regione (poteva benissimo farlo durante i suoi precedenti\u00a0dieci anni di governo) le priorit\u00e0 saranno: sanit\u00e0 e lavoro. Due condivisibili obiettivi, ai quali sarebbe opportuno (suggerisco) aggiungere il\u00a0<span id=\"m_-8591021625842308167m_7346756659375376051gmail-m_4037499138106090764gmail-m_8488765437790458278m_-9167704341126511185:vk.45\"><span id=\"m_-8591021625842308167m_7346756659375376051gmail-m_4037499138106090764gmail-m_8488765437790458278:1jl.54\"><span id=\"m_-8591021625842308167m_7346756659375376051:204.8\">welfare<\/span><\/span><\/span>\u00a0generativo, in alternativa all&#8217;assistenzialismo, per togliere dalla sofferenza migliaia di veneti in povert\u00e0 e disoccupati. Il riconfermato &#8220;a\u00a0<span id=\"m_-8591021625842308167m_7346756659375376051gmail-m_4037499138106090764gmail-m_8488765437790458278m_-9167704341126511185:vk.46\"><span id=\"m_-8591021625842308167m_7346756659375376051gmail-m_4037499138106090764gmail-m_8488765437790458278:1jl.55\"><span id=\"m_-8591021625842308167m_7346756659375376051:204.9\">furor<\/span><\/span><\/span>\u00a0di popolo&#8221; Governatore del Veneto,\u00a0<span id=\"m_-8591021625842308167m_7346756659375376051gmail-m_4037499138106090764gmail-m_8488765437790458278m_-9167704341126511185:vk.47\"><span id=\"m_-8591021625842308167m_7346756659375376051gmail-m_4037499138106090764gmail-m_8488765437790458278:1jl.56\"><span id=\"m_-8591021625842308167m_7346756659375376051:204.10\">dott<\/span><\/span><\/span>. Luca\u00a0<span id=\"m_-8591021625842308167m_7346756659375376051gmail-m_4037499138106090764gmail-m_8488765437790458278m_-9167704341126511185:vk.48\"><span id=\"m_-8591021625842308167m_7346756659375376051gmail-m_4037499138106090764gmail-m_8488765437790458278:1jl.57\"><span id=\"m_-8591021625842308167m_7346756659375376051:204.11\">Zaia<\/span><\/span><\/span>, per passare velocemente\u00a0dalle promesse ai fatti concreti, opportunamente e necessariamente dovrebbe (deve) attivare il &#8220;Tavolo Permanente della Concertazione&#8221; coinvolgendo e responsabilizzando, nella programmazione della qualit\u00e0 e quantit\u00e0 delle prestazioni sociosanitarie, delle politiche attive del lavoro e del\u00a0<span id=\"m_-8591021625842308167m_7346756659375376051gmail-m_4037499138106090764gmail-m_8488765437790458278m_-9167704341126511185:vk.49\"><span id=\"m_-8591021625842308167m_7346756659375376051gmail-m_4037499138106090764gmail-m_8488765437790458278:1jl.58\"><span id=\"m_-8591021625842308167m_7346756659375376051:204.12\">welfare<\/span><\/span><\/span>\u00a0generativo: le Associazioni\u00a0(grandi e piccole) imprenditoriali &#8211; le confederazioni\u00a0<span id=\"m_-8591021625842308167m_7346756659375376051gmail-m_4037499138106090764gmail-m_8488765437790458278m_-9167704341126511185:vk.50\"><span id=\"m_-8591021625842308167m_7346756659375376051gmail-m_4037499138106090764gmail-m_8488765437790458278:1jl.59\"><span id=\"m_-8591021625842308167m_7346756659375376051:204.13\">CGIL<\/span><\/span><\/span>\u00a0<span id=\"m_-8591021625842308167m_7346756659375376051gmail-m_4037499138106090764gmail-m_8488765437790458278m_-9167704341126511185:vk.51\"><span id=\"m_-8591021625842308167m_7346756659375376051gmail-m_4037499138106090764gmail-m_8488765437790458278:1jl.60\"><span id=\"m_-8591021625842308167m_7346756659375376051:204.14\">CISL<\/span><\/span><\/span>\u00a0<span id=\"m_-8591021625842308167m_7346756659375376051gmail-m_4037499138106090764gmail-m_8488765437790458278m_-9167704341126511185:vk.52\"><span id=\"m_-8591021625842308167m_7346756659375376051gmail-m_4037499138106090764gmail-m_8488765437790458278:1jl.61\"><span id=\"m_-8591021625842308167m_7346756659375376051:204.15\">UIL<\/span><\/span><\/span>\u00a0(sulle priorit\u00e0 indicate dal\u00a0<span id=\"m_-8591021625842308167m_7346756659375376051gmail-m_4037499138106090764gmail-m_8488765437790458278m_-9167704341126511185:vk.53\"><span id=\"m_-8591021625842308167m_7346756659375376051gmail-m_4037499138106090764gmail-m_8488765437790458278:1jl.62\"><span id=\"m_-8591021625842308167m_7346756659375376051:204.16\">dott<\/span><\/span><\/span>. Luca\u00a0<span id=\"m_-8591021625842308167m_7346756659375376051gmail-m_4037499138106090764gmail-m_8488765437790458278m_-9167704341126511185:vk.54\"><span id=\"m_-8591021625842308167m_7346756659375376051gmail-m_4037499138106090764gmail-m_8488765437790458278:1jl.63\"><span id=\"m_-8591021625842308167m_7346756659375376051:204.17\">Zaia<\/span><\/span><\/span>\u00a0e su altre particolarit\u00e0 venete, durante la campagna elettorale, le Segreterie delle organizzazioni sindacali e il Forum Regionale Terzo Settore, hanno presentato alla Regione delle fattive proposte per la negoziazione sociale) &#8211; le rappresentanze delle Libere Professioni &#8211;\u00a0<span id=\"m_-8591021625842308167m_7346756659375376051gmail-m_4037499138106090764gmail-m_8488765437790458278m_-9167704341126511185:vk.55\"><span id=\"m_-8591021625842308167m_7346756659375376051gmail-m_4037499138106090764gmail-m_8488765437790458278:1jl.64\"><span id=\"m_-8591021625842308167m_7346756659375376051:204.18\">l&#8217;ANCI<\/span><\/span><\/span>\u00a0&#8211; le Universit\u00e0 &#8211; gli Istituti bancari &#8211; le reti del Volontariato &#8211; i Portavoce del Terzo Settore. Lo &#8220;stile laburista&#8221; si realizza con il convinto coinvolgimento delle parti sociali, per una costruttiva concertazione, per rendere esigibili gli obiettivi concordati e per ricercare sufficienti risorse finanziarie (da non escludere una tassazione di scopo per la solidariet\u00e0 e per ridurre la compartecipazione ai costi assistenziali) da finalizzare alla programmazione socio-economica&#8221;.\u00a0<\/em><\/div>\n<\/blockquote>\n<div class=\"gmail_quote\" dir=\"auto\">\n<div dir=\"ltr\">\n<div id=\"m_-8591021625842308167m_7346756659375376051gmail-:1mk\" dir=\"auto\">\n<div id=\"m_-8591021625842308167m_7346756659375376051gmail-:1ew\">\n<div dir=\"ltr\">\n<div dir=\"ltr\"><\/div>\n<\/div>\n<\/div>\n<\/div>\n<\/div>\n<\/div>\n<\/div>\n<p>&nbsp;<\/p>\n<hr \/>\n<p>&nbsp;<\/p>\n<blockquote>\n<h3>IL 27 SETTEMBRE I CLUB ASI FESTEGGIANO\u00a0LA GIORNATA NAZIONALE DEL VEICOLO D\u2019EPOCA<\/h3>\n<\/blockquote>\n<p><strong> <a class=\"dt-pswp-item\" href=\"https:\/\/www.radiopiu.net\/wordpress\/wp-content\/uploads\/2020\/09\/AUTO-EPOCA.jpg\" data-dt-img-description=\"\" data-large_image_width=\"1920\" data-large_image_height=\"1439\"><img loading=\"lazy\" decoding=\"async\" class=\"size-medium wp-image-162525 alignleft\" src=\"https:\/\/www.radiopiu.net\/wordpress\/wp-content\/uploads\/2020\/09\/AUTO-EPOCA-300x225.jpg\" alt=\"\" width=\"300\" height=\"225\" srcset=\"https:\/\/www.radiopiu.net\/wordpress\/wp-content\/uploads\/2020\/09\/AUTO-EPOCA-300x225.jpg 300w, https:\/\/www.radiopiu.net\/wordpress\/wp-content\/uploads\/2020\/09\/AUTO-EPOCA-1024x767.jpg 1024w, https:\/\/www.radiopiu.net\/wordpress\/wp-content\/uploads\/2020\/09\/AUTO-EPOCA-768x576.jpg 768w, https:\/\/www.radiopiu.net\/wordpress\/wp-content\/uploads\/2020\/09\/AUTO-EPOCA-1536x1151.jpg 1536w, https:\/\/www.radiopiu.net\/wordpress\/wp-content\/uploads\/2020\/09\/AUTO-EPOCA-640x480.jpg 640w, https:\/\/www.radiopiu.net\/wordpress\/wp-content\/uploads\/2020\/09\/AUTO-EPOCA.jpg 1920w\" sizes=\"auto, (max-width: 300px) 100vw, 300px\" \/><\/a>BELLUNO\u00a0<\/strong>La Giornata Nazionale del Veicolo d\u2019Epoca, indetta e promossa dall\u2019Automotoclub Storico Italiano, sar\u00e0 celebrata domenica 27 settembre con iniziative organizzate in tutta Italia (nel pieno rispetto delle vigenti normative anti-Covid) da decine di club federati con il coordinamento della Federazione che con questo evento vuole sensibilizzare l\u2019opinione pubblica e le amministrazioni locali sull\u2019importanza culturale e sociale del motorismo storico.\u00a0Anche il Circolo bellunese auto moto d&#8217;epoca &#8220;Berto Gidoni&#8221; aderisce alla giornata con una propria manifestazione che permetter\u00e0 agli appassionati di ammirare alcuni veicoli d&#8217;epoca dei soci in una sorta di museo viaggiante.\u00a0Domenica dunque ritrovo in piazza dei Martiri a Belluno dove i veicoli rimarranno esposti dalle 09.00 alle 09.45. Partenza quindi con destinazione &#8220;La Casera&#8221; in Nevegal per esporre i mezzi all&#8217;insolita quota di 1.500 m. Dopo le foto di rito la carovana scender\u00e0 in Piazzale del Nevegal per sostarvi sino alle 12,30 per poi concludere la giornata in localit\u00e0 Pian Longhi.\u00a0Sar\u00e0 l&#8217;occasione per poter ammirare mezzi che hanno fatto la storia del motorismo magari legati a qualche ricordo di giovent\u00f9.<\/p>\n<div><\/div>\n<div><\/div>\n<hr \/>\n<p>&nbsp;<\/p>\n<blockquote>\n<h3>\u201cKAIROS\u201d, L\u2019ITINERARIO PER GIOVANI CAMMINANDO SULLE ORME DI GESU\u2019 di Renato Bona<\/h3>\n<\/blockquote>\n<p><strong>BELLUNO<\/strong> Nel sito telematico chiesabellunofeltre, la locandina dell\u2019iniziativa \u2013 alla terza edizione \u2013 proposta dall\u2019ufficio di Pastorale dei giovani della diocesi di Belluno-Feltre guidata dal vescovo Renato Marangoni, con lo slogan \u201cLui vive e ti vuole vivo\u201d (che \u00e8 frase pronunciata da Papa Francesco) annuncia la ripresa dell\u2019itinerario \u201cKairos\u201d per i giovani, che prender\u00e0 il via il 6 ottobre, dalle 15 alle 20 (cena compresa) nel Seminario Gregoriano di Belluno. La proposta \u00e8 per chi abbia dai 18 ai 30 anni e desideri \u201cintraprendere un tempo favorevole per sostare sulla presenza del Signore che invita tutti a scoprirci alla sua luce. Un tempo utile \u2013 kairos! \u2013 in cui sostare sulla Parola, affrontare grandi domande, cominciare a lasciarsi accompagnare; un percorso semplice, da vivere nella condivisione e in amicizia per cercare il senso delle esperienze che vivi e fare delle scelte concrete per la tua felicit\u00e0, camminando sulle orme di Ges\u00f9\u201d. Il programma degli appuntamenti, sempre nel Seminario: 6 ottobre sul tema: \u201cChi cerco?\u201d; 20: \u201cPer chi sono io?\u201d; 24 novembre; \u201cQuestione di inizi\u201d; 17-20 gennaio: \u201cDammi un cuore che ascolta\u201d;23 febbraio: \u201cL\u2019amore e la famiglia\u201d; 22 marzo \u201cIl dono di s\u00e9 a Dio e agli altri\u201d. Il 9 maggio ci sar\u00e0 una veglia vocazionale; conclusione degli incontro il 7 giugno, su: \u201cDecider.Si\u201d. Dicevamo della locandina e aggiungiamo che il logo \u00e8, come si pu\u00f2 vedere, \u201cUna vera e propria nuvola di parole\u201d che campeggia sulla ormai consueta cartolina d\u2019invito alla proposta perch\u00e9 \u201cancora una volta, in un periodo come questo in cui molte cose sono state messe in discussione, vogliano mantenere ferma la consapevolezza che anche questo \u00e8 un tempo opportuno, un vero \u2018kair\u00f2s\u2019 in cui \u00e8 possibile compiere un percorso che tocchi la vita concreta, apra ad un confronto, affronti tante domande e che orienti un po\u2019 di pi\u00f9 la nostra vita. La vita di ogni giovane\u201d. Ed ora, aiutati dalla libera enciclopedia Wikipedia, vediamo di saperne di pi\u00f9 sulla parola kairos che nell\u2019antica Grecia significava momento giusto o opportuno, o momento supremo. Lo si traduce spesso come &#8220;occasione&#8221; ma il termine rende soltanto molto parzialmente un&#8217;idea ricca di molte sfaccettature. Non \u00e8 possibile trovare un termine italiano equivalente che possa segnare tutte le relazioni che la nozione greca ha conosciuto. Il termine &#8220;kairos&#8221; \u00e8 usato nella teologia per descrivere la forma qualitativa del tempo. Nell&#8217;astrologia designa un momento speciale in cui intraprendere un&#8217;azione, rispecchiato da una corrispondente e idonea configurazione degli astri. Nel campo artistico \u00e8 la sfumatura trascurabile, la correzione minuscola che favorisce il buon esito. Nella medicina Ippocrate ha individuato la nozione di crisi, momento critico dove la malattia evolve verso la cura o la morte. In questo momento \u00e8 certo che l&#8217;intervento del medico prende un carattere necessario e decisivo. Nel campo militare: un buono stratega sa che la vittoria non \u00e8 una semplice questione di superiorit\u00e0 numerica, ma un momento in cui l&#8217;attacco sull&#8217;avversario porter\u00e0 il panico e dar\u00e0 un esito definitivo alla battaglia. Nella navigazione kairos, associato con tyche (sorte) permette al navigatore di dirigersi sventando le trappole del mare. \u00c8 in particolare in questo contesto che si trova la metis o intelligenza dell&#8217;astuzia. Infine nel Nuovo testamento kairos significa &#8220;il tempo designato nello scopo di Dio&#8221;, il tempo in cui Dio agisce. Altre informazioni contattando don Roberto De Nardin al 349-7253880, indirizzo e-mail: erredienne87@gmail.com o sorella Elisa Busatto al 334-1961560, indirizzo e-mail: elisabusatto@discepoledelvangelo.it.<\/p>\n\n\t\t\t<style type='text\/css'>\n\t\t\t\t#gallery-4 {\n\t\t\t\t\tmargin: auto;\n\t\t\t\t}\n\t\t\t\t#gallery-4 .gallery-item {\n\t\t\t\t\tfloat: left;\n\t\t\t\t\tmargin-top: 10px;\n\t\t\t\t\ttext-align: center;\n\t\t\t\t\twidth: 33%;\n\t\t\t\t}\n\t\t\t\t#gallery-4 img {\n\t\t\t\t\tborder: 2px solid #cfcfcf;\n\t\t\t\t}\n\t\t\t\t#gallery-4 .gallery-caption {\n\t\t\t\t\tmargin-left: 0;\n\t\t\t\t}\n\t\t\t\t\/* see gallery_shortcode() in wp-includes\/media.php *\/\n\t\t\t<\/style>\n\t\t<div id='gallery-4' class='dt-gallery-container gallery galleryid-162373 gallery-columns-3 gallery-size-thumbnail'><dl class='gallery-item'>\n\t\t\t\t<dt class='gallery-icon portrait'>\n\t\t\t\t\t<a class=\"rollover rollover-zoom dt-pswp-item\" title=\"120195209_3564223920309924_3195890474723175952_n\" data-dt-img-description=\"\" data-large_image_width=\"190\" data-large_image_height=\"239\"href='https:\/\/www.radiopiu.net\/wordpress\/wp-content\/uploads\/2020\/09\/120195209_3564223920309924_3195890474723175952_n.jpg'><img loading=\"lazy\" decoding=\"async\" width=\"150\" height=\"150\" src=\"https:\/\/www.radiopiu.net\/wordpress\/wp-content\/uploads\/2020\/09\/120195209_3564223920309924_3195890474723175952_n-150x150.jpg\" class=\"attachment-thumbnail size-thumbnail\" alt=\"\" srcset=\"https:\/\/www.radiopiu.net\/wordpress\/wp-content\/uploads\/2020\/09\/120195209_3564223920309924_3195890474723175952_n-150x150.jpg 150w, https:\/\/www.radiopiu.net\/wordpress\/wp-content\/uploads\/2020\/09\/120195209_3564223920309924_3195890474723175952_n-125x125.jpg 125w, https:\/\/www.radiopiu.net\/wordpress\/wp-content\/uploads\/2020\/09\/120195209_3564223920309924_3195890474723175952_n-80x80.jpg 80w\" sizes=\"auto, (max-width: 150px) 100vw, 150px\" \/><\/a>\n\t\t\t\t<\/dt><\/dl><dl class='gallery-item'>\n\t\t\t\t<dt class='gallery-icon landscape'>\n\t\t\t\t\t<a class=\"rollover rollover-zoom dt-pswp-item\" title=\"120196794_333395987772231_54963891599408941_n\" data-dt-img-description=\"\" data-large_image_width=\"679\" data-large_image_height=\"513\"href='https:\/\/www.radiopiu.net\/wordpress\/wp-content\/uploads\/2020\/09\/120196794_333395987772231_54963891599408941_n.png'><img loading=\"lazy\" decoding=\"async\" width=\"150\" height=\"150\" src=\"https:\/\/www.radiopiu.net\/wordpress\/wp-content\/uploads\/2020\/09\/120196794_333395987772231_54963891599408941_n-150x150.png\" class=\"attachment-thumbnail size-thumbnail\" alt=\"\" srcset=\"https:\/\/www.radiopiu.net\/wordpress\/wp-content\/uploads\/2020\/09\/120196794_333395987772231_54963891599408941_n-150x150.png 150w, https:\/\/www.radiopiu.net\/wordpress\/wp-content\/uploads\/2020\/09\/120196794_333395987772231_54963891599408941_n-125x125.png 125w, https:\/\/www.radiopiu.net\/wordpress\/wp-content\/uploads\/2020\/09\/120196794_333395987772231_54963891599408941_n-200x200.png 200w, https:\/\/www.radiopiu.net\/wordpress\/wp-content\/uploads\/2020\/09\/120196794_333395987772231_54963891599408941_n-80x80.png 80w\" sizes=\"auto, (max-width: 150px) 100vw, 150px\" \/><\/a>\n\t\t\t\t<\/dt><\/dl><dl class='gallery-item'>\n\t\t\t\t<dt class='gallery-icon portrait'>\n\t\t\t\t\t<a class=\"rollover rollover-zoom dt-pswp-item\" title=\"120194713_324859408738932_7453918850383144100_n\" data-dt-img-description=\"\" data-large_image_width=\"800\" data-large_image_height=\"1066\"href='https:\/\/www.radiopiu.net\/wordpress\/wp-content\/uploads\/2020\/09\/120194713_324859408738932_7453918850383144100_n.jpg'><img loading=\"lazy\" decoding=\"async\" width=\"150\" height=\"150\" src=\"https:\/\/www.radiopiu.net\/wordpress\/wp-content\/uploads\/2020\/09\/120194713_324859408738932_7453918850383144100_n-150x150.jpg\" class=\"attachment-thumbnail size-thumbnail\" alt=\"\" srcset=\"https:\/\/www.radiopiu.net\/wordpress\/wp-content\/uploads\/2020\/09\/120194713_324859408738932_7453918850383144100_n-150x150.jpg 150w, https:\/\/www.radiopiu.net\/wordpress\/wp-content\/uploads\/2020\/09\/120194713_324859408738932_7453918850383144100_n-125x125.jpg 125w, https:\/\/www.radiopiu.net\/wordpress\/wp-content\/uploads\/2020\/09\/120194713_324859408738932_7453918850383144100_n-200x200.jpg 200w, https:\/\/www.radiopiu.net\/wordpress\/wp-content\/uploads\/2020\/09\/120194713_324859408738932_7453918850383144100_n-80x80.jpg 80w\" sizes=\"auto, (max-width: 150px) 100vw, 150px\" \/><\/a>\n\t\t\t\t<\/dt><\/dl><br style=\"clear: both\" \/><dl class='gallery-item'>\n\t\t\t\t<dt class='gallery-icon portrait'>\n\t\t\t\t\t<a class=\"rollover rollover-zoom dt-pswp-item\" title=\"120202941_658759125060769_66800074455355871_n\" data-dt-img-description=\"\" data-large_image_width=\"214\" data-large_image_height=\"489\"href='https:\/\/www.radiopiu.net\/wordpress\/wp-content\/uploads\/2020\/09\/120202941_658759125060769_66800074455355871_n.png'><img loading=\"lazy\" decoding=\"async\" width=\"150\" height=\"150\" src=\"https:\/\/www.radiopiu.net\/wordpress\/wp-content\/uploads\/2020\/09\/120202941_658759125060769_66800074455355871_n-150x150.png\" class=\"attachment-thumbnail size-thumbnail\" alt=\"\" srcset=\"https:\/\/www.radiopiu.net\/wordpress\/wp-content\/uploads\/2020\/09\/120202941_658759125060769_66800074455355871_n-150x150.png 150w, https:\/\/www.radiopiu.net\/wordpress\/wp-content\/uploads\/2020\/09\/120202941_658759125060769_66800074455355871_n-125x125.png 125w, https:\/\/www.radiopiu.net\/wordpress\/wp-content\/uploads\/2020\/09\/120202941_658759125060769_66800074455355871_n-200x200.png 200w, https:\/\/www.radiopiu.net\/wordpress\/wp-content\/uploads\/2020\/09\/120202941_658759125060769_66800074455355871_n-80x80.png 80w\" sizes=\"auto, (max-width: 150px) 100vw, 150px\" \/><\/a>\n\t\t\t\t<\/dt><\/dl><dl class='gallery-item'>\n\t\t\t\t<dt class='gallery-icon portrait'>\n\t\t\t\t\t<a class=\"rollover rollover-zoom dt-pswp-item\" title=\"120188640_660244294910963_3615905734515977662_n\" data-dt-img-description=\"\" data-large_image_width=\"203\" data-large_image_height=\"283\"href='https:\/\/www.radiopiu.net\/wordpress\/wp-content\/uploads\/2020\/09\/120188640_660244294910963_3615905734515977662_n.png'><img loading=\"lazy\" decoding=\"async\" width=\"150\" height=\"150\" src=\"https:\/\/www.radiopiu.net\/wordpress\/wp-content\/uploads\/2020\/09\/120188640_660244294910963_3615905734515977662_n-150x150.png\" class=\"attachment-thumbnail size-thumbnail\" alt=\"\" srcset=\"https:\/\/www.radiopiu.net\/wordpress\/wp-content\/uploads\/2020\/09\/120188640_660244294910963_3615905734515977662_n-150x150.png 150w, https:\/\/www.radiopiu.net\/wordpress\/wp-content\/uploads\/2020\/09\/120188640_660244294910963_3615905734515977662_n-125x125.png 125w, https:\/\/www.radiopiu.net\/wordpress\/wp-content\/uploads\/2020\/09\/120188640_660244294910963_3615905734515977662_n-200x200.png 200w, https:\/\/www.radiopiu.net\/wordpress\/wp-content\/uploads\/2020\/09\/120188640_660244294910963_3615905734515977662_n-80x80.png 80w\" sizes=\"auto, (max-width: 150px) 100vw, 150px\" \/><\/a>\n\t\t\t\t<\/dt><\/dl><dl class='gallery-item'>\n\t\t\t\t<dt class='gallery-icon portrait'>\n\t\t\t\t\t<a class=\"rollover rollover-zoom dt-pswp-item\" title=\"120124994_646473999600917_6903715662792936814_n\" data-dt-img-description=\"\" data-large_image_width=\"208\" data-large_image_height=\"276\"href='https:\/\/www.radiopiu.net\/wordpress\/wp-content\/uploads\/2020\/09\/120124994_646473999600917_6903715662792936814_n.png'><img loading=\"lazy\" decoding=\"async\" width=\"150\" height=\"150\" src=\"https:\/\/www.radiopiu.net\/wordpress\/wp-content\/uploads\/2020\/09\/120124994_646473999600917_6903715662792936814_n-150x150.png\" class=\"attachment-thumbnail size-thumbnail\" alt=\"\" srcset=\"https:\/\/www.radiopiu.net\/wordpress\/wp-content\/uploads\/2020\/09\/120124994_646473999600917_6903715662792936814_n-150x150.png 150w, https:\/\/www.radiopiu.net\/wordpress\/wp-content\/uploads\/2020\/09\/120124994_646473999600917_6903715662792936814_n-125x125.png 125w, https:\/\/www.radiopiu.net\/wordpress\/wp-content\/uploads\/2020\/09\/120124994_646473999600917_6903715662792936814_n-200x200.png 200w, https:\/\/www.radiopiu.net\/wordpress\/wp-content\/uploads\/2020\/09\/120124994_646473999600917_6903715662792936814_n-80x80.png 80w\" sizes=\"auto, (max-width: 150px) 100vw, 150px\" \/><\/a>\n\t\t\t\t<\/dt><\/dl><br style=\"clear: both\" \/>\n\t\t\t<\/div>\n\n<p>NELLE FOTO (Renato Bona, Wikipedia, sito chiesabellunofeltre): il seminario gregoriano di Belluno; il logo dell\u2019iniziativa Kairos della Pastorale giovanile diocesana di Belluno-Feltre; giovani partecipanti ad una precedente edizione; \u201cIl Tempo Opportuno\u201d, affresco di Francesco Salviati nella sala dell\u2019Udienza di Palazzo Vecchio di Firenze; \u201cKairos\u201d, affresco dello stesso Salviati, Palazzo Sacchetti, Roma; Scultura di Kairos, opera di Lisippo, copia di Tra\u00f9.<\/p>\n<p>&nbsp;<\/p>\n<hr \/>\n<p>&nbsp;<\/p>\n<p><a class=\"dt-pswp-item\" href=\"https:\/\/www.radiopiu.net\/wordpress\/wp-content\/uploads\/2018\/09\/appuntamenti.jpeg\" data-dt-img-description=\"\" data-large_image_width=\"800\" data-large_image_height=\"100\"><img loading=\"lazy\" decoding=\"async\" class=\"aligncenter wp-image-61958 size-full\" src=\"https:\/\/www.radiopiu.net\/wordpress\/wp-content\/uploads\/2018\/09\/appuntamenti.jpeg\" alt=\"\" width=\"800\" height=\"100\" srcset=\"https:\/\/www.radiopiu.net\/wordpress\/wp-content\/uploads\/2018\/09\/appuntamenti.jpeg 800w, https:\/\/www.radiopiu.net\/wordpress\/wp-content\/uploads\/2018\/09\/appuntamenti-300x38.jpeg 300w, https:\/\/www.radiopiu.net\/wordpress\/wp-content\/uploads\/2018\/09\/appuntamenti-768x96.jpeg 768w\" sizes=\"auto, (max-width: 800px) 100vw, 800px\" \/><\/a><\/p>\n<p>&nbsp;<\/p>\n<p>&nbsp;<\/p>\n<blockquote>\n<h3>CORSO DI GINNASTICA POSTURALE A CANALE D&#8217;AGORDO<\/h3>\n<\/blockquote>\n<p><strong>CANALE D&#8217;AGORDO<\/strong> L&#8217;associazione Pro Loco di Canale D&#8217;Agordo organizza per questo autunno il corso di ginnastica postulare con la fisioterapista Silvana Andrich. 8 lezioni a partire da luned\u00ec 5 ottobre, dal luned\u00ec al venerd\u00ec dalle 17:30 alle 19:30. Per informazioni o iscrizioni telefonare allo 0437 1948030 (venerd\u00ec, sabato domenica e festivi dalle 9 alle 12 e dalle 15 alle 18) oppure 331 1248034, mail info@prolococanale.it Per le restrizioni e normative per il contenimento del Covid-19 i posti sono limitati.<\/p>\n<p>&nbsp;<\/p>\n<p>&nbsp;<\/p>\n<hr \/>\n<p>&nbsp;<\/p>\n<h3><\/h3>\n<blockquote>\n<h3>NUOVI ORARI PER LE VISTE AL CASTELLO DI ANDRAZ<\/h3>\n<\/blockquote>\n<p>Il castello riaprir\u00e0 nei successivi 4 weekend (fino a domenica 11 ottobre), dal venerd\u00ec alla domenica, con orario leggermente ridotto: dalle 10.00 alle 12.30 e dalle 14.30 alle 17.30. \u00a0Le visite guidate o libere vanno prenotate al 334 33 46 680 o via mail a info@castellodiandraz.it<\/p>\n<p>&nbsp;<\/p>\n<hr \/>\n<p>&nbsp;<\/p>\n<blockquote>\n<h3>ESCURSIONE CON IL CAI DI AGORDO<\/h3>\n<\/blockquote>\n<p><strong>AGORDO<\/strong> La Val Pusteria\u00a0 con il Gruppo del\u00a0Monte Gruppo\u00a0\u00e8 la destinazione dell&#8217;escursione programmata\u00a0per i giorni\u00a010\u00a0e 11\u00a0ottobre.\u00a0Si tratta di diverse cime non particolarmente alte che riservano per\u00f2 prospettive tanto inusuali quanto spettacolari e che celano tra le\u00a0loro rocce scure diversi laghetti di origine glaciale tra cui, il pi\u00f9 grande \u00e8 quello di\u00a0Pausa\u00a0dove sorge l&#8217;omonimo ed accogliente\u00a0Rifugio. Tale struttura rimane aperta fino alla prima decade di novembre e il CAI di Agordo ne approfitta \u00a0nel periodo in cui i colori del mirtillo rosso e dei larici accendono i radi pascoli d&#8217;alta quota.\u00a0L&#8217;escursione \u00e8 valutata\u00a0EE con bevi tratti EEA.\u00a0I posti disponibili sono limitati.<\/p>\n<p>&nbsp;<\/p>\n<p>&nbsp;<\/p>\n<hr \/>\n<p>&nbsp;<\/p>\n<h3>IERI ALLA RADIO<\/h3>\n<p><strong><a class=\"dt-pswp-item\" href=\"https:\/\/www.radiopiu.net\/wordpress\/wp-content\/uploads\/2020\/06\/cassa-solidarieta-luxottica.jpg\" data-dt-img-description=\"\" data-large_image_width=\"1167\" data-large_image_height=\"574\"><img loading=\"lazy\" decoding=\"async\" class=\" wp-image-145244 alignleft\" src=\"https:\/\/www.radiopiu.net\/wordpress\/wp-content\/uploads\/2020\/06\/cassa-solidarieta-luxottica-300x148.jpg\" alt=\"\" width=\"225\" height=\"111\" srcset=\"https:\/\/www.radiopiu.net\/wordpress\/wp-content\/uploads\/2020\/06\/cassa-solidarieta-luxottica-300x148.jpg 300w, https:\/\/www.radiopiu.net\/wordpress\/wp-content\/uploads\/2020\/06\/cassa-solidarieta-luxottica-1024x504.jpg 1024w, https:\/\/www.radiopiu.net\/wordpress\/wp-content\/uploads\/2020\/06\/cassa-solidarieta-luxottica-768x378.jpg 768w, https:\/\/www.radiopiu.net\/wordpress\/wp-content\/uploads\/2020\/06\/cassa-solidarieta-luxottica.jpg 1167w\" sizes=\"auto, (max-width: 225px) 100vw, 225px\" \/><\/a>APPUNTAMENTO MENSILE (TERZO VENERDI DEL MESE) CON FABRIZIO CAMPEDEL E PAOLO CHISSALE&#8217;, CASSA SOLIDARIETA&#8217; AZIENDALE LAVORATORI LUXOTTICA<\/strong><\/p>\n<audio class=\"wp-audio-shortcode\" id=\"audio-162373-13\" preload=\"none\" style=\"width: 100%;\" controls=\"controls\"><source type=\"audio\/mpeg\" src=\"https:\/\/www.radiopiu.net\/wordpress\/wp-content\/uploads\/2020\/09\/ca-sol-lux-settembre-1.mp3?_=13\" \/><a href=\"https:\/\/www.radiopiu.net\/wordpress\/wp-content\/uploads\/2020\/09\/ca-sol-lux-settembre-1.mp3\">https:\/\/www.radiopiu.net\/wordpress\/wp-content\/uploads\/2020\/09\/ca-sol-lux-settembre-1.mp3<\/a><\/audio>\n<p>&nbsp;<\/p>\n<p>&nbsp;<\/p>\n<p>&nbsp;<\/p>\n<hr \/>\n<h2>IERI ALLA RADIO<\/h2>\n<h2><span style=\"color: #ff0000;\">DUE MINUTI UN LIBRO\u00a0<\/span><\/h2>\n<blockquote class=\"wp-embedded-content\" data-secret=\"sOZjHFOIEx\"><p><a href=\"https:\/\/www.radiopiu.net\/wordpress\/due-minuti-un-libro\/\">Due minuti un libro<\/a><\/p><\/blockquote>\n<p><iframe loading=\"lazy\" class=\"wp-embedded-content\" sandbox=\"allow-scripts\" security=\"restricted\" style=\"position: absolute; clip: rect(1px, 1px, 1px, 1px);\" title=\"&#8220;Due minuti un libro&#8221; &#8212; Radio Pi\u00f9\" src=\"https:\/\/www.radiopiu.net\/wordpress\/due-minuti-un-libro\/embed\/#?secret=sOZjHFOIEx\" data-secret=\"sOZjHFOIEx\" width=\"600\" height=\"338\" frameborder=\"0\" marginwidth=\"0\" marginheight=\"0\" scrolling=\"no\"><\/iframe><\/p>\n<h2>LA RACCOLTA COMPLETA<\/h2>\n<blockquote class=\"wp-embedded-content\" data-secret=\"sOZjHFOIEx\"><p><a href=\"https:\/\/www.radiopiu.net\/wordpress\/due-minuti-un-libro\/\">Due minuti un libro<\/a><\/p><\/blockquote>\n<p><iframe loading=\"lazy\" class=\"wp-embedded-content\" sandbox=\"allow-scripts\" security=\"restricted\" style=\"position: absolute; clip: rect(1px, 1px, 1px, 1px);\" title=\"&#8220;Due minuti un libro&#8221; &#8212; Radio Pi\u00f9\" src=\"https:\/\/www.radiopiu.net\/wordpress\/due-minuti-un-libro\/embed\/#?secret=sOZjHFOIEx\" data-secret=\"sOZjHFOIEx\" width=\"600\" height=\"338\" frameborder=\"0\" marginwidth=\"0\" marginheight=\"0\" scrolling=\"no\"><\/iframe><\/p>\n<p>&nbsp;<\/p>\n<p>&nbsp;<\/p>\n<hr \/>\n<p>&nbsp;<\/p>\n<div>\n<h2><span style=\"color: #33cccc;\">I RACCONTI DI PAOLO SOPPELSA il lunedi alle 9.30 e 18.30<\/span><\/h2>\n<h2><span style=\"color: #33cccc;\"><strong>LA RACCOLTA COMPLETA<\/strong><\/span><\/h2>\n<blockquote class=\"wp-embedded-content\" data-secret=\"Sok1MVe7JU\"><p><a href=\"https:\/\/www.radiopiu.net\/wordpress\/i-racconti-di-paolo-soppelsa\/\">I racconti di Paolo Soppelsa<\/a><\/p><\/blockquote>\n<p><iframe loading=\"lazy\" class=\"wp-embedded-content\" sandbox=\"allow-scripts\" security=\"restricted\" style=\"position: absolute; clip: rect(1px, 1px, 1px, 1px);\" title=\"&#8220;I racconti di Paolo Soppelsa&#8221; &#8212; Radio Pi\u00f9\" src=\"https:\/\/www.radiopiu.net\/wordpress\/i-racconti-di-paolo-soppelsa\/embed\/#?secret=Sok1MVe7JU\" data-secret=\"Sok1MVe7JU\" width=\"600\" height=\"338\" frameborder=\"0\" marginwidth=\"0\" marginheight=\"0\" scrolling=\"no\"><\/iframe><\/p>\n<p>&nbsp;<\/p>\n<p>&nbsp;<\/p>\n<hr \/>\n<p>&nbsp;<\/p>\n<h2><span style=\"color: #000080;\"><a class=\"dt-pswp-item\" href=\"https:\/\/www.radiopiu.net\/wordpress\/wp-content\/uploads\/2020\/07\/a8a8cbd6-9ca3-4f14-9e6a-43069c08cd84.jpg\" data-dt-img-description=\"\" data-large_image_width=\"960\" data-large_image_height=\"720\"><img loading=\"lazy\" decoding=\"async\" class=\"wp-image-151434 alignleft\" src=\"https:\/\/www.radiopiu.net\/wordpress\/wp-content\/uploads\/2020\/07\/a8a8cbd6-9ca3-4f14-9e6a-43069c08cd84-300x225.jpg\" alt=\"\" width=\"213\" height=\"160\" srcset=\"https:\/\/www.radiopiu.net\/wordpress\/wp-content\/uploads\/2020\/07\/a8a8cbd6-9ca3-4f14-9e6a-43069c08cd84-300x225.jpg 300w, https:\/\/www.radiopiu.net\/wordpress\/wp-content\/uploads\/2020\/07\/a8a8cbd6-9ca3-4f14-9e6a-43069c08cd84-768x576.jpg 768w, https:\/\/www.radiopiu.net\/wordpress\/wp-content\/uploads\/2020\/07\/a8a8cbd6-9ca3-4f14-9e6a-43069c08cd84.jpg 960w\" sizes=\"auto, (max-width: 213px) 100vw, 213px\" \/><\/a><\/span><\/h2>\n<h2><\/h2>\n<h2><span style=\"color: #000080;\">DON CESARE, IL PENSIERO DEL GIORNO. ALLA RADIO ALLE 7 DEL MATTINO E ALLE 19.30 DELLA SERA.\u00a0\u00a0<\/span><\/h2>\n<\/div>\n<p>&nbsp;<\/p>\n<p>&nbsp;<\/p>\n<audio class=\"wp-audio-shortcode\" id=\"audio-162373-14\" preload=\"none\" style=\"width: 100%;\" controls=\"controls\"><source type=\"audio\/mpeg\" src=\"https:\/\/www.radiopiu.net\/wordpress\/wp-content\/uploads\/2020\/09\/CESARE-22.mp3?_=14\" \/><a href=\"https:\/\/www.radiopiu.net\/wordpress\/wp-content\/uploads\/2020\/09\/CESARE-22.mp3\">https:\/\/www.radiopiu.net\/wordpress\/wp-content\/uploads\/2020\/09\/CESARE-22.mp3<\/a><\/audio>\n<div>\n<p>&nbsp;<\/p>\n<hr \/>\n<p>&nbsp;<\/p>\n<p><a class=\"dt-pswp-item\" href=\"https:\/\/www.radiopiu.net\/wordpress\/wp-content\/uploads\/2018\/09\/viabilita.jpeg\" data-dt-img-description=\"\" data-large_image_width=\"800\" data-large_image_height=\"100\"><img loading=\"lazy\" decoding=\"async\" class=\"aligncenter wp-image-61954 size-full\" src=\"https:\/\/www.radiopiu.net\/wordpress\/wp-content\/uploads\/2018\/09\/viabilita.jpeg\" alt=\"\" width=\"800\" height=\"100\" srcset=\"https:\/\/www.radiopiu.net\/wordpress\/wp-content\/uploads\/2018\/09\/viabilita.jpeg 800w, https:\/\/www.radiopiu.net\/wordpress\/wp-content\/uploads\/2018\/09\/viabilita-300x38.jpeg 300w, https:\/\/www.radiopiu.net\/wordpress\/wp-content\/uploads\/2018\/09\/viabilita-768x96.jpeg 768w\" sizes=\"auto, (max-width: 800px) 100vw, 800px\" \/><\/a><\/p>\n<\/div>\n<p><strong>\u00a0\u00a0<\/strong><\/p>\n<p><strong>REGIONALE 203 AGORDINA<\/strong>\u00a0 Fino\u00a0 al 18 dicembre (esclusi festivi e prefestivi) senso unico alternato tra Peron e Candaten con movieri dalle 7.30 alle 9 e dalle 16.30 alle 18. Con semaforo negli altri orari<\/p>\n<p><strong>SR 203 AGORDINA<\/strong> Fino al 30 settembre, dalle 8 alle 17, sabato e domenica esclusi, senso unico alternato regolato da semaforo in localit\u00e0 Listolade di Taibon Agordino per asfaltatura tratti interessati dalla posa della fibra ottica<\/p>\n<p><strong>SP 33 DI SAURIS<\/strong> fino al 25 settembre interdizione totale alla viabilit\u00e0 tra Casera Razzo e il confine con la provincia di Udine per messa in sicurezza versante a monte strada<\/p>\n<p><strong>REGIONALE 203 AGORDINA<\/strong> Fino al 18 dicembre (sabato e domenica esclusi) tra Candaten e Peron dalle 7.30 alle 9 e dalle 16.30 alle 18 con movieri e negli altri orari con semaforo, senso unico alternato.<\/p>\n<p><strong>SR 48 DELLE DOLOMITI<\/strong> fino a l&#8217;8 ottobre, dalle 7 alle 18 sabato e domenica esclusi, senso unico alternato regolato da impianto semaforico per miglioramento visibilit\u00e0 incrocio strada per Castello di Andraz<\/p>\n<p><strong>SP 473 DI CROCE D&#8217;AUNE<\/strong> dalle 8 alle 17 fino al 2 ottobre, esclusi sabati e domeniche, senso unico alternato regolato da movieri in localit\u00e0 Croce D&#8217;Aune di Pedavena per sistemazione dissesto idrogeologico<\/p>\n<p><strong>PROVINCIALE 35 &#8211; LASTE<\/strong> Per allargamento della sede stradale in localit\u00e0 Laste di Sopra limitazioni al transito fino al 15 ottobre esclusi festivi e prefestivi, brevi interruzioni durata massima di 15 minuti tra le 8 e le 12 e tra le 13 e le 17.\u00a0Negli altri orari semaforo e senso unico alternato<\/p>\n<p><strong>SP 30 PANORAMICA DEL COMELICO<\/strong> fino al 2 ottobre, esclusi sabati e domeniche, interdizione totale alla viabilit\u00e0 in entrambi i sensi di marcia tra Costa e Costalissoi per messa in sicurezza strada<\/p>\n<p><strong>SP 641 PASSO FEDAIA<\/strong> A\u00a0 Capanna Bill e\u00a0 a Col di Rocca\u00a0 fino al\u00a0 30 settembre senso unico alternato regolato da semaforo.<\/p>\n<p><strong>REGIONALE 203 AGORDINA<\/strong> Fino al 30 settembre (sabato e domenica esclusi) tra Candaten e La Stanga dalle 7.30 alle 9 e dalle 16.30 alle 18 con movieri e negli altri orari con semaforo, senso unico alternato.<\/p>\n<div>\n<p><strong>SR 48 DELLE DOLOMITI<\/strong> FINO\u00a0 AL 30 SETTEMBRE, DALLE 7 ALLE 17, ESCLUSI SABATO E DOMENICA, SALTUARIA ISTITUZIONE DI SENSO UNICO ALTERNATO REGOLATO DA MOVIERI PER PERIODI CONTINUATIVI NON SUPERIORI A 10 MINUTI NEI COMUNI DI CORTINA ED AURONZO DI CADORE PER CARICO SCARICO MATERIALI NECESSARI PER LA POSA DELL&#8217;ELTRODOTTO INTERRATO<\/p>\n<p><strong>SR 48 DELLE DOLOMITI<\/strong>\u00a0 Fino al 30 settembre in localit\u00e0 Pocol (Cortina) senso unico alternato, esclusi sabato e domenica<\/p>\n<p><strong>SR 48 DELLE DOLOMITI<\/strong>\u00a0 Fino al 9 ottobre senso unico alternato in localit\u00e0 Cernadoi, escluso sabato e domeniche<\/p>\n<p><strong>SR 48 DELLE DOLOMITI<\/strong> Fino\u00a0 al 30 settembre esclusi sabato e domenica senso unico alternato tra Cernadoi e Pian Falzarego<\/p>\n<p><strong>SP 30 PANORAMICA DEL COMELICO<\/strong> fino al 23 ottobre, compresi sabati e domeniche, senso unico alternato regolato da semaforo tra Costa e Costalissoi per consolidamento strada<\/p>\n<p><strong>SP 1 MADONNA DEL PIAVE<\/strong>\u00a0fino a revoca, senso unico alternato regolato da semaforo in localit\u00e0 Caorera di Quero Vas per lavori di messa in sicurezza piano viabile<\/p>\n<p>&nbsp;<\/p>\n<hr \/>\n<p>&nbsp;<\/p>\n<p class=\"photoswipe-wrapper\"><a class=\"dt-pswp-item pspw-wrap-ready\" href=\"https:\/\/i0.wp.com\/www.radiopiu.net\/wordpress\/wp-content\/uploads\/2018\/09\/WhatsApp-Image-2018-09-20-at-16.04.06.jpeg?ssl=1\" data-dt-img-description=\"\" data-large_image_width=\"800\" data-large_image_height=\"100\"><img loading=\"lazy\" decoding=\"async\" class=\"aligncenter wp-image-61378 size-full jetpack-lazy-image jetpack-lazy-image--handled\" src=\"https:\/\/i0.wp.com\/www.radiopiu.net\/wordpress\/wp-content\/uploads\/2018\/09\/WhatsApp-Image-2018-09-20-at-16.04.06.jpeg?resize=800%2C100&amp;ssl=1\" sizes=\"auto, (max-width: 800px) 100vw, 800px\" srcset=\"https:\/\/i0.wp.com\/www.radiopiu.net\/wordpress\/wp-content\/uploads\/2018\/09\/WhatsApp-Image-2018-09-20-at-16.04.06.jpeg?w=800&amp;ssl=1 800w, https:\/\/i0.wp.com\/www.radiopiu.net\/wordpress\/wp-content\/uploads\/2018\/09\/WhatsApp-Image-2018-09-20-at-16.04.06.jpeg?resize=300%2C38&amp;ssl=1 300w, https:\/\/i0.wp.com\/www.radiopiu.net\/wordpress\/wp-content\/uploads\/2018\/09\/WhatsApp-Image-2018-09-20-at-16.04.06.jpeg?resize=768%2C96&amp;ssl=1 768w\" alt=\"\" width=\"800\" height=\"100\" data-lazy-loaded=\"1\" \/><\/a><\/p>\n<\/div>\n<p><b>Sabato 26<\/b> <b>Tempo atteso: <\/b>Nottetempo nuvolosit\u00e0 ancora diffusa con qualche sopradico fenomeno, specie sui settori settentrionali. Al mattino copertura nuvolosa ancora estesa e poche possibilit\u00e0 di schiarite. Al pomeriggio parziale diradamento della nuvolosit\u00e0 con qualche squarcio di sereno, pi\u00f9 probabile ed esteso verso sera. Ambiente termico decisamente pi\u00f9 fresco nelle valli, anche freddo in quota.<br \/>\n<b>Precipitazioni: <\/b>Nella prima parte della notte probabilit\u00e0 medio-bassa (20\/40%) di residue precipitazioni sparse sulle Dolomiti, con tracce di neve oltre i 1500\/1700 m. In giornata fenomeni perlopi\u00f9 assenti, eccetto isolati piovaschi sulle Prealpi al pomeriggio (20\/30%), con eventuali fiocchi oltre i 1900\/2000 m.<br \/>\n<b>Temperature: <\/b>In ulteriore diminuzione rispetto a venerd\u00ec. L&#8217;ambiente termico sar\u00e0 fresco nelle valli con punte di 11\/13\u00b0C nei fondovalle prealpini e di 7\/9\u00b0C a 1000\/1200 m. Far\u00e0 piuttosto freddo in alta quota. Su Prealpi a 1500 m min 2\u00b0C max 4\u00b0C, a 2000 m min -1\u00b0C max 1\u00b0C. Su Dolomiti a 2000 m min -2\u00b0C max 0\u00b0C, a 3000 m min -7\u00b0C max -5\u00b0C.<br \/>\n<b>Venti: <\/b>Nelle valli perlopi\u00f9 deboli settentrionali, su alcuni settori tuttavia potranno verificarsi improvvise raffiche di Foehn; in quota al mattino venti tesi\/forti da nord, in attenuazione al pomeriggio, a 10-40 km\/h a 2000 e 20-70 km\/h a 3000 m.<\/p>\n<hr \/>\n<p><b>Domenica 27<\/b> <b>Tempo atteso: <\/b>Al mattino ben soleggiato sulle Dolomiti e riduzione del soleggiamento per nubi alte e medio-alte in arrivo da sud sulle Prealpi. Al pomeriggio infittirsi della suddetta nuvolosit\u00e0 sulle Prealpi e sole velato sulle Dolomiti. Ambiente termico molto fresco all&#8217;alba e ,nonostante il soleggiamento, addirittura solo parziale sulle Prealpi, i valori diurni saranno decisamente sotto la media del periodo.<br \/>\n<b>Precipitazioni: <\/b>Assenti (0%), eccetto pioviggine serali su Prealpi (10%).<br \/>\n<b>Temperature: <\/b>Minime in ulteriore diminuzione e massime in ripresa. L&#8217;ambiente sar\u00e0 fresco nelle valli e far\u00e0 freddo in alta quota. Sono previste punte di 13\/14\u00b0C nei fondovalle prealpini e di 8\/10\u00b0C a 1000\/1200 m. Su Prealpi a 1500 m min 1\u00b0C max 6\u00b0C, a 2000 m min -2\u00b0C max 2\u00b0C. Su Dolomiti a 2000 m min -3\u00b0C max 1\u00b0C, a 3000 m min -8\u00b0C max -5\u00b0C.<br \/>\n<b>Venti: <\/b>Nelle valli perlopi\u00f9 deboli a regime di brezza, solo localmente e a tratti moderati; in quota deboli meridionali al mattino e moderati da nord-est alla sera, a 5-15 km\/h a 2000 e 15-25 km\/h a 3000 m.<\/p>\n<hr \/>\n<p><b>Lunedi 28<\/b>Nella notte e a inizio giornata molte nubi e modeste precipitazioni, nevose oltre i 1700\/1900 m sulle Dolomiti e 1800\/2000 m sulle Prealpi. In mattinata esaurimento dei fenomeni e lieve attenuazione della nuvolosit\u00e0. Al pomeriggio parziale miglioramento con ulteriore e irregolare diradamento della nuvolosit\u00e0 e qualche rasserenamento. Temperature diurne in contenuto rialzo. In quota venti deboli\/moderati da est sud-est al mattino, poi da nord-est; nelle valli deboli di direzione variabile.<\/p>\n<hr \/>\n<p><b>Martedi 29<\/b>Nella notte passaggio di un fronte caldo con qualche debole fenomeno sulle Dolomiti e neve burrascosa oltre i 2300\/2400 m. In giornata miglioramento del tempo con sole e cielo sereno o poco nuvoloso. Non escluso qualche locale banco di nubi basse nelle ore pi\u00f9 fredde su alcuni settori prealpini. Temperature in generale rialzo. Venti moderati\/tesi da nord in quota, in attenuazione al pomeriggio; perlopi\u00f9 deboli a regime di brezza nelle valli, solo a tratti e localmente moderati. Previsore: R.L.Th.<\/p>\n<p><center><\/center><center><\/center>&nbsp;<\/p>\n<p>&nbsp;<\/p>\n<hr \/>\n<p>&nbsp;<\/p>\n<p><a class=\"dt-pswp-item\" href=\"https:\/\/www.radiopiu.net\/wordpress\/wp-content\/uploads\/2018\/09\/sport.jpg\" data-dt-img-description=\"\" data-large_image_width=\"800\" data-large_image_height=\"100\"><img loading=\"lazy\" decoding=\"async\" class=\"wp-image-60761 size-full aligncenter\" src=\"https:\/\/www.radiopiu.net\/wordpress\/wp-content\/uploads\/2018\/09\/sport.jpg\" alt=\"\" width=\"800\" height=\"100\" srcset=\"https:\/\/www.radiopiu.net\/wordpress\/wp-content\/uploads\/2018\/09\/sport.jpg 800w, https:\/\/www.radiopiu.net\/wordpress\/wp-content\/uploads\/2018\/09\/sport-300x38.jpg 300w, https:\/\/www.radiopiu.net\/wordpress\/wp-content\/uploads\/2018\/09\/sport-768x96.jpg 768w\" sizes=\"auto, (max-width: 800px) 100vw, 800px\" \/><\/a><\/p>\n<p>&nbsp;<\/p>\n<blockquote>\n<h3>IL FINE SETTIMANA CALCISTICO SEGUITO DA RADIO PI\u00d9<\/h3>\n<\/blockquote>\n<p><strong><a class=\"dt-pswp-item\" href=\"https:\/\/www.radiopiu.net\/wordpress\/wp-content\/uploads\/2020\/09\/calcio-2020.jpg\" data-dt-img-description=\"\" data-large_image_width=\"1920\" data-large_image_height=\"1080\"><img loading=\"lazy\" decoding=\"async\" class=\"size-medium wp-image-162226 alignleft\" src=\"https:\/\/www.radiopiu.net\/wordpress\/wp-content\/uploads\/2020\/09\/calcio-2020-300x169.jpg\" alt=\"\" width=\"300\" height=\"169\" srcset=\"https:\/\/www.radiopiu.net\/wordpress\/wp-content\/uploads\/2020\/09\/calcio-2020-300x169.jpg 300w, https:\/\/www.radiopiu.net\/wordpress\/wp-content\/uploads\/2020\/09\/calcio-2020-1024x576.jpg 1024w, https:\/\/www.radiopiu.net\/wordpress\/wp-content\/uploads\/2020\/09\/calcio-2020-768x432.jpg 768w, https:\/\/www.radiopiu.net\/wordpress\/wp-content\/uploads\/2020\/09\/calcio-2020-1536x864.jpg 1536w, https:\/\/www.radiopiu.net\/wordpress\/wp-content\/uploads\/2020\/09\/calcio-2020-640x360.jpg 640w, https:\/\/www.radiopiu.net\/wordpress\/wp-content\/uploads\/2020\/09\/calcio-2020.jpg 1920w\" sizes=\"auto, (max-width: 300px) 100vw, 300px\" \/><\/a>RADIO PI\u00d9<\/strong> Dopo l\u2019inizio dei campionati di calcio regionali per le prime squadre della scorsa settimana, in questo weekend iniziano anche i tornei giovanili per l\u2019Agordina Calcio.<\/p>\n<p><strong>GIOVANILI AGORDINA<\/strong><\/p>\n<p>Si parte oggi pomeriggio dall\u2019Ivano Dorigo di Agordo dove gli Juniores dell\u2019Agordina debutteranno in campionato contro la Cisonese. Calcio d\u2019inizio alle 15:30. Domani toccher\u00e0 invece agli Allievi Provinciali che giocheranno in trasferta contro il Castion alle 10:30.<\/p>\n<p><strong>AGORDINA PRIMA SQUADRA<\/strong><\/p>\n<p>Dopo il pareggio per 1 a 1 della settimana scorsa contro il Tambre, la squadra allenata da Marco Lorenzi \u00e8 pronta per affrontare la Sospirolese nella terza giornata della Seconda categoria girone R. Non sar\u00e0 un derby facile per gli agordini che si trovano davanti una compagine affamata di punti dopo la sconfitta di domenica scorsa con il Castion. Agordina che nella partita di esordio ha sprecato troppi palloni sotto porta e domani ogni errore potr\u00e0 essere fatale. Calcio d\u2019inizio alle 15:30.<\/p>\n<p><strong>FIORI BARP MAS<\/strong><\/p>\n<p>Dopo l\u2019esordio con la vittoria di misura nel derby con il Cadore, i sedicensi giocheranno la prima partita in casa contro l\u2019Alpina. Entrambe le formazioni sono a 3 punti e si preannuncia una sfida equilibrata al Mas di Sedico. Si gioca alle 15:30.<\/p>\n<p><strong>DIRETTA SU RADIO PI\u00d9<\/strong><\/p>\n<p>Domani pomeriggio appuntamento con \u201cDomenica Pi\u00f9 Sport\u201d a partire dalle 15:30 con le dirette di Agordina e Fiori Barp Mas.<\/p>\n<p>&nbsp;<\/p>\n<p>&nbsp;<\/p>\n<hr \/>\n<p>&nbsp;<\/p>\n<blockquote>\n<h3>SI AVVICINA L&#8217;APPUNTAMENTO CON IL DOLOMITI RALLY<\/h3>\n<\/blockquote>\n<p><strong><a class=\"dt-pswp-item\" href=\"https:\/\/www.radiopiu.net\/wordpress\/wp-content\/uploads\/2020\/09\/12525088_1599748217009092_2631076023082691191_o.jpg\" data-dt-img-description=\"\" data-large_image_width=\"1281\" data-large_image_height=\"1189\"><img loading=\"lazy\" decoding=\"async\" class=\"size-medium wp-image-162505 alignleft\" src=\"https:\/\/www.radiopiu.net\/wordpress\/wp-content\/uploads\/2020\/09\/12525088_1599748217009092_2631076023082691191_o-300x278.jpg\" alt=\"\" width=\"300\" height=\"278\" srcset=\"https:\/\/www.radiopiu.net\/wordpress\/wp-content\/uploads\/2020\/09\/12525088_1599748217009092_2631076023082691191_o-300x278.jpg 300w, https:\/\/www.radiopiu.net\/wordpress\/wp-content\/uploads\/2020\/09\/12525088_1599748217009092_2631076023082691191_o-1024x950.jpg 1024w, https:\/\/www.radiopiu.net\/wordpress\/wp-content\/uploads\/2020\/09\/12525088_1599748217009092_2631076023082691191_o-768x713.jpg 768w, https:\/\/www.radiopiu.net\/wordpress\/wp-content\/uploads\/2020\/09\/12525088_1599748217009092_2631076023082691191_o-517x480.jpg 517w, https:\/\/www.radiopiu.net\/wordpress\/wp-content\/uploads\/2020\/09\/12525088_1599748217009092_2631076023082691191_o.jpg 1281w\" sizes=\"auto, (max-width: 300px) 100vw, 300px\" \/><\/a>AGORDO<\/strong><\/p>\n<p>di Roberto Bona<\/p>\n<audio class=\"wp-audio-shortcode\" id=\"audio-162373-15\" preload=\"none\" style=\"width: 100%;\" controls=\"controls\"><source type=\"audio\/mpeg\" src=\"https:\/\/www.radiopiu.net\/wordpress\/wp-content\/uploads\/2020\/09\/BONA-DOLOMITI-RALLY-PUNTO-25-SETTEMBRE.mp3?_=15\" \/><a href=\"https:\/\/www.radiopiu.net\/wordpress\/wp-content\/uploads\/2020\/09\/BONA-DOLOMITI-RALLY-PUNTO-25-SETTEMBRE.mp3\">https:\/\/www.radiopiu.net\/wordpress\/wp-content\/uploads\/2020\/09\/BONA-DOLOMITI-RALLY-PUNTO-25-SETTEMBRE.mp3<\/a><\/audio>\n<p>&nbsp;<\/p>\n<hr \/>\n<p>&nbsp;<\/p>\n<blockquote>\n<h3>APERTA LA CAMPAGNA ABBONAMENTI PER LE PARTITE DELL&#8217;ALLEGHE HOCKEY<\/h3>\n<\/blockquote>\n<p><strong><a class=\"dt-pswp-item\" href=\"https:\/\/www.radiopiu.net\/wordpress\/wp-content\/uploads\/2019\/08\/logo-alleghe-hockey.png\" data-dt-img-description=\"\" data-large_image_width=\"547\" data-large_image_height=\"512\"><img loading=\"lazy\" decoding=\"async\" class=\" wp-image-95699 alignleft\" src=\"https:\/\/www.radiopiu.net\/wordpress\/wp-content\/uploads\/2019\/08\/logo-alleghe-hockey-300x281.png\" alt=\"\" width=\"209\" height=\"196\" srcset=\"https:\/\/www.radiopiu.net\/wordpress\/wp-content\/uploads\/2019\/08\/logo-alleghe-hockey-300x281.png 300w, https:\/\/www.radiopiu.net\/wordpress\/wp-content\/uploads\/2019\/08\/logo-alleghe-hockey.png 547w\" sizes=\"auto, (max-width: 209px) 100vw, 209px\" \/><\/a>ALLEGHE <\/strong>\u00c8 aperta la campagna abbonamenti per seguire le partite dell&#8217;Alghe Hockey all&#8217;Alvise De Toni. La societ\u00e0 ha quindi iniziato a vendere i posti a sedere per il pubblico che vuole seguire le civette allo stadio. Per la stagione 2020\/21 sono previsti solo posti a sedere numerati in ottemperanza alle norme anti-covid. Il prezzo dell&#8217;abbonamento \u00e8 di 75 euro per 13 partite di stagione regolare e lo sconto del 20% sui biglietti per gli incontri di Coppa Italia e Playoff. Nel caso di un eventuale blocco del campionato causa Coronavirus, saranno rimborsate le partite mancanti o verr\u00e0 scontato l&#8217;abbonamento della stagione 2021\/22. L&#8217;abbonamento si pu\u00f2 prenotare fin da subito tramite telefono allo 0437 523176 (dalle 9 alle 13) oppure tramite mail a segreteria@alleghehockey.com<\/p>\n<p>&nbsp;<\/p>\n<p>&nbsp;<\/p>\n<p>&nbsp;<\/p>\n<hr \/>\n<p>&nbsp;<\/p>\n<blockquote>\n<h3>DAL CENTRO SPORTIVO ITALIANO (CSI BELLUNO) IL CALENDARIO OPEN A1 ANDATA 2020-21<\/h3>\n<\/blockquote>\n<a href=\"https:\/\/www.radiopiu.net\/wordpress\/wp-content\/uploads\/2020\/09\/CALENDARIO-OPEN-A1-ANDATA-2020-2021-25-SETT..pdf\" class=\"pdfemb-viewer\" style=\"\" data-width=\"max\" data-height=\"max\" data-toolbar=\"top\" data-toolbar-fixed=\"on\">CALENDARIO OPEN A1 ANDATA 2020 2021 25 SETT.<\/a>\n","protected":false},"excerpt":{"rendered":"<p>PER RICEVERE QUESTO NOTIZIARIO DIRETTAMENTE SUL TUO CELLULARE ISCRIVITI AL CANALE TELEGRAM \u201cRADIO PIU\u00a0 INFORMAZIONE&#8221; ATTENZIONE: LA NUOVA APP PER IOS-IPHONE https:\/\/apps.apple.com\/it\/app\/radio-pi%C3%B9-emittente-agordina\/id1515939845 ATTENZIONE: LA NUOVA APP RADIO\u00a0 PER ANDROID https:\/\/play.google.com\/store\/apps\/details?id=net.radiopiu.iniko &nbsp; \u00a0LA BELLA NOTIZIA MERITATO RICONOSCIMENTO\u00a0 PER &#8220;LE CODOLE&#8221; TRA LE MIGLIORI CUCINE E RISTORANTI DEL POST VAIA A consegnare il premio allo chef Oscar&hellip;<\/p>\n","protected":false},"author":4,"featured_media":162547,"comment_status":"closed","ping_status":"closed","sticky":false,"template":"","format":"standard","meta":{"_monsterinsights_skip_tracking":false,"_monsterinsights_sitenote_active":false,"_monsterinsights_sitenote_note":"","_monsterinsights_sitenote_category":0,"footnotes":""},"categories":[1,86,2],"tags":[],"class_list":["post-162373","post","type-post","status-publish","format-standard","has-post-thumbnail","hentry","category-senza-categoria","category-gr","category-news","category-1","category-86","category-2","description-off"],"img_url":"https:\/\/www.radiopiu.net\/wordpress\/wp-content\/uploads\/2020\/09\/c6f84ca7-8c68-4421-82f3-84e0ca7f9301.jpg","_links":{"self":[{"href":"https:\/\/www.radiopiu.net\/wordpress\/wp-json\/wp\/v2\/posts\/162373","targetHints":{"allow":["GET"]}}],"collection":[{"href":"https:\/\/www.radiopiu.net\/wordpress\/wp-json\/wp\/v2\/posts"}],"about":[{"href":"https:\/\/www.radiopiu.net\/wordpress\/wp-json\/wp\/v2\/types\/post"}],"author":[{"embeddable":true,"href":"https:\/\/www.radiopiu.net\/wordpress\/wp-json\/wp\/v2\/users\/4"}],"replies":[{"embeddable":true,"href":"https:\/\/www.radiopiu.net\/wordpress\/wp-json\/wp\/v2\/comments?post=162373"}],"version-history":[{"count":0,"href":"https:\/\/www.radiopiu.net\/wordpress\/wp-json\/wp\/v2\/posts\/162373\/revisions"}],"wp:featuredmedia":[{"embeddable":true,"href":"https:\/\/www.radiopiu.net\/wordpress\/wp-json\/wp\/v2\/media\/162547"}],"wp:attachment":[{"href":"https:\/\/www.radiopiu.net\/wordpress\/wp-json\/wp\/v2\/media?parent=162373"}],"wp:term":[{"taxonomy":"category","embeddable":true,"href":"https:\/\/www.radiopiu.net\/wordpress\/wp-json\/wp\/v2\/categories?post=162373"},{"taxonomy":"post_tag","embeddable":true,"href":"https:\/\/www.radiopiu.net\/wordpress\/wp-json\/wp\/v2\/tags?post=162373"}],"curies":[{"name":"wp","href":"https:\/\/api.w.org\/{rel}","templated":true}]}}