{"id":162392,"date":"2020-09-25T05:54:53","date_gmt":"2020-09-25T03:54:53","guid":{"rendered":"https:\/\/www.radiopiu.net\/wordpress\/?p=162392"},"modified":"2020-09-25T05:54:53","modified_gmt":"2020-09-25T03:54:53","slug":"studentessa-a-processo-per-aver-denigrato-la-scuola","status":"publish","type":"post","link":"https:\/\/www.radiopiu.net\/wordpress\/studentessa-a-processo-per-aver-denigrato-la-scuola\/","title":{"rendered":"STUDENTESSA A PROCESSO PER AVER DENIGRATO LA SCUOLA"},"content":{"rendered":"<blockquote>\n<h3><\/h3>\n<\/blockquote>\n<p><strong><a class=\"dt-pswp-item\" href=\"https:\/\/www.radiopiu.net\/wordpress\/wp-content\/uploads\/2020\/09\/download-19.jpg\" data-dt-img-description=\"\" data-large_image_width=\"276\" data-large_image_height=\"182\"><img loading=\"lazy\" decoding=\"async\" class=\"size-full wp-image-162389 alignleft\" src=\"https:\/\/www.radiopiu.net\/wordpress\/wp-content\/uploads\/2020\/09\/download-19.jpg\" alt=\"\" width=\"276\" height=\"182\" \/><\/a>BELLUNO<\/strong> \u00ab\u00abVa tutto a raccomandazioni, diffamazioni e faide: il Catullo \u00e8 la scuola dei pugliesi&#8230;. i professori sono del sud che, si sa, impongono la mentalit\u00e0 mafiosa anche nei piccoli ambienti\u00bb, una delle tanti frasi pesante, denigratoria, pubblicata su google contro l&#8217;Istituto Catullo. La\u00a0 &#8220;leonessa da tastiera&#8221; era tranquilla nascosta nel nomignolo\u00a0 Fiori di pesco, ma\u00a0 Daniela Cherchi, studentessa del serale non aveva fatto i conti con gli inquirenti che sono risaliti alla sua vera identit\u00e0,\u00a0 \u00e8 accusata di diffamazione aggravata rischia la condanna e\u00a0 di dover pagare un risarcimento al dirigente scolastico e a un&#8217;insegnante, che si sono costituiti parte civile. La prima udienza \u00e8 stata fissata per il 28 gennaio. La recensione \u00e8 ancora in rete con 12 mi piace. Il messaggio \u00e8 lungo e intriso di offese verso insegnanti, bidelli ma anche colleghi studenti.<\/p>\n<p>&nbsp;<\/p>\n","protected":false},"excerpt":{"rendered":"<p>BELLUNO \u00ab\u00abVa tutto a raccomandazioni, diffamazioni e faide: il Catullo \u00e8 la scuola dei pugliesi&#8230;. i professori sono del sud che, si sa, impongono la mentalit\u00e0 mafiosa anche nei piccoli ambienti\u00bb, una delle tanti frasi pesante, denigratoria, pubblicata su google contro l&#8217;Istituto Catullo. La\u00a0 &#8220;leonessa da tastiera&#8221; era tranquilla nascosta nel nomignolo\u00a0 Fiori di pesco,&hellip;<\/p>\n","protected":false},"author":4,"featured_media":162389,"comment_status":"closed","ping_status":"closed","sticky":false,"template":"","format":"standard","meta":{"_monsterinsights_skip_tracking":false,"_monsterinsights_sitenote_active":false,"_monsterinsights_sitenote_note":"","_monsterinsights_sitenote_category":0,"footnotes":""},"categories":[51,49],"tags":[],"class_list":["post-162392","post","type-post","status-publish","format-standard","has-post-thumbnail","hentry","category-evidenza-top","category-news-18","category-51","category-49","description-off"],"img_url":"https:\/\/www.radiopiu.net\/wordpress\/wp-content\/uploads\/2020\/09\/download-19.jpg","_links":{"self":[{"href":"https:\/\/www.radiopiu.net\/wordpress\/wp-json\/wp\/v2\/posts\/162392","targetHints":{"allow":["GET"]}}],"collection":[{"href":"https:\/\/www.radiopiu.net\/wordpress\/wp-json\/wp\/v2\/posts"}],"about":[{"href":"https:\/\/www.radiopiu.net\/wordpress\/wp-json\/wp\/v2\/types\/post"}],"author":[{"embeddable":true,"href":"https:\/\/www.radiopiu.net\/wordpress\/wp-json\/wp\/v2\/users\/4"}],"replies":[{"embeddable":true,"href":"https:\/\/www.radiopiu.net\/wordpress\/wp-json\/wp\/v2\/comments?post=162392"}],"version-history":[{"count":0,"href":"https:\/\/www.radiopiu.net\/wordpress\/wp-json\/wp\/v2\/posts\/162392\/revisions"}],"wp:featuredmedia":[{"embeddable":true,"href":"https:\/\/www.radiopiu.net\/wordpress\/wp-json\/wp\/v2\/media\/162389"}],"wp:attachment":[{"href":"https:\/\/www.radiopiu.net\/wordpress\/wp-json\/wp\/v2\/media?parent=162392"}],"wp:term":[{"taxonomy":"category","embeddable":true,"href":"https:\/\/www.radiopiu.net\/wordpress\/wp-json\/wp\/v2\/categories?post=162392"},{"taxonomy":"post_tag","embeddable":true,"href":"https:\/\/www.radiopiu.net\/wordpress\/wp-json\/wp\/v2\/tags?post=162392"}],"curies":[{"name":"wp","href":"https:\/\/api.w.org\/{rel}","templated":true}]}}