{"id":162436,"date":"2020-09-26T05:40:00","date_gmt":"2020-09-26T03:40:00","guid":{"rendered":"https:\/\/www.radiopiu.net\/wordpress\/?p=162436"},"modified":"2020-09-26T06:16:53","modified_gmt":"2020-09-26T04:16:53","slug":"https-wp-me-p63lo7-gfw","status":"publish","type":"post","link":"https:\/\/www.radiopiu.net\/wordpress\/https-wp-me-p63lo7-gfw\/","title":{"rendered":"FONDI DI CONFINE: 7,5 MILIONI PER IL BELLUNESE CON LE ANNUALITA&#8217; DA 500 MILA EURO. SARANNO RISANATE ANCHE LE EX SCUOLE MEDIE DI GOSALDO"},"content":{"rendered":"<p><strong><a class=\"dt-pswp-item\" href=\"https:\/\/www.radiopiu.net\/wordpress\/wp-content\/uploads\/2020\/09\/DeMenech_Kompatscher.jpg\" data-dt-img-description=\"\" data-large_image_width=\"706\" data-large_image_height=\"506\"><img loading=\"lazy\" decoding=\"async\" class=\" wp-image-162433 alignleft\" src=\"https:\/\/www.radiopiu.net\/wordpress\/wp-content\/uploads\/2020\/09\/DeMenech_Kompatscher-300x215.jpg\" alt=\"\" width=\"220\" height=\"158\" srcset=\"https:\/\/www.radiopiu.net\/wordpress\/wp-content\/uploads\/2020\/09\/DeMenech_Kompatscher-300x215.jpg 300w, https:\/\/www.radiopiu.net\/wordpress\/wp-content\/uploads\/2020\/09\/DeMenech_Kompatscher-640x459.jpg 640w, https:\/\/www.radiopiu.net\/wordpress\/wp-content\/uploads\/2020\/09\/DeMenech_Kompatscher.jpg 706w\" sizes=\"auto, (max-width: 220px) 100vw, 220px\" \/><\/a>TRENTO\u00a0<\/strong> \u00a0Il Comitato paritetico del Fondo Comuni Confinanti, presieduto da Roger De Menech, ha approvato i programmi di intervento a valere sulle risorse annue da 500.000 euro destinate ai 48 comuni confinanti. La volont\u00e0 di garantire un utilizzo pi\u00f9 efficace delle risorse attraverso una semplificazione delle procedure che, da un lato consenta ai Comuni di disporre della liquidit\u00e0 necessaria in tempi brevi e al Fondo di gestire le pratiche in maniera pi\u00f9 snella, ha portato il Comitato all\u2019adozione di un percorso pi\u00f9 semplificato rispetto alla procedura a bando. In via sperimentale per l\u2019anno in corso, i Comuni hanno quindi potuto presentare un\u2019istanza di finanziamento riferita ad un \u201cprogramma di interventi\u201d, in numero massimo di 4, rientranti in 8 ambiti definiti, il Comitato ha ritenuto opportuno introdurre un nuovo ambito specifico dedicato agli investimenti collegati alla gestione emergenziale da COVID-19. Sono stati quindi proposti interventi di miglioramento della viabilit\u00e0 comunale, la realizzazione di parcheggi e strutture a servizio della comunit\u00e0, la riqualificazione degli impianti sportivi, azioni volte a potenziare il settore turistico e interventi a sostegno della comunit\u00e0 per fronteggiare l\u2019emergenza sanitaria. Il valore complessivo delle risorse destinate per l\u2019attuazione dei programmi presentati ammonta a 23 milioni di euro, 7 milioni e mezzo per i comuni della provincia di Belluno. <em>\u201cE\u2019 questo un anno sperimentale per quanto riguarda questa nuova modalit\u00e0 di gestione e trasferimento delle risorse\u201d dice il presidente del fondo Roger De Menech \u201cLa volont\u00e0 del Comitato di garantire un utilizzo efficace delle risorse passa anche dalla semplificazione delle procedure sia a livello istruttorio sia nella fase di realizzazione progettuale.\u201d<\/em>\u00a0 Nella discussione \u00e8 emersa ancora forte la volont\u00e0 del comitato di potenziare le progettualit\u00e0 d\u2019area vasta valorizzando le sinergie tra gli Enti che partecipano al tavolo e cercando di integrare le tante forme di finanziamento destinate ai territori. L\u2019utilizzo efficace delle risorse impone un ragionamento ampio che tenga conto di tutte le opportunit\u00e0 che oggi ci sono.\u00a0<em>\u201cPer semplificare e aiutare ancor di pi\u00f9 tutti i comuni \u2013 chiude De Menech \u2013 con le nuove modalit\u00e0 che abbiamo approvato, daremo subito il 30% di anticipo delle risorse oggetto dei progetti ad ogni singolo comune, in modo che possano progettare e realizzare gli interventi con maggior tranquillit\u00e0\u201d.<\/em><\/p>\n<p><span style=\"color: #ff0000;\">QUESTI GLI INTERVENTI BEL BELLUNESE 7,5 MILIONI, ANNUNALITA&#8217; DA 500 MILA EURO<\/span><\/p>\n<p><strong>Arsi\u00e8 <\/strong>Interventi di messa in sicurezza e manutenzione straordinaria della viabilit\u00e0 e strutture di servizio al cittadino 500.000 <strong>Auronzo di Cadore <\/strong>Progetti a sostegno dello sviluppo di Auronzo di Cadore, e per la gestione dell\u2019emergenza epidemiologica da COVID-19.<strong>Canale d&#8217;Agordo\u00a0 <\/strong>Interventi di ottimizzazione della viabilit\u00e0 frazionale, lavori di completamento e riqualificazione degli impianti sportivi comunali, conservazione e valorizzazione del patrimonio storico <strong>Cesiomaggiore <\/strong>Valorizzazione territorio comunale sistemazione piazza mercato di Cesiomaggiore, miglioramento viabilit\u00e0 in loc Pez e nuova area giochi attrezzata in via Grei <strong>Comelico Superiore <\/strong>Intervento di riqualificazione urbana e arredo urbano del centro storico di Padola \u2013 piazza san Luca, lato sud-est.<strong> Cortina d\u2019Ampezzo <\/strong>Nuovo centro per il curling nello stadio olimpico del ghiaccio, con messa in sicurezza, potenziamento e adeguamento dell\u2019impiantistica esistente <strong>Falcade <\/strong>Acquisto di un immobile per consentire alle associazioni di primo soccorso di ricoverare i mezzi e di garantire sufficienti spazi da utilizzare come sede sociale. <strong>Feltre <\/strong>Valorizzazione e promozione turistica e commerciale della citt\u00e0 di Feltre\u00a0<strong> Gosaldo<\/strong> Restauro &#8211; risanamento conservativo dell\u2019immobile comunale ex scuole medie <strong>Lamon <\/strong>Efficientamento energetico: aggiornamento del picil, rifacimento e realizzazione ex novo di alcuni tratti di illuminazione pubblica e altri interventi di efficientamento energetico su opere di propriet\u00e0 comunale e la realizzazione e manutenzione straordinaria di opere di produzione di energia elettrica rinnovabile&#8221; e &#8220;: riqualificazione dell&#8217;area del vecchio campo da calcio sito in via Cismon.&#8221;\u00a0 <strong>Livinallongo del Col di Lana\u00a0<\/strong> Miglioramento del parcheggio ad uso turistico in localit\u00e0 Pieve <strong>Rocca Pietore<\/strong>\u00a0 Realizzazione manufatto di interesse pubblico a servizio delle maestranze comunali per ricovero mezzi a garanzia di interventi di pubblica sicurezza lungo la viabilit\u00e0 comunale.<strong>Sovramonte <\/strong>Riqualificazione impianti sportivi comunali e potenziamento nuova palestra comunale <strong>Taibon Agordino<\/strong> Completamento interventi in atto volti al miglioramento dei servizi nell\u2019ambito dello sviluppo turistico del comune ed evitare lo spopolamento dei territori montani. <strong>Voltago <\/strong>Riqualificazione del viale della Vittoria, via principale di Frassen\u00e9 Agordino &#8211; comune di Voltago Agordino e nell\u2019acquisto in dotazione al reparto manutentivo comunale di una pala gommata.<\/p>\n<p>&nbsp;<\/p>\n<div style=\"width: 1200px;\" class=\"wp-video\"><video class=\"wp-video-shortcode\" id=\"video-162436-1\" width=\"1200\" height=\"675\" preload=\"metadata\" controls=\"controls\"><source type=\"video\/mp4\" src=\"https:\/\/www.radiopiu.net\/wordpress\/wp-content\/uploads\/2020\/09\/DE-MENECH-FONDI-CONFINE.mp4?_=1\" \/><a href=\"https:\/\/www.radiopiu.net\/wordpress\/wp-content\/uploads\/2020\/09\/DE-MENECH-FONDI-CONFINE.mp4\">https:\/\/www.radiopiu.net\/wordpress\/wp-content\/uploads\/2020\/09\/DE-MENECH-FONDI-CONFINE.mp4<\/a><\/video><\/div>\n<p>&nbsp;<\/p>\n<a href=\"https:\/\/www.radiopiu.net\/wordpress\/wp-content\/uploads\/2020\/09\/tabella_annualita_2020-1.pdf\" class=\"pdfemb-viewer\" style=\"\" data-width=\"max\" data-height=\"max\" data-toolbar=\"top\" data-toolbar-fixed=\"on\">tabella_annualita_2020-1<\/a>\n<p>&nbsp;<\/p>\n<p>&nbsp;<\/p>\n","protected":false},"excerpt":{"rendered":"<p>TRENTO\u00a0 \u00a0Il Comitato paritetico del Fondo Comuni Confinanti, presieduto da Roger De Menech, ha approvato i programmi di intervento a valere sulle risorse annue da 500.000 euro destinate ai 48 comuni confinanti. La volont\u00e0 di garantire un utilizzo pi\u00f9 efficace delle risorse attraverso una semplificazione delle procedure che, da un lato consenta ai Comuni di&hellip;<\/p>\n","protected":false},"author":4,"featured_media":162434,"comment_status":"closed","ping_status":"closed","sticky":false,"template":"","format":"standard","meta":{"_monsterinsights_skip_tracking":false,"_monsterinsights_sitenote_active":false,"_monsterinsights_sitenote_note":"","_monsterinsights_sitenote_category":0,"footnotes":""},"categories":[1,51,49],"tags":[],"class_list":["post-162436","post","type-post","status-publish","format-standard","has-post-thumbnail","hentry","category-senza-categoria","category-evidenza-top","category-news-18","category-1","category-51","category-49","description-off"],"img_url":"https:\/\/www.radiopiu.net\/wordpress\/wp-content\/uploads\/2020\/09\/DeMenech_Bettotti_Clauser.jpg","_links":{"self":[{"href":"https:\/\/www.radiopiu.net\/wordpress\/wp-json\/wp\/v2\/posts\/162436","targetHints":{"allow":["GET"]}}],"collection":[{"href":"https:\/\/www.radiopiu.net\/wordpress\/wp-json\/wp\/v2\/posts"}],"about":[{"href":"https:\/\/www.radiopiu.net\/wordpress\/wp-json\/wp\/v2\/types\/post"}],"author":[{"embeddable":true,"href":"https:\/\/www.radiopiu.net\/wordpress\/wp-json\/wp\/v2\/users\/4"}],"replies":[{"embeddable":true,"href":"https:\/\/www.radiopiu.net\/wordpress\/wp-json\/wp\/v2\/comments?post=162436"}],"version-history":[{"count":0,"href":"https:\/\/www.radiopiu.net\/wordpress\/wp-json\/wp\/v2\/posts\/162436\/revisions"}],"wp:featuredmedia":[{"embeddable":true,"href":"https:\/\/www.radiopiu.net\/wordpress\/wp-json\/wp\/v2\/media\/162434"}],"wp:attachment":[{"href":"https:\/\/www.radiopiu.net\/wordpress\/wp-json\/wp\/v2\/media?parent=162436"}],"wp:term":[{"taxonomy":"category","embeddable":true,"href":"https:\/\/www.radiopiu.net\/wordpress\/wp-json\/wp\/v2\/categories?post=162436"},{"taxonomy":"post_tag","embeddable":true,"href":"https:\/\/www.radiopiu.net\/wordpress\/wp-json\/wp\/v2\/tags?post=162436"}],"curies":[{"name":"wp","href":"https:\/\/api.w.org\/{rel}","templated":true}]}}