{"id":162494,"date":"2020-09-25T23:59:34","date_gmt":"2020-09-25T21:59:34","guid":{"rendered":"https:\/\/www.radiopiu.net\/wordpress\/?p=162494"},"modified":"2020-09-25T16:29:42","modified_gmt":"2020-09-25T14:29:42","slug":"kairos-litinerario-per-giovani-camminando-sulle-orme-di-gesu-di-renato-bona","status":"publish","type":"post","link":"https:\/\/www.radiopiu.net\/wordpress\/kairos-litinerario-per-giovani-camminando-sulle-orme-di-gesu-di-renato-bona\/","title":{"rendered":"\u201cKAIROS\u201d, L\u2019ITINERARIO PER GIOVANI CAMMINANDO SULLE ORME DI GESU\u2019 di Renato Bona"},"content":{"rendered":"<p><strong>BELLUNO<\/strong> Nel sito telematico chiesabellunofeltre, la locandina dell\u2019iniziativa \u2013 alla terza edizione \u2013 proposta dall\u2019ufficio di Pastorale dei giovani della diocesi di Belluno-Feltre guidata dal vescovo Renato Marangoni, con lo slogan \u201cLui vive e ti vuole vivo\u201d (che \u00e8 frase pronunciata da Papa Francesco) annuncia la ripresa dell\u2019itinerario \u201cKairos\u201d per i giovani, che prender\u00e0 il via il 6 ottobre, dalle 15 alle 20 (cena compresa) nel Seminario Gregoriano di Belluno. La proposta \u00e8 per chi abbia dai 18 ai 30 anni e desideri \u201cintraprendere un tempo favorevole per sostare sulla presenza del Signore che invita tutti a scoprirci alla sua luce. Un tempo utile \u2013 kairos! \u2013 in cui sostare sulla Parola, affrontare grandi domande, cominciare a lasciarsi accompagnare; un percorso semplice, da vivere nella condivisione e in amicizia per cercare il senso delle esperienze che vivi e fare delle scelte concrete per la tua felicit\u00e0, camminando sulle orme di Ges\u00f9\u201d. Il programma degli appuntamenti, sempre nel Seminario: 6 ottobre sul tema: \u201cChi cerco?\u201d; 20: \u201cPer chi sono io?\u201d; 24 novembre; \u201cQuestione di inizi\u201d; 17-20 gennaio: \u201cDammi un cuore che ascolta\u201d;23 febbraio: \u201cL\u2019amore e la famiglia\u201d; 22 marzo \u201cIl dono di s\u00e9 a Dio e agli altri\u201d. Il 9 maggio ci sar\u00e0 una veglia vocazionale; conclusione degli incontro il 7 giugno, su: \u201cDecider.Si\u201d. Dicevamo della locandina e aggiungiamo che il logo \u00e8, come si pu\u00f2 vedere, \u201cUna vera e propria nuvola di parole\u201d che campeggia sulla ormai consueta cartolina d\u2019invito alla proposta perch\u00e9 \u201cancora una volta, in un periodo come questo in cui molte cose sono state messe in discussione, vogliano mantenere ferma la consapevolezza che anche questo \u00e8 un tempo opportuno, un vero \u2018kair\u00f2s\u2019 in cui \u00e8 possibile compiere un percorso che tocchi la vita concreta, apra ad un confronto, affronti tante domande e che orienti un po\u2019 di pi\u00f9 la nostra vita. La vita di ogni giovane\u201d. Ed ora, aiutati dalla libera enciclopedia Wikipedia, vediamo di saperne di pi\u00f9 sulla parola kairos che nell\u2019antica Grecia significava momento giusto o opportuno, o momento supremo. Lo si traduce spesso come &#8220;occasione&#8221; ma il termine rende soltanto molto parzialmente un&#8217;idea ricca di molte sfaccettature. Non \u00e8 possibile trovare un termine italiano equivalente che possa segnare tutte le relazioni che la nozione greca ha conosciuto. Il termine &#8220;kairos&#8221; \u00e8 usato nella teologia per descrivere la forma qualitativa del tempo. Nell&#8217;astrologia designa un momento speciale in cui intraprendere un&#8217;azione, rispecchiato da una corrispondente e idonea configurazione degli astri. Nel campo artistico \u00e8 la sfumatura trascurabile, la correzione minuscola che favorisce il buon esito. Nella medicina Ippocrate ha individuato la nozione di crisi, momento critico dove la malattia evolve verso la cura o la morte. In questo momento \u00e8 certo che l&#8217;intervento del medico prende un carattere necessario e decisivo. Nel campo militare: un buono stratega sa che la vittoria non \u00e8 una semplice questione di superiorit\u00e0 numerica, ma un momento in cui l&#8217;attacco sull&#8217;avversario porter\u00e0 il panico e dar\u00e0 un esito definitivo alla battaglia. Nella navigazione kairos, associato con tyche (sorte) permette al navigatore di dirigersi sventando le trappole del mare. \u00c8 in particolare in questo contesto che si trova la metis o intelligenza dell&#8217;astuzia. Infine nel Nuovo testamento kairos significa &#8220;il tempo designato nello scopo di Dio&#8221;, il tempo in cui Dio agisce. Altre informazioni contattando don Roberto De Nardin al 349-7253880, indirizzo e-mail: erredienne87@gmail.com o sorella Elisa Busatto al 334-1961560, indirizzo e-mail: elisabusatto@discepoledelvangelo.it.<\/p>\n\n\t\t\t<style type='text\/css'>\n\t\t\t\t#gallery-1 {\n\t\t\t\t\tmargin: auto;\n\t\t\t\t}\n\t\t\t\t#gallery-1 .gallery-item {\n\t\t\t\t\tfloat: left;\n\t\t\t\t\tmargin-top: 10px;\n\t\t\t\t\ttext-align: center;\n\t\t\t\t\twidth: 33%;\n\t\t\t\t}\n\t\t\t\t#gallery-1 img {\n\t\t\t\t\tborder: 2px solid #cfcfcf;\n\t\t\t\t}\n\t\t\t\t#gallery-1 .gallery-caption {\n\t\t\t\t\tmargin-left: 0;\n\t\t\t\t}\n\t\t\t\t\/* see gallery_shortcode() in wp-includes\/media.php *\/\n\t\t\t<\/style>\n\t\t<div id='gallery-1' class='dt-gallery-container gallery galleryid-162494 gallery-columns-3 gallery-size-thumbnail'><dl class='gallery-item'>\n\t\t\t\t<dt class='gallery-icon portrait'>\n\t\t\t\t\t<a class=\"rollover rollover-zoom dt-pswp-item\" title=\"120195209_3564223920309924_3195890474723175952_n\" data-dt-img-description=\"\" data-large_image_width=\"190\" data-large_image_height=\"239\"href='https:\/\/www.radiopiu.net\/wordpress\/wp-content\/uploads\/2020\/09\/120195209_3564223920309924_3195890474723175952_n.jpg'><img loading=\"lazy\" decoding=\"async\" width=\"150\" height=\"150\" src=\"https:\/\/www.radiopiu.net\/wordpress\/wp-content\/uploads\/2020\/09\/120195209_3564223920309924_3195890474723175952_n-150x150.jpg\" class=\"attachment-thumbnail size-thumbnail\" alt=\"\" srcset=\"https:\/\/www.radiopiu.net\/wordpress\/wp-content\/uploads\/2020\/09\/120195209_3564223920309924_3195890474723175952_n-150x150.jpg 150w, https:\/\/www.radiopiu.net\/wordpress\/wp-content\/uploads\/2020\/09\/120195209_3564223920309924_3195890474723175952_n-125x125.jpg 125w, https:\/\/www.radiopiu.net\/wordpress\/wp-content\/uploads\/2020\/09\/120195209_3564223920309924_3195890474723175952_n-80x80.jpg 80w\" sizes=\"auto, (max-width: 150px) 100vw, 150px\" \/><\/a>\n\t\t\t\t<\/dt><\/dl><dl class='gallery-item'>\n\t\t\t\t<dt class='gallery-icon landscape'>\n\t\t\t\t\t<a class=\"rollover rollover-zoom dt-pswp-item\" title=\"120196794_333395987772231_54963891599408941_n\" data-dt-img-description=\"\" data-large_image_width=\"679\" data-large_image_height=\"513\"href='https:\/\/www.radiopiu.net\/wordpress\/wp-content\/uploads\/2020\/09\/120196794_333395987772231_54963891599408941_n.png'><img loading=\"lazy\" decoding=\"async\" width=\"150\" height=\"150\" src=\"https:\/\/www.radiopiu.net\/wordpress\/wp-content\/uploads\/2020\/09\/120196794_333395987772231_54963891599408941_n-150x150.png\" class=\"attachment-thumbnail size-thumbnail\" alt=\"\" srcset=\"https:\/\/www.radiopiu.net\/wordpress\/wp-content\/uploads\/2020\/09\/120196794_333395987772231_54963891599408941_n-150x150.png 150w, https:\/\/www.radiopiu.net\/wordpress\/wp-content\/uploads\/2020\/09\/120196794_333395987772231_54963891599408941_n-125x125.png 125w, https:\/\/www.radiopiu.net\/wordpress\/wp-content\/uploads\/2020\/09\/120196794_333395987772231_54963891599408941_n-200x200.png 200w, https:\/\/www.radiopiu.net\/wordpress\/wp-content\/uploads\/2020\/09\/120196794_333395987772231_54963891599408941_n-80x80.png 80w\" sizes=\"auto, (max-width: 150px) 100vw, 150px\" \/><\/a>\n\t\t\t\t<\/dt><\/dl><dl class='gallery-item'>\n\t\t\t\t<dt class='gallery-icon portrait'>\n\t\t\t\t\t<a class=\"rollover rollover-zoom dt-pswp-item\" title=\"120194713_324859408738932_7453918850383144100_n\" data-dt-img-description=\"\" data-large_image_width=\"800\" data-large_image_height=\"1066\"href='https:\/\/www.radiopiu.net\/wordpress\/wp-content\/uploads\/2020\/09\/120194713_324859408738932_7453918850383144100_n.jpg'><img loading=\"lazy\" decoding=\"async\" width=\"150\" height=\"150\" src=\"https:\/\/www.radiopiu.net\/wordpress\/wp-content\/uploads\/2020\/09\/120194713_324859408738932_7453918850383144100_n-150x150.jpg\" class=\"attachment-thumbnail size-thumbnail\" alt=\"\" srcset=\"https:\/\/www.radiopiu.net\/wordpress\/wp-content\/uploads\/2020\/09\/120194713_324859408738932_7453918850383144100_n-150x150.jpg 150w, https:\/\/www.radiopiu.net\/wordpress\/wp-content\/uploads\/2020\/09\/120194713_324859408738932_7453918850383144100_n-125x125.jpg 125w, https:\/\/www.radiopiu.net\/wordpress\/wp-content\/uploads\/2020\/09\/120194713_324859408738932_7453918850383144100_n-200x200.jpg 200w, https:\/\/www.radiopiu.net\/wordpress\/wp-content\/uploads\/2020\/09\/120194713_324859408738932_7453918850383144100_n-80x80.jpg 80w\" sizes=\"auto, (max-width: 150px) 100vw, 150px\" \/><\/a>\n\t\t\t\t<\/dt><\/dl><br style=\"clear: both\" \/><dl class='gallery-item'>\n\t\t\t\t<dt class='gallery-icon portrait'>\n\t\t\t\t\t<a class=\"rollover rollover-zoom dt-pswp-item\" title=\"120202941_658759125060769_66800074455355871_n\" data-dt-img-description=\"\" data-large_image_width=\"214\" data-large_image_height=\"489\"href='https:\/\/www.radiopiu.net\/wordpress\/wp-content\/uploads\/2020\/09\/120202941_658759125060769_66800074455355871_n.png'><img loading=\"lazy\" decoding=\"async\" width=\"150\" height=\"150\" src=\"https:\/\/www.radiopiu.net\/wordpress\/wp-content\/uploads\/2020\/09\/120202941_658759125060769_66800074455355871_n-150x150.png\" class=\"attachment-thumbnail size-thumbnail\" alt=\"\" srcset=\"https:\/\/www.radiopiu.net\/wordpress\/wp-content\/uploads\/2020\/09\/120202941_658759125060769_66800074455355871_n-150x150.png 150w, https:\/\/www.radiopiu.net\/wordpress\/wp-content\/uploads\/2020\/09\/120202941_658759125060769_66800074455355871_n-125x125.png 125w, https:\/\/www.radiopiu.net\/wordpress\/wp-content\/uploads\/2020\/09\/120202941_658759125060769_66800074455355871_n-200x200.png 200w, https:\/\/www.radiopiu.net\/wordpress\/wp-content\/uploads\/2020\/09\/120202941_658759125060769_66800074455355871_n-80x80.png 80w\" sizes=\"auto, (max-width: 150px) 100vw, 150px\" \/><\/a>\n\t\t\t\t<\/dt><\/dl><dl class='gallery-item'>\n\t\t\t\t<dt class='gallery-icon portrait'>\n\t\t\t\t\t<a class=\"rollover rollover-zoom dt-pswp-item\" title=\"120188640_660244294910963_3615905734515977662_n\" data-dt-img-description=\"\" data-large_image_width=\"203\" data-large_image_height=\"283\"href='https:\/\/www.radiopiu.net\/wordpress\/wp-content\/uploads\/2020\/09\/120188640_660244294910963_3615905734515977662_n.png'><img loading=\"lazy\" decoding=\"async\" width=\"150\" height=\"150\" src=\"https:\/\/www.radiopiu.net\/wordpress\/wp-content\/uploads\/2020\/09\/120188640_660244294910963_3615905734515977662_n-150x150.png\" class=\"attachment-thumbnail size-thumbnail\" alt=\"\" srcset=\"https:\/\/www.radiopiu.net\/wordpress\/wp-content\/uploads\/2020\/09\/120188640_660244294910963_3615905734515977662_n-150x150.png 150w, https:\/\/www.radiopiu.net\/wordpress\/wp-content\/uploads\/2020\/09\/120188640_660244294910963_3615905734515977662_n-125x125.png 125w, https:\/\/www.radiopiu.net\/wordpress\/wp-content\/uploads\/2020\/09\/120188640_660244294910963_3615905734515977662_n-200x200.png 200w, https:\/\/www.radiopiu.net\/wordpress\/wp-content\/uploads\/2020\/09\/120188640_660244294910963_3615905734515977662_n-80x80.png 80w\" sizes=\"auto, (max-width: 150px) 100vw, 150px\" \/><\/a>\n\t\t\t\t<\/dt><\/dl><dl class='gallery-item'>\n\t\t\t\t<dt class='gallery-icon portrait'>\n\t\t\t\t\t<a class=\"rollover rollover-zoom dt-pswp-item\" title=\"120124994_646473999600917_6903715662792936814_n\" data-dt-img-description=\"\" data-large_image_width=\"208\" data-large_image_height=\"276\"href='https:\/\/www.radiopiu.net\/wordpress\/wp-content\/uploads\/2020\/09\/120124994_646473999600917_6903715662792936814_n.png'><img loading=\"lazy\" decoding=\"async\" width=\"150\" height=\"150\" src=\"https:\/\/www.radiopiu.net\/wordpress\/wp-content\/uploads\/2020\/09\/120124994_646473999600917_6903715662792936814_n-150x150.png\" class=\"attachment-thumbnail size-thumbnail\" alt=\"\" srcset=\"https:\/\/www.radiopiu.net\/wordpress\/wp-content\/uploads\/2020\/09\/120124994_646473999600917_6903715662792936814_n-150x150.png 150w, https:\/\/www.radiopiu.net\/wordpress\/wp-content\/uploads\/2020\/09\/120124994_646473999600917_6903715662792936814_n-125x125.png 125w, https:\/\/www.radiopiu.net\/wordpress\/wp-content\/uploads\/2020\/09\/120124994_646473999600917_6903715662792936814_n-200x200.png 200w, https:\/\/www.radiopiu.net\/wordpress\/wp-content\/uploads\/2020\/09\/120124994_646473999600917_6903715662792936814_n-80x80.png 80w\" sizes=\"auto, (max-width: 150px) 100vw, 150px\" \/><\/a>\n\t\t\t\t<\/dt><\/dl><br style=\"clear: both\" \/>\n\t\t\t<\/div>\n\n<p>NELLE FOTO (Renato Bona, Wikipedia, sito chiesabellunofeltre): il seminario gregoriano di Belluno; il logo dell\u2019iniziativa Kairos della Pastorale giovanile diocesana di Belluno-Feltre; giovani partecipanti ad una precedente edizione; \u201cIl Tempo Opportuno\u201d, affresco di Francesco Salviati nella sala dell\u2019Udienza di Palazzo Vecchio di Firenze; \u201cKairos\u201d, affresco dello stesso Salviati, Palazzo Sacchetti, Roma; Scultura di Kairos, opera di Lisippo, copia di Tra\u00f9.<\/p>\n","protected":false},"excerpt":{"rendered":"<p>BELLUNO Nel sito telematico chiesabellunofeltre, la locandina dell\u2019iniziativa \u2013 alla terza edizione \u2013 proposta dall\u2019ufficio di Pastorale dei giovani della diocesi di Belluno-Feltre guidata dal vescovo Renato Marangoni, con lo slogan \u201cLui vive e ti vuole vivo\u201d (che \u00e8 frase pronunciata da Papa Francesco) annuncia la ripresa dell\u2019itinerario \u201cKairos\u201d per i giovani, che prender\u00e0 il&hellip;<\/p>\n","protected":false},"author":4,"featured_media":162496,"comment_status":"closed","ping_status":"closed","sticky":false,"template":"","format":"standard","meta":{"_monsterinsights_skip_tracking":false,"_monsterinsights_sitenote_active":false,"_monsterinsights_sitenote_note":"","_monsterinsights_sitenote_category":0,"footnotes":""},"categories":[49],"tags":[],"class_list":["post-162494","post","type-post","status-publish","format-standard","has-post-thumbnail","hentry","category-news-18","category-49","description-off"],"img_url":"https:\/\/www.radiopiu.net\/wordpress\/wp-content\/uploads\/2020\/09\/120196794_333395987772231_54963891599408941_n.png","_links":{"self":[{"href":"https:\/\/www.radiopiu.net\/wordpress\/wp-json\/wp\/v2\/posts\/162494","targetHints":{"allow":["GET"]}}],"collection":[{"href":"https:\/\/www.radiopiu.net\/wordpress\/wp-json\/wp\/v2\/posts"}],"about":[{"href":"https:\/\/www.radiopiu.net\/wordpress\/wp-json\/wp\/v2\/types\/post"}],"author":[{"embeddable":true,"href":"https:\/\/www.radiopiu.net\/wordpress\/wp-json\/wp\/v2\/users\/4"}],"replies":[{"embeddable":true,"href":"https:\/\/www.radiopiu.net\/wordpress\/wp-json\/wp\/v2\/comments?post=162494"}],"version-history":[{"count":0,"href":"https:\/\/www.radiopiu.net\/wordpress\/wp-json\/wp\/v2\/posts\/162494\/revisions"}],"wp:featuredmedia":[{"embeddable":true,"href":"https:\/\/www.radiopiu.net\/wordpress\/wp-json\/wp\/v2\/media\/162496"}],"wp:attachment":[{"href":"https:\/\/www.radiopiu.net\/wordpress\/wp-json\/wp\/v2\/media?parent=162494"}],"wp:term":[{"taxonomy":"category","embeddable":true,"href":"https:\/\/www.radiopiu.net\/wordpress\/wp-json\/wp\/v2\/categories?post=162494"},{"taxonomy":"post_tag","embeddable":true,"href":"https:\/\/www.radiopiu.net\/wordpress\/wp-json\/wp\/v2\/tags?post=162494"}],"curies":[{"name":"wp","href":"https:\/\/api.w.org\/{rel}","templated":true}]}}