{"id":162544,"date":"2020-09-27T07:30:59","date_gmt":"2020-09-27T05:30:59","guid":{"rendered":"https:\/\/www.radiopiu.net\/wordpress\/?p=162544"},"modified":"2020-09-27T07:35:08","modified_gmt":"2020-09-27T05:35:08","slug":"giornale-radiopiu-27-settembre-2020-direttore-mirko-mezzacasa","status":"publish","type":"post","link":"https:\/\/www.radiopiu.net\/wordpress\/giornale-radiopiu-27-settembre-2020-direttore-mirko-mezzacasa\/","title":{"rendered":"GIORNALE RADIOPIU 27 SETTEMBRE 2020 DIRETTORE MIRKO MEZZACASA"},"content":{"rendered":"<h3><strong>PER RICEVERE QUESTO NOTIZIARIO DIRETTAMENTE SUL TUO CELLULARE ISCRIVITI AL CANALE TELEGRAM <\/strong><strong>\u201cRADIO PIU\u00a0 INFORMAZIONE&#8221;<\/strong><\/h3>\n<p><em>ATTENZIONE: LA NUOVA APP PER IOS-IPHONE<\/em><\/p>\n<div>\n<div><a href=\"https:\/\/apps.apple.com\/it\/app\/radio-pi%C3%B9-emittente-agordina\/id1515939845\">https:\/\/apps.apple.com\/it\/app\/radio-pi%C3%B9-emittente-agordina\/id1515939845<\/a><\/div>\n<\/div>\n<div><\/div>\n<div>\n<div dir=\"auto\"><em>ATTENZIONE: LA NUOVA APP RADIO\u00a0 PER ANDROID<\/em><\/div>\n<\/div>\n<p><a href=\"https:\/\/play.google.com\/store\/apps\/details?id=net.radiopiu.iniko\" target=\"_blank\" rel=\"noopener noreferrer\">https:\/\/play.google.com\/store\/apps\/details?id=net.radiopiu.iniko<\/a><\/p>\n<p>&nbsp;<\/p>\n<hr \/>\n<p>&nbsp;<\/p>\n<p><strong>LIVINALLONGO<\/strong> Ieri\u00a0 commovente tumulazione al sacrario di Salesei dei resti dei tre caduti recuperati in zona Col Di Lana ,Marmolada, Costabella,\u00a0 alla presenza delle autorita&#8217; militari di ogni arma ,del sindaco di Livinallongo Leandro Grones , e con\u00a0 la partecipazione numerosa della popolazione locale e non .<\/p>\n\n\t\t\t<style type='text\/css'>\n\t\t\t\t#gallery-1 {\n\t\t\t\t\tmargin: auto;\n\t\t\t\t}\n\t\t\t\t#gallery-1 .gallery-item {\n\t\t\t\t\tfloat: left;\n\t\t\t\t\tmargin-top: 10px;\n\t\t\t\t\ttext-align: center;\n\t\t\t\t\twidth: 33%;\n\t\t\t\t}\n\t\t\t\t#gallery-1 img {\n\t\t\t\t\tborder: 2px solid #cfcfcf;\n\t\t\t\t}\n\t\t\t\t#gallery-1 .gallery-caption {\n\t\t\t\t\tmargin-left: 0;\n\t\t\t\t}\n\t\t\t\t\/* see gallery_shortcode() in wp-includes\/media.php *\/\n\t\t\t<\/style>\n\t\t<div id='gallery-1' class='dt-gallery-container gallery galleryid-162544 gallery-columns-3 gallery-size-thumbnail'><dl class='gallery-item'>\n\t\t\t\t<dt class='gallery-icon landscape'>\n\t\t\t\t\t<a class=\"rollover rollover-zoom dt-pswp-item\" title=\"120315041_10218198096723461_1942739844866766338_n\" data-dt-img-description=\"\" data-large_image_width=\"960\" data-large_image_height=\"720\"href='https:\/\/www.radiopiu.net\/wordpress\/wp-content\/uploads\/2020\/09\/120315041_10218198096723461_1942739844866766338_n.jpg'><img loading=\"lazy\" decoding=\"async\" width=\"150\" height=\"150\" src=\"https:\/\/www.radiopiu.net\/wordpress\/wp-content\/uploads\/2020\/09\/120315041_10218198096723461_1942739844866766338_n-150x150.jpg\" class=\"attachment-thumbnail size-thumbnail\" alt=\"\" srcset=\"https:\/\/www.radiopiu.net\/wordpress\/wp-content\/uploads\/2020\/09\/120315041_10218198096723461_1942739844866766338_n-150x150.jpg 150w, https:\/\/www.radiopiu.net\/wordpress\/wp-content\/uploads\/2020\/09\/120315041_10218198096723461_1942739844866766338_n-125x125.jpg 125w, https:\/\/www.radiopiu.net\/wordpress\/wp-content\/uploads\/2020\/09\/120315041_10218198096723461_1942739844866766338_n-200x200.jpg 200w, https:\/\/www.radiopiu.net\/wordpress\/wp-content\/uploads\/2020\/09\/120315041_10218198096723461_1942739844866766338_n-80x80.jpg 80w\" sizes=\"auto, (max-width: 150px) 100vw, 150px\" \/><\/a>\n\t\t\t\t<\/dt><\/dl><dl class='gallery-item'>\n\t\t\t\t<dt class='gallery-icon portrait'>\n\t\t\t\t\t<a class=\"rollover rollover-zoom dt-pswp-item\" title=\"120195627_10218198047762237_3995484850520502670_n\" data-dt-img-description=\"\" data-large_image_width=\"720\" data-large_image_height=\"960\"href='https:\/\/www.radiopiu.net\/wordpress\/wp-content\/uploads\/2020\/09\/120195627_10218198047762237_3995484850520502670_n.jpg'><img loading=\"lazy\" decoding=\"async\" width=\"150\" height=\"150\" src=\"https:\/\/www.radiopiu.net\/wordpress\/wp-content\/uploads\/2020\/09\/120195627_10218198047762237_3995484850520502670_n-150x150.jpg\" class=\"attachment-thumbnail size-thumbnail\" alt=\"\" srcset=\"https:\/\/www.radiopiu.net\/wordpress\/wp-content\/uploads\/2020\/09\/120195627_10218198047762237_3995484850520502670_n-150x150.jpg 150w, https:\/\/www.radiopiu.net\/wordpress\/wp-content\/uploads\/2020\/09\/120195627_10218198047762237_3995484850520502670_n-125x125.jpg 125w, https:\/\/www.radiopiu.net\/wordpress\/wp-content\/uploads\/2020\/09\/120195627_10218198047762237_3995484850520502670_n-200x200.jpg 200w, https:\/\/www.radiopiu.net\/wordpress\/wp-content\/uploads\/2020\/09\/120195627_10218198047762237_3995484850520502670_n-80x80.jpg 80w\" sizes=\"auto, (max-width: 150px) 100vw, 150px\" \/><\/a>\n\t\t\t\t<\/dt><\/dl><dl class='gallery-item'>\n\t\t\t\t<dt class='gallery-icon portrait'>\n\t\t\t\t\t<a class=\"rollover rollover-zoom dt-pswp-item\" title=\"120322841_10218198064042644_6207758091238493773_o\" data-dt-img-description=\"\" data-large_image_width=\"1358\" data-large_image_height=\"2015\"href='https:\/\/www.radiopiu.net\/wordpress\/wp-content\/uploads\/2020\/09\/120322841_10218198064042644_6207758091238493773_o.jpg'><img loading=\"lazy\" decoding=\"async\" width=\"150\" height=\"150\" src=\"https:\/\/www.radiopiu.net\/wordpress\/wp-content\/uploads\/2020\/09\/120322841_10218198064042644_6207758091238493773_o-150x150.jpg\" class=\"attachment-thumbnail size-thumbnail\" alt=\"\" srcset=\"https:\/\/www.radiopiu.net\/wordpress\/wp-content\/uploads\/2020\/09\/120322841_10218198064042644_6207758091238493773_o-150x150.jpg 150w, https:\/\/www.radiopiu.net\/wordpress\/wp-content\/uploads\/2020\/09\/120322841_10218198064042644_6207758091238493773_o-125x125.jpg 125w, https:\/\/www.radiopiu.net\/wordpress\/wp-content\/uploads\/2020\/09\/120322841_10218198064042644_6207758091238493773_o-200x200.jpg 200w, https:\/\/www.radiopiu.net\/wordpress\/wp-content\/uploads\/2020\/09\/120322841_10218198064042644_6207758091238493773_o-80x80.jpg 80w\" sizes=\"auto, (max-width: 150px) 100vw, 150px\" \/><\/a>\n\t\t\t\t<\/dt><\/dl><br style=\"clear: both\" \/>\n\t\t\t<\/div>\n\n<p><strong>foto GIUSEPPE TEZA FACEBOOK<\/strong><\/p>\n<p>&nbsp;<\/p>\n<p>&nbsp;<\/p>\n<hr \/>\n<blockquote>\n<h3><\/h3>\n<h3>IL MATERIALE A SOT COLARU&#8217; PER ROCCA PIETORE<\/h3>\n<\/blockquote>\n<p><strong><span style=\"color: #000000;\">LA CURIOSITA&#8217;<\/span><\/strong><\/p>\n<p><strong>SAN TOMASO<\/strong> Quando ieri gli abitanti di Sot Colar\u00f9 hanno notato il materiale depositato a bordo strada hanno subito sperato <em>&#8220;Finalmente si rimette in ordine la vecchia regionale 203 agordina chiusa dai giorni di Vaia&#8221;<\/em>. Guardando pi\u00f9 attentamente tra putrelle in ferro e reti di protezioni gli stessi abitanti della frazione hanno poi scorso un cartello inequivocabile &#8220;Rocca Pietore&#8221; e il sogno di vedere i cantieri lungo la strada sono improvvisamente svaniti.<em> &#8220;Infatti &#8211; chiarisce da Rocca Pietore il sindaco Andrea De Bernardin &#8211; quel materiale \u00e8 destinato a questo Comune per le opera valanghive di cui riferiro&#8217; domani in consiglio comunale&#8221;<\/em><\/p>\n\n\t\t\t<style type='text\/css'>\n\t\t\t\t#gallery-2 {\n\t\t\t\t\tmargin: auto;\n\t\t\t\t}\n\t\t\t\t#gallery-2 .gallery-item {\n\t\t\t\t\tfloat: left;\n\t\t\t\t\tmargin-top: 10px;\n\t\t\t\t\ttext-align: center;\n\t\t\t\t\twidth: 25%;\n\t\t\t\t}\n\t\t\t\t#gallery-2 img {\n\t\t\t\t\tborder: 2px solid #cfcfcf;\n\t\t\t\t}\n\t\t\t\t#gallery-2 .gallery-caption {\n\t\t\t\t\tmargin-left: 0;\n\t\t\t\t}\n\t\t\t\t\/* see gallery_shortcode() in wp-includes\/media.php *\/\n\t\t\t<\/style>\n\t\t<div id='gallery-2' class='dt-gallery-container gallery galleryid-162544 gallery-columns-4 gallery-size-thumbnail'><dl class='gallery-item'>\n\t\t\t\t<dt class='gallery-icon landscape'>\n\t\t\t\t\t<a class=\"rollover rollover-zoom dt-pswp-item\" title=\"035f433e-9a33-4719-975c-ca1c0b73949c\" data-dt-img-description=\"\" data-large_image_width=\"2048\" data-large_image_height=\"995\"href='https:\/\/www.radiopiu.net\/wordpress\/wp-content\/uploads\/2020\/09\/035f433e-9a33-4719-975c-ca1c0b73949c.jpg'><img loading=\"lazy\" decoding=\"async\" width=\"150\" height=\"150\" src=\"https:\/\/www.radiopiu.net\/wordpress\/wp-content\/uploads\/2020\/09\/035f433e-9a33-4719-975c-ca1c0b73949c-150x150.jpg\" class=\"attachment-thumbnail size-thumbnail\" alt=\"\" srcset=\"https:\/\/www.radiopiu.net\/wordpress\/wp-content\/uploads\/2020\/09\/035f433e-9a33-4719-975c-ca1c0b73949c-150x150.jpg 150w, https:\/\/www.radiopiu.net\/wordpress\/wp-content\/uploads\/2020\/09\/035f433e-9a33-4719-975c-ca1c0b73949c-125x125.jpg 125w, https:\/\/www.radiopiu.net\/wordpress\/wp-content\/uploads\/2020\/09\/035f433e-9a33-4719-975c-ca1c0b73949c-200x200.jpg 200w, https:\/\/www.radiopiu.net\/wordpress\/wp-content\/uploads\/2020\/09\/035f433e-9a33-4719-975c-ca1c0b73949c-80x80.jpg 80w\" sizes=\"auto, (max-width: 150px) 100vw, 150px\" \/><\/a>\n\t\t\t\t<\/dt><\/dl><dl class='gallery-item'>\n\t\t\t\t<dt class='gallery-icon landscape'>\n\t\t\t\t\t<a class=\"rollover rollover-zoom dt-pswp-item\" title=\"ebd8fd26-604d-42ea-a549-5640a42d1dbf\" data-dt-img-description=\"\" data-large_image_width=\"2048\" data-large_image_height=\"995\"href='https:\/\/www.radiopiu.net\/wordpress\/wp-content\/uploads\/2020\/09\/ebd8fd26-604d-42ea-a549-5640a42d1dbf.jpg'><img loading=\"lazy\" decoding=\"async\" width=\"150\" height=\"150\" src=\"https:\/\/www.radiopiu.net\/wordpress\/wp-content\/uploads\/2020\/09\/ebd8fd26-604d-42ea-a549-5640a42d1dbf-150x150.jpg\" class=\"attachment-thumbnail size-thumbnail\" alt=\"\" srcset=\"https:\/\/www.radiopiu.net\/wordpress\/wp-content\/uploads\/2020\/09\/ebd8fd26-604d-42ea-a549-5640a42d1dbf-150x150.jpg 150w, https:\/\/www.radiopiu.net\/wordpress\/wp-content\/uploads\/2020\/09\/ebd8fd26-604d-42ea-a549-5640a42d1dbf-125x125.jpg 125w, https:\/\/www.radiopiu.net\/wordpress\/wp-content\/uploads\/2020\/09\/ebd8fd26-604d-42ea-a549-5640a42d1dbf-200x200.jpg 200w, https:\/\/www.radiopiu.net\/wordpress\/wp-content\/uploads\/2020\/09\/ebd8fd26-604d-42ea-a549-5640a42d1dbf-80x80.jpg 80w\" sizes=\"auto, (max-width: 150px) 100vw, 150px\" \/><\/a>\n\t\t\t\t<\/dt><\/dl><dl class='gallery-item'>\n\t\t\t\t<dt class='gallery-icon landscape'>\n\t\t\t\t\t<a class=\"rollover rollover-zoom dt-pswp-item\" title=\"c2bd0499-236c-46ab-888b-cb0760136050\" data-dt-img-description=\"\" data-large_image_width=\"2048\" data-large_image_height=\"995\"href='https:\/\/www.radiopiu.net\/wordpress\/wp-content\/uploads\/2020\/09\/c2bd0499-236c-46ab-888b-cb0760136050.jpg'><img loading=\"lazy\" decoding=\"async\" width=\"150\" height=\"150\" src=\"https:\/\/www.radiopiu.net\/wordpress\/wp-content\/uploads\/2020\/09\/c2bd0499-236c-46ab-888b-cb0760136050-150x150.jpg\" class=\"attachment-thumbnail size-thumbnail\" alt=\"\" srcset=\"https:\/\/www.radiopiu.net\/wordpress\/wp-content\/uploads\/2020\/09\/c2bd0499-236c-46ab-888b-cb0760136050-150x150.jpg 150w, https:\/\/www.radiopiu.net\/wordpress\/wp-content\/uploads\/2020\/09\/c2bd0499-236c-46ab-888b-cb0760136050-125x125.jpg 125w, https:\/\/www.radiopiu.net\/wordpress\/wp-content\/uploads\/2020\/09\/c2bd0499-236c-46ab-888b-cb0760136050-200x200.jpg 200w, https:\/\/www.radiopiu.net\/wordpress\/wp-content\/uploads\/2020\/09\/c2bd0499-236c-46ab-888b-cb0760136050-80x80.jpg 80w\" sizes=\"auto, (max-width: 150px) 100vw, 150px\" \/><\/a>\n\t\t\t\t<\/dt><\/dl><dl class='gallery-item'>\n\t\t\t\t<dt class='gallery-icon landscape'>\n\t\t\t\t\t<a class=\"rollover rollover-zoom dt-pswp-item\" title=\"9b35babc-af25-4b3b-be8a-38a09abc6175\" data-dt-img-description=\"\" data-large_image_width=\"2048\" data-large_image_height=\"995\"href='https:\/\/www.radiopiu.net\/wordpress\/wp-content\/uploads\/2020\/09\/9b35babc-af25-4b3b-be8a-38a09abc6175.jpg'><img loading=\"lazy\" decoding=\"async\" width=\"150\" height=\"150\" src=\"https:\/\/www.radiopiu.net\/wordpress\/wp-content\/uploads\/2020\/09\/9b35babc-af25-4b3b-be8a-38a09abc6175-150x150.jpg\" class=\"attachment-thumbnail size-thumbnail\" alt=\"\" srcset=\"https:\/\/www.radiopiu.net\/wordpress\/wp-content\/uploads\/2020\/09\/9b35babc-af25-4b3b-be8a-38a09abc6175-150x150.jpg 150w, https:\/\/www.radiopiu.net\/wordpress\/wp-content\/uploads\/2020\/09\/9b35babc-af25-4b3b-be8a-38a09abc6175-125x125.jpg 125w, https:\/\/www.radiopiu.net\/wordpress\/wp-content\/uploads\/2020\/09\/9b35babc-af25-4b3b-be8a-38a09abc6175-200x200.jpg 200w, https:\/\/www.radiopiu.net\/wordpress\/wp-content\/uploads\/2020\/09\/9b35babc-af25-4b3b-be8a-38a09abc6175-80x80.jpg 80w\" sizes=\"auto, (max-width: 150px) 100vw, 150px\" \/><\/a>\n\t\t\t\t<\/dt><\/dl><br style=\"clear: both\" \/>\n\t\t\t<\/div>\n\n<p>&nbsp;<\/p>\n<hr \/>\n<p>&nbsp;<\/p>\n<blockquote>\n<h2>SE DEMONTEGHEA 2020 MINUTO PER MINUTO CON LA COLLABORAZIONE DI SILVANO SAVIO<\/h2>\n<\/blockquote>\n<h2>GUARDA I VIDEO DALLA PIANA DI FALCADE, IMMAGINI, COMMENTI, INTERVISTE&#8230;.<\/h2>\n<blockquote class=\"wp-embedded-content\" data-secret=\"xCvvdQWeJe\"><p><a href=\"https:\/\/www.radiopiu.net\/wordpress\/se-desmonteghea-2020-due-giorni-di-tradizione-pagina-in-aggiornamento\/\">SE DESMONTEGHEA 2020, DUE GIORNI DI TRADIZIONE &#8211; PAGINA IN AGGIORNAMENTO<\/a><\/p><\/blockquote>\n<p><iframe loading=\"lazy\" class=\"wp-embedded-content\" sandbox=\"allow-scripts\" security=\"restricted\" style=\"position: absolute; clip: rect(1px, 1px, 1px, 1px);\" title=\"&#8220;SE DESMONTEGHEA 2020, DUE GIORNI DI TRADIZIONE &#8211; PAGINA IN AGGIORNAMENTO&#8221; &#8212; Radio Pi\u00f9\" src=\"https:\/\/www.radiopiu.net\/wordpress\/se-desmonteghea-2020-due-giorni-di-tradizione-pagina-in-aggiornamento\/embed\/#?secret=xCvvdQWeJe\" data-secret=\"xCvvdQWeJe\" width=\"600\" height=\"338\" frameborder=\"0\" marginwidth=\"0\" marginheight=\"0\" scrolling=\"no\"><\/iframe><\/p>\n<blockquote>\n<h2><\/h2>\n<\/blockquote>\n<h2><\/h2>\n<hr \/>\n<p>&nbsp;<\/p>\n<h3><span style=\"color: #0000ff;\">PER CHI VIAGGIA<\/span><\/h3>\n<p><strong>SR 203 AGORDINA<\/strong> Fino\u00a0 al 30 settembre, dalle 8 alle 17, sabato e domenica esclusi, senso unico alternato regolato da semaforo in localit\u00e0 Listolade di Taibon Agordino per asfaltatura tratti interessati dalla posa della fibra ottica <strong>REGIONALE 203 AGORDINA<\/strong>\u00a0 Fino\u00a0 al 18 dicembre (esclusi festivi e prefestivi) senso unico alternato tra Peron e Candaten e tra La Stanga e Candaten con movieri dalle 7.03 alle 9 e dalle 16.30 alle 18. Con semaforo negli altri orari<\/p>\n<p>&nbsp;<\/p>\n<p><strong>PROVINCIALE 35 &#8211; LASTE<\/strong><br \/>\nPer allargamento della sede stradale in localit\u00e0 Laste di Sopra limitazioni al transito fino al 15 ottobre esclusi festivi e prefestivi, brevi interruzioni durata massima di 15 minuti tra le 8 e le 12 e tra le 13 e le 17.\u00a0Negli altri orari semaforo e senso unico alternato<\/p>\n<p>&nbsp;<\/p>\n<hr \/>\n<p>&nbsp;<\/p>\n<p><strong><a class=\"dt-pswp-item\" href=\"https:\/\/www.radiopiu.net\/wordpress\/wp-content\/uploads\/2018\/08\/ACQUA.jpeg\" data-dt-img-description=\"\" data-large_image_width=\"1280\" data-large_image_height=\"768\"><img loading=\"lazy\" decoding=\"async\" class=\" wp-image-57052 alignleft\" src=\"https:\/\/www.radiopiu.net\/wordpress\/wp-content\/uploads\/2018\/08\/ACQUA-300x180.jpeg\" alt=\"\" width=\"273\" height=\"164\" srcset=\"https:\/\/www.radiopiu.net\/wordpress\/wp-content\/uploads\/2018\/08\/ACQUA-300x180.jpeg 300w, https:\/\/www.radiopiu.net\/wordpress\/wp-content\/uploads\/2018\/08\/ACQUA-768x461.jpeg 768w, https:\/\/www.radiopiu.net\/wordpress\/wp-content\/uploads\/2018\/08\/ACQUA-1024x614.jpeg 1024w, https:\/\/www.radiopiu.net\/wordpress\/wp-content\/uploads\/2018\/08\/ACQUA.jpeg 1280w\" sizes=\"auto, (max-width: 273px) 100vw, 273px\" \/><\/a>ROCCA PIETORE <\/strong>Gestione Servizi Pubblici informa che a ROCCA PIETORE in localit\u00e0 SAVINER DI CALLONEGHE, MASARE&#8217;, BADIOT, LE PALE e SOPRACORDEVOLE l&#8217;acqua erogata dall&#8217;acquedotto non \u00e8 potabile e pu\u00f2 essere usata per scopi alimentari SOLO PREVIA bollitura. GSP ha, comunque, gi\u00e0 adottato le necessarie misure per la disinfezione dell&#8217;acqua presente nei serbatoi e nella rete idrica con l&#8217;aggiunta di cloro. Ulteriori informazioni saranno fornite nei prossimi giorni.<\/p>\n<p>&nbsp;<\/p>\n<p>&nbsp;<\/p>\n<p>&nbsp;<\/p>\n<p>&nbsp;<\/p>\n<hr \/>\n<blockquote>\n<h3>DECEDUTO L&#8217;IMPRENDITORE VENEZIANO IN TRASFERTA VERSO ALANO<\/h3>\n<\/blockquote>\n<p><strong><img loading=\"lazy\" decoding=\"async\" class=\"alignleft\" src=\"https:\/\/www.radiopiu.net\/wordpress\/wp-content\/uploads\/2016\/08\/carabinieri-6-2.jpg\" width=\"110\" height=\"75\" \/>ALANO DI PIAV<\/strong>E Era partita da Jesolo per raggiungere la provincia bellunese, un malore lo ha fermato per sempre. L&#8217;uomo, secondo i sanitari \u00e8 morto per arresto cardiocircolatorio, dunque per cause natuali. Si chiamava Renato Cattai, 64 anni nato e residente a Jesolo, presidente di Federconsorzi e gestore delll&#8217;Hotel Palm Beach di vial Oriente. Sul posto sono stati chiamati i Carabinieri, lungo la provinciale 10 in direzione di Alano Monte Tomba. Il decesso dell&#8217;uomo risale alle 16.30 di ieri.<\/p>\n<p>&nbsp;<\/p>\n<hr \/>\n<p>&nbsp;<\/p>\n<blockquote>\n<h3>MOTOCICLISTA FERITO SULLA RIVA DEL BOSCON<\/h3>\n<\/blockquote>\n<p><strong>BELLUNO<\/strong> Nello scontro sulla riva del Boscon, ieri mattina, ha avuto la peggio il motociclista finito nel prato a bordo strada. L&#8217;urto con un&#8217;auto in uscita da uno stop. Per il centauro il trasporto per accertamenti all&#8217;ospedale di Belluno, sul posto la Polizia Locale. Inevitabile i disagi al traffico con lunghe code in entrambi i sensi di marcia.<\/p>\n<p><a class=\"dt-pswp-item\" href=\"https:\/\/www.radiopiu.net\/wordpress\/wp-content\/uploads\/2020\/09\/120096817_1026638261099421_2993014815469084933_n.jpg\" data-dt-img-description=\"\" data-large_image_width=\"373\" data-large_image_height=\"280\"><img loading=\"lazy\" decoding=\"async\" class=\"alignnone size-medium wp-image-162733\" src=\"https:\/\/www.radiopiu.net\/wordpress\/wp-content\/uploads\/2020\/09\/120096817_1026638261099421_2993014815469084933_n-300x225.jpg\" alt=\"\" width=\"300\" height=\"225\" srcset=\"https:\/\/www.radiopiu.net\/wordpress\/wp-content\/uploads\/2020\/09\/120096817_1026638261099421_2993014815469084933_n-300x225.jpg 300w, https:\/\/www.radiopiu.net\/wordpress\/wp-content\/uploads\/2020\/09\/120096817_1026638261099421_2993014815469084933_n.jpg 373w\" sizes=\"auto, (max-width: 300px) 100vw, 300px\" \/><\/a><a class=\"dt-pswp-item\" href=\"https:\/\/www.radiopiu.net\/wordpress\/wp-content\/uploads\/2020\/09\/120362813_1679217905571536_3746915258444845755_n.jpg\" data-dt-img-description=\"\" data-large_image_width=\"317\" data-large_image_height=\"280\"><img loading=\"lazy\" decoding=\"async\" class=\"alignnone size-medium wp-image-162734\" src=\"https:\/\/www.radiopiu.net\/wordpress\/wp-content\/uploads\/2020\/09\/120362813_1679217905571536_3746915258444845755_n-300x265.jpg\" alt=\"\" width=\"300\" height=\"265\" srcset=\"https:\/\/www.radiopiu.net\/wordpress\/wp-content\/uploads\/2020\/09\/120362813_1679217905571536_3746915258444845755_n-300x265.jpg 300w, https:\/\/www.radiopiu.net\/wordpress\/wp-content\/uploads\/2020\/09\/120362813_1679217905571536_3746915258444845755_n.jpg 317w\" sizes=\"auto, (max-width: 300px) 100vw, 300px\" \/><\/a><\/p>\n<p>&nbsp;<\/p>\n<hr \/>\n<p>&nbsp;<\/p>\n<blockquote>\n<h3>SOCCORSO ALPINO A VOLTAGO PER UNA DONNA IN DIFFICOLT\u00c0<\/h3>\n<\/blockquote>\n<p><strong><a class=\"dt-pswp-item\" href=\"https:\/\/www.radiopiu.net\/wordpress\/wp-content\/uploads\/2015\/05\/1207856-soccorso_alpino.jpg\" data-dt-img-description=\"\" data-large_image_width=\"680\" data-large_image_height=\"380\"><img loading=\"lazy\" decoding=\"async\" class=\"size-medium wp-image-5043 alignleft\" src=\"https:\/\/www.radiopiu.net\/wordpress\/wp-content\/uploads\/2015\/05\/1207856-soccorso_alpino-300x168.jpg\" alt=\"\" width=\"300\" height=\"168\" \/><\/a>VOLTAGO<\/strong> Ieri alle 13.40 circa il Soccorso alpino di Agordo \u00e8 stato allertato per intervenire in supporto all&#8217;ambulanza lungo la strada che porta a Malga Agner, dove un&#8217;escursionista era scivolata riportando un probabile trauma alla caviglia. Caricata a bordo, la donna \u00e8 stata accompagnata in ospedale.<\/p>\n<p>&nbsp;<\/p>\n<p>&nbsp;<\/p>\n<p>&nbsp;<\/p>\n<p>&nbsp;<\/p>\n<p>&nbsp;<\/p>\n<blockquote>\n<h3>RAGAZZA IN IPOTERMIA, MUORE IL CANE. ESCURSIONISTI SBAGLIANO A CALCOLARE I TEMPI E FINISCONO NELLA NEVE, SOCCORSI NELLA NOTTE<\/h3>\n<\/blockquote>\n<p><strong><img loading=\"lazy\" decoding=\"async\" class=\"alignleft\" src=\"https:\/\/www.radiopiu.net\/wordpress\/wp-content\/uploads\/2020\/08\/salt_20200810_175849_040_resized.jpg\" width=\"259\" height=\"194\" \/>COMELICO\u00a0 \u00a0<\/strong>Venerd\u00ec alle 23 il Soccorso alpino della Val Comelico \u00e8 stato attivato a seguito della chiamata di due escursionisti. I due, A.S., 27 anni, di Mogliano Veneto (TV), lui, e V.F.M., 32 anni, di Gardone Val Trompia (BS), lei, erano d&#8217;accordo che si sarebbero trovati alle 17 a Malga Silvella, per percorrere da l\u00ec il sentiero che porta al Filmoorstandsch\u00fctzenh\u00fctte, rifugio di Kartitsch dove avrebbero passato tre giorni. La ragazza \u00e8 arrivata in ritardo e la coppia \u00e8 partita, assieme al cagnolino di lei, verso le 19. Durante il tragitto, ben conosciuto da lui, \u00e8 iniziato a nevicare. I due hanno quindi contattato una prima volta i soccorsi, per dire che comunque avrebbero proseguito da soli, e una seconda volta poco dopo per informare che si trovavano a 150 metri di dislivello dalla forcella al confine con l&#8217;Austria. Il Soccorso alpino ha quindi chiesto al ragazzo di avvertire una volta arrivati. A mezzanotte e un quarto per\u00f2 le squadre sono state allertate dall&#8217;escursionista perch\u00e9 avevano deciso di non proseguire e di rientrare dal Comelico, dalla Casera Pian Formaggio. Sei soccorritori pi\u00f9 due del Sagf hanno quindi percorso in jeep i 10 chilometri che separano Sega Digon dalla Casera e hanno poi proseguito a piedi. Quando li hanno raggiunti poco sopra, la ragazza era in ipotermia e il suo cagnolino privo di vita a causa del freddo. Accompagnata alla jeep, l&#8217;escursionista \u00e8 stata poi trasportata all&#8217;ambulanza diretta all&#8217;ospedale. L&#8217;intervento si \u00e8 concluso passate le due.<\/p>\n<hr \/>\n<blockquote>\n<h3>IL LUPO SI MANGIA DUE CAPRE<\/h3>\n<\/blockquote>\n<p><strong>BORGO VALBELLUNA<\/strong> \u00a0Il predatore ha colpito nella propriet\u00e0 di Carlo Savaris, a Carine di Mel, come ad agosto dove aveva pranzato con\u00a0 un asino\u00a0 ferendo una capra.. Di una delle capre, \u00e8 rimasta soltanto la testa, l&#8217;altra \u00e8 stata straziata. Gli animali erano custoditi all&#8217;interno di un recinto con\u00a0 rete non \u00e8 elettrificata alta un metro, risultata insufficiente.<\/p>\n<p>&nbsp;<\/p>\n<p>&nbsp;<\/p>\n<hr \/>\n<p>&nbsp;<\/p>\n<blockquote>\n<h3>STEFANO DA ZANCHE: DAGLI AMICI DELLA PIAZZA ALLA LISTA PER GUIDARE IL COMUNE<\/h3>\n<\/blockquote>\n<p><strong><img loading=\"lazy\" decoding=\"async\" class=\"alignleft\" src=\"https:\/\/www.radiopiu.net\/wordpress\/wp-content\/uploads\/2020\/09\/dd90e780-6ba4-41df-97b3-c9bd70b8d342.jpg\" width=\"90\" height=\"180\" \/>GOSALDO<\/strong> Ai microfoni di Radio Pi\u00f9 Stefano Da Zanche ringrazia la sua gente che ha lo sotenuto e stimolato per potare avanti le iniziative previste nel programma elettorale.Il grande amore per il paese che nasce dagli Amici della Piazza.<\/p>\n<p>&nbsp;<\/p>\n<p>&nbsp;<\/p>\n<p>&nbsp;<\/p>\n<p><strong>STEFANO DA ZANCHE\u00a0<\/strong><\/p>\n<audio class=\"wp-audio-shortcode\" id=\"audio-162544-1\" preload=\"none\" style=\"width: 100%;\" controls=\"controls\"><source type=\"audio\/mpeg\" src=\"https:\/\/www.radiopiu.net\/wordpress\/wp-content\/uploads\/2020\/09\/STEFANO-DA-ZANCHE.mp3?_=1\" \/><a href=\"https:\/\/www.radiopiu.net\/wordpress\/wp-content\/uploads\/2020\/09\/STEFANO-DA-ZANCHE.mp3\">https:\/\/www.radiopiu.net\/wordpress\/wp-content\/uploads\/2020\/09\/STEFANO-DA-ZANCHE.mp3<\/a><\/audio>\n<p>&nbsp;<\/p>\n<hr \/>\n<p>&nbsp;<\/p>\n<blockquote>\n<h3>PAOLO FRENA, AL QUARTO IMPEGNO &#8220;APRENDO AI GIOVANI, DI TALENTO CHE HANNO PORTATO QUALITA&#8217; E COMPENTENZE&#8221;<\/h3>\n<\/blockquote>\n<p><a class=\"dt-pswp-item\" href=\"https:\/\/www.radiopiu.net\/wordpress\/wp-content\/uploads\/2020\/03\/MINUTO-SILENZIO-FRENA-COLLE-2.jpg\" data-dt-img-description=\"\" data-large_image_width=\"1200\" data-large_image_height=\"1600\"><img loading=\"lazy\" decoding=\"async\" class=\" wp-image-126455 alignleft\" src=\"https:\/\/www.radiopiu.net\/wordpress\/wp-content\/uploads\/2020\/03\/MINUTO-SILENZIO-FRENA-COLLE-2-225x300.jpg\" alt=\"\" width=\"140\" height=\"187\" srcset=\"https:\/\/www.radiopiu.net\/wordpress\/wp-content\/uploads\/2020\/03\/MINUTO-SILENZIO-FRENA-COLLE-2-225x300.jpg 225w, https:\/\/www.radiopiu.net\/wordpress\/wp-content\/uploads\/2020\/03\/MINUTO-SILENZIO-FRENA-COLLE-2-768x1024.jpg 768w, https:\/\/www.radiopiu.net\/wordpress\/wp-content\/uploads\/2020\/03\/MINUTO-SILENZIO-FRENA-COLLE-2-1152x1536.jpg 1152w, https:\/\/www.radiopiu.net\/wordpress\/wp-content\/uploads\/2020\/03\/MINUTO-SILENZIO-FRENA-COLLE-2.jpg 1200w\" sizes=\"auto, (max-width: 140px) 100vw, 140px\" \/><\/a><strong>COLLE SANTA LUCIA<\/strong> Prima intervista del nuovo mandato al sindaco di Paolo Frena, riconfermato alla guida del Comune con un risultato ancora migliore del precedente. Il dopo vaia e l&#8217;emergenza Covid, fondi di confine e Referendum, grandi eventi e sviluppo del territorio.<\/p>\n<p>&nbsp;<\/p>\n<p>&nbsp;<\/p>\n<audio class=\"wp-audio-shortcode\" id=\"audio-162544-2\" preload=\"none\" style=\"width: 100%;\" controls=\"controls\"><source type=\"audio\/mpeg\" src=\"https:\/\/www.radiopiu.net\/wordpress\/wp-content\/uploads\/2020\/09\/PAOLO-FRENA.mp3?_=2\" \/><a href=\"https:\/\/www.radiopiu.net\/wordpress\/wp-content\/uploads\/2020\/09\/PAOLO-FRENA.mp3\">https:\/\/www.radiopiu.net\/wordpress\/wp-content\/uploads\/2020\/09\/PAOLO-FRENA.mp3<\/a><\/audio>\n<p>&nbsp;<\/p>\n<hr \/>\n<p>&nbsp;<\/p>\n<blockquote>\n<h3>A MASAR\u00c8 NASCER\u00c0 UN&#8217;AREA RIPOSO<\/h3>\n<\/blockquote>\n<p><strong><a class=\"dt-pswp-item\" href=\"https:\/\/www.radiopiu.net\/wordpress\/wp-content\/uploads\/2019\/09\/alleghe-4.jpg\" data-dt-img-description=\"\" data-large_image_width=\"1480\" data-large_image_height=\"949\"><img loading=\"lazy\" decoding=\"async\" class=\"size-medium wp-image-98738 alignleft\" src=\"https:\/\/www.radiopiu.net\/wordpress\/wp-content\/uploads\/2019\/09\/alleghe-4-300x192.jpg\" alt=\"\" width=\"300\" height=\"192\" srcset=\"https:\/\/www.radiopiu.net\/wordpress\/wp-content\/uploads\/2019\/09\/alleghe-4-300x192.jpg 300w, https:\/\/www.radiopiu.net\/wordpress\/wp-content\/uploads\/2019\/09\/alleghe-4-768x492.jpg 768w, https:\/\/www.radiopiu.net\/wordpress\/wp-content\/uploads\/2019\/09\/alleghe-4-1024x657.jpg 1024w, https:\/\/www.radiopiu.net\/wordpress\/wp-content\/uploads\/2019\/09\/alleghe-4.jpg 1480w\" sizes=\"auto, (max-width: 300px) 100vw, 300px\" \/><\/a>ALLEGHE\u00a0<\/strong><\/p>\n<p>di Gianni Santomaso<\/p>\n<audio class=\"wp-audio-shortcode\" id=\"audio-162544-3\" preload=\"none\" style=\"width: 100%;\" controls=\"controls\"><source type=\"audio\/mpeg\" src=\"https:\/\/www.radiopiu.net\/wordpress\/wp-content\/uploads\/2020\/09\/GIANNI-AREA-RIPOSO-MASARE.mp3?_=3\" \/><a href=\"https:\/\/www.radiopiu.net\/wordpress\/wp-content\/uploads\/2020\/09\/GIANNI-AREA-RIPOSO-MASARE.mp3\">https:\/\/www.radiopiu.net\/wordpress\/wp-content\/uploads\/2020\/09\/GIANNI-AREA-RIPOSO-MASARE.mp3<\/a><\/audio>\n<p>&nbsp;<\/p>\n<hr \/>\n<p>&nbsp;<\/p>\n<blockquote>\n<h3>IL BARD TIRA LE SOMME SULL&#8217;ULTIMA TORNATA ELETTORALE<\/h3>\n<\/blockquote>\n<p><strong><a class=\"dt-pswp-item\" href=\"https:\/\/www.radiopiu.net\/wordpress\/wp-content\/uploads\/2015\/12\/bard.jpg\" data-dt-img-description=\"\" data-large_image_width=\"128\" data-large_image_height=\"128\"><img loading=\"lazy\" decoding=\"async\" class=\"size-full wp-image-14147 alignleft\" src=\"https:\/\/www.radiopiu.net\/wordpress\/wp-content\/uploads\/2015\/12\/bard.jpg\" alt=\"\" width=\"128\" height=\"128\" \/><\/a>BELLUNO<\/strong> Il movimento Belluno Autonoma Regione Dolomiti analizza a mente fredda i risultati delle ultime elezioni regionali che l&#8217;hanno visto impegnato a sostegno di Simonetta Rubinato: \u00ab<em>Quello uscito dalle urne venete \u00e8 un impegnativo mandato al Presidente Zaia. &#8211; commenta il presidente Andrea Bona \u2013 I veneti e i bellunesi vogliono il riconoscimento costituzionale della loro autonomia, sancita dal referendum del 2017, ed evidentemente lo vogliono a qualunque costo, visti i risultati ottenuti anche nella nostra provincia\u00bb.\u00a0\u00abIl voto di domenica e luned\u00ec ha di fatto creato un partito territoriale autonomista; &#8211; continua Bona \u2013 bisogner\u00e0 vedere se Zaia avr\u00e0 il coraggio di portare avanti con decisione le richieste dei veneti, scardinando l\u2019attuale sistema che non porter\u00e0 alcuna autonomia al Veneto e tanto meno alla Provincia di Belluno. Se dovesse finalmente intraprendere la strada che porta all\u2019autonomia bellunese, siamo pronti a collaborare<\/em>\u00bb.\u00a0Ad analizzare il voto a livello provinciale \u00e8 invece Marinella Piazza: \u00ab<em>La nostra partecipazione a questa tornata \u00e8 stato un grande esempio di democrazia: visti i tempi ristretti, credo non si potesse fare di pi\u00f9. Non dimentichiamo che la lista Rubinato \u00e8 stata l&#8217;unica a riuscire a raccogliere le firme in tutte le province venete, e l&#8217;unica a riuscirci a Belluno, in un periodo complicato per la montagna come quello a cavallo di Ferragosto. Nonostante tutto, abbiamo ottenuto il miglior risultato tra tutte le province venete e abbiamo raccolto consensi in quasi tutto il Bellunese, fatta eccezione per soli due comuni. Grande riscontro abbiamo ottenuto in Cadore, nello Zoldano e in Agordino, cio\u00e8 in quella montagna meno \u201csponsorizzata\u201d ma che vive quotidianamente i problemi e i disagi delle terre alte. \u00c8 un risultato dal quale ripartire con la consapevolezza che c&#8217;\u00e8 ancora spazio per una politica realmente vicina al territorio<\/em>\u00bb.<\/p>\n<p>&nbsp;<\/p>\n<hr \/>\n<blockquote>\n<h3>L&#8217;AMMINISTRAZIONE COMUNALE PRONTA AD APPROVARE IL DUP, LA VARIANTE DEL PAT E METTERE MANO AI REGOLAMENTI<\/h3>\n<\/blockquote>\n<p><strong><a class=\"dt-pswp-item\" href=\"https:\/\/www.radiopiu.net\/wordpress\/wp-content\/uploads\/2016\/03\/falcade_alto_gallery.jpg\" data-dt-img-description=\"\" data-large_image_width=\"800\" data-large_image_height=\"600\"><img loading=\"lazy\" decoding=\"async\" class=\"wp-image-17193 alignleft\" src=\"https:\/\/www.radiopiu.net\/wordpress\/wp-content\/uploads\/2016\/03\/falcade_alto_gallery-300x225.jpg\" alt=\"\" width=\"135\" height=\"101\" \/><\/a>FALCADE<\/strong> Domani alle 17.30 consiglio comunale convocato dal sindaco Michele Costa. All&#8217;ordine del giorno l&#8217;approvazione della prima variante del Piano di Assetto del Territorio, del nuovo regolamento edilizio e del Documento Unico di Programmazione per il triennio 2020-23. All&#8217;ordine del giorno anche una variazione al bilancio e la convenzione con la Provincia per l&#8217;uso della struttura Polifunzionale &#8220;Dolomiti&#8221; da parte dell&#8217;Istituto Professionale di Stato (alberghiero).<\/p>\n<p>&nbsp;<\/p>\n<p>&nbsp;<\/p>\n<hr \/>\n<p>&nbsp;<\/p>\n<blockquote>\n<h3>UN ALTRO CONSIGLIO CON NUMEROSE INTERROGAZIONI DELLA &#8220;MINORANZA&#8221;<\/h3>\n<\/blockquote>\n<p><strong><a class=\"dt-pswp-item\" href=\"https:\/\/www.radiopiu.net\/wordpress\/wp-content\/uploads\/2019\/07\/consiglio-rocca-5.jpeg\" data-dt-img-description=\"\" data-large_image_width=\"1600\" data-large_image_height=\"901\"><img loading=\"lazy\" decoding=\"async\" class=\" wp-image-92222 alignleft\" src=\"https:\/\/www.radiopiu.net\/wordpress\/wp-content\/uploads\/2019\/07\/consiglio-rocca-5-300x169.jpeg\" alt=\"\" width=\"160\" height=\"90\" srcset=\"https:\/\/www.radiopiu.net\/wordpress\/wp-content\/uploads\/2019\/07\/consiglio-rocca-5-300x169.jpeg 300w, https:\/\/www.radiopiu.net\/wordpress\/wp-content\/uploads\/2019\/07\/consiglio-rocca-5-768x432.jpeg 768w, https:\/\/www.radiopiu.net\/wordpress\/wp-content\/uploads\/2019\/07\/consiglio-rocca-5-1024x577.jpeg 1024w, https:\/\/www.radiopiu.net\/wordpress\/wp-content\/uploads\/2019\/07\/consiglio-rocca-5.jpeg 1600w\" sizes=\"auto, (max-width: 160px) 100vw, 160px\" \/><\/a>ROCCA PIETORE<\/strong> Da quando il consigliere Diana Iraci Borgia ha abbandonato il gruppo di governo nel quale era stata eletta (con il sindaco De Bernadin) i consigli comunali si sono allungati e non di poco. E&#8217; la conseguenza delle numerose interrogazioni che vengono presentate unitamente a quelle del gruppo di opposizione &#8220;Uniti per la Montagna&#8221;. Nel consiglio di domani alle 17 ben otto (un reiterata). I quesiti su: recupero zone boschive oggetto di schianti, sistemazione area Ru da Molin a Santa Maria delle Grazie, lavori sul Cordevole a Saviner, lavori di messa in sicurezza della zona a valle degli skilift in zona Crepe Rosse, Tabi\u00e0 Palazza, Valon d&#8217;Antermoia, avanzamento dei lavori nei Serrai di Sottoguda, , ponte sul Pettorina a Palue, infine interpellanza su un manufatto per il ricovero dei mezzi a ridosso della provinciale 641. Reiterata invece l&#8217;interrogazione sulla messa in sicurezza del Ru Sass Negher in localit\u00e0 Col di Rocca. \u00a0All&#8217;ordine del giorno, invece gli altri punti: approvazione dei regolamenti ediizi e per lo svolgimento delle sedute in video conferenza; variazione al bilancio, assestamento di bilancio e compenso del revisore dei conti.<\/p>\n<p><strong>DI GIANNI SANTOMASO<\/strong><\/p>\n<audio class=\"wp-audio-shortcode\" id=\"audio-162544-4\" preload=\"none\" style=\"width: 100%;\" controls=\"controls\"><source type=\"audio\/mpeg\" src=\"https:\/\/www.radiopiu.net\/wordpress\/wp-content\/uploads\/2020\/09\/GIANNI-CONSIGLIO-ROCCA-PIETORE.mp3?_=4\" \/><a href=\"https:\/\/www.radiopiu.net\/wordpress\/wp-content\/uploads\/2020\/09\/GIANNI-CONSIGLIO-ROCCA-PIETORE.mp3\">https:\/\/www.radiopiu.net\/wordpress\/wp-content\/uploads\/2020\/09\/GIANNI-CONSIGLIO-ROCCA-PIETORE.mp3<\/a><\/audio>\n<p>&nbsp;<\/p>\n<hr \/>\n<p>&nbsp;<\/p>\n<blockquote>\n<h3>NUOVE DELEGHE PER L&#8217;ASSESSORE FRANCESCO MARTINI<\/h3>\n<\/blockquote>\n<p><strong>LIVINALLONGO<\/strong> Mercoledi alle 17.30 consiglio comunale convocato dal sindaco Leandro Grones. All&#8217;ordine del giorno il mutamento di destinazione di alcuni terreni di uso civico per la creazione di un tracciato free ride per moutain bike tra Arabba e Portavescovo e tra Bec de Roces e Plan Bo\u00e8. Alienazione terreno comunale a Cernadoi.Variazioni al bilancio, approvazione bilancio dell&#8217;azienda speciale Fodom Servizi, approvazione del regolamento generale delle entrate. Il sindaco comunicher\u00e0 al consiglio comunale le nuove deleghe attribuite all&#8217;assessore Francesco Martini.<\/p>\n<p>&nbsp;<\/p>\n<hr \/>\n<p>&nbsp;<\/p>\n<blockquote>\n<h3>L&#8217;AMMINISTRAZIONE COMUNALE RIAPPROVA IL REGOLAMENTO EDILIZIO COMUNALE CON LE PRESCRIZIONI ULSS<\/h3>\n<\/blockquote>\n<p><strong>ALLEGHE<\/strong> Nel consiglio comunale di mercoledi alle 20.30 in Municipio, il sindaco di Alleghe Danilo De Toni metter\u00e0 ai voti l&#8217;approvazione del regolamento edilizio. All&#8217;ordine del giorno le variazioni al bilancio e anche\u00a0 la presa d&#8217;atto del documento unico di programmazione<\/p>\n<p><strong>IL SERVIZIO DI GIANNI SANTOMASO<\/strong><\/p>\n<audio class=\"wp-audio-shortcode\" id=\"audio-162544-5\" preload=\"none\" style=\"width: 100%;\" controls=\"controls\"><source type=\"audio\/mpeg\" src=\"https:\/\/www.radiopiu.net\/wordpress\/wp-content\/uploads\/2020\/09\/GIANNI-CONSIGLIO-COMUNALE-ALLEGHE.mp3?_=5\" \/><a href=\"https:\/\/www.radiopiu.net\/wordpress\/wp-content\/uploads\/2020\/09\/GIANNI-CONSIGLIO-COMUNALE-ALLEGHE.mp3\">https:\/\/www.radiopiu.net\/wordpress\/wp-content\/uploads\/2020\/09\/GIANNI-CONSIGLIO-COMUNALE-ALLEGHE.mp3<\/a><\/audio>\n<p>&nbsp;<\/p>\n<hr \/>\n<p>&nbsp;<\/p>\n<blockquote>\n<h3>L&#8217;UNIONE MONTANA ALL&#8217;APPROVAZIONE DEL BILANCIO<\/h3>\n<\/blockquote>\n<p><strong>AGORDO<\/strong> Domani\u00a0 alle 20.30 in Sala Don Tamis consiglio dell&#8217;Unione Montana Agordina. In discussione l&#8217;approvazione del bilancio 2019, la convenzione con l&#8217;Unione Montana Valbelluna per l&#8217;integrazione e la razionalizzazione delle rispettive attivit\u00e0 sul territorio, l&#8217;approvazione dello schema di convenzione per l&#8217;affidamento del servizio di tesoreria, la presentazione del Dup e le modifiche allo statuto.<\/p>\n<p>&nbsp;<\/p>\n<p>&nbsp;<\/p>\n<hr \/>\n<p>&nbsp;<\/p>\n<blockquote class=\"wp-embedded-content\" data-secret=\"Fte4EnlJQ5\"><p><a href=\"https:\/\/www.radiopiu.net\/wordpress\/coronavirus-aggiornamento-nazionale-26-settembre\/\">CORONAVIRUS: AGGIORNAMENTO NAZIONALE 26 SETTEMBRE<\/a><\/p><\/blockquote>\n<p><iframe loading=\"lazy\" class=\"wp-embedded-content\" sandbox=\"allow-scripts\" security=\"restricted\" style=\"position: absolute; clip: rect(1px, 1px, 1px, 1px);\" title=\"&#8220;CORONAVIRUS: AGGIORNAMENTO NAZIONALE 26 SETTEMBRE&#8221; &#8212; Radio Pi\u00f9\" src=\"https:\/\/www.radiopiu.net\/wordpress\/coronavirus-aggiornamento-nazionale-26-settembre\/embed\/#?secret=Fte4EnlJQ5\" data-secret=\"Fte4EnlJQ5\" width=\"600\" height=\"338\" frameborder=\"0\" marginwidth=\"0\" marginheight=\"0\" scrolling=\"no\"><\/iframe><\/p>\n<p>&nbsp;<\/p>\n<hr \/>\n<p>&nbsp;<\/p>\n<blockquote class=\"wp-embedded-content\" data-secret=\"GGDBZQir5L\"><p><a href=\"https:\/\/www.radiopiu.net\/wordpress\/224-nuovi-positivi-in-veneto-nelle-ultime-24-ore-4-i-decessi-leggero-aumento-dei-ricoveri-e-117-negativizzati\/\">224 NUOVI POSITIVI IN VENETO NELLE ULTIME 24 ORE. 4 I DECESSI, LEGGERO AUMENTO DEI RICOVERI E 117 NEGATIVIZZATI<\/a><\/p><\/blockquote>\n<p><iframe loading=\"lazy\" class=\"wp-embedded-content\" sandbox=\"allow-scripts\" security=\"restricted\" style=\"position: absolute; clip: rect(1px, 1px, 1px, 1px);\" title=\"&#8220;224 NUOVI POSITIVI IN VENETO NELLE ULTIME 24 ORE. 4 I DECESSI, LEGGERO AUMENTO DEI RICOVERI E 117 NEGATIVIZZATI&#8221; &#8212; Radio Pi\u00f9\" src=\"https:\/\/www.radiopiu.net\/wordpress\/224-nuovi-positivi-in-veneto-nelle-ultime-24-ore-4-i-decessi-leggero-aumento-dei-ricoveri-e-117-negativizzati\/embed\/#?secret=GGDBZQir5L\" data-secret=\"GGDBZQir5L\" width=\"600\" height=\"338\" frameborder=\"0\" marginwidth=\"0\" marginheight=\"0\" scrolling=\"no\"><\/iframe><\/p>\n<p>I GRAFICI DI TIZIANO DE COL<\/p>\n<p><a class=\"dt-pswp-item\" href=\"https:\/\/www.radiopiu.net\/wordpress\/wp-content\/uploads\/2020\/09\/77aca203-9e9f-4f52-a07d-44b4c6ac81e3.jpg\" data-dt-img-description=\"\" data-large_image_width=\"480\" data-large_image_height=\"638\"><img loading=\"lazy\" decoding=\"async\" class=\"alignnone size-medium wp-image-162732\" src=\"https:\/\/www.radiopiu.net\/wordpress\/wp-content\/uploads\/2020\/09\/77aca203-9e9f-4f52-a07d-44b4c6ac81e3-226x300.jpg\" alt=\"\" width=\"226\" height=\"300\" srcset=\"https:\/\/www.radiopiu.net\/wordpress\/wp-content\/uploads\/2020\/09\/77aca203-9e9f-4f52-a07d-44b4c6ac81e3-226x300.jpg 226w, https:\/\/www.radiopiu.net\/wordpress\/wp-content\/uploads\/2020\/09\/77aca203-9e9f-4f52-a07d-44b4c6ac81e3-361x480.jpg 361w, https:\/\/www.radiopiu.net\/wordpress\/wp-content\/uploads\/2020\/09\/77aca203-9e9f-4f52-a07d-44b4c6ac81e3.jpg 480w\" sizes=\"auto, (max-width: 226px) 100vw, 226px\" \/><\/a><a class=\"dt-pswp-item\" href=\"https:\/\/www.radiopiu.net\/wordpress\/wp-content\/uploads\/2020\/09\/a5273cc4-990f-4f0f-bee7-f6e5b3b2c615.jpg\" data-dt-img-description=\"\" data-large_image_width=\"480\" data-large_image_height=\"334\"><img loading=\"lazy\" decoding=\"async\" class=\"alignnone size-medium wp-image-162731\" src=\"https:\/\/www.radiopiu.net\/wordpress\/wp-content\/uploads\/2020\/09\/a5273cc4-990f-4f0f-bee7-f6e5b3b2c615-300x209.jpg\" alt=\"\" width=\"300\" height=\"209\" srcset=\"https:\/\/www.radiopiu.net\/wordpress\/wp-content\/uploads\/2020\/09\/a5273cc4-990f-4f0f-bee7-f6e5b3b2c615-300x209.jpg 300w, https:\/\/www.radiopiu.net\/wordpress\/wp-content\/uploads\/2020\/09\/a5273cc4-990f-4f0f-bee7-f6e5b3b2c615.jpg 480w\" sizes=\"auto, (max-width: 300px) 100vw, 300px\" \/><\/a><\/p>\n<p>&nbsp;<\/p>\n<hr \/>\n<p>&nbsp;<\/p>\n<p><strong><span style=\"color: #ff0000;\">FOCOLAIO IN COMELICO, ALTRI 5 POSTIIVI. S&#8217;ALLARGA L&#8217;EPIDEMIA<\/span><\/strong><\/p>\n<blockquote>\n<h3>SONO 13 I NUOVI POSITIVI IN ULSS 1 DOLOMITI. 5 DAL FOCOLAIO DEL CADORE, 3 IN UNA FAMIGLIA E 2 DIPENDENTI DI UNA AZIENDA BELLUNESE<\/h3>\n<\/blockquote>\n<p><strong><a class=\"dt-pswp-item\" href=\"https:\/\/www.radiopiu.net\/wordpress\/wp-content\/uploads\/2020\/09\/corona-aggiornamenti-copia.jpg\" data-dt-img-description=\"\" data-large_image_width=\"626\" data-large_image_height=\"417\"><img loading=\"lazy\" decoding=\"async\" class=\"size-medium wp-image-158956 alignleft\" src=\"https:\/\/www.radiopiu.net\/wordpress\/wp-content\/uploads\/2020\/09\/corona-aggiornamenti-copia-300x200.jpg\" alt=\"\" width=\"300\" height=\"200\" srcset=\"https:\/\/www.radiopiu.net\/wordpress\/wp-content\/uploads\/2020\/09\/corona-aggiornamenti-copia-300x200.jpg 300w, https:\/\/www.radiopiu.net\/wordpress\/wp-content\/uploads\/2020\/09\/corona-aggiornamenti-copia.jpg 626w\" sizes=\"auto, (max-width: 300px) 100vw, 300px\" \/><\/a>BELLUNO\u00a0<\/strong>Le ultime ore di attivit\u00e0 laboratoristica hanno registrato 13 nuove positivit\u00e0:\u00a0tre a carico di un nucleo familiare gi\u00e0 preso in carico in quanto contatti di caso;\u00a0due dipendenti di una azienda del territorio individuati nell\u2019ambito del piano di prevenzione dell\u2019azienda stessa: isolati i due soggetti e quarantenati i contatti;\u00a0una ragazza residente in provincia individuata nell\u2019ambito dei controlli sui contatti di caso di un focolaio fuori provincia;\u00a0un uomo di rientro dalla Polonia;\u00a0un uomo contatto di caso positivo rientrato da altro stato (Ucraina);\u00a0cinque soggetti, contatto di caso afferenti al focolaio che interessa i Comuni di San Pietro e Santo Stefano di Cadore.\u00a0<strong>Focolaio Comuni di San Pietro e Santo Stefano di Cadore\u00a0<\/strong>Nell\u2019ambito del focolaio che interessa i due comuni del Comelico, \u00e8 stata rilevata la positivit\u00e0 di un\u2019alunna frequentante la scuola elementare di Santo Stefano, contatto di caso positivo familiare in isolamento da sabato scorso. Il Dipartimento di Prevenzione ha attivato il protocollo scuola, disponendo la quarantena dei compagni di classe della bambina e degli insegnanti della classe stessa.\u00a0 Questi soggetti, come da protocollo, saranno sottoposti a tampone.\u00a0Oltre a ci\u00f2, per massima precauzione e per approfondimento conoscitivo, sono stati programmati per domani mattina tamponi aggiuntivi per tutti gli altri alunni della scuola elementare di Santo Stefano di Cadore, nonch\u00e8 al personale scolastico. Particolare attenzione sar\u00e0 posta alla classe prima della scuola elementare che svolge alcune attivit\u00e0 interclasse con la classe quarta frequentata dalla bambina positiva.\u00a0Nella tarda serata di ieri, \u00e8 giunta fortunamente notizia che tutti i tamponi eseguiti tra i bambini e il personale della scuola materna di Campolongo, in seguito alla positivit\u00e0 di una maestra, sono risultati negativi. Pur tuttavia, sempre a scopo precauzionale e conoscitivo, domani saranno sottoposti a tampone tutti gli altri soggetti frequentanti questa scuola.\u00a0Si ricorda che domani sar\u00e0 effettuata, a scopo conoscitivo, \u00a0una prima indagine con tamponi anche su soggetti asintomatici e non in quarantena (quindi non contatti stretti dei positivi) appartenenti alle 7 classi di nascita pi\u00f9 rappresentate nella casistica relativa ai due contesti comunali (dal 1950 al 1954 a S. Pietro di Cadore; 1972-1973 in entrambi i comuni), in base all\u2019 analisi epidemiologica dei casi.\u00a0I cittadini residenti nei due comuni e appartenenti alle classi di et\u00e0 individuate, circa 300 persone, sono attesidomenica 27 settembre a Santo Stefano in Piazza Papa Luciani (localizzazione decisa dal Comune per ragioni logistiche) dalle 9.30 alle 12.30 per effettuare un tampone standard di controllo in modalit\u00e0 drive-in. Le persone dovranno presentarsi in auto munite di tessera sanitaria elettronica. Chiaramente non sono stati chiamati ad eseguire il test o soggetti gi\u00e0 isolati o quarantenati, per i quali sono attivi i percorsi di analitici personalizzati.\u00a0<strong>Tamponi per bambini, ragazzi e adulti sintomatici frequentanti la scuola\u00a0<\/strong>Ridotto, nella giornata odierna, l\u2019afflusso ai tamponi drive-in dei soggetti sintomatici frequentanti la scuola. Complessivamente sono stati eseguiti, in modo regolare ed ordinato, 83 tamponi a Belluno e 55 Feltre, per un totale di 138 tamponi. Si ricorda che i drive-in di Belluno e Feltre sono attivi anche oggi, con accesso libero, dalle 8.30 alle 12.30.\u00a0Da <strong>luned\u00ec 28 settembre<\/strong> opereranno per i tamponi per bambini, ragazzi e adulti frequentanti la scuola anche i drive-in di \u00a0Caprile e Tai di Cadore:\u00a0CAPRILE luned\u00ec, mercoled\u00ec, venerd\u00ec \u2013 dalle 17.00 alle 19.00:\u00a0TAI marted\u00ec, gioved\u00ec, sabato \u2013 dalle 17.00 alle 19.00.<\/p>\n<p>&nbsp;<\/p>\n<p>&nbsp;<\/p>\n<hr \/>\n<p>&nbsp;<\/p>\n<blockquote>\n<h3>OGGI\u00a0 SCREENING A SANTO STEFANO E SAN PIETRO DI CADORE<\/h3>\n<\/blockquote>\n<p><strong><a class=\"dt-pswp-item\" href=\"https:\/\/www.radiopiu.net\/wordpress\/wp-content\/uploads\/2020\/08\/TAMPONE.jpg\" data-dt-img-description=\"\" data-large_image_width=\"1920\" data-large_image_height=\"1280\"><img loading=\"lazy\" decoding=\"async\" class=\"size-medium wp-image-155278 alignleft\" src=\"https:\/\/www.radiopiu.net\/wordpress\/wp-content\/uploads\/2020\/08\/TAMPONE-300x200.jpg\" alt=\"\" width=\"300\" height=\"200\" srcset=\"https:\/\/www.radiopiu.net\/wordpress\/wp-content\/uploads\/2020\/08\/TAMPONE-300x200.jpg 300w, https:\/\/www.radiopiu.net\/wordpress\/wp-content\/uploads\/2020\/08\/TAMPONE-1024x683.jpg 1024w, https:\/\/www.radiopiu.net\/wordpress\/wp-content\/uploads\/2020\/08\/TAMPONE-768x512.jpg 768w, https:\/\/www.radiopiu.net\/wordpress\/wp-content\/uploads\/2020\/08\/TAMPONE-1536x1024.jpg 1536w, https:\/\/www.radiopiu.net\/wordpress\/wp-content\/uploads\/2020\/08\/TAMPONE.jpg 1920w\" sizes=\"auto, (max-width: 300px) 100vw, 300px\" \/><\/a>BELLUNO\u00a0<\/strong>L\u2019Ulss Dolomiti, in accordo con le amministrazioni comunali di Santo Stefano e San Pietro di Cadore,\u00a0 oggi eseguir\u00e0 un tampone di screening , a scopo conoscitivo, a due gruppi di cittadini individuati attraverso un\u2019analisi epidemiologica della casistica relativa alle positivit\u00e0 COVID. Nelle ultime due settimane, infatti, nei due comuni di San Pietro e Santo Stefano di Cadore, \u00e8 stata registrata dall\u2019unit\u00e0 di crisi del Dipartimento di Prevenzione dell\u2019Ulss Dolomiti, una crescente evidenza di positivit\u00e0 Covid. I casi sono generalmente paucisintomatici o asintomatici, con un&#8217;unica persona ricoverata in Malattie Infettive all\u2019ospedale di Belluno, affetta da importanti patologie di base. Per ciascun caso confermato sono state condotte tutte le azioni di sanit\u00e0 pubblica previste dal protocollo (<em>contact tracing<\/em>, misure contumaciali, provvedimenti su luoghi di aggregazione, ecc.).<\/p>\n<p>&nbsp;<\/p>\n<p>&nbsp;<\/p>\n<hr \/>\n<p>&nbsp;<\/p>\n<blockquote>\n<h3>CHIRURGIA BARIATRICA: NUOVE PROSPETTIVE PER LA CHIRURGIA DEL SANTA MARIA DEL PRATO<\/h3>\n<\/blockquote>\n<p><strong><a class=\"dt-pswp-item\" href=\"https:\/\/www.radiopiu.net\/wordpress\/wp-content\/uploads\/2020\/09\/ZAIA-FELTRE-SALA-OPERATORIA.jpg\" data-dt-img-description=\"\" data-large_image_width=\"2048\" data-large_image_height=\"1536\"><img loading=\"lazy\" decoding=\"async\" class=\"size-medium wp-image-162639 alignleft\" src=\"https:\/\/www.radiopiu.net\/wordpress\/wp-content\/uploads\/2020\/09\/ZAIA-FELTRE-SALA-OPERATORIA-300x225.jpg\" alt=\"\" width=\"300\" height=\"225\" srcset=\"https:\/\/www.radiopiu.net\/wordpress\/wp-content\/uploads\/2020\/09\/ZAIA-FELTRE-SALA-OPERATORIA-300x225.jpg 300w, https:\/\/www.radiopiu.net\/wordpress\/wp-content\/uploads\/2020\/09\/ZAIA-FELTRE-SALA-OPERATORIA-1024x768.jpg 1024w, https:\/\/www.radiopiu.net\/wordpress\/wp-content\/uploads\/2020\/09\/ZAIA-FELTRE-SALA-OPERATORIA-768x576.jpg 768w, https:\/\/www.radiopiu.net\/wordpress\/wp-content\/uploads\/2020\/09\/ZAIA-FELTRE-SALA-OPERATORIA-1536x1152.jpg 1536w, https:\/\/www.radiopiu.net\/wordpress\/wp-content\/uploads\/2020\/09\/ZAIA-FELTRE-SALA-OPERATORIA-640x480.jpg 640w, https:\/\/www.radiopiu.net\/wordpress\/wp-content\/uploads\/2020\/09\/ZAIA-FELTRE-SALA-OPERATORIA.jpg 2048w\" sizes=\"auto, (max-width: 300px) 100vw, 300px\" \/><\/a>FELTRE\u00a0<\/strong>Primo intervento di chirurgia bariatrica all\u2019Ospedale di Feltre. E\u2019 stato esgeuito con successo nelle scorse settimane dall\u2019\u00e8quipe del Santa Maria del Prato dopo aver messo a punto un percorso multidiscliplinare di terapia dell&#8217;obesit\u00e0.\u00a0<span lang=\"EN-US\">L\u2019obesit\u00e0 \u00e8 una delle patologie pi\u00f9 diffuse, al punto da essere considerata quasi un\u2019epidemia tra i paesi industrializzati e in quelli in fase di evoluzione tecnologica. I tassi di incidenza sono infatti in rapida crescita e raggiungono anche il 70% della popolazione adulta. L&#8217;obesit\u00e0 impatta per oltre 8 miliardi di euro\/anno in Italia per assistenza sanitaria e per inabilit\u00e0 al lavoro. \u00c8 riconosciuta come una malattia ad andamento cronico ed \u00e8 uno dei maggiori fattori determinanti in molte malattie non trasmissibili come il diabete mellito non insulino-dipendente e malattie coronariche, ma anche incrementa il rischio di disturbi biliari, di alcuni tipi di cancro, di disordini muscolo scheletrici e respiratori. <\/span><span lang=\"EN-US\">I problemi legati all&#8217;obesit\u00e0 non vanno sottovalutati: per esempio, sono in crescita I pazienti con patologie respiratorie legate all&#8217;obesit\u00e0 come le apnee notturne, legate all&#8217;incapacit\u00e0 dell&#8217;organismo di respirare &#8220;schiacciato dalla mole&#8221;.\u00a0<\/span>L\u2019opzione chirurgica si prende in considerazione in caso di\u00a0grave obesit\u00e0\u00a0ovvero nei casi contraddistinti da un BMI (rapporto peso\/altezza) maggiore di\u00a040 o quando l\u2019obesit\u00e0 \u00e8 accompagnata dalla presenza di altre patologie come ad esempio diabete, ipertensione, apnee notturne, gravi malattie osteo-articolari o cardiopatie importanti. La chirurgia bariatrica \u00e8 attualmente l\u2019unico mezzo terapeutico efficace a lungo termine nell\u2019indurre un calo ponderale soddisfacente e definitivo per il controllo o per la risoluzione, delle complicanze dell\u2019obesit\u00e0. La drastica perdita di peso conseguente ad un intervento di\u00a0chirurgia bariatrica\u00a0si accompagna infatti, nella maggior parte dei pazienti, alla normalizzazione della pressione arteriosa, alla diminuzione del rischio di coronaropatie, al miglioramento del\u00a0diabete, della\u00a0sindrome delle apnee notturne. L\u2019obiettivo della chirurgia dell\u2019obesit\u00e0 (detta anche chirurgia bariatrica) \u00e8 quindi non solo la riduzione ed il mantenimento del peso corporeo ma anche la prevenzione e il trattamento delle complicanze, e pi\u00f9 in generale il miglioramento della qualit\u00e0 della vita.\u00a0<span lang=\"EN-US\">Al Santa Maria del Prato, che pu\u00f2 contare sul nuovo e tecnologico blocco operatorio inaugurato e operativo dall\u2019estate, \u00e8 stato concretizzato un percorso multidisciplinare che vede la partecipazione attivata e coordinata di diversi speciliasti: dalla dietista alla endocrinologa e agli internisti, dal chirurgo allo pnuemologo e all\u2019anestesista per una presa in cura a tutto tondo delle problematiche legate all\u2019obesit\u00e0. <\/span><span lang=\"EN-US\">L&#8217;equip\u00e8 multidiscliplinare pu\u00f2 contare su una specialista endocrinologa, afferente al Dipartimento di area medica, Anna Altomari, con \u00a0un master in trattamento dell&#8217;obesit\u00e0.\u00a0<\/span>Il servzio di dietetica, inoltre, segue il paziente con un \u00a0iter dietetico specifico, gi\u00e0 alla comparsa dei primi disturbi legati all&#8217;obesit\u00e0 e lo accompagnamo in tutto il percorso di cura, compresa la gestione dopo la terapia chirurgica.\u00a0<span lang=\"EN-US\">\u00abAbbiamo recepito l&#8217;urgenza di dare una risposta concreta a questi pazienti, sempre pi\u00f9 numerosi nella nostra comunit\u00e0 e abbiamo messo in campo le nostre conoscenze di chirurgia del tratto gastroenterologico miniinvasivo\u00bb, spiega il chirurgo Federico Coppa, \u00abLa chirurgia bariatrica, infatti, si avale della chirurgia laparoscopica e grazie alla nostra disponibilit\u00e0 di tecnologia laparoscopica all&#8217;avanguardia, ci viene naturale eseguire queste procedure. Ovviamente nulla di tutto questo si potrebbe fare, se non ci fossero le competenze multispecialistiche che offre il nostro ospedale a partire dalla Rianimazione e terapia Intensiva\u00bb.<\/span><span lang=\"EN-US\"> Fondamentale, infatti, garantire la corretta gestione delle vie aeree per tutto il periodo peri-operatorio in questi pazienti cos\u00ec complessi.\u00a0<\/span>L\u2019avvio della chirrugia bariatrica rappresenta un\u2019innovazione e un investimento per la salute, che si \u00e8 potuta realizzare grazie alle competenze dei professionisti, al lavoro di squadra e alle disponibilit\u00e0 di alta tecnologia al servizio dei cittadini.<\/p>\n<p>&nbsp;<\/p>\n<p>&nbsp;<\/p>\n<p>&nbsp;<\/p>\n<p>&nbsp;<\/p>\n<hr \/>\n<p>&nbsp;<\/p>\n<blockquote>\n<h3>LO SKI COLLEGE VENETO DI FALCADE VUOLE CONTINUARE AD ALZARE L\u2019ASTICELLA<\/h3>\n<\/blockquote>\n<p><strong>FALCADE\u00a0<\/strong>\u00ab<em>Vogliamo continuare ad alzare l\u2019asticella e far s\u00ec che i nostri ragazzi possano raggiungere obbiettivi sempre pi\u00f9 ambiziosi sia nello sci sia nello studio<\/em>\u00bb. Cos\u00ec Luca Marchetto alla presentazione, sabato 26 settembre al PalaFalcade, della stagione 2020-2021 dello Ski College Veneto di Falcade, la struttura che presiede e che ospita oltre sessanta sciatori-atleti, provenienti da diverse regioni d\u2019Italia e impegnati nello snowboard, nello sci di fondo e nello sci alpino.\u00a0\u00ab<em>Abbiamo avuto, pur contenuto, un incremento di iscritti e questo non pu\u00f2 che farci piacere e renderci ancor pi\u00f9 consapevoli della bont\u00e0 della nostra proposta\u00bb ha sottolineato Marchetto che ha messo in evidenza pure come gli ottimi risultati ottenuti in ambito agonistico siano stati affiancati da altrettanto buoni riscontri in ambito scolastico. \u00abPer il futuro stiamo lavorando, insieme al comune di Falcade e all\u2019istituzione scolastica, per un ampliamento dell\u2019offerta formativa\u00bb ha aggiunto il presidente dello Ski College. \u00abPer la stagione 2020-2021 vogliamo confermare gli ottimi risultati che hanno caratterizzato le ultime annate, con l\u2019auspicio, naturalmente, che tutto possa svolgersi senza intoppi. Da parte nostra, ogni misura \u00e8 stata adottata per garantire la sicurezza.\u00a0 I ragazzi hanno iniziato a lavorare e stanno lavorando in maniera intensa, sotto la guida di uno staff tecnico preparato, motivato, appassionato<\/em>\u00bb.\u00a0Il positivo connubio tra sport e studio \u00e8 stato sottolineato anche dal presidente del comitato regionale veneto della Federazione italiana sport invernali, Roberto Bortoluzzi, dal sindaco di Falcade, Michele Costa, e da Claudio Magalini, dirigente scolastico del Follador-De Rossi, l\u2019istituto con il quale lo Ski College ha stretto da tempo una convenzione e che d\u00e0 la possibilit\u00e0 agli studenti &#8211; sciatori di scegliere tra istituto tecnico tecnologico, istituto tecnico economico, liceo scientifico, liceo scientifico sportivo e istituto professionale.\u00a0Diversi sono stati gli atleti premiati per i risultati della scorsa stagione. Per lo sci di fondo un riconoscimento \u00e8 andato ad Andrea Zorzi, junior azzurro di interesse nazionale, e a Elia Barp, medaglia di bronzo in staffetta alle Olimpiadi giovanili di Losanna, oltre che della Coppa Italia e di diversi titoli italiani della categoria Aspiranti.\u00a0Per lo snowboard \u00e8 stata premiata Isabel Murer, protagonista in Coppa Europa, mentre per lo skiroll Riccardo Munari, atleta entrato nella nazionale juniores. Due i ragazzi dello sci d\u2019erba: Gabriel Bonaldi e Nicol\u00f2 Pettini, entrambi nel gruppo azzurro osservati. Sei i premiati per lo sci alpino: Gianlorenzo Di Paolo, Aurora Zavatarelli, Alessandro Zanni, Federica Lani e Giovanni Franzoni.\u00a0Questa la composizione dello staff tecnico dello Ski College 2020-2021. Fondo: Omar Genuin. Snowboard. Maurizio Rudatis e Boris Del Negro. Alpino: Gianpietro Carli, Roberto Daniele, Simone Manfroi, Roberto Parissenti, Davide Raineri, Mattia Turra, Gilberto Xaiz. Preparatori atletici: Riccardo Marchetti e Davide Raineri.<\/p>\n\n\t\t\t<style type='text\/css'>\n\t\t\t\t#gallery-3 {\n\t\t\t\t\tmargin: auto;\n\t\t\t\t}\n\t\t\t\t#gallery-3 .gallery-item {\n\t\t\t\t\tfloat: left;\n\t\t\t\t\tmargin-top: 10px;\n\t\t\t\t\ttext-align: center;\n\t\t\t\t\twidth: 20%;\n\t\t\t\t}\n\t\t\t\t#gallery-3 img {\n\t\t\t\t\tborder: 2px solid #cfcfcf;\n\t\t\t\t}\n\t\t\t\t#gallery-3 .gallery-caption {\n\t\t\t\t\tmargin-left: 0;\n\t\t\t\t}\n\t\t\t\t\/* see gallery_shortcode() in wp-includes\/media.php *\/\n\t\t\t<\/style>\n\t\t<div id='gallery-3' class='dt-gallery-container gallery galleryid-162544 gallery-columns-5 gallery-size-thumbnail'><dl class='gallery-item'>\n\t\t\t\t<dt class='gallery-icon landscape'>\n\t\t\t\t\t<a class=\"rollover rollover-zoom dt-pswp-item\" title=\"ski college 2020-2021 - LA SQUADRA DI SCI FONDO - falcade 26 sett 2020\" data-dt-img-description=\"\" data-large_image_width=\"1200\" data-large_image_height=\"675\"href='https:\/\/www.radiopiu.net\/wordpress\/wp-content\/uploads\/2020\/09\/ski-college-2020-2021-LA-SQUADRA-DI-SCI-FONDO-falcade-26-sett-2020.jpg'><img loading=\"lazy\" decoding=\"async\" width=\"150\" height=\"150\" src=\"https:\/\/www.radiopiu.net\/wordpress\/wp-content\/uploads\/2020\/09\/ski-college-2020-2021-LA-SQUADRA-DI-SCI-FONDO-falcade-26-sett-2020-150x150.jpg\" class=\"attachment-thumbnail size-thumbnail\" alt=\"\" srcset=\"https:\/\/www.radiopiu.net\/wordpress\/wp-content\/uploads\/2020\/09\/ski-college-2020-2021-LA-SQUADRA-DI-SCI-FONDO-falcade-26-sett-2020-150x150.jpg 150w, https:\/\/www.radiopiu.net\/wordpress\/wp-content\/uploads\/2020\/09\/ski-college-2020-2021-LA-SQUADRA-DI-SCI-FONDO-falcade-26-sett-2020-125x125.jpg 125w, https:\/\/www.radiopiu.net\/wordpress\/wp-content\/uploads\/2020\/09\/ski-college-2020-2021-LA-SQUADRA-DI-SCI-FONDO-falcade-26-sett-2020-200x200.jpg 200w, https:\/\/www.radiopiu.net\/wordpress\/wp-content\/uploads\/2020\/09\/ski-college-2020-2021-LA-SQUADRA-DI-SCI-FONDO-falcade-26-sett-2020-80x80.jpg 80w\" sizes=\"auto, (max-width: 150px) 100vw, 150px\" \/><\/a>\n\t\t\t\t<\/dt><\/dl><dl class='gallery-item'>\n\t\t\t\t<dt class='gallery-icon landscape'>\n\t\t\t\t\t<a class=\"rollover rollover-zoom dt-pswp-item\" title=\"ski college 2020-2021 - LO STAFF TECNICO - falcade 26 sett 2020\" data-dt-img-description=\"\" data-large_image_width=\"1200\" data-large_image_height=\"675\"href='https:\/\/www.radiopiu.net\/wordpress\/wp-content\/uploads\/2020\/09\/ski-college-2020-2021-LO-STAFF-TECNICO-falcade-26-sett-2020.jpg'><img loading=\"lazy\" decoding=\"async\" width=\"150\" height=\"150\" src=\"https:\/\/www.radiopiu.net\/wordpress\/wp-content\/uploads\/2020\/09\/ski-college-2020-2021-LO-STAFF-TECNICO-falcade-26-sett-2020-150x150.jpg\" class=\"attachment-thumbnail size-thumbnail\" alt=\"\" srcset=\"https:\/\/www.radiopiu.net\/wordpress\/wp-content\/uploads\/2020\/09\/ski-college-2020-2021-LO-STAFF-TECNICO-falcade-26-sett-2020-150x150.jpg 150w, https:\/\/www.radiopiu.net\/wordpress\/wp-content\/uploads\/2020\/09\/ski-college-2020-2021-LO-STAFF-TECNICO-falcade-26-sett-2020-125x125.jpg 125w, https:\/\/www.radiopiu.net\/wordpress\/wp-content\/uploads\/2020\/09\/ski-college-2020-2021-LO-STAFF-TECNICO-falcade-26-sett-2020-200x200.jpg 200w, https:\/\/www.radiopiu.net\/wordpress\/wp-content\/uploads\/2020\/09\/ski-college-2020-2021-LO-STAFF-TECNICO-falcade-26-sett-2020-80x80.jpg 80w\" sizes=\"auto, (max-width: 150px) 100vw, 150px\" \/><\/a>\n\t\t\t\t<\/dt><\/dl><dl class='gallery-item'>\n\t\t\t\t<dt class='gallery-icon landscape'>\n\t\t\t\t\t<a class=\"rollover rollover-zoom dt-pswp-item\" title=\"ski college 2020-2021 - presentazione falcade 26 sett 2020\" data-dt-img-description=\"\" data-large_image_width=\"1200\" data-large_image_height=\"675\"href='https:\/\/www.radiopiu.net\/wordpress\/wp-content\/uploads\/2020\/09\/ski-college-2020-2021-presentazione-falcade-26-sett-2020.jpg'><img loading=\"lazy\" decoding=\"async\" width=\"150\" height=\"150\" src=\"https:\/\/www.radiopiu.net\/wordpress\/wp-content\/uploads\/2020\/09\/ski-college-2020-2021-presentazione-falcade-26-sett-2020-150x150.jpg\" class=\"attachment-thumbnail size-thumbnail\" alt=\"\" srcset=\"https:\/\/www.radiopiu.net\/wordpress\/wp-content\/uploads\/2020\/09\/ski-college-2020-2021-presentazione-falcade-26-sett-2020-150x150.jpg 150w, https:\/\/www.radiopiu.net\/wordpress\/wp-content\/uploads\/2020\/09\/ski-college-2020-2021-presentazione-falcade-26-sett-2020-125x125.jpg 125w, https:\/\/www.radiopiu.net\/wordpress\/wp-content\/uploads\/2020\/09\/ski-college-2020-2021-presentazione-falcade-26-sett-2020-200x200.jpg 200w, https:\/\/www.radiopiu.net\/wordpress\/wp-content\/uploads\/2020\/09\/ski-college-2020-2021-presentazione-falcade-26-sett-2020-80x80.jpg 80w\" sizes=\"auto, (max-width: 150px) 100vw, 150px\" \/><\/a>\n\t\t\t\t<\/dt><\/dl><dl class='gallery-item'>\n\t\t\t\t<dt class='gallery-icon landscape'>\n\t\t\t\t\t<a class=\"rollover rollover-zoom dt-pswp-item\" title=\"ski college 2020-2021 - UNA DELLE SQUADRE DELLO SCI ALPINO CATEGORIA GIOVANI - falcade 26 sett 2020\" data-dt-img-description=\"\" data-large_image_width=\"1200\" data-large_image_height=\"675\"href='https:\/\/www.radiopiu.net\/wordpress\/wp-content\/uploads\/2020\/09\/ski-college-2020-2021-UNA-DELLE-SQUADRE-DELLO-SCI-ALPINO-CATEGORIA-GIOVANI-falcade-26-sett-2020.jpg'><img loading=\"lazy\" decoding=\"async\" width=\"150\" height=\"150\" src=\"https:\/\/www.radiopiu.net\/wordpress\/wp-content\/uploads\/2020\/09\/ski-college-2020-2021-UNA-DELLE-SQUADRE-DELLO-SCI-ALPINO-CATEGORIA-GIOVANI-falcade-26-sett-2020-150x150.jpg\" class=\"attachment-thumbnail size-thumbnail\" alt=\"\" srcset=\"https:\/\/www.radiopiu.net\/wordpress\/wp-content\/uploads\/2020\/09\/ski-college-2020-2021-UNA-DELLE-SQUADRE-DELLO-SCI-ALPINO-CATEGORIA-GIOVANI-falcade-26-sett-2020-150x150.jpg 150w, https:\/\/www.radiopiu.net\/wordpress\/wp-content\/uploads\/2020\/09\/ski-college-2020-2021-UNA-DELLE-SQUADRE-DELLO-SCI-ALPINO-CATEGORIA-GIOVANI-falcade-26-sett-2020-125x125.jpg 125w, https:\/\/www.radiopiu.net\/wordpress\/wp-content\/uploads\/2020\/09\/ski-college-2020-2021-UNA-DELLE-SQUADRE-DELLO-SCI-ALPINO-CATEGORIA-GIOVANI-falcade-26-sett-2020-200x200.jpg 200w, https:\/\/www.radiopiu.net\/wordpress\/wp-content\/uploads\/2020\/09\/ski-college-2020-2021-UNA-DELLE-SQUADRE-DELLO-SCI-ALPINO-CATEGORIA-GIOVANI-falcade-26-sett-2020-80x80.jpg 80w\" sizes=\"auto, (max-width: 150px) 100vw, 150px\" \/><\/a>\n\t\t\t\t<\/dt><\/dl><dl class='gallery-item'>\n\t\t\t\t<dt class='gallery-icon landscape'>\n\t\t\t\t\t<a class=\"rollover rollover-zoom dt-pswp-item\" title=\"ski college 2020-2021 -IL PRESIDENTE SKI COLLEGE LUCA MARCHETTO- falcade 26 sett 2020\" data-dt-img-description=\"\" data-large_image_width=\"1200\" data-large_image_height=\"800\"href='https:\/\/www.radiopiu.net\/wordpress\/wp-content\/uploads\/2020\/09\/ski-college-2020-2021-IL-PRESIDENTE-SKI-COLLEGE-LUCA-MARCHETTO-falcade-26-sett-2020.jpg'><img loading=\"lazy\" decoding=\"async\" width=\"150\" height=\"150\" src=\"https:\/\/www.radiopiu.net\/wordpress\/wp-content\/uploads\/2020\/09\/ski-college-2020-2021-IL-PRESIDENTE-SKI-COLLEGE-LUCA-MARCHETTO-falcade-26-sett-2020-150x150.jpg\" class=\"attachment-thumbnail size-thumbnail\" alt=\"\" srcset=\"https:\/\/www.radiopiu.net\/wordpress\/wp-content\/uploads\/2020\/09\/ski-college-2020-2021-IL-PRESIDENTE-SKI-COLLEGE-LUCA-MARCHETTO-falcade-26-sett-2020-150x150.jpg 150w, https:\/\/www.radiopiu.net\/wordpress\/wp-content\/uploads\/2020\/09\/ski-college-2020-2021-IL-PRESIDENTE-SKI-COLLEGE-LUCA-MARCHETTO-falcade-26-sett-2020-125x125.jpg 125w, https:\/\/www.radiopiu.net\/wordpress\/wp-content\/uploads\/2020\/09\/ski-college-2020-2021-IL-PRESIDENTE-SKI-COLLEGE-LUCA-MARCHETTO-falcade-26-sett-2020-200x200.jpg 200w, https:\/\/www.radiopiu.net\/wordpress\/wp-content\/uploads\/2020\/09\/ski-college-2020-2021-IL-PRESIDENTE-SKI-COLLEGE-LUCA-MARCHETTO-falcade-26-sett-2020-80x80.jpg 80w\" sizes=\"auto, (max-width: 150px) 100vw, 150px\" \/><\/a>\n\t\t\t\t<\/dt><\/dl><br style=\"clear: both\" \/>\n\t\t\t<\/div>\n\n<p>&nbsp;<\/p>\n<p>&nbsp;<\/p>\n<hr \/>\n<p>&nbsp;<\/p>\n<blockquote>\n<h3>DILLO A RADIO PI\u00d9&#8230;LA ROTONDA IN VIA VITTORIO VENETO A BELLUNO<\/h3>\n<\/blockquote>\n<p><strong><a class=\"dt-pswp-item\" href=\"https:\/\/www.radiopiu.net\/wordpress\/wp-content\/uploads\/2020\/09\/Schermata-2020-09-26-alle-14.11.05.png\" data-dt-img-description=\"\" data-large_image_width=\"1302\" data-large_image_height=\"1304\"><img loading=\"lazy\" decoding=\"async\" class=\"size-medium wp-image-162659 alignleft\" src=\"https:\/\/www.radiopiu.net\/wordpress\/wp-content\/uploads\/2020\/09\/Schermata-2020-09-26-alle-14.11.05-300x300.png\" alt=\"\" width=\"300\" height=\"300\" srcset=\"https:\/\/www.radiopiu.net\/wordpress\/wp-content\/uploads\/2020\/09\/Schermata-2020-09-26-alle-14.11.05-300x300.png 300w, https:\/\/www.radiopiu.net\/wordpress\/wp-content\/uploads\/2020\/09\/Schermata-2020-09-26-alle-14.11.05-1022x1024.png 1022w, https:\/\/www.radiopiu.net\/wordpress\/wp-content\/uploads\/2020\/09\/Schermata-2020-09-26-alle-14.11.05-150x150.png 150w, https:\/\/www.radiopiu.net\/wordpress\/wp-content\/uploads\/2020\/09\/Schermata-2020-09-26-alle-14.11.05-768x769.png 768w, https:\/\/www.radiopiu.net\/wordpress\/wp-content\/uploads\/2020\/09\/Schermata-2020-09-26-alle-14.11.05-125x125.png 125w, https:\/\/www.radiopiu.net\/wordpress\/wp-content\/uploads\/2020\/09\/Schermata-2020-09-26-alle-14.11.05-200x200.png 200w, https:\/\/www.radiopiu.net\/wordpress\/wp-content\/uploads\/2020\/09\/Schermata-2020-09-26-alle-14.11.05-80x80.png 80w, https:\/\/www.radiopiu.net\/wordpress\/wp-content\/uploads\/2020\/09\/Schermata-2020-09-26-alle-14.11.05-479x480.png 479w, https:\/\/www.radiopiu.net\/wordpress\/wp-content\/uploads\/2020\/09\/Schermata-2020-09-26-alle-14.11.05.png 1302w\" sizes=\"auto, (max-width: 300px) 100vw, 300px\" \/><\/a>BELLUNO<\/strong> Riceviamo e volentieri pubblichiamo una lettera riguardante la rotonda Via Vittori Veneto a Belluno<\/p>\n<blockquote><p><em><strong>LA LETTERA<\/strong><\/em><\/p>\n<p>La rotonda in corso di realizzazione\u00a0 lungo la via Vittorio Veneto, viene presentata alla citt\u00e0 di Belluno come un intervento di riqualificazione &#8220;compensativa\u201d . Nello specifico, vuole essere un intervento di: \u201c&#8230;<em>miglioramento della segnalazione e riqualificazione dei passaggi pedonali, abbattimento delle barriere architettoniche, riqualificazione delle fermate dei bus, rifacimento delle pavimentazioni dei marciapiedi<\/em>.\u201d Detta rotatoria, viene a collocarsi su di un trafficatissimo asse viario nei pressi di un luogo, destinato ad accogliere una nuova attivit\u00e0 economica. In soldoni, un ennesimo centro commerciale.\u00a0L&#8217;esigenza della modifica stradale, si rende necessaria per agevolare la circolazione in loco, a causa di un prevedibile incremento di traffico automobilistico.\u00a0A giudicare da come stanno andando le cose, forse, questo progetto per effetto della pandemia o per un difetto di trasparenza, finora,\u00a0 non deve essere stato molto attenzionato. Lo stesso autore del monumento in piazza De Luca, solo ora, a lavori avanzati, si accorge del colpo di spugna che \u00e8 stato dato alla sua opera. Per la verit\u00e0, il Comune di Belluno non \u00e8 nuovo di azioni come questa. Aveva gi\u00e0 dato segno di stancarsi presto delle opere d\u2019arte che commissiona, e i cittadini lo lasciano fare. Circa un decennio fa, ricordo, l&#8217;opera di Arnaldo Pomodoro, \u201cNovecento\u201d, \u00e8 stata acquistata e poi venduta, senza che alcuno se ne dolesse o battesse ciglio. <em>\u00a0Ora ci risiamo ancora, spiana la \u201cfirmata\u201d opera, stranamente trascurata, di piazza De Luca e dei suoi alberi che l\u2019adornavano. Forse, cancellando anche la segnalazione di uno dei 22 punti geodetici, parte dell&#8217;intera rete plano-altimetrica nazionale (<\/em>13.000 punti in tutto, dell&#8217;attuale rete viaria italiana). Nella premessa progettuale di questo intervento, che modifica pesantemente la destinazione dei luoghi, si accosta al progetto una reclamizzata messa in sicurezza. Il che fa pensare a chiss\u00e0 quale \u201cpericolo\u201d da scongiurare.\u00a0Il timore che si legge, per\u00f2, nei principi della riqualificazione invocata, sembra riconducibile alle previsioni d\u2019incremento della\u00a0 mobilit\u00e0 urbana in prossimit\u00e0 dell\u2019area da trasformare. Se tale era\u00a0 la preoccupazione, non si capisce perch\u00e9 si \u00e8 consentito un ulteriore insediamento commerciale che sappiamo letale per il mantenimento degli esercizi di vicinato, da sostenere (&#8220;a parole&#8221;). Non a caso\u00a0 nello studio della progettazione non si coglie un qualche accenno al bisogno di un piano commerciale per tutto l\u2019hinterland bellunese.\u00a0Una scelta politica non certo favorevole per un territorio come quello di Belluno, gi\u00e0 penalizzato perch\u00e9 insieme di piccoli nuclei abitati che avrebbero necessit\u00e0 di una \u201cricucitura\u201d urbana. E non \u00e8 solo questo che peggiorer\u00e0 i dintorni dell\u2019ex piazza De Luca. Forse non si \u00e8 pensato che il rallentamento dei mezzi meccanici in movimento, far\u00e0 aumentare anche l\u2019inquinamento atmosferico. Come minimo, il progetto di rotatoria, si doveva anzitutto preoccupare, con una attenta analisi dei flussi di traffico del luogo, di conoscere i livelli di CO<sub>2<\/sub> e di polveri sottili (PM 2.5 e PM 10). I cui valori, quasi sicuramente, avrebbero scoraggiato la scelta che si sta attuando.\u00a0La stampa \u00e8 l&#8217;unica fonte che ha informato la cittadinanza di questa invasiva trasformazione. Nonostante tutto il tempo passato dal primo annuncio, non c\u2019\u00e8 stata alcuna lamentela. La solita <em>impugnativa <\/em>che non manca nelle varianti urbanistiche con qualche osservazione e\/o opposizione previsti al momento della pubblicazione ufficiale, \u00e8 mancata. Ed \u00e8 mancato anche uno dei soliti ricorsi al TAR. Tutto \u00e8 andato liscio a parte qualche \u201crumor\u201d sulla temuta perdita dei parcheggi auto.\u00a0Altra osservazione di natura urbanistica che va fatta a questa modifica della viabilit\u00e0 in\u00a0 via Vittorio Veneto, se soffermiamo l\u2019attenzione allo \u201csmontaggio\u201d di un\u2019alberata e una ben attrezzata piazza, con monumento realizzato dall\u2019arch. Francesco Palma, che poteva piacere o meno ma era pur sempre un opera intellettuale che non pu\u00f2 e non doveva essere cancellata per fare posto ad un incrocio stradale senz\u2019anima.\u00a0Poi, se si vogliono ancora approfondire i motivi squisitamente urbanistici, in concreto, non pu\u00f2 essere trascurata la leggerezza con cui si \u00e8 deciso di abbattere le otto essenze arboree mature che ombreggiavano la zona e compensavano, questi s\u00ec, i luoghi con la loro restituzione di ossigeno che attenua le emissioni di anidride carbonica.\u00a0Infine, qualche ulteriore dubbio su questa \u201criqualificazione\u201d nasce riflettendo sugli spazi qualificati e gi\u00e0 vissuti\u00a0 del precedente progetto, che la legge sancisce come standard residenziali, barattati per un traffico automobilistico che non migliorer\u00e0 la componente residenziale degli abitanti di quella zona.\u00a0Un ulteriore semplice richiamo alla riflessione pu\u00f2 ancora essere fatto su verde e spazi pubblici sacrificati, nonostante la loro legittima allocazione di progetto a norma della\u00a0 legge nazionale (D.I. 1444\/68) sugli standard residenziali.\u00a0E&#8217; lecito chiedersi a questo punto, se quella che si sta attuando nella, ora, ex piazza\u00a0 De Luca \u00e8 riqualificazione e se la Corte dei Conti, definita \u201c<em>come garante imparziale dell&#8217;equilibrio dell&#8217;economia e della finanza pubblica<\/em>\u201d, pu\u00f2 permettere l\u2019alienazione di un ambiente urbano definito, come quello di cui stiamo parlando, di propriet\u00e0 pubblica, mediante una discutibile trasformazione.<\/p>\n<p>Giuseppe Cancemi<\/p><\/blockquote>\n<p>&nbsp;<\/p>\n<p>&nbsp;<\/p>\n<hr \/>\n<p>&nbsp;<\/p>\n<blockquote>\n<h3>GRANDE PARTECIPAZIONE E TOTALE ADESIONE AL GREEN DEAL CADORE 2030 NELLA PRIMA PRESENTAZIONE PUBBLICA<\/h3>\n<\/blockquote>\n<p><strong>PIEVE DI CADORE\u00a0<\/strong>La prima uscita pubblica, venerd\u00ec pomeriggio pur dedicata ai portatori d&#8217;interesse della provincia di Belluno, \u00e8 stata un successo. Un successo di partecipazione ma anche di adesione al Green Deal Cadore 2030, il progetto che la Magnifica Comunit\u00e0 mette in campo per disegnare il futuro del territorio con un occhio di riguardo ai giovani. Sindaci e rappresentanti istituzionali ma anche vertici delle associazioni di categoria, del mondo del volontariato, di quello economico; la sala Cosmo ha faticato a contenere i tanti presenti che hanno seguito ben due ore di interventi. Dalla relazione introduttiva del presidente Renzo Bortolot ai plausi dei presenti il leitmotiv \u00e8 stato uno solo: questo pu\u00f2 diventare un progetto esportabile in altre realt\u00e0 bellunesi. Il Cadore lancia il sasso, altri territori siano pronti a raccoglierlo. Il presidente della Provincia Roberto Padrin: \u201cQuesta \u00e8 un&#8217;ottima iniziativa, ma dobbiamo abbandonare i campanili, mai come in questo momento c&#8217;\u00e8 bisogno di un progetto di area e questo pu\u00f2 essere un progetto pilota molto importante, molto interessante pensando soprattutto ai nostri giovani; tutti assieme ora dobbiamo cercare di valorizzarlo e finanziarlo, servono risorse e credo che mai come in questa fase storica come provincia di Belluno siamo pieni di soldi. Abbiamo una situazione legata ai grandi eventi sportivi che ci permetter\u00e0 di avere risorse che non abbiamo mai avuto. Giochiamoci questa partita perch\u00e8 finite le Olimpiadi per 30, 40 anni non avremmo pi\u00f9 possibilit\u00e0 di investire\u201d. Nuovo Patto per il Cadore \u00e8 il progetto che per un pomeriggio ha eletto Pieve capitale della riscossa di un territorio, progetto che ha l\u2019aspirazione di immaginare e costruire il Cadore da qui a dieci anni, nella consapevolezza che, proprio in questo tempo di crisi, \u00e8 necessario avere una visione condivisa del futuro possibile nel segno della sostenibilit\u00e0.\u00a0Il presidente della Magnifica Comunit\u00e0 Renzo Bortolot: \u201cL&#8217;obiettivo \u00e8 il rilancio del Cadore come territorio altamente sostenibile e in questo non dobbiamo imparare niente da nessuno. Ma dobbiamo fare squadra per riprendere un cammino insieme. Questo \u00e8 il momento in cui presentiamo il percorso per chiedere le adesioni, siamo convinti che solo insieme riusciremo a dare una svolta a questo territorio\u201d. Il conforto, in cifre, su come il Cadore stia tenendo nonostante anni tanto difficili \u00e8 arrivato dal Romano Tiozzo segretario generale della camera di Commercio Treviso Belluno Dolomiti: \u201cNell&#8217;analisi degli ultimi cinque anni questa comunit\u00e0 tiene abbastanza, complessivamente il tasso di mortalit\u00e0 delle aziende \u00e8 attorno al 3% che se confrontato con altri territori analoghi non preoccupa. L&#8217;agricoltura tiene bene, anzi cresce, il settore delle costruzioni \u00e8 il pi\u00f9 sofferente, 66 le imprese perse; il turismo lancia segnali positivi con qualche nuova attivit\u00e0. Scenario che mi fa dire come nonostante le difficolt\u00e0, e i tanti problemi, la volont\u00e0 di fare impresa c&#8217;\u00e8\u201d. Avanti dunque, prossima tappa a novembre.<\/p>\n<p>&nbsp;<\/p>\n<p>&nbsp;<\/p>\n<hr \/>\n<p>&nbsp;<\/p>\n<blockquote>\n<h3>CAUSA COVID, RISCHIAMO UN BOOM DI LAVORATORI IN NERO. NEL VENETO GLI \u201cINVISIBILI\u201d ATTUALMENTE SUPERANO LE 206 MILA UNITA\u2019<\/h3>\n<\/blockquote>\n<p><a class=\"dt-pswp-item\" href=\"https:\/\/www.radiopiu.net\/wordpress\/wp-content\/uploads\/2020\/09\/Schermata-2020-09-26-alle-12.16.27.png\" data-dt-img-description=\"\" data-large_image_width=\"900\" data-large_image_height=\"1604\"><img loading=\"lazy\" decoding=\"async\" class=\"alignleft size-medium wp-image-162644\" src=\"https:\/\/www.radiopiu.net\/wordpress\/wp-content\/uploads\/2020\/09\/Schermata-2020-09-26-alle-12.16.27-168x300.png\" alt=\"\" width=\"168\" height=\"300\" srcset=\"https:\/\/www.radiopiu.net\/wordpress\/wp-content\/uploads\/2020\/09\/Schermata-2020-09-26-alle-12.16.27-168x300.png 168w, https:\/\/www.radiopiu.net\/wordpress\/wp-content\/uploads\/2020\/09\/Schermata-2020-09-26-alle-12.16.27-575x1024.png 575w, https:\/\/www.radiopiu.net\/wordpress\/wp-content\/uploads\/2020\/09\/Schermata-2020-09-26-alle-12.16.27-768x1369.png 768w, https:\/\/www.radiopiu.net\/wordpress\/wp-content\/uploads\/2020\/09\/Schermata-2020-09-26-alle-12.16.27-862x1536.png 862w, https:\/\/www.radiopiu.net\/wordpress\/wp-content\/uploads\/2020\/09\/Schermata-2020-09-26-alle-12.16.27-269x480.png 269w, https:\/\/www.radiopiu.net\/wordpress\/wp-content\/uploads\/2020\/09\/Schermata-2020-09-26-alle-12.16.27.png 900w\" sizes=\"auto, (max-width: 168px) 100vw, 168px\" \/><\/a>La crisi determinata dall\u2019emergenza sanitaria potrebbe far \u201cesplodere\u201d l\u2019esercito degli abusivi e dei lavoratori in nero presenti in Italia. Stando alle previsioni dell\u2019Istat, infatti, entro la fine di quest\u2019anno circa 3,6 milioni di addetti rischiano di perdere il posto di lavoro .<\/p>\n<p>Sebbene sia difficile prevedere quante persone perderanno il posto di lavoro nel Veneto, non \u00e8 da escludere che nella nostra regione altri 200-250 mila lavoratori saranno espulsi dal mercato del lavoro entro la fine di quest\u2019anno.<\/p>\n<p>Auspicando che la dimensione del numero degli esuberi sia decisamente inferiore a quella a rischio, l\u2019Ufficio studi della CGIA ipotizza che una parte di questi nuovi disoccupati verr\u00e0 sicuramente \u201cassorbita\u201d dall\u2019economia sommersa. Non saranno pochi, infatti, coloro che, dopo aver perso il posto in fabbrica o in ufficio, si rimboccheranno le maniche in qualsiasi modo, anche ricorrendo al lavoro in nero.<\/p>\n<p>Stiamo parlando di quelle persone che non riuscendo a trovare una nuova occupazione accetteranno un posto di lavoro irregolare o si improvviseranno come abusivi. Grazie a questa scelta riusciranno a percepire qualche centinaia di euro alla settimana; pagati poco e in contanti, tutto ci\u00f2 avverr\u00e0 in nero e senza alcun versamento di imposte, contributi previdenziali e assicurativi.<\/p>\n<p>Oltre alla probabilissima espansione del lavoro irregolare, la situazione di difficolt\u00e0 economica in cui versa il Paese sembra non essere avvertita dalle forze politiche e in generale dall\u2019opinione pubblica. Anche in Veneto, il confronto tra le statistiche non lascia presagire nulla di buono. Afferma il coordinatore dell\u2019Ufficio studi Paolo Zabeo:<\/p>\n<p>\u201cNel 2009, che viene ricordato come l\u2019annus horribilis anche dell\u2019economia veneta degli ultimi 75 anni, il Pil della nostra regione scese del 5 per cento e la disoccupazione nel nostro territorio nel giro di qualche anno pass\u00f2 dal 3,5 al 7 per cento. Quest\u2019anno, invece, se le cose andranno bene la contrazione del Pil veneto sar\u00e0 di oltre il 10 per cento: una riduzione doppia rispetto a quella registrata 11 anni fa. Alla luce di ci\u00f2, \u00e8 molto probabile, dal momento in cui verranno meno la Cig introdotta nel periodo Covid e il blocco dei licenziamenti, che il tasso di disoccupazione assumer\u00e0 dimensioni molto preoccupanti. Secondo le previsioni di Prometeia, ad esempio, nel 2021 potrebbe salire all\u20198 per cento\u201d.<\/p>\n<p>Come dicevamo, ad \u201cammortizzare\u201d una parte dei posti di lavoro persi a causa dell\u2019emergenza sanitaria ci penser\u00e0 l\u2019economia sommersa. Gli ultimi dati disponibili ci dicono che in Italia ci sono oltre 3,3 milioni di occupati, il tasso di irregolarit\u00e0 \u00e8 del 13,1 per cento e tutte queste persone producono un valore aggiunto in nero di 78,7 miliardi di euro.<\/p>\n<p>Nel Veneto, fortunatamente, questa piaga sociale ed economica ha dimensioni molto contenute. A fronte di una stima di 206.400 lavoratori in nero, il tasso di irregolarit\u00e0 \u00e8 del 9,1 per cento e il valore aggiunto generato dall\u2019economia sommersa ammonta a 5,6 miliardi di euro all\u2019anno.<\/p>\n<p><strong>Tasse, burocrazia e disoccupazione creano le condizioni per la diffusione del lavoro nero<\/strong><br \/>\n\u201cCon troppe tasse, un sistema burocratico e normativo eccessivamente oppressivo e tanta disoccupazione \u2013 segnala il segretario della CGIA Renato Mason &#8211;\u00a0 l\u2019economia irregolare ha trovato un habitat ideale per diffondersi, soprattutto in alcune aree del Paese. Inoltre, chi opera completamente o parzialmente in nero fa concorrenza sleale, altera i pi\u00f9 elementari princ\u00ecpi di democrazia economica nei confronti di chi lavora alla luce del sole ed \u00e8 costretto a pagare le imposte e i contributi fino all\u2019ultimo centesimo.\u00a0 Anche per questo \u00e8 necessario che l\u2019esercizio abusivo delle professioni artigianali vada contrastato e perseguito\u201d.<\/p>\n<p>Come si \u00e8 detto, a rimetterci non sono solo le casse dell\u2019erario e dell\u2019Inps, ma anche le tantissime attivit\u00e0 produttive e dei servizi, le imprese artigianali\u00a0 e quelle commerciali che, spesso, subiscono la concorrenza sleale di questi soggetti.<\/p>\n<p>I lavoratori in nero, infatti, non essendo sottoposti ai contributi previdenziali, a quelli assicurativi e a quelli fiscali consentono alle imprese dove prestano servizio \u2013 o a loro stessi, se operano sul mercato come falsi lavoratori autonomi \u2013 di beneficiare di un costo del lavoro molto inferiore e, conseguentemente, di praticare un prezzo finale del prodotto\/servizio\u00a0 molto contenuto. Condizioni, ovviamente, che chi rispetta le disposizioni previste dalla legge non \u00e8 in grado di offrire. Altres\u00ec, non vanno nemmeno sottovalutate le condizioni lavorative a cui sono sottoposti gli irregolari: spesso a queste persone vengono negate le pi\u00f9 elementari tutele previste dalla legge e in queste condizioni lavorative, gli incidenti e le malattie professionali rischiano di essere molto frequenti.<br \/>\nRicordiamo che questo esercito di \u201cinvisibili\u201d ogni giorno si reca nei campi, nei cantieri edili, nelle fabbriche o nelle abitazioni per prestare la propria attivit\u00e0 lavorativa. Pur essendo sconosciuti all\u2019Inps, all\u2019Inail e al fisco, gli effetti economici negativi che originano questi soggetti sono importanti. Nel Veneto, come dicevamo, sono 206.400 le persone &#8211; costituite prevalentemente da lavoratori dipendenti che fanno il secondo\/terzo lavoro, da cassaintegrati o pensionati che arrotondano le magre entrate o da disoccupati che in attesa di rientrare nel mercato del lavoro \u2013 che sopravvivono grazie ai proventi riconducibili a un\u2019attivit\u00e0 irregolare.<\/p>\n<p><strong>Campania, Calabria e Sicilia sono le realt\u00e0 dove il lavoro nero \u00e8 pi\u00f9 diffuso; oasi felici Aosta, Veneto e Bolzano<\/strong><br \/>\nA livello territoriale sono le regioni del Mezzogiorno ad essere maggiormente interessate dall\u2019abusivismo e dal lavoro nero. Secondo l\u2019 ultima stima redatta dell\u2019Istat e relativa al 1\u00b0 gennaio 2018, in Calabria il tasso di irregolarit\u00e0 \u00e8 pari al 21,6 per cento (136.400 irregolari), in Campania al 19,8 per cento (370.900 lavoratori in nero), in Sicilia al 19,4 per cento (296.300), in Puglia al 16,6 per cento (229.200) e nel Lazio al 15,9 per cento (428.200). La media nazionale \u00e8 pari al 13,1 per cento.<\/p>\n<p>Le situazioni pi\u00f9 virtuose, come sottolineavamo pi\u00f9 sopra, si registrano nel Nordest. Se in Emilia Romagna il tasso di irregolarit\u00e0 \u00e8 al 10,1 per cento (216.200 irregolari), in Valle d\u2019Aosta \u00e8 al 9,3 per cento (5.700), in Veneto al 9,1 per cento (206.400) e nella Provincia autonoma di Bolzano si attesta al 9 per cento (26.400) (vedi Tab. 1).<\/p>\n<p>&nbsp;<\/p>\n<p>&nbsp;<\/p>\n<hr \/>\n<p>&nbsp;<\/p>\n<blockquote>\n<h3>CORSO DI COMPUTER ALLO SPI CGIL DI FELTRE<\/h3>\n<\/blockquote>\n<p><strong>FELTRE\u00a0<\/strong>Torna anche quest\u2019anno il corso di computer per le pensionate e i pensionati. Quest\u2019anno con le modalit\u00e0 di distanziamento.\u00a0In una nuova sede a Feltre,\u00a0sempre in piazza Parmeggiani\u00a0ma al civico 15.\u00a0Tutti coloro che vogliono avere una dimestichezza maggiore con la tecnologia informatica possono iscriversi al corso base per l\u2019utilizzo di computer e cellulari smart.\u00a0Partecipare ad un corso di computer vuol dire avere aggiornamenti sul mondo informatico, un mondo fantastico che magari non sentiamo tanto vicino, ma che, alla fine delle lezioni,\u00a0potremo apprezzarne la conoscenza per l&#8217;utilizzo nella nostra vita quotidiana.\u00a0Le iscrizioni sono aperte.\u00a0 Il corso inizia il 7 ottobre 2020.\u00a0Le lezioni settimanali si svolgono il pomeriggio di mercoled\u00ec dalle 15 alle 17.\u00a0Per info e iscrizioni chiamare il 347 277 1980<\/p>\n<p>&nbsp;<\/p>\n<p>&nbsp;<\/p>\n<hr \/>\n<p>&nbsp;<\/p>\n<blockquote>\n<h3>CONCORSO PUBBLICO A ROCCA PIETORE PER COLLABORATORE A TEMPO INDETERMINATO<\/h3>\n<\/blockquote>\n<p><strong>ROCCA PIETORE<\/strong> ll Comune ha indetto un concorso pubblico per esami per la copertura, a tempo indeterminato e a tempo pieno, di\u00a0un posto di Collaboratore Professionale\u2013Conduttore di macchine\u00a0operatrici complesse \u2013 addetto al trasporto scolastico, ai servizi manutentivi e cimiteriali. Le domande di partecipazione dovranno pervenire al Comune di Rocca Pietore. \u00a0Per informazioni \u00e8 possibile rivolgersi ai seguenti recapiti: telefono 0437.721178; posta elettronica: segretario.rocca@agordino.bl.it<\/p>\n<p>&nbsp;<\/p>\n<p>&nbsp;<\/p>\n<p>&nbsp;<\/p>\n<hr \/>\n<p>&nbsp;<\/p>\n<p><a class=\"dt-pswp-item\" href=\"https:\/\/www.radiopiu.net\/wordpress\/wp-content\/uploads\/2018\/09\/appuntamenti.jpeg\" data-dt-img-description=\"\" data-large_image_width=\"800\" data-large_image_height=\"100\"><img loading=\"lazy\" decoding=\"async\" class=\"aligncenter wp-image-61958 size-full\" src=\"https:\/\/www.radiopiu.net\/wordpress\/wp-content\/uploads\/2018\/09\/appuntamenti.jpeg\" alt=\"\" width=\"800\" height=\"100\" srcset=\"https:\/\/www.radiopiu.net\/wordpress\/wp-content\/uploads\/2018\/09\/appuntamenti.jpeg 800w, https:\/\/www.radiopiu.net\/wordpress\/wp-content\/uploads\/2018\/09\/appuntamenti-300x38.jpeg 300w, https:\/\/www.radiopiu.net\/wordpress\/wp-content\/uploads\/2018\/09\/appuntamenti-768x96.jpeg 768w\" sizes=\"auto, (max-width: 800px) 100vw, 800px\" \/><\/a><\/p>\n<p>&nbsp;<\/p>\n<p>&nbsp;<\/p>\n<blockquote>\n<h3>CORSO DI GINNASTICA POSTURALE A CANALE D&#8217;AGORDO<\/h3>\n<\/blockquote>\n<p><strong>CANALE D&#8217;AGORDO<\/strong> L&#8217;associazione Pro Loco di Canale D&#8217;Agordo organizza per questo autunno il corso di ginnastica postulare con la fisioterapista Silvana Andrich. 8 lezioni a partire da luned\u00ec 5 ottobre, dal luned\u00ec al venerd\u00ec dalle 17:30 alle 19:30. Per informazioni o iscrizioni telefonare allo 0437 1948030 (venerd\u00ec, sabato domenica e festivi dalle 9 alle 12 e dalle 15 alle 18) oppure 331 1248034, mail info@prolococanale.it Per le restrizioni e normative per il contenimento del Covid-19 i posti sono limitati.<\/p>\n<p>&nbsp;<\/p>\n<blockquote>\n<h3>POMERIGGIO DI LETTURE<\/h3>\n<\/blockquote>\n<p><strong>CANALE D&#8217;AGORDO<\/strong>\u00a0<b><i>venerd\u00ec<\/i><\/b>\u00a0<b><i>dalle 17<\/i><\/b>\u00a0in\u00a0<b><i>Piazza Papa Luciani<\/i><\/b> a Canale d&#8217;Agordo\u00a0 pomeriggio di letture animate in musica dal titolo &#8220;Attenti a quei due\/ tre&#8221;, con Simone Carnielli e Alessandro Marchetti. L&#8217;ingresso \u00e8 libero e gratuito.<\/p>\n<p>&nbsp;<\/p>\n<p>&nbsp;<\/p>\n<hr \/>\n<p>&nbsp;<\/p>\n<h3><\/h3>\n<blockquote>\n<h3>NUOVI ORARI PER LE VISTE AL CASTELLO DI ANDRAZ<\/h3>\n<\/blockquote>\n<p>Il castello riaprir\u00e0 nei successivi 4 weekend (fino a domenica 11 ottobre), dal venerd\u00ec alla domenica, con orario leggermente ridotto: dalle 10.00 alle 12.30 e dalle 14.30 alle 17.30. \u00a0Le visite guidate o libere vanno prenotate al 334 33 46 680 o via mail a info@castellodiandraz.it<\/p>\n<p>&nbsp;<\/p>\n<hr \/>\n<p>&nbsp;<\/p>\n<blockquote>\n<h3>ESCURSIONE CON IL CAI DI AGORDO<\/h3>\n<\/blockquote>\n<p><strong>AGORDO<\/strong> La Val Pusteria\u00a0 con il Gruppo del\u00a0Monte Gruppo\u00a0\u00e8 la destinazione dell&#8217;escursione programmata\u00a0per i giorni\u00a010\u00a0e 11\u00a0ottobre.\u00a0Si tratta di diverse cime non particolarmente alte che riservano per\u00f2 prospettive tanto inusuali quanto spettacolari e che celano tra le\u00a0loro rocce scure diversi laghetti di origine glaciale tra cui, il pi\u00f9 grande \u00e8 quello di\u00a0Pausa\u00a0dove sorge l&#8217;omonimo ed accogliente\u00a0Rifugio. Tale struttura rimane aperta fino alla prima decade di novembre e il CAI di Agordo ne approfitta \u00a0nel periodo in cui i colori del mirtillo rosso e dei larici accendono i radi pascoli d&#8217;alta quota.\u00a0L&#8217;escursione \u00e8 valutata\u00a0EE con bevi tratti EEA.\u00a0I posti disponibili sono limitati.<\/p>\n<p>&nbsp;<\/p>\n<hr \/>\n<blockquote>\n<h3><\/h3>\n<h3>ESCURSIONISMO CON CAMMINATURALMENTE<\/h3>\n<\/blockquote>\n<p><b>BELLUNO <\/b>Il Centro UPM \u2013 Associazione Culturale di Belluno &#8211; organizza\u00a0 l&#8217;escursione naturalistica con Anacleto Boranga \u2013 divulgatore e guida naturalistica\/ambientale. <b>Sabato 3 ottobre: replica<\/b> \u2013 <b>LAGO E<\/b> <b>OASI NATURALISTICA DI S.CROCE<\/b> \u2013Un\u2019area umida di straordinaria importanza ambientale e paesaggistica. E\u2019 presente anche un\u2019 esposizione fotografica all\u2019aperto e alcune creazioni di Land Art. Percorso facile di circa 3 km. Consigliate calzature adatte per eventuali tratti umidi\/fangosi. Ritrovo alla 14.30 in p\/le Resistenza oppure successivamente al parcheggio subito dopo il ponte sul torrente Tesa ( Farra d\u2019Alpago).<\/p>\n<p>&nbsp;<\/p>\n<hr \/>\n<p>&nbsp;<\/p>\n<h2>IERI ALLA RADIO<\/h2>\n<h2><span style=\"color: #800080;\">LA RASSEGNA STAMPA DALL&#8217;AMICO DEL POPOLO di Gianni Santomaso\u00a0<\/span><\/h2>\n<p><strong><a class=\"dt-pswp-item\" href=\"https:\/\/www.radiopiu.net\/wordpress\/wp-content\/uploads\/2020\/04\/DON-FABIANO.jpg\" data-dt-img-description=\"\" data-large_image_width=\"231\" data-large_image_height=\"130\"><img loading=\"lazy\" decoding=\"async\" class=\"size-full wp-image-127650 alignleft\" src=\"https:\/\/www.radiopiu.net\/wordpress\/wp-content\/uploads\/2020\/04\/DON-FABIANO.jpg\" alt=\"\" width=\"231\" height=\"130\" \/><\/a>OSPITE: Don Fabiano Del Favero<\/strong><\/p>\n<audio class=\"wp-audio-shortcode\" id=\"audio-162544-6\" preload=\"none\" style=\"width: 100%;\" controls=\"controls\"><source type=\"audio\/mpeg\" src=\"https:\/\/www.radiopiu.net\/wordpress\/wp-content\/uploads\/2020\/09\/RASSEGNA-GIANNI-2.mp3?_=6\" \/><a href=\"https:\/\/www.radiopiu.net\/wordpress\/wp-content\/uploads\/2020\/09\/RASSEGNA-GIANNI-2.mp3\">https:\/\/www.radiopiu.net\/wordpress\/wp-content\/uploads\/2020\/09\/RASSEGNA-GIANNI-2.mp3<\/a><\/audio>\n<p>&nbsp;<\/p>\n<h2><span style=\"color: #ff0000;\">DUE MINUTI UN LIBRO\u00a0<\/span><\/h2>\n<blockquote class=\"wp-embedded-content\" data-secret=\"ZCyf1Rshkb\"><p><a href=\"https:\/\/www.radiopiu.net\/wordpress\/dormi-stanotte-sul-mio-cuore\/\">Dormi stanotte sul mio cuore<\/a><\/p><\/blockquote>\n<p><iframe loading=\"lazy\" class=\"wp-embedded-content\" sandbox=\"allow-scripts\" security=\"restricted\" style=\"position: absolute; clip: rect(1px, 1px, 1px, 1px);\" title=\"&#8220;Dormi stanotte sul mio cuore&#8221; &#8212; Radio Pi\u00f9\" src=\"https:\/\/www.radiopiu.net\/wordpress\/dormi-stanotte-sul-mio-cuore\/embed\/#?secret=ZCyf1Rshkb\" data-secret=\"ZCyf1Rshkb\" width=\"600\" height=\"338\" frameborder=\"0\" marginwidth=\"0\" marginheight=\"0\" scrolling=\"no\"><\/iframe><\/p>\n<h2>LA RACCOLTA COMPLETA<\/h2>\n<blockquote class=\"wp-embedded-content\" data-secret=\"BOg0m2Jrfn\"><p><a href=\"https:\/\/www.radiopiu.net\/wordpress\/due-minuti-un-libro\/\">Due minuti un libro<\/a><\/p><\/blockquote>\n<p><iframe loading=\"lazy\" class=\"wp-embedded-content\" sandbox=\"allow-scripts\" security=\"restricted\" style=\"position: absolute; clip: rect(1px, 1px, 1px, 1px);\" title=\"&#8220;Due minuti un libro&#8221; &#8212; Radio Pi\u00f9\" src=\"https:\/\/www.radiopiu.net\/wordpress\/due-minuti-un-libro\/embed\/#?secret=BOg0m2Jrfn\" data-secret=\"BOg0m2Jrfn\" width=\"600\" height=\"338\" frameborder=\"0\" marginwidth=\"0\" marginheight=\"0\" scrolling=\"no\"><\/iframe><\/p>\n<p>&nbsp;<\/p>\n<p>&nbsp;<\/p>\n<hr \/>\n<p>&nbsp;<\/p>\n<div>\n<h2><span style=\"color: #33cccc;\">I RACCONTI DI PAOLO SOPPELSA il lunedi alle 9.30 e 18.30<\/span><\/h2>\n<h2><span style=\"color: #33cccc;\"><strong>LA RACCOLTA COMPLETA<\/strong><\/span><\/h2>\n<blockquote class=\"wp-embedded-content\" data-secret=\"kpYF0zAsTW\"><p><a href=\"https:\/\/www.radiopiu.net\/wordpress\/i-racconti-di-paolo-soppelsa\/\">I racconti di Paolo Soppelsa<\/a><\/p><\/blockquote>\n<p><iframe loading=\"lazy\" class=\"wp-embedded-content\" sandbox=\"allow-scripts\" security=\"restricted\" style=\"position: absolute; clip: rect(1px, 1px, 1px, 1px);\" title=\"&#8220;I racconti di Paolo Soppelsa&#8221; &#8212; Radio Pi\u00f9\" src=\"https:\/\/www.radiopiu.net\/wordpress\/i-racconti-di-paolo-soppelsa\/embed\/#?secret=kpYF0zAsTW\" data-secret=\"kpYF0zAsTW\" width=\"600\" height=\"338\" frameborder=\"0\" marginwidth=\"0\" marginheight=\"0\" scrolling=\"no\"><\/iframe><\/p>\n<p>&nbsp;<\/p>\n<p>&nbsp;<\/p>\n<hr \/>\n<p>&nbsp;<\/p>\n<h2><span style=\"color: #000080;\"><a class=\"dt-pswp-item\" href=\"https:\/\/www.radiopiu.net\/wordpress\/wp-content\/uploads\/2020\/07\/a8a8cbd6-9ca3-4f14-9e6a-43069c08cd84.jpg\" data-dt-img-description=\"\" data-large_image_width=\"960\" data-large_image_height=\"720\"><img loading=\"lazy\" decoding=\"async\" class=\"wp-image-151434 alignleft\" src=\"https:\/\/www.radiopiu.net\/wordpress\/wp-content\/uploads\/2020\/07\/a8a8cbd6-9ca3-4f14-9e6a-43069c08cd84-300x225.jpg\" alt=\"\" width=\"213\" height=\"160\" srcset=\"https:\/\/www.radiopiu.net\/wordpress\/wp-content\/uploads\/2020\/07\/a8a8cbd6-9ca3-4f14-9e6a-43069c08cd84-300x225.jpg 300w, https:\/\/www.radiopiu.net\/wordpress\/wp-content\/uploads\/2020\/07\/a8a8cbd6-9ca3-4f14-9e6a-43069c08cd84-768x576.jpg 768w, https:\/\/www.radiopiu.net\/wordpress\/wp-content\/uploads\/2020\/07\/a8a8cbd6-9ca3-4f14-9e6a-43069c08cd84.jpg 960w\" sizes=\"auto, (max-width: 213px) 100vw, 213px\" \/><\/a><\/span><\/h2>\n<h2><\/h2>\n<h2><span style=\"color: #000080;\">DON CESARE, IL PENSIERO DEL GIORNO. ALLA RADIO ALLE 7 DEL MATTINO E ALLE 19.30 DELLA SERA.\u00a0\u00a0<\/span><\/h2>\n<\/div>\n<p>&nbsp;<\/p>\n<audio class=\"wp-audio-shortcode\" id=\"audio-162544-7\" preload=\"none\" style=\"width: 100%;\" controls=\"controls\"><source type=\"audio\/mpeg\" src=\"https:\/\/www.radiopiu.net\/wordpress\/wp-content\/uploads\/2020\/09\/CESARE-23.mp3?_=7\" \/><a href=\"https:\/\/www.radiopiu.net\/wordpress\/wp-content\/uploads\/2020\/09\/CESARE-23.mp3\">https:\/\/www.radiopiu.net\/wordpress\/wp-content\/uploads\/2020\/09\/CESARE-23.mp3<\/a><\/audio>\n<div>\n<p>&nbsp;<\/p>\n<hr \/>\n<p>&nbsp;<\/p>\n<p><a class=\"dt-pswp-item\" href=\"https:\/\/www.radiopiu.net\/wordpress\/wp-content\/uploads\/2018\/09\/viabilita.jpeg\" data-dt-img-description=\"\" data-large_image_width=\"800\" data-large_image_height=\"100\"><img loading=\"lazy\" decoding=\"async\" class=\"aligncenter wp-image-61954 size-full\" src=\"https:\/\/www.radiopiu.net\/wordpress\/wp-content\/uploads\/2018\/09\/viabilita.jpeg\" alt=\"\" width=\"800\" height=\"100\" srcset=\"https:\/\/www.radiopiu.net\/wordpress\/wp-content\/uploads\/2018\/09\/viabilita.jpeg 800w, https:\/\/www.radiopiu.net\/wordpress\/wp-content\/uploads\/2018\/09\/viabilita-300x38.jpeg 300w, https:\/\/www.radiopiu.net\/wordpress\/wp-content\/uploads\/2018\/09\/viabilita-768x96.jpeg 768w\" sizes=\"auto, (max-width: 800px) 100vw, 800px\" \/><\/a><\/p>\n<\/div>\n<p><strong>\u00a0\u00a0<\/strong><\/p>\n<p><strong>REGIONALE 203 AGORDINA<\/strong>\u00a0 Fino\u00a0 al 18 dicembre (esclusi festivi e prefestivi) senso unico alternato tra Peron e Candaten con movieri dalle 7.30 alle 9 e dalle 16.30 alle 18. Con semaforo negli altri orari<\/p>\n<p><strong>SR 203 AGORDINA<\/strong> Fino al 30 settembre, dalle 8 alle 17, sabato e domenica esclusi, senso unico alternato regolato da semaforo in localit\u00e0 Listolade di Taibon Agordino per asfaltatura tratti interessati dalla posa della fibra ottica<\/p>\n<p><strong>REGIONALE 203 AGORDINA<\/strong> Fino al 18 dicembre (sabato e domenica esclusi) tra Candaten e Peron dalle 7.30 alle 9 e dalle 16.30 alle 18 con movieri e negli altri orari con semaforo, senso unico alternato.<\/p>\n<p><strong>SR 48 DELLE DOLOMITI<\/strong> fino a l&#8217;8 ottobre, dalle 7 alle 18 sabato e domenica esclusi, senso unico alternato regolato da impianto semaforico per miglioramento visibilit\u00e0 incrocio strada per Castello di Andraz<\/p>\n<p><strong>SP 473 DI CROCE D&#8217;AUNE<\/strong> dalle 8 alle 17 fino al 2 ottobre, esclusi sabati e domeniche, senso unico alternato regolato da movieri in localit\u00e0 Croce D&#8217;Aune di Pedavena per sistemazione dissesto idrogeologico<\/p>\n<p><strong>PROVINCIALE 35 &#8211; LASTE<\/strong> Per allargamento della sede stradale in localit\u00e0 Laste di Sopra limitazioni al transito fino al 15 ottobre esclusi festivi e prefestivi, brevi interruzioni durata massima di 15 minuti tra le 8 e le 12 e tra le 13 e le 17.\u00a0Negli altri orari semaforo e senso unico alternato<\/p>\n<p><strong>SP 30 PANORAMICA DEL COMELICO<\/strong> fino al 2 ottobre, esclusi sabati e domeniche, interdizione totale alla viabilit\u00e0 in entrambi i sensi di marcia tra Costa e Costalissoi per messa in sicurezza strada<\/p>\n<p><strong>SP 641 PASSO FEDAIA<\/strong> A\u00a0 Capanna Bill e\u00a0 a Col di Rocca\u00a0 fino al\u00a0 30 settembre senso unico alternato regolato da semaforo.<\/p>\n<p><strong>REGIONALE 203 AGORDINA<\/strong> Fino al 30 settembre (sabato e domenica esclusi) tra Candaten e La Stanga dalle 7.30 alle 9 e dalle 16.30 alle 18 con movieri e negli altri orari con semaforo, senso unico alternato.<\/p>\n<div>\n<p><strong>SR 48 DELLE DOLOMITI<\/strong> FINO\u00a0 AL 30 SETTEMBRE, DALLE 7 ALLE 17, ESCLUSI SABATO E DOMENICA, SALTUARIA ISTITUZIONE DI SENSO UNICO ALTERNATO REGOLATO DA MOVIERI PER PERIODI CONTINUATIVI NON SUPERIORI A 10 MINUTI NEI COMUNI DI CORTINA ED AURONZO DI CADORE PER CARICO SCARICO MATERIALI NECESSARI PER LA POSA DELL&#8217;ELTRODOTTO INTERRATO<\/p>\n<p><strong>SR 48 DELLE DOLOMITI<\/strong>\u00a0 Fino al 30 settembre in localit\u00e0 Pocol (Cortina) senso unico alternato, esclusi sabato e domenica<\/p>\n<p><strong>SR 48 DELLE DOLOMITI<\/strong>\u00a0 Fino al 9 ottobre senso unico alternato in localit\u00e0 Cernadoi, escluso sabato e domeniche<\/p>\n<p><strong>SR 48 DELLE DOLOMITI<\/strong> Fino\u00a0 al 30 settembre esclusi sabato e domenica senso unico alternato tra Cernadoi e Pian Falzarego<\/p>\n<p><strong>SP 30 PANORAMICA DEL COMELICO<\/strong> fino al 23 ottobre, compresi sabati e domeniche, senso unico alternato regolato da semaforo tra Costa e Costalissoi per consolidamento strada<\/p>\n<p><strong>SP 1 MADONNA DEL PIAVE<\/strong>\u00a0fino a revoca, senso unico alternato regolato da semaforo in localit\u00e0 Caorera di Quero Vas per lavori di messa in sicurezza piano viabile<\/p>\n<p>&nbsp;<\/p>\n<hr \/>\n<p>&nbsp;<\/p>\n<p class=\"photoswipe-wrapper\"><a class=\"dt-pswp-item pspw-wrap-ready\" href=\"https:\/\/i0.wp.com\/www.radiopiu.net\/wordpress\/wp-content\/uploads\/2018\/09\/WhatsApp-Image-2018-09-20-at-16.04.06.jpeg?ssl=1\" data-dt-img-description=\"\" data-large_image_width=\"800\" data-large_image_height=\"100\"><img loading=\"lazy\" decoding=\"async\" class=\"aligncenter wp-image-61378 size-full jetpack-lazy-image jetpack-lazy-image--handled\" src=\"https:\/\/i0.wp.com\/www.radiopiu.net\/wordpress\/wp-content\/uploads\/2018\/09\/WhatsApp-Image-2018-09-20-at-16.04.06.jpeg?resize=800%2C100&amp;ssl=1\" sizes=\"auto, (max-width: 800px) 100vw, 800px\" srcset=\"https:\/\/i0.wp.com\/www.radiopiu.net\/wordpress\/wp-content\/uploads\/2018\/09\/WhatsApp-Image-2018-09-20-at-16.04.06.jpeg?w=800&amp;ssl=1 800w, https:\/\/i0.wp.com\/www.radiopiu.net\/wordpress\/wp-content\/uploads\/2018\/09\/WhatsApp-Image-2018-09-20-at-16.04.06.jpeg?resize=300%2C38&amp;ssl=1 300w, https:\/\/i0.wp.com\/www.radiopiu.net\/wordpress\/wp-content\/uploads\/2018\/09\/WhatsApp-Image-2018-09-20-at-16.04.06.jpeg?resize=768%2C96&amp;ssl=1 768w\" alt=\"\" width=\"800\" height=\"100\" data-lazy-loaded=\"1\" \/><\/a><\/p>\n<\/div>\n<p>&nbsp;<\/p>\n<p><center><\/center><center><\/center><center><b>Domenica 27<\/b><\/center><b>Tempo atteso: <\/b>Al mattino soleggiato con cielo sereno o poco nuvoloso sulle Dolomiti, mentre nubi alte e medio-alte in arrivo da sud giungeranno sulle Prealpi. Al pomeriggio infittirsi della suddetta nuvolosit\u00e0 sulle Prealpi, dove il cielo si coprir\u00e0 del tutto, e graduale aumento della copertura medio-alta stratiforme sulle Dolomiti. Tale copertur\u00e0 apporter\u00e0 con s\u00e9 un peggioramento del tempo, specie verso sera. L&#8217;anomalia termica per valori molto bassi per il periodo si manterr\u00e0.<br \/>\n<b>Precipitazioni: <\/b>Al mattino assenti (0%), al pomeriggio probabilit\u00e0 in lieve aumento sulle Prealpi orientali (30\/40%), altrove il rischio sar\u00e0 ancora pressoch\u00e9 assente (10%). Alla sera estensione dei fenomeni a tutti i settori montani (70\/80%), saranno deboli sulla maggiore parte dei settori e moderati sulle Prealpi orientali. Il limite neve sar\u00e0 sui 1700\/1800 m, anche leggermente pi\u00f9 basso in tarda serata.<br \/>\n<b>Temperature: <\/b>Minime in ulteriore diminuzione e massime in ripresa. L&#8217;ambiente sar\u00e0 fresco nelle valli e far\u00e0 freddo in alta quota. Sono previste punte di 12\/13\u00b0C nei fondovalle prealpini e di 8\/10\u00b0C a 1000\/1200 m. Su Prealpi a 1500 m min 1\u00b0C max 5\u00b0C, a 2000 m min -2\u00b0C max 2\u00b0C. Su Dolomiti a 2000 m min -3\u00b0C max 1\u00b0C, a 3000 m min -9\u00b0C max -7\u00b0C.<br \/>\n<b>Venti: <\/b>Nelle valli perlopi\u00f9 deboli a regime di brezza, solo localmente e a tratti moderati; in quota deboli meridionali al mattino e moderati da nord-est alla sera, a 5-15 km\/h a 2000 e 15-25 km\/h a 3000 m.<\/p>\n<hr \/>\n<p><center><b>Lunedi 28<\/b><\/center><b>Tempo atteso: <\/b>Nella notte e al primo mattino cielo coperto con estese precipitazioni. In mattinata tendenza alla variabilit\u00e0 con esaurimento dei fenomeni e attenuazione della nuvolosit\u00e0. Al pomeriggio miglioramento con ulteriore diradamento della nuvolosit\u00e0 e rasserenamenti sempre pi\u00f9 ampi. Atmosfera diurna meno fresca nelle valli e meno invernale in alta quota.<br \/>\n<b>Precipitazioni: <\/b>Nottetempo probabilit\u00e0 alta (80\/90%) per deboli precipitazioni sulle Dolomiti e moderate sulle Prealpi, nevose oltre i 1700\/1800 m, localmente 1600 m sulle Prealpi bellunesi in caso di maggiore intensit\u00e0. Al mattino esaurimento dei fenomeni, i quali saranno assenti al pomeriggio (0%).<br \/>\n<b>Temperature: <\/b>In generale lieve ripresa. L&#8217;ambiente sar\u00e0 meno fresco a tutte le quote, anche se i valori termici saranno ancora sotto la media. Sono previste punte di 15\/16\u00b0C nei fondovalle prealpini e di 10\/13\u00b0C a 1000\/1200 m. Su Prealpi a 1500 m min 3\u00b0C max 7\u00b0C, a 2000 m min 0\u00b0C max 4\u00b0C. Su Dolomiti a 2000 m min -1\u00b0C max 3\u00b0C, a 3000 m min -6\u00b0C max -4\u00b0C.<br \/>\n<b>Venti: <\/b>Nelle valli perlopi\u00f9 deboli di direzione variabile.; in quota venti deboli\/moderati da sud-est al mattino e in lieve rinforzo da nord al pomeriggio, a 5-10 km\/h a 2000 e 15-20 km\/h a 3000 m.<\/p>\n<hr \/>\n<p><center><b>Martedi 29<\/b><\/center>Nella notte passaggio di un fronte caldo senza effetti, salvo nubi alte stratiformi sulle Dolomiti. In giornata sole e cielo sereno o poco nuvoloso. Non escluso locali nubi basse o banchi di nebbia nelle ore pi\u00f9 fredde su alcuni settori prealpini. Temperature in generale rialzo. Venti moderati\/tesi da nord nord-ovest in quota; perlopi\u00f9 deboli a regime di brezza nelle valli, solo a tratti e localmente moderati.<\/p>\n<hr \/>\n<p><center><b>Mercoledi 30<\/b><\/center>Tempo in prevalenza soleggiato con cielo perlopi\u00f9 sereno o poco nuvoloso per nubi alte. Non escluso qualche locale banco di nebbie nelle ore pi\u00f9 fredde nei fondovalle prealpini e nelle depressione degli altopiani, sempre sulle Prealpi. Temperature in generale rialzo, eccetto calo delle minime nelle valli. Venti deboli\/moderati da nord-ovest in quota; perlopi\u00f9 deboli a regime di brezza nelle valli, solo a tratti e localmente moderati. Previsore: R.L.Th.<\/p>\n<p>&nbsp;<\/p>\n<hr \/>\n<p>&nbsp;<\/p>\n<p><a class=\"dt-pswp-item\" href=\"https:\/\/www.radiopiu.net\/wordpress\/wp-content\/uploads\/2018\/09\/sport.jpg\" data-dt-img-description=\"\" data-large_image_width=\"800\" data-large_image_height=\"100\"><img loading=\"lazy\" decoding=\"async\" class=\"wp-image-60761 size-full aligncenter\" src=\"https:\/\/www.radiopiu.net\/wordpress\/wp-content\/uploads\/2018\/09\/sport.jpg\" alt=\"\" width=\"800\" height=\"100\" srcset=\"https:\/\/www.radiopiu.net\/wordpress\/wp-content\/uploads\/2018\/09\/sport.jpg 800w, https:\/\/www.radiopiu.net\/wordpress\/wp-content\/uploads\/2018\/09\/sport-300x38.jpg 300w, https:\/\/www.radiopiu.net\/wordpress\/wp-content\/uploads\/2018\/09\/sport-768x96.jpg 768w\" sizes=\"auto, (max-width: 800px) 100vw, 800px\" \/><\/a><\/p>\n<p>&nbsp;<\/p>\n<p>&nbsp;<\/p>\n<hr \/>\n<p>&nbsp;<\/p>\n<blockquote>\n<h3>SI AVVICINA L&#8217;APPUNTAMENTO CON IL DOLOMITI RALLY<\/h3>\n<\/blockquote>\n<p><strong><a class=\"dt-pswp-item\" href=\"https:\/\/www.radiopiu.net\/wordpress\/wp-content\/uploads\/2020\/09\/12525088_1599748217009092_2631076023082691191_o.jpg\" data-dt-img-description=\"\" data-large_image_width=\"1281\" data-large_image_height=\"1189\"><img loading=\"lazy\" decoding=\"async\" class=\"size-medium wp-image-162505 alignleft\" src=\"https:\/\/www.radiopiu.net\/wordpress\/wp-content\/uploads\/2020\/09\/12525088_1599748217009092_2631076023082691191_o-300x278.jpg\" alt=\"\" width=\"300\" height=\"278\" srcset=\"https:\/\/www.radiopiu.net\/wordpress\/wp-content\/uploads\/2020\/09\/12525088_1599748217009092_2631076023082691191_o-300x278.jpg 300w, https:\/\/www.radiopiu.net\/wordpress\/wp-content\/uploads\/2020\/09\/12525088_1599748217009092_2631076023082691191_o-1024x950.jpg 1024w, https:\/\/www.radiopiu.net\/wordpress\/wp-content\/uploads\/2020\/09\/12525088_1599748217009092_2631076023082691191_o-768x713.jpg 768w, https:\/\/www.radiopiu.net\/wordpress\/wp-content\/uploads\/2020\/09\/12525088_1599748217009092_2631076023082691191_o-517x480.jpg 517w, https:\/\/www.radiopiu.net\/wordpress\/wp-content\/uploads\/2020\/09\/12525088_1599748217009092_2631076023082691191_o.jpg 1281w\" sizes=\"auto, (max-width: 300px) 100vw, 300px\" \/><\/a>AGORDO<\/strong><\/p>\n<p>di Roberto Bona<\/p>\n<audio class=\"wp-audio-shortcode\" id=\"audio-162544-8\" preload=\"none\" style=\"width: 100%;\" controls=\"controls\"><source type=\"audio\/mpeg\" src=\"https:\/\/www.radiopiu.net\/wordpress\/wp-content\/uploads\/2020\/09\/BONA-DOLOMITI-RALLY-PUNTO-25-SETTEMBRE.mp3?_=8\" \/><a href=\"https:\/\/www.radiopiu.net\/wordpress\/wp-content\/uploads\/2020\/09\/BONA-DOLOMITI-RALLY-PUNTO-25-SETTEMBRE.mp3\">https:\/\/www.radiopiu.net\/wordpress\/wp-content\/uploads\/2020\/09\/BONA-DOLOMITI-RALLY-PUNTO-25-SETTEMBRE.mp3<\/a><\/audio>\n<p>&nbsp;<\/p>\n<hr \/>\n<p>&nbsp;<\/p>\n<blockquote>\n<h3>APERTA LA CAMPAGNA ABBONAMENTI PER LE PARTITE DELL&#8217;ALLEGHE HOCKEY<\/h3>\n<\/blockquote>\n<p><strong><a class=\"dt-pswp-item\" href=\"https:\/\/www.radiopiu.net\/wordpress\/wp-content\/uploads\/2019\/08\/logo-alleghe-hockey.png\" data-dt-img-description=\"\" data-large_image_width=\"547\" data-large_image_height=\"512\"><img loading=\"lazy\" decoding=\"async\" class=\" wp-image-95699 alignleft\" src=\"https:\/\/www.radiopiu.net\/wordpress\/wp-content\/uploads\/2019\/08\/logo-alleghe-hockey-300x281.png\" alt=\"\" width=\"209\" height=\"196\" srcset=\"https:\/\/www.radiopiu.net\/wordpress\/wp-content\/uploads\/2019\/08\/logo-alleghe-hockey-300x281.png 300w, https:\/\/www.radiopiu.net\/wordpress\/wp-content\/uploads\/2019\/08\/logo-alleghe-hockey.png 547w\" sizes=\"auto, (max-width: 209px) 100vw, 209px\" \/><\/a>ALLEGHE <\/strong>\u00c8 aperta la campagna abbonamenti per seguire le partite dell&#8217;Alghe Hockey all&#8217;Alvise De Toni. La societ\u00e0 ha quindi iniziato a vendere i posti a sedere per il pubblico che vuole seguire le civette allo stadio. Per la stagione 2020\/21 sono previsti solo posti a sedere numerati in ottemperanza alle norme anti-covid. Il prezzo dell&#8217;abbonamento \u00e8 di 75 euro per 13 partite di stagione regolare e lo sconto del 20% sui biglietti per gli incontri di Coppa Italia e Playoff. Nel caso di un eventuale blocco del campionato causa Coronavirus, saranno rimborsate le partite mancanti o verr\u00e0 scontato l&#8217;abbonamento della stagione 2021\/22. L&#8217;abbonamento si pu\u00f2 prenotare fin da subito tramite telefono allo 0437 523176 (dalle 9 alle 13) oppure tramite mail a segreteria@alleghehockey.com<\/p>\n<p>&nbsp;<\/p>\n<p>&nbsp;<\/p>\n<p>&nbsp;<\/p>\n<p>&nbsp;<\/p>\n<blockquote>\n<h3>CALENDARI CSI, ALTRE VARIAZIONI <span style=\"color: #000000;\"><span style=\"font-family: Arial, serif;\"><span style=\"font-size: large;\">Campionato Open A2 Calendario andata 2020 \/ 21<\/span><\/span><\/span><\/h3>\n<\/blockquote>\n<p><a href=\"https:\/\/www.radiopiu.net\/wordpress\/wp-content\/uploads\/2020\/09\/Calendario-A2_Andata_2020-2021.docx\">Calendario A2_Andata_2020-2021<\/a><\/p>\n<p>&nbsp;<\/p>\n<p>&nbsp;<\/p>\n","protected":false},"excerpt":{"rendered":"<p>PER RICEVERE QUESTO NOTIZIARIO DIRETTAMENTE SUL TUO CELLULARE ISCRIVITI AL CANALE TELEGRAM \u201cRADIO PIU\u00a0 INFORMAZIONE&#8221; ATTENZIONE: LA NUOVA APP PER IOS-IPHONE https:\/\/apps.apple.com\/it\/app\/radio-pi%C3%B9-emittente-agordina\/id1515939845 ATTENZIONE: LA NUOVA APP RADIO\u00a0 PER ANDROID https:\/\/play.google.com\/store\/apps\/details?id=net.radiopiu.iniko &nbsp; &nbsp; LIVINALLONGO Ieri\u00a0 commovente tumulazione al sacrario di Salesei dei resti dei tre caduti recuperati in zona Col Di Lana ,Marmolada, Costabella,\u00a0 alla presenza&hellip;<\/p>\n","protected":false},"author":4,"featured_media":162733,"comment_status":"closed","ping_status":"closed","sticky":false,"template":"","format":"standard","meta":{"_monsterinsights_skip_tracking":false,"_monsterinsights_sitenote_active":false,"_monsterinsights_sitenote_note":"","_monsterinsights_sitenote_category":0,"footnotes":""},"categories":[1,86,49],"tags":[],"class_list":["post-162544","post","type-post","status-publish","format-standard","has-post-thumbnail","hentry","category-senza-categoria","category-gr","category-news-18","category-1","category-86","category-49","description-off"],"img_url":"https:\/\/www.radiopiu.net\/wordpress\/wp-content\/uploads\/2020\/09\/120096817_1026638261099421_2993014815469084933_n.jpg","_links":{"self":[{"href":"https:\/\/www.radiopiu.net\/wordpress\/wp-json\/wp\/v2\/posts\/162544","targetHints":{"allow":["GET"]}}],"collection":[{"href":"https:\/\/www.radiopiu.net\/wordpress\/wp-json\/wp\/v2\/posts"}],"about":[{"href":"https:\/\/www.radiopiu.net\/wordpress\/wp-json\/wp\/v2\/types\/post"}],"author":[{"embeddable":true,"href":"https:\/\/www.radiopiu.net\/wordpress\/wp-json\/wp\/v2\/users\/4"}],"replies":[{"embeddable":true,"href":"https:\/\/www.radiopiu.net\/wordpress\/wp-json\/wp\/v2\/comments?post=162544"}],"version-history":[{"count":0,"href":"https:\/\/www.radiopiu.net\/wordpress\/wp-json\/wp\/v2\/posts\/162544\/revisions"}],"wp:featuredmedia":[{"embeddable":true,"href":"https:\/\/www.radiopiu.net\/wordpress\/wp-json\/wp\/v2\/media\/162733"}],"wp:attachment":[{"href":"https:\/\/www.radiopiu.net\/wordpress\/wp-json\/wp\/v2\/media?parent=162544"}],"wp:term":[{"taxonomy":"category","embeddable":true,"href":"https:\/\/www.radiopiu.net\/wordpress\/wp-json\/wp\/v2\/categories?post=162544"},{"taxonomy":"post_tag","embeddable":true,"href":"https:\/\/www.radiopiu.net\/wordpress\/wp-json\/wp\/v2\/tags?post=162544"}],"curies":[{"name":"wp","href":"https:\/\/api.w.org\/{rel}","templated":true}]}}