{"id":162633,"date":"2020-09-26T11:10:34","date_gmt":"2020-09-26T09:10:34","guid":{"rendered":"https:\/\/www.radiopiu.net\/wordpress\/?p=162633"},"modified":"2020-09-26T12:45:55","modified_gmt":"2020-09-26T10:45:55","slug":"https-wp-me-p63lo7-gj7","status":"publish","type":"post","link":"https:\/\/www.radiopiu.net\/wordpress\/https-wp-me-p63lo7-gj7\/","title":{"rendered":"RAGAZZA IN IPOTERMIA, MUORE IL CANE. ESCURSIONISTI SBAGLIANO A CALCOLARE I TEMPI E FINISCONO NELLA NEVE, SOCCORSI NELLA NOTTE"},"content":{"rendered":"<div><strong><img loading=\"lazy\" decoding=\"async\" class=\"alignleft\" src=\"https:\/\/www.radiopiu.net\/wordpress\/wp-content\/uploads\/2020\/08\/salt_20200810_175849_040_resized.jpg\" width=\"259\" height=\"194\" \/>COMELICO\u00a0 <\/strong>Ieri sera attorno alle 23 il Soccorso alpino della Val Comelico \u00e8 stato attivato a seguito della chiamata di due escursionisti. I due, A.S., 27 anni, di Mogliano Veneto (TV), lui, e V.F.M., 32 anni, di Gardone Val Trompia (BS), lei, erano d&#8217;accordo che si sarebbero trovati alle 17 a Malga Silvella, per percorrere da l\u00ec il sentiero che porta al Filmoorstandsch\u00fctzenh\u00fctte, rifugio di Kartitsch dove avrebbero passato tre giorni. La ragazza \u00e8 arrivata in ritardo e la coppia \u00e8 partita, assieme al cagnolino di lei, verso le 19. Durante il tragitto, ben conosciuto da lui, \u00e8 iniziato a nevicare. I due hanno quindi contattato una prima volta i soccorsi, per dire che comunque avrebbero proseguito da soli, e una seconda volta poco dopo per informare che si trovavano a 150 metri di dislivello dalla forcella al confine con l&#8217;Austria. Il Soccorso alpino ha quindi chiesto al ragazzo di avvertire una volta arrivati. A mezzanotte e un quarto per\u00f2 le squadre sono state allertate dall&#8217;escursionista perch\u00e9 avevano deciso di non proseguire e di rientrare dal Comelico, dalla Casera Pian Formaggio. Sei soccorritori pi\u00f9 due del Sagf hanno quindi percorso in jeep i 10 chilometri che separano Sega Digon dalla Casera e hanno poi proseguito a piedi. Quando li hanno raggiunti poco sopra, la ragazza era in ipotermia e il suo cagnolino privo di vita a causa del freddo. Accompagnata alla jeep, l&#8217;escursionista \u00e8 stata poi trasportata all&#8217;ambulanza diretta all&#8217;ospedale. L&#8217;intervento si \u00e8 concluso passate le due.<\/div>\n<div><\/div>\n<div><\/div>\n","protected":false},"excerpt":{"rendered":"<p>COMELICO\u00a0 Ieri sera attorno alle 23 il Soccorso alpino della Val Comelico \u00e8 stato attivato a seguito della chiamata di due escursionisti. I due, A.S., 27 anni, di Mogliano Veneto (TV), lui, e V.F.M., 32 anni, di Gardone Val Trompia (BS), lei, erano d&#8217;accordo che si sarebbero trovati alle 17 a Malga Silvella, per percorrere&hellip;<\/p>\n","protected":false},"author":1,"featured_media":154486,"comment_status":"closed","ping_status":"closed","sticky":false,"template":"","format":"standard","meta":{"_monsterinsights_skip_tracking":false,"_monsterinsights_sitenote_active":false,"_monsterinsights_sitenote_note":"","_monsterinsights_sitenote_category":0,"footnotes":""},"categories":[51,49],"tags":[],"class_list":["post-162633","post","type-post","status-publish","format-standard","has-post-thumbnail","hentry","category-evidenza-top","category-news-18","category-51","category-49","description-off"],"img_url":"https:\/\/www.radiopiu.net\/wordpress\/wp-content\/uploads\/2020\/08\/salt_20200810_175849_040_resized.jpg","_links":{"self":[{"href":"https:\/\/www.radiopiu.net\/wordpress\/wp-json\/wp\/v2\/posts\/162633","targetHints":{"allow":["GET"]}}],"collection":[{"href":"https:\/\/www.radiopiu.net\/wordpress\/wp-json\/wp\/v2\/posts"}],"about":[{"href":"https:\/\/www.radiopiu.net\/wordpress\/wp-json\/wp\/v2\/types\/post"}],"author":[{"embeddable":true,"href":"https:\/\/www.radiopiu.net\/wordpress\/wp-json\/wp\/v2\/users\/1"}],"replies":[{"embeddable":true,"href":"https:\/\/www.radiopiu.net\/wordpress\/wp-json\/wp\/v2\/comments?post=162633"}],"version-history":[{"count":0,"href":"https:\/\/www.radiopiu.net\/wordpress\/wp-json\/wp\/v2\/posts\/162633\/revisions"}],"wp:featuredmedia":[{"embeddable":true,"href":"https:\/\/www.radiopiu.net\/wordpress\/wp-json\/wp\/v2\/media\/154486"}],"wp:attachment":[{"href":"https:\/\/www.radiopiu.net\/wordpress\/wp-json\/wp\/v2\/media?parent=162633"}],"wp:term":[{"taxonomy":"category","embeddable":true,"href":"https:\/\/www.radiopiu.net\/wordpress\/wp-json\/wp\/v2\/categories?post=162633"},{"taxonomy":"post_tag","embeddable":true,"href":"https:\/\/www.radiopiu.net\/wordpress\/wp-json\/wp\/v2\/tags?post=162633"}],"curies":[{"name":"wp","href":"https:\/\/api.w.org\/{rel}","templated":true}]}}