{"id":162652,"date":"2020-09-28T06:10:47","date_gmt":"2020-09-28T04:10:47","guid":{"rendered":"https:\/\/www.radiopiu.net\/wordpress\/?p=162652"},"modified":"2020-09-28T06:24:07","modified_gmt":"2020-09-28T04:24:07","slug":"dillo-a-radio-piu-la-rotonda-in-via-vittorio-veneto-a-belluno","status":"publish","type":"post","link":"https:\/\/www.radiopiu.net\/wordpress\/dillo-a-radio-piu-la-rotonda-in-via-vittorio-veneto-a-belluno\/","title":{"rendered":"DILLO A RADIO PI\u00d9&#8230;LA ROTONDA IN VIA VITTORIO VENETO A BELLUNO"},"content":{"rendered":"<p><strong><a class=\"dt-pswp-item\" href=\"https:\/\/www.radiopiu.net\/wordpress\/wp-content\/uploads\/2020\/09\/Schermata-2020-09-26-alle-14.11.05.png\" data-dt-img-description=\"\" data-large_image_width=\"1302\" data-large_image_height=\"1304\"><img loading=\"lazy\" decoding=\"async\" class=\"size-medium wp-image-162659 alignleft\" src=\"https:\/\/www.radiopiu.net\/wordpress\/wp-content\/uploads\/2020\/09\/Schermata-2020-09-26-alle-14.11.05-300x300.png\" alt=\"\" width=\"300\" height=\"300\" srcset=\"https:\/\/www.radiopiu.net\/wordpress\/wp-content\/uploads\/2020\/09\/Schermata-2020-09-26-alle-14.11.05-300x300.png 300w, https:\/\/www.radiopiu.net\/wordpress\/wp-content\/uploads\/2020\/09\/Schermata-2020-09-26-alle-14.11.05-1022x1024.png 1022w, https:\/\/www.radiopiu.net\/wordpress\/wp-content\/uploads\/2020\/09\/Schermata-2020-09-26-alle-14.11.05-150x150.png 150w, https:\/\/www.radiopiu.net\/wordpress\/wp-content\/uploads\/2020\/09\/Schermata-2020-09-26-alle-14.11.05-768x769.png 768w, https:\/\/www.radiopiu.net\/wordpress\/wp-content\/uploads\/2020\/09\/Schermata-2020-09-26-alle-14.11.05-125x125.png 125w, https:\/\/www.radiopiu.net\/wordpress\/wp-content\/uploads\/2020\/09\/Schermata-2020-09-26-alle-14.11.05-200x200.png 200w, https:\/\/www.radiopiu.net\/wordpress\/wp-content\/uploads\/2020\/09\/Schermata-2020-09-26-alle-14.11.05-80x80.png 80w, https:\/\/www.radiopiu.net\/wordpress\/wp-content\/uploads\/2020\/09\/Schermata-2020-09-26-alle-14.11.05-479x480.png 479w, https:\/\/www.radiopiu.net\/wordpress\/wp-content\/uploads\/2020\/09\/Schermata-2020-09-26-alle-14.11.05.png 1302w\" sizes=\"auto, (max-width: 300px) 100vw, 300px\" \/><\/a>BELLUNO<\/strong> Riceviamo e volentieri pubblichiamo una lettera riguardante la rotonda Via Vittorio Veneto a Belluno<\/p>\n<blockquote><p><em><strong>LA LETTERA<\/strong><\/em><\/p>\n<p>La rotonda in corso di realizzazione\u00a0 lungo la via Vittorio Veneto, viene presentata alla citt\u00e0 di Belluno come un intervento di riqualificazione &#8220;compensativa\u201d . Nello specifico, vuole essere un intervento di: \u201c&#8230;<em>miglioramento della segnalazione e riqualificazione dei passaggi pedonali, abbattimento delle barriere architettoniche, riqualificazione delle fermate dei bus, rifacimento delle pavimentazioni dei marciapiedi<\/em>.\u201d Detta rotatoria, viene a collocarsi su di un trafficatissimo asse viario nei pressi di un luogo, destinato ad accogliere una nuova attivit\u00e0 economica. In soldoni, un ennesimo centro commerciale.\u00a0L&#8217;esigenza della modifica stradale, si rende necessaria per agevolare la circolazione in loco, a causa di un prevedibile incremento di traffico automobilistico.\u00a0A giudicare da come stanno andando le cose, forse, questo progetto per effetto della pandemia o per un difetto di trasparenza, finora,\u00a0 non deve essere stato molto attenzionato. Lo stesso autore del monumento in piazza De Luca, solo ora, a lavori avanzati, si accorge del colpo di spugna che \u00e8 stato dato alla sua opera. Per la verit\u00e0, il Comune di Belluno non \u00e8 nuovo di azioni come questa. Aveva gi\u00e0 dato segno di stancarsi presto delle opere d\u2019arte che commissiona, e i cittadini lo lasciano fare. Circa un decennio fa, ricordo, l&#8217;opera di Arnaldo Pomodoro, \u201cNovecento\u201d, \u00e8 stata acquistata e poi venduta, senza che alcuno se ne dolesse o battesse ciglio. <em>\u00a0Ora ci risiamo ancora, spiana la \u201cfirmata\u201d opera, stranamente trascurata, di piazza De Luca e dei suoi alberi che l\u2019adornavano. Forse, cancellando anche la segnalazione di uno dei 22 punti geodetici, parte dell&#8217;intera rete plano-altimetrica nazionale (<\/em>13.000 punti in tutto, dell&#8217;attuale rete viaria italiana). Nella premessa progettuale di questo intervento, che modifica pesantemente la destinazione dei luoghi, si accosta al progetto una reclamizzata messa in sicurezza. Il che fa pensare a chiss\u00e0 quale \u201cpericolo\u201d da scongiurare.\u00a0Il timore che si legge, per\u00f2, nei principi della riqualificazione invocata, sembra riconducibile alle previsioni d\u2019incremento della\u00a0 mobilit\u00e0 urbana in prossimit\u00e0 dell\u2019area da trasformare. Se tale era\u00a0 la preoccupazione, non si capisce perch\u00e9 si \u00e8 consentito un ulteriore insediamento commerciale che sappiamo letale per il mantenimento degli esercizi di vicinato, da sostenere (&#8220;a parole&#8221;). Non a caso\u00a0 nello studio della progettazione non si coglie un qualche accenno al bisogno di un piano commerciale per tutto l\u2019hinterland bellunese.\u00a0Una scelta politica non certo favorevole per un territorio come quello di Belluno, gi\u00e0 penalizzato perch\u00e9 insieme di piccoli nuclei abitati che avrebbero necessit\u00e0 di una \u201cricucitura\u201d urbana. E non \u00e8 solo questo che peggiorer\u00e0 i dintorni dell\u2019ex piazza De Luca. Forse non si \u00e8 pensato che il rallentamento dei mezzi meccanici in movimento, far\u00e0 aumentare anche l\u2019inquinamento atmosferico. Come minimo, il progetto di rotatoria, si doveva anzitutto preoccupare, con una attenta analisi dei flussi di traffico del luogo, di conoscere i livelli di CO<sub>2<\/sub> e di polveri sottili (PM 2.5 e PM 10). I cui valori, quasi sicuramente, avrebbero scoraggiato la scelta che si sta attuando.\u00a0La stampa \u00e8 l&#8217;unica fonte che ha informato la cittadinanza di questa invasiva trasformazione. Nonostante tutto il tempo passato dal primo annuncio, non c\u2019\u00e8 stata alcuna lamentela. La solita <em>impugnativa <\/em>che non manca nelle varianti urbanistiche con qualche osservazione e\/o opposizione previsti al momento della pubblicazione ufficiale, \u00e8 mancata. Ed \u00e8 mancato anche uno dei soliti ricorsi al TAR. Tutto \u00e8 andato liscio a parte qualche \u201crumor\u201d sulla temuta perdita dei parcheggi auto.\u00a0Altra osservazione di natura urbanistica che va fatta a questa modifica della viabilit\u00e0 in\u00a0 via Vittorio Veneto, se soffermiamo l\u2019attenzione allo \u201csmontaggio\u201d di un\u2019alberata e una ben attrezzata piazza, con monumento realizzato dall\u2019arch. Francesco Palma, che poteva piacere o meno ma era pur sempre un opera intellettuale che non pu\u00f2 e non doveva essere cancellata per fare posto ad un incrocio stradale senz\u2019anima.\u00a0Poi, se si vogliono ancora approfondire i motivi squisitamente urbanistici, in concreto, non pu\u00f2 essere trascurata la leggerezza con cui si \u00e8 deciso di abbattere le otto essenze arboree mature che ombreggiavano la zona e compensavano, questi s\u00ec, i luoghi con la loro restituzione di ossigeno che attenua le emissioni di anidride carbonica.\u00a0Infine, qualche ulteriore dubbio su questa \u201criqualificazione\u201d nasce riflettendo sugli spazi qualificati e gi\u00e0 vissuti\u00a0 del precedente progetto, che la legge sancisce come standard residenziali, barattati per un traffico automobilistico che non migliorer\u00e0 la componente residenziale degli abitanti di quella zona.\u00a0Un ulteriore semplice richiamo alla riflessione pu\u00f2 ancora essere fatto su verde e spazi pubblici sacrificati, nonostante la loro legittima allocazione di progetto a norma della\u00a0 legge nazionale (D.I. 1444\/68) sugli standard residenziali.\u00a0E&#8217; lecito chiedersi a questo punto, se quella che si sta attuando nella, ora, ex piazza\u00a0 De Luca \u00e8 riqualificazione e se la Corte dei Conti, definita \u201c<em>come garante imparziale dell&#8217;equilibrio dell&#8217;economia e della finanza pubblica<\/em>\u201d, pu\u00f2 permettere l\u2019alienazione di un ambiente urbano definito, come quello di cui stiamo parlando, di propriet\u00e0 pubblica, mediante una discutibile trasformazione.<\/p>\n<p>Giuseppe Cancemi<\/p><\/blockquote>\n","protected":false},"excerpt":{"rendered":"<p>BELLUNO Riceviamo e volentieri pubblichiamo una lettera riguardante la rotonda Via Vittorio Veneto a Belluno LA LETTERA La rotonda in corso di realizzazione\u00a0 lungo la via Vittorio Veneto, viene presentata alla citt\u00e0 di Belluno come un intervento di riqualificazione &#8220;compensativa\u201d . Nello specifico, vuole essere un intervento di: \u201c&#8230;miglioramento della segnalazione e riqualificazione dei passaggi&hellip;<\/p>\n","protected":false},"author":4,"featured_media":162659,"comment_status":"closed","ping_status":"closed","sticky":false,"template":"","format":"standard","meta":{"_monsterinsights_skip_tracking":false,"_monsterinsights_sitenote_active":false,"_monsterinsights_sitenote_note":"","_monsterinsights_sitenote_category":0,"footnotes":""},"categories":[1,51,104,49],"tags":[],"class_list":["post-162652","post","type-post","status-publish","format-standard","has-post-thumbnail","hentry","category-senza-categoria","category-evidenza-top","category-evidenza_3","category-news-18","category-1","category-51","category-104","category-49","description-off"],"img_url":"https:\/\/www.radiopiu.net\/wordpress\/wp-content\/uploads\/2020\/09\/Schermata-2020-09-26-alle-14.11.05.png","_links":{"self":[{"href":"https:\/\/www.radiopiu.net\/wordpress\/wp-json\/wp\/v2\/posts\/162652","targetHints":{"allow":["GET"]}}],"collection":[{"href":"https:\/\/www.radiopiu.net\/wordpress\/wp-json\/wp\/v2\/posts"}],"about":[{"href":"https:\/\/www.radiopiu.net\/wordpress\/wp-json\/wp\/v2\/types\/post"}],"author":[{"embeddable":true,"href":"https:\/\/www.radiopiu.net\/wordpress\/wp-json\/wp\/v2\/users\/4"}],"replies":[{"embeddable":true,"href":"https:\/\/www.radiopiu.net\/wordpress\/wp-json\/wp\/v2\/comments?post=162652"}],"version-history":[{"count":0,"href":"https:\/\/www.radiopiu.net\/wordpress\/wp-json\/wp\/v2\/posts\/162652\/revisions"}],"wp:featuredmedia":[{"embeddable":true,"href":"https:\/\/www.radiopiu.net\/wordpress\/wp-json\/wp\/v2\/media\/162659"}],"wp:attachment":[{"href":"https:\/\/www.radiopiu.net\/wordpress\/wp-json\/wp\/v2\/media?parent=162652"}],"wp:term":[{"taxonomy":"category","embeddable":true,"href":"https:\/\/www.radiopiu.net\/wordpress\/wp-json\/wp\/v2\/categories?post=162652"},{"taxonomy":"post_tag","embeddable":true,"href":"https:\/\/www.radiopiu.net\/wordpress\/wp-json\/wp\/v2\/tags?post=162652"}],"curies":[{"name":"wp","href":"https:\/\/api.w.org\/{rel}","templated":true}]}}