{"id":162720,"date":"2020-09-28T05:50:40","date_gmt":"2020-09-28T03:50:40","guid":{"rendered":"https:\/\/www.radiopiu.net\/wordpress\/?p=162720"},"modified":"2020-09-28T09:12:56","modified_gmt":"2020-09-28T07:12:56","slug":"giornale-radiopiu-28-settembre-2020-direttore-mirko-mezzacasa","status":"publish","type":"post","link":"https:\/\/www.radiopiu.net\/wordpress\/giornale-radiopiu-28-settembre-2020-direttore-mirko-mezzacasa\/","title":{"rendered":"GIORNALE RADIOPIU 28 SETTEMBRE 2020 DIRETTORE MIRKO MEZZACASA"},"content":{"rendered":"<h3><a class=\"dt-pswp-item\" href=\"https:\/\/www.radiopiu.net\/wordpress\/wp-content\/uploads\/2020\/09\/banner-montagna-radio-1.jpg\" data-dt-img-description=\"\" data-large_image_width=\"1200\" data-large_image_height=\"300\"><img loading=\"lazy\" decoding=\"async\" class=\"wp-image-162835 aligncenter\" src=\"https:\/\/www.radiopiu.net\/wordpress\/wp-content\/uploads\/2020\/09\/banner-montagna-radio-1-300x75.jpg\" alt=\"\" width=\"411\" height=\"103\" srcset=\"https:\/\/www.radiopiu.net\/wordpress\/wp-content\/uploads\/2020\/09\/banner-montagna-radio-1-300x75.jpg 300w, https:\/\/www.radiopiu.net\/wordpress\/wp-content\/uploads\/2020\/09\/banner-montagna-radio-1-1024x256.jpg 1024w, https:\/\/www.radiopiu.net\/wordpress\/wp-content\/uploads\/2020\/09\/banner-montagna-radio-1-768x192.jpg 768w, https:\/\/www.radiopiu.net\/wordpress\/wp-content\/uploads\/2020\/09\/banner-montagna-radio-1-640x160.jpg 640w, https:\/\/www.radiopiu.net\/wordpress\/wp-content\/uploads\/2020\/09\/banner-montagna-radio-1.jpg 1200w\" sizes=\"auto, (max-width: 411px) 100vw, 411px\" \/><\/a><\/h3>\n<h3><strong>PER RICEVERE QUESTO NOTIZIARIO DIRETTAMENTE SUL TUO CELLULARE ISCRIVITI AL CANALE TELEGRAM <\/strong><strong>\u201cRADIO PIU\u00a0 INFORMAZIONE&#8221;<\/strong><\/h3>\n<p><em>ATTENZIONE: LA NUOVA APP PER IOS-IPHONE<\/em><\/p>\n<div>\n<div><a href=\"https:\/\/apps.apple.com\/it\/app\/radio-pi%C3%B9-emittente-agordina\/id1515939845\">https:\/\/apps.apple.com\/it\/app\/radio-pi%C3%B9-emittente-agordina\/id1515939845<\/a><\/div>\n<\/div>\n<div><\/div>\n<div>\n<div dir=\"auto\"><em>ATTENZIONE: LA NUOVA APP RADIO\u00a0 PER ANDROID<\/em><\/div>\n<\/div>\n<p><a href=\"https:\/\/play.google.com\/store\/apps\/details?id=net.radiopiu.iniko\" target=\"_blank\" rel=\"noopener noreferrer\">https:\/\/play.google.com\/store\/apps\/details?id=net.radiopiu.iniko<\/a><\/p>\n<p>&nbsp;<\/p>\n<hr \/>\n<p>&nbsp;<\/p>\n<p><span style=\"color: #0000ff;\">TELEGRAM VIABILITA&#8217; PROVINCIA BELLUNO<\/span><\/p>\n<p><strong>FOTO ROBERTO, PASSO FALZAREGO QUESTA MATTINA<\/strong><\/p>\n<p><a class=\"dt-pswp-item\" href=\"https:\/\/www.radiopiu.net\/wordpress\/wp-content\/uploads\/2020\/09\/684378bb-d67f-4e85-ba2c-d17e6750e3e0.jpg\" data-dt-img-description=\"\" data-large_image_width=\"320\" data-large_image_height=\"240\"><img loading=\"lazy\" decoding=\"async\" class=\"alignnone size-medium wp-image-162909\" src=\"https:\/\/www.radiopiu.net\/wordpress\/wp-content\/uploads\/2020\/09\/684378bb-d67f-4e85-ba2c-d17e6750e3e0-300x225.jpg\" alt=\"\" width=\"300\" height=\"225\" srcset=\"https:\/\/www.radiopiu.net\/wordpress\/wp-content\/uploads\/2020\/09\/684378bb-d67f-4e85-ba2c-d17e6750e3e0-300x225.jpg 300w, https:\/\/www.radiopiu.net\/wordpress\/wp-content\/uploads\/2020\/09\/684378bb-d67f-4e85-ba2c-d17e6750e3e0.jpg 320w\" sizes=\"auto, (max-width: 300px) 100vw, 300px\" \/><\/a><\/p>\n<p>&nbsp;<\/p>\n<hr \/>\n<p>&nbsp;<\/p>\n<blockquote>\n<h3>COLLE SANTA LUCIA SALUTA DON RENATO<\/h3>\n<\/blockquote>\n<p><strong>COLLE SANTA LUCIA<\/strong> Come preannunciato \u00e8 Don Renato Tasso, sacerdote salesiano il nuovo parroco di Colle Santa Lucia, Selva di Cadore e Pescul per un anno almeno. Succede a Don Gabriele Bernardi mancato lo scorso maggio, improvvisamente e che nella comunit\u00e0 ha lasciato un grande vuoto. Ieri la\u00a0 prima messa di don Renato sotto al Pelmo alla presenza del vescovo\u00a0 Renato Marangoni. Il vescovo ha rivolto un grazie a don Fabiano Del Favero il parroco del Poi, a don Virgilio Agostinelli e a don Sandro Capraro per il loro impegno in questi mesi nello svolgimento delle funzioni religiose.<\/p>\n<p>&nbsp;<\/p>\n<hr \/>\n<p>&nbsp;<\/p>\n<blockquote>\n<h3>VIVA MALGA VALLES ALTO CHE VINCE LA SFIDA DEI FORMAGGI DI MALGA<\/h3>\n<\/blockquote>\n<p><strong>SEDICO\u00a0<\/strong>\u00a0 Al 34\u00b0 concorso dei formaggi di malga dell&#8217;Agordino e della provincia di Belluno nel corso della Mostra Mercato &#8220;Colori, Sapori e Profumi d&#8217;Autunno&#8221;, hanno partecipato 15 malghe in due categorie Agordino e altre zone della provincia di Belluno. Primo premio\u00a0 alla Malga Valles Alto di Falcade per l&#8217;Agordino e quello di Casera Razzo a Vigo di Cadore nel resto della provincia. Sul secondo gradino del podio i formaggi Cherz della latteria di Livinallongo e di Malga Garda a Lentiai. Al terzo posto i prodotti di Malga Laste a Rocca Pietore e Malga Larieto a Cortina.<\/p>\n<p>&nbsp;<\/p>\n<hr \/>\n<p>&nbsp;<\/p>\n<blockquote>\n<h3>L&#8217;ANNIVERSARIO, 42 ANNI DALLA SCOMPARSA DI PAPA LUCIANI<\/h3>\n<\/blockquote>\n<p><strong>CANALE D&#8217;AGORDO<\/strong>\u00a0 Gioved\u00ec 28 settembre 1978, in una camera del Palazzo pontificio in Vaticano, moriva improvvisamente Albino Luciani, papa Giovanni Paolo I. Oggi alle 18, nell&#8217;anniversario della morte, il vescovo Renato Marangoni ricorder\u00e0 Luciani nella messa in chiesa a Canale.<\/p>\n<p>&nbsp;<\/p>\n<hr \/>\n<h3><span style=\"color: #0000ff;\">PER CHI VIAGGIA<\/span><\/h3>\n<p><strong>SR 203 AGORDINA<\/strong> Fino\u00a0 al 30 settembre, dalle 8 alle 17, sabato e domenica esclusi, senso unico alternato regolato da semaforo in localit\u00e0 Listolade di Taibon Agordino per asfaltatura tratti interessati dalla posa della fibra ottica <strong>REGIONALE 203 AGORDINA<\/strong>\u00a0 Fino\u00a0 al 18 dicembre (esclusi festivi e prefestivi) senso unico alternato tra Peron e Candaten e tra La Stanga e Candaten con movieri dalle 7 alle 9 e dalle 16.30 alle 18. Con semaforo negli altri orari<\/p>\n<p>&nbsp;<\/p>\n<p><strong>PROVINCIALE 35 &#8211; LASTE<\/strong><br \/>\nPer allargamento della sede stradale in localit\u00e0 Laste di Sopra limitazioni al transito fino al 15 ottobre esclusi festivi e prefestivi, brevi interruzioni durata massima di 15 minuti tra le 8 e le 12 e tra le 13 e le 17.\u00a0Negli altri orari semaforo e senso unico alternato<\/p>\n<p>&nbsp;<\/p>\n<hr \/>\n<p>&nbsp;<\/p>\n<p><strong><a class=\"dt-pswp-item\" href=\"https:\/\/www.radiopiu.net\/wordpress\/wp-content\/uploads\/2018\/08\/ACQUA.jpeg\" data-dt-img-description=\"\" data-large_image_width=\"1280\" data-large_image_height=\"768\"><img loading=\"lazy\" decoding=\"async\" class=\" wp-image-57052 alignleft\" src=\"https:\/\/www.radiopiu.net\/wordpress\/wp-content\/uploads\/2018\/08\/ACQUA-300x180.jpeg\" alt=\"\" width=\"273\" height=\"164\" srcset=\"https:\/\/www.radiopiu.net\/wordpress\/wp-content\/uploads\/2018\/08\/ACQUA-300x180.jpeg 300w, https:\/\/www.radiopiu.net\/wordpress\/wp-content\/uploads\/2018\/08\/ACQUA-768x461.jpeg 768w, https:\/\/www.radiopiu.net\/wordpress\/wp-content\/uploads\/2018\/08\/ACQUA-1024x614.jpeg 1024w, https:\/\/www.radiopiu.net\/wordpress\/wp-content\/uploads\/2018\/08\/ACQUA.jpeg 1280w\" sizes=\"auto, (max-width: 273px) 100vw, 273px\" \/><\/a>ROCCA PIETORE <\/strong>Gestione Servizi Pubblici informa che a ROCCA PIETORE in localit\u00e0 SAVINER DI CALLONEGHE, MASARE&#8217;, BADIOT, LE PALE e SOPRACORDEVOLE l&#8217;acqua erogata dall&#8217;acquedotto non \u00e8 potabile e pu\u00f2 essere usata per scopi alimentari SOLO PREVIA bollitura. GSP ha, comunque, gi\u00e0 adottato le necessarie misure per la disinfezione dell&#8217;acqua presente nei serbatoi e nella rete idrica con l&#8217;aggiunta di cloro. Ulteriori informazioni saranno fornite nei prossimi giorni.<\/p>\n<p>&nbsp;<\/p>\n<hr \/>\n<p>&nbsp;<\/p>\n<div class=\"page-title-head hgroup\">\n<blockquote>\n<h3 class=\"entry-title\">INSEGNANTE DI MUSICA MUORE PRECIPITANDO PER 200 METRI LUNGO UN GHIAIONE<\/h3>\n<\/blockquote>\n<\/div>\n<div class=\"page-title-breadcrumbs\"><strong><a class=\"dt-pswp-item\" href=\"https:\/\/www.radiopiu.net\/wordpress\/wp-content\/uploads\/2020\/09\/salt_20200927_172251_707_resized.jpg\" data-dt-img-description=\"\" data-large_image_width=\"1182\" data-large_image_height=\"886\"><img loading=\"lazy\" decoding=\"async\" class=\"size-medium wp-image-162843 alignleft\" src=\"https:\/\/www.radiopiu.net\/wordpress\/wp-content\/uploads\/2020\/09\/salt_20200927_172251_707_resized-300x225.jpg\" alt=\"\" width=\"300\" height=\"225\" srcset=\"https:\/\/www.radiopiu.net\/wordpress\/wp-content\/uploads\/2020\/09\/salt_20200927_172251_707_resized-300x225.jpg 300w, https:\/\/www.radiopiu.net\/wordpress\/wp-content\/uploads\/2020\/09\/salt_20200927_172251_707_resized-1024x768.jpg 1024w, https:\/\/www.radiopiu.net\/wordpress\/wp-content\/uploads\/2020\/09\/salt_20200927_172251_707_resized-768x576.jpg 768w, https:\/\/www.radiopiu.net\/wordpress\/wp-content\/uploads\/2020\/09\/salt_20200927_172251_707_resized-640x480.jpg 640w, https:\/\/www.radiopiu.net\/wordpress\/wp-content\/uploads\/2020\/09\/salt_20200927_172251_707_resized.jpg 1182w\" sizes=\"auto, (max-width: 300px) 100vw, 300px\" \/><\/a><\/strong><strong>AVIANO Dramma tra le province di Pordenone e Belluno, muore un escursionista di Rovigo \u00a0Paolo Ambroso di 41 anni, era in compagnia di un amico che ha provato a rianimarlo allertando i soccorsi. L&#8217;uomo conosciuto insegnante di musica lascia la moglie e tre figli in tenera et\u00e0.<\/strong><\/div>\n<div><\/div>\n<div class=\"page-title-breadcrumbs\">Nel primo pomeriggio di ieri\u00a0 la Centrale unica del Friuli ha allertato il 118 di Pieve di Cadore per un incidente accaduto sul ripido sentiero in cresta che scende dal Monte Cavallo verso Forcella della Val di Sughet, tra il Cavallo e il Cimon di Palantina, <a class=\"dt-pswp-item\" href=\"https:\/\/www.radiopiu.net\/wordpress\/wp-content\/uploads\/2020\/09\/11855880_137180176620620_7643242098636996309_n.jpg\" data-dt-img-description=\"\" data-large_image_width=\"868\" data-large_image_height=\"960\"><img loading=\"lazy\" decoding=\"async\" class=\"size-medium wp-image-162893 alignright\" src=\"https:\/\/www.radiopiu.net\/wordpress\/wp-content\/uploads\/2020\/09\/11855880_137180176620620_7643242098636996309_n-271x300.jpg\" alt=\"\" width=\"271\" height=\"300\" srcset=\"https:\/\/www.radiopiu.net\/wordpress\/wp-content\/uploads\/2020\/09\/11855880_137180176620620_7643242098636996309_n-271x300.jpg 271w, https:\/\/www.radiopiu.net\/wordpress\/wp-content\/uploads\/2020\/09\/11855880_137180176620620_7643242098636996309_n-768x849.jpg 768w, https:\/\/www.radiopiu.net\/wordpress\/wp-content\/uploads\/2020\/09\/11855880_137180176620620_7643242098636996309_n-434x480.jpg 434w, https:\/\/www.radiopiu.net\/wordpress\/wp-content\/uploads\/2020\/09\/11855880_137180176620620_7643242098636996309_n.jpg 868w\" sizes=\"auto, (max-width: 271px) 100vw, 271px\" \/><\/a>poich\u00e9 la nebbia non aveva permesso l&#8217;avvicinamento dell&#8217;elicottero dal versante di Aviano e una squadra del Soccorso alpino di Pordenone stava risalendo a piedi. Un escursionista aveva infatti chiamato dopo che l&#8217;amico\u00a0 era scivolato e ruzzolato in un ghiaione per 200 metri e lui lo aveva raggiunto cecando di rianimarlo. L&#8217;eliambulanza del Suem di Pieve di Cadore, dopo aver imbarcato un soccorritore dell&#8217;Alpago in supporto alle operazioni, \u00e8 riuscita\u00a0 portalo sul in quota con\u00a0 il tecnico di elisoccorso e l&#8217;equipe medica al limite della nebbia, a circa 200 metri dal punto in cui si trovava il corpo esanime dell&#8217;uomo. Una volta da lui, purtroppo \u00e8 stato solamente possibile constatarne il decesso. In una seconda rotazione, l&#8217;amico \u00e8 stato accompagnato a Col Indes, dove \u00e8 stato fatto salire un secondo soccorritore dell&#8217;Alpago. Ottenuto il nulla osta dalla magistratura per la rimozione, la salma imbarellata e stata recuperata con un verricello di pochi metri e trasferita a Piancavallo.<\/div>\n<div><\/div>\n<div>\n<hr \/>\n<\/div>\n<p>&nbsp;<\/p>\n<blockquote>\n<h3>DISTORSIONE ALLA CAVIGLIA PER UNA DONNA VICENTINA<\/h3>\n<\/blockquote>\n<p><strong>CORTINA<\/strong> Una squadra del Soccorso alpino di Cortina \u00e8\u00a0 intervenuta al Rifugio Scoiattoli, nelle cui vicinanze una donna di Malo (VI), di 65 anni, ha riportato un sospetto trauma alla caviglia. Caricata sul fuoristrada, l&#8217;infortunata \u00e8 stata trasportata fino alla sua macchina con cui si \u00e8 allontanata autonomamente.<\/p>\n<p>&nbsp;<\/p>\n<hr \/>\n<p>&nbsp;<\/p>\n<blockquote>\n<h3>FINISCE CONTRO UN ALBERO, DONNA FERITA IN MODO GRAVE MA NON IN PERICOLO DI VITA<\/h3>\n<\/blockquote>\n<p><strong>FELTRE<\/strong> Ieri sera\u00a0 i vigili del fuoco sono intervenuti lungo la strada tra Vellai e Villabruna in Via Boschi a Feltre per un\u2019autovettura finita fuoristrada contro un albero: ferita la conducente. I pompieri accorsi dal locale distaccamento hanno messo in sicurezza l\u2019automobile, mentre la conducente era presa in cura dal personale sanitario del SUEM per essere trasferita in ospedale. Le operazioni di soccorso dei vigili del fuoco sono terminate dopo circa un\u2019ora.<\/p>\n\n\t\t\t<style type='text\/css'>\n\t\t\t\t#gallery-1 {\n\t\t\t\t\tmargin: auto;\n\t\t\t\t}\n\t\t\t\t#gallery-1 .gallery-item {\n\t\t\t\t\tfloat: left;\n\t\t\t\t\tmargin-top: 10px;\n\t\t\t\t\ttext-align: center;\n\t\t\t\t\twidth: 33%;\n\t\t\t\t}\n\t\t\t\t#gallery-1 img {\n\t\t\t\t\tborder: 2px solid #cfcfcf;\n\t\t\t\t}\n\t\t\t\t#gallery-1 .gallery-caption {\n\t\t\t\t\tmargin-left: 0;\n\t\t\t\t}\n\t\t\t\t\/* see gallery_shortcode() in wp-includes\/media.php *\/\n\t\t\t<\/style>\n\t\t<div id='gallery-1' class='dt-gallery-container gallery galleryid-162720 gallery-columns-3 gallery-size-thumbnail'><dl class='gallery-item'>\n\t\t\t\t<dt class='gallery-icon landscape'>\n\t\t\t\t\t<a class=\"rollover rollover-zoom dt-pswp-item\" title=\"WhatsApp Image 2020-09-27 at 21.42.36\" data-dt-img-description=\"\" data-large_image_width=\"1280\" data-large_image_height=\"858\"href='https:\/\/www.radiopiu.net\/wordpress\/wp-content\/uploads\/2020\/09\/WhatsApp-Image-2020-09-27-at-21.42.36.jpeg'><img loading=\"lazy\" decoding=\"async\" width=\"150\" height=\"150\" src=\"https:\/\/www.radiopiu.net\/wordpress\/wp-content\/uploads\/2020\/09\/WhatsApp-Image-2020-09-27-at-21.42.36-150x150.jpeg\" class=\"attachment-thumbnail size-thumbnail\" alt=\"\" srcset=\"https:\/\/www.radiopiu.net\/wordpress\/wp-content\/uploads\/2020\/09\/WhatsApp-Image-2020-09-27-at-21.42.36-150x150.jpeg 150w, https:\/\/www.radiopiu.net\/wordpress\/wp-content\/uploads\/2020\/09\/WhatsApp-Image-2020-09-27-at-21.42.36-125x125.jpeg 125w, https:\/\/www.radiopiu.net\/wordpress\/wp-content\/uploads\/2020\/09\/WhatsApp-Image-2020-09-27-at-21.42.36-200x200.jpeg 200w, https:\/\/www.radiopiu.net\/wordpress\/wp-content\/uploads\/2020\/09\/WhatsApp-Image-2020-09-27-at-21.42.36-80x80.jpeg 80w\" sizes=\"auto, (max-width: 150px) 100vw, 150px\" \/><\/a>\n\t\t\t\t<\/dt><\/dl><dl class='gallery-item'>\n\t\t\t\t<dt class='gallery-icon landscape'>\n\t\t\t\t\t<a class=\"rollover rollover-zoom dt-pswp-item\" title=\"WhatsApp Image 2020-09-27 at 21.42.37\" data-dt-img-description=\"\" data-large_image_width=\"1280\" data-large_image_height=\"862\"href='https:\/\/www.radiopiu.net\/wordpress\/wp-content\/uploads\/2020\/09\/WhatsApp-Image-2020-09-27-at-21.42.37.jpeg'><img loading=\"lazy\" decoding=\"async\" width=\"150\" height=\"150\" src=\"https:\/\/www.radiopiu.net\/wordpress\/wp-content\/uploads\/2020\/09\/WhatsApp-Image-2020-09-27-at-21.42.37-150x150.jpeg\" class=\"attachment-thumbnail size-thumbnail\" alt=\"\" srcset=\"https:\/\/www.radiopiu.net\/wordpress\/wp-content\/uploads\/2020\/09\/WhatsApp-Image-2020-09-27-at-21.42.37-150x150.jpeg 150w, https:\/\/www.radiopiu.net\/wordpress\/wp-content\/uploads\/2020\/09\/WhatsApp-Image-2020-09-27-at-21.42.37-125x125.jpeg 125w, https:\/\/www.radiopiu.net\/wordpress\/wp-content\/uploads\/2020\/09\/WhatsApp-Image-2020-09-27-at-21.42.37-200x200.jpeg 200w, https:\/\/www.radiopiu.net\/wordpress\/wp-content\/uploads\/2020\/09\/WhatsApp-Image-2020-09-27-at-21.42.37-80x80.jpeg 80w\" sizes=\"auto, (max-width: 150px) 100vw, 150px\" \/><\/a>\n\t\t\t\t<\/dt><\/dl><dl class='gallery-item'>\n\t\t\t\t<dt class='gallery-icon landscape'>\n\t\t\t\t\t<a class=\"rollover rollover-zoom dt-pswp-item\" title=\"WhatsApp Image 2020-09-27 at 21.42.38\" data-dt-img-description=\"\" data-large_image_width=\"1280\" data-large_image_height=\"838\"href='https:\/\/www.radiopiu.net\/wordpress\/wp-content\/uploads\/2020\/09\/WhatsApp-Image-2020-09-27-at-21.42.38.jpeg'><img loading=\"lazy\" decoding=\"async\" width=\"150\" height=\"150\" src=\"https:\/\/www.radiopiu.net\/wordpress\/wp-content\/uploads\/2020\/09\/WhatsApp-Image-2020-09-27-at-21.42.38-150x150.jpeg\" class=\"attachment-thumbnail size-thumbnail\" alt=\"\" srcset=\"https:\/\/www.radiopiu.net\/wordpress\/wp-content\/uploads\/2020\/09\/WhatsApp-Image-2020-09-27-at-21.42.38-150x150.jpeg 150w, https:\/\/www.radiopiu.net\/wordpress\/wp-content\/uploads\/2020\/09\/WhatsApp-Image-2020-09-27-at-21.42.38-125x125.jpeg 125w, https:\/\/www.radiopiu.net\/wordpress\/wp-content\/uploads\/2020\/09\/WhatsApp-Image-2020-09-27-at-21.42.38-200x200.jpeg 200w, https:\/\/www.radiopiu.net\/wordpress\/wp-content\/uploads\/2020\/09\/WhatsApp-Image-2020-09-27-at-21.42.38-80x80.jpeg 80w\" sizes=\"auto, (max-width: 150px) 100vw, 150px\" \/><\/a>\n\t\t\t\t<\/dt><\/dl><br style=\"clear: both\" \/>\n\t\t\t<\/div>\n\n<hr \/>\n<p>&nbsp;<\/p>\n<blockquote>\n<h3>MOTO A TERRA, SESSANTENNI IN OSPEDALE<\/h3>\n<\/blockquote>\n<p><strong>FELTRE<\/strong> Per due motociclisti la domenica finisce al pronto soccorso del Santa Maria del Prato con contusioni e\u00a0 fratture non gravi. I due centauri tedeschi si sono urtati e sono caduti con le loro motociclette al Pasquer. I due sessantenni germanici viaggiavano assieme, uno in sella ad una Honda Vfr e l&#8217;altro ad una Harley Davidson Xr 1200\u00a0 vigili del fuoco hanno messo in sicurezza le moto incidentate e sgomberato la strada, mentre gli uomini della polizia stradale del distaccamento di Feltre, guidati dall&#8217;ispettore Tiziano Vittore Speranza, hanno effettuato i rilievi. &#8212;<\/p>\n<p>&nbsp;<\/p>\n<p>&nbsp;<\/p>\n<hr \/>\n<blockquote>\n<h3>PRESAGIO CONFORTATO DAL PRIMO SASSO SULLA STRADA<\/h3>\n<\/blockquote>\n<p><strong><a class=\"dt-pswp-item\" href=\"https:\/\/www.radiopiu.net\/wordpress\/wp-content\/uploads\/2020\/09\/120258738_655527495390612_8676142625162355361_n.jpg\" data-dt-img-description=\"\" data-large_image_width=\"828\" data-large_image_height=\"1104\"><img loading=\"lazy\" decoding=\"async\" class=\"wp-image-162779 alignleft\" src=\"https:\/\/www.radiopiu.net\/wordpress\/wp-content\/uploads\/2020\/09\/120258738_655527495390612_8676142625162355361_n-225x300.jpg\" alt=\"\" width=\"104\" height=\"139\" srcset=\"https:\/\/www.radiopiu.net\/wordpress\/wp-content\/uploads\/2020\/09\/120258738_655527495390612_8676142625162355361_n-225x300.jpg 225w, https:\/\/www.radiopiu.net\/wordpress\/wp-content\/uploads\/2020\/09\/120258738_655527495390612_8676142625162355361_n-768x1024.jpg 768w, https:\/\/www.radiopiu.net\/wordpress\/wp-content\/uploads\/2020\/09\/120258738_655527495390612_8676142625162355361_n-360x480.jpg 360w, https:\/\/www.radiopiu.net\/wordpress\/wp-content\/uploads\/2020\/09\/120258738_655527495390612_8676142625162355361_n.jpg 828w\" sizes=\"auto, (max-width: 104px) 100vw, 104px\" \/><\/a>COLLE SANTA LUCIA<\/strong> Un sasso pi\u00f9 grande e altri molto pi\u00f9 piccoli,\u00a0 in strada, Niente di grave e nessun\u00a0 \u00e8 rimasto coinvolto, \u00e8 stato sufficiente spostarlo a bordo strada. Di modeste dimensioni, soprattutto rispetto agli altri (da dove si \u00e8 staccato) sembrerebbero per\u00f2 in equilibrio precario. Evidente\u00a0 la preoccupazione per quel muro ammalorato, per usare un aggettivo tecnico, ovvero ridotto in cattive condizioni, deteriorato, fatiscente. Il muro fotografato costeggia la strada regionale 203 agordina al chilometro 2 e 54, verso Colle Santa Lucia salendo da Caprile.<\/p>\n\n\t\t\t<style type='text\/css'>\n\t\t\t\t#gallery-2 {\n\t\t\t\t\tmargin: auto;\n\t\t\t\t}\n\t\t\t\t#gallery-2 .gallery-item {\n\t\t\t\t\tfloat: left;\n\t\t\t\t\tmargin-top: 10px;\n\t\t\t\t\ttext-align: center;\n\t\t\t\t\twidth: 33%;\n\t\t\t\t}\n\t\t\t\t#gallery-2 img {\n\t\t\t\t\tborder: 2px solid #cfcfcf;\n\t\t\t\t}\n\t\t\t\t#gallery-2 .gallery-caption {\n\t\t\t\t\tmargin-left: 0;\n\t\t\t\t}\n\t\t\t\t\/* see gallery_shortcode() in wp-includes\/media.php *\/\n\t\t\t<\/style>\n\t\t<div id='gallery-2' class='dt-gallery-container gallery galleryid-162720 gallery-columns-3 gallery-size-thumbnail'><dl class='gallery-item'>\n\t\t\t\t<dt class='gallery-icon landscape'>\n\t\t\t\t\t<a class=\"rollover rollover-zoom dt-pswp-item\" title=\"120256237_697393870864797_2401419673171825962_n\" data-dt-img-description=\"\" data-large_image_width=\"498\" data-large_image_height=\"280\"href='https:\/\/www.radiopiu.net\/wordpress\/wp-content\/uploads\/2020\/09\/120256237_697393870864797_2401419673171825962_n.jpg'><img loading=\"lazy\" decoding=\"async\" width=\"150\" height=\"150\" src=\"https:\/\/www.radiopiu.net\/wordpress\/wp-content\/uploads\/2020\/09\/120256237_697393870864797_2401419673171825962_n-150x150.jpg\" class=\"attachment-thumbnail size-thumbnail\" alt=\"\" srcset=\"https:\/\/www.radiopiu.net\/wordpress\/wp-content\/uploads\/2020\/09\/120256237_697393870864797_2401419673171825962_n-150x150.jpg 150w, https:\/\/www.radiopiu.net\/wordpress\/wp-content\/uploads\/2020\/09\/120256237_697393870864797_2401419673171825962_n-125x125.jpg 125w, https:\/\/www.radiopiu.net\/wordpress\/wp-content\/uploads\/2020\/09\/120256237_697393870864797_2401419673171825962_n-200x200.jpg 200w, https:\/\/www.radiopiu.net\/wordpress\/wp-content\/uploads\/2020\/09\/120256237_697393870864797_2401419673171825962_n-80x80.jpg 80w\" sizes=\"auto, (max-width: 150px) 100vw, 150px\" \/><\/a>\n\t\t\t\t<\/dt><\/dl><dl class='gallery-item'>\n\t\t\t\t<dt class='gallery-icon landscape'>\n\t\t\t\t\t<a class=\"rollover rollover-zoom dt-pswp-item\" title=\"120200066_1427173700812314_6546947031461841572_n\" data-dt-img-description=\"\" data-large_image_width=\"828\" data-large_image_height=\"621\"href='https:\/\/www.radiopiu.net\/wordpress\/wp-content\/uploads\/2020\/09\/120200066_1427173700812314_6546947031461841572_n.jpg'><img loading=\"lazy\" decoding=\"async\" width=\"150\" height=\"150\" src=\"https:\/\/www.radiopiu.net\/wordpress\/wp-content\/uploads\/2020\/09\/120200066_1427173700812314_6546947031461841572_n-150x150.jpg\" class=\"attachment-thumbnail size-thumbnail\" alt=\"\" srcset=\"https:\/\/www.radiopiu.net\/wordpress\/wp-content\/uploads\/2020\/09\/120200066_1427173700812314_6546947031461841572_n-150x150.jpg 150w, https:\/\/www.radiopiu.net\/wordpress\/wp-content\/uploads\/2020\/09\/120200066_1427173700812314_6546947031461841572_n-125x125.jpg 125w, https:\/\/www.radiopiu.net\/wordpress\/wp-content\/uploads\/2020\/09\/120200066_1427173700812314_6546947031461841572_n-200x200.jpg 200w, https:\/\/www.radiopiu.net\/wordpress\/wp-content\/uploads\/2020\/09\/120200066_1427173700812314_6546947031461841572_n-80x80.jpg 80w\" sizes=\"auto, (max-width: 150px) 100vw, 150px\" \/><\/a>\n\t\t\t\t<\/dt><\/dl><dl class='gallery-item'>\n\t\t\t\t<dt class='gallery-icon portrait'>\n\t\t\t\t\t<a class=\"rollover rollover-zoom dt-pswp-item\" title=\"120258738_655527495390612_8676142625162355361_n\" data-dt-img-description=\"\" data-large_image_width=\"828\" data-large_image_height=\"1104\"href='https:\/\/www.radiopiu.net\/wordpress\/wp-content\/uploads\/2020\/09\/120258738_655527495390612_8676142625162355361_n.jpg'><img loading=\"lazy\" decoding=\"async\" width=\"150\" height=\"150\" src=\"https:\/\/www.radiopiu.net\/wordpress\/wp-content\/uploads\/2020\/09\/120258738_655527495390612_8676142625162355361_n-150x150.jpg\" class=\"attachment-thumbnail size-thumbnail\" alt=\"\" srcset=\"https:\/\/www.radiopiu.net\/wordpress\/wp-content\/uploads\/2020\/09\/120258738_655527495390612_8676142625162355361_n-150x150.jpg 150w, https:\/\/www.radiopiu.net\/wordpress\/wp-content\/uploads\/2020\/09\/120258738_655527495390612_8676142625162355361_n-125x125.jpg 125w, https:\/\/www.radiopiu.net\/wordpress\/wp-content\/uploads\/2020\/09\/120258738_655527495390612_8676142625162355361_n-200x200.jpg 200w, https:\/\/www.radiopiu.net\/wordpress\/wp-content\/uploads\/2020\/09\/120258738_655527495390612_8676142625162355361_n-80x80.jpg 80w\" sizes=\"auto, (max-width: 150px) 100vw, 150px\" \/><\/a>\n\t\t\t\t<\/dt><\/dl><br style=\"clear: both\" \/>\n\t\t\t<\/div>\n\n<p>&nbsp;<\/p>\n<hr \/>\n<p>&nbsp;<\/p>\n<blockquote>\n<h3><a class=\"dt-pswp-item\" href=\"https:\/\/www.radiopiu.net\/wordpress\/wp-content\/uploads\/2020\/09\/100541081_3264245970253745_9140522495672057856_o.jpg\" data-dt-img-description=\"\" data-large_image_width=\"468\" data-large_image_height=\"960\"><img loading=\"lazy\" decoding=\"async\" class=\" wp-image-162896 alignleft\" src=\"https:\/\/www.radiopiu.net\/wordpress\/wp-content\/uploads\/2020\/09\/100541081_3264245970253745_9140522495672057856_o-146x300.jpg\" alt=\"\" width=\"73\" height=\"150\" srcset=\"https:\/\/www.radiopiu.net\/wordpress\/wp-content\/uploads\/2020\/09\/100541081_3264245970253745_9140522495672057856_o-146x300.jpg 146w, https:\/\/www.radiopiu.net\/wordpress\/wp-content\/uploads\/2020\/09\/100541081_3264245970253745_9140522495672057856_o-234x480.jpg 234w, https:\/\/www.radiopiu.net\/wordpress\/wp-content\/uploads\/2020\/09\/100541081_3264245970253745_9140522495672057856_o.jpg 468w\" sizes=\"auto, (max-width: 73px) 100vw, 73px\" \/><\/a>FURTO IN OSTERIA, TANTI DANNI E BOTTINO IRRISORIO<\/h3>\n<\/blockquote>\n<p><strong>BELLUNO<\/strong>\u00a0 Bottino: solo il fondo cassa, non pi\u00f9 di 200 euro nel furto di ieri mattina tra le 4 e l&#8217;alba, ovvero dopo il passaggio del vigilante, l&#8217;allarme al bar non era stato attivato. Ieri mattina gli addetti alle pulizia hanno trovato la porta sfondata e hanno subito avvisato\u00a0 Massimo Bortoluzzi, gestore\u00a0 dell&#8217;Osteria al Ponte a Borgo Pra.\u00a0 Per entrare l&#8217;ignoto o gli ignoti hanno sfondato e danneggiato una porta. Indaga la\u00a0 polizia che, nei prossimi giorni si servir\u00e0 anche dei filmati di un paio di telecamere private presenti in zona.<\/p>\n<p>&nbsp;<\/p>\n<hr \/>\n<p>&nbsp;<\/p>\n<h2>L&#8217;EVENTO FALCADINO 2020&#8230;LA DUE GIORNI MINUTO DOPO MINUTO<\/h2>\n<blockquote class=\"wp-embedded-content\" data-secret=\"i49WVHgYZl\"><p><a href=\"https:\/\/www.radiopiu.net\/wordpress\/se-desmonteghea-2020-due-giorni-di-tradizione-pagina-in-aggiornamento\/\">SE DESMONTEGHEA 2020, I VIDEO DELLA PRIMA GIORNATA<\/a><\/p><\/blockquote>\n<p><iframe loading=\"lazy\" class=\"wp-embedded-content\" sandbox=\"allow-scripts\" security=\"restricted\" style=\"position: absolute; clip: rect(1px, 1px, 1px, 1px);\" title=\"&#8220;SE DESMONTEGHEA 2020, I VIDEO DELLA PRIMA GIORNATA&#8221; &#8212; Radio Pi\u00f9\" src=\"https:\/\/www.radiopiu.net\/wordpress\/se-desmonteghea-2020-due-giorni-di-tradizione-pagina-in-aggiornamento\/embed\/#?secret=i49WVHgYZl\" data-secret=\"i49WVHgYZl\" width=\"600\" height=\"338\" frameborder=\"0\" marginwidth=\"0\" marginheight=\"0\" scrolling=\"no\"><\/iframe><\/p>\n<p>&nbsp;<\/p>\n<blockquote class=\"wp-embedded-content\" data-secret=\"r4oWeJuvEd\"><p><a href=\"https:\/\/www.radiopiu.net\/wordpress\/se-desmonteghea-2020-i-video-della-seconda-giornata-pagina-in-aggiornamento\/\">SE DESMONTEGHEA 2020, I VIDEO DELLA SECONDA GIORNATA &#8211; PAGINA IN AGGIORNAMENTO<\/a><\/p><\/blockquote>\n<p><iframe loading=\"lazy\" class=\"wp-embedded-content\" sandbox=\"allow-scripts\" security=\"restricted\" style=\"position: absolute; clip: rect(1px, 1px, 1px, 1px);\" title=\"&#8220;SE DESMONTEGHEA 2020, I VIDEO DELLA SECONDA GIORNATA &#8211; PAGINA IN AGGIORNAMENTO&#8221; &#8212; Radio Pi\u00f9\" src=\"https:\/\/www.radiopiu.net\/wordpress\/se-desmonteghea-2020-i-video-della-seconda-giornata-pagina-in-aggiornamento\/embed\/#?secret=r4oWeJuvEd\" data-secret=\"r4oWeJuvEd\" width=\"600\" height=\"338\" frameborder=\"0\" marginwidth=\"0\" marginheight=\"0\" scrolling=\"no\"><\/iframe><\/p>\n<p>&nbsp;<\/p>\n<hr \/>\n<p>&nbsp;<\/p>\n<blockquote>\n<h3>LA REDAZIONE VICINA AL DOLORE DELLA FAMIGLIA LEVIS<\/h3>\n<\/blockquote>\n<p><strong><a class=\"dt-pswp-item\" href=\"https:\/\/www.radiopiu.net\/wordpress\/wp-content\/uploads\/2020\/09\/ROSA-BIANCA.jpg\" data-dt-img-description=\"\" data-large_image_width=\"1920\" data-large_image_height=\"1280\"><img loading=\"lazy\" decoding=\"async\" class=\" wp-image-162759 alignleft\" src=\"https:\/\/www.radiopiu.net\/wordpress\/wp-content\/uploads\/2020\/09\/ROSA-BIANCA-300x200.jpg\" alt=\"\" width=\"243\" height=\"162\" srcset=\"https:\/\/www.radiopiu.net\/wordpress\/wp-content\/uploads\/2020\/09\/ROSA-BIANCA-300x200.jpg 300w, https:\/\/www.radiopiu.net\/wordpress\/wp-content\/uploads\/2020\/09\/ROSA-BIANCA-1024x683.jpg 1024w, https:\/\/www.radiopiu.net\/wordpress\/wp-content\/uploads\/2020\/09\/ROSA-BIANCA-768x512.jpg 768w, https:\/\/www.radiopiu.net\/wordpress\/wp-content\/uploads\/2020\/09\/ROSA-BIANCA-1536x1024.jpg 1536w, https:\/\/www.radiopiu.net\/wordpress\/wp-content\/uploads\/2020\/09\/ROSA-BIANCA-640x427.jpg 640w, https:\/\/www.radiopiu.net\/wordpress\/wp-content\/uploads\/2020\/09\/ROSA-BIANCA.jpg 1920w\" sizes=\"auto, (max-width: 243px) 100vw, 243px\" \/><\/a>ALLEGHE<\/strong> La redazione di Radio Pi\u00f9 \u00e8 vicina alla famiglia di Adriano Levis, Presidente dell&#8217;Alleghe Hockey, per la scomparsa della mamma Teresa.<\/p>\n<p><strong>IL MESSAGGIO SU FACEBOOK DELL&#8217;ALLEGHE HOCKEY<\/strong><\/p>\n<div class=\"kvgmc6g5 cxmmr5t8 oygrvhab hcukyx3x c1et5uql ii04i59q\">\n<div dir=\"auto\">La famiglia Alleghe Hockey si stringe attorno al suo presidente Adriano Levis per la scomparsa di mamma Teresa. In questo momento difficile dirigenza, giocatori e tifosi si accomunano in un caloroso abbraccio di conforto nei confronti di Adriano, Matthias e famiglia<\/div>\n<\/div>\n<div dir=\"auto\"><\/div>\n<div dir=\"auto\"><\/div>\n<div dir=\"auto\"><\/div>\n<div dir=\"auto\"><\/div>\n<div dir=\"auto\"><\/div>\n<div dir=\"auto\">\n<hr \/>\n<\/div>\n<blockquote>\n<div dir=\"auto\"><\/div>\n<h3 class=\"o9v6fnle cxmmr5t8 oygrvhab hcukyx3x c1et5uql ii04i59q\">NEVEGAL, SCONCERTO, INCREDULITA&#8217;, RABBIA DI VIVAIO DOLOMITI. NON PIACE NEMMENO L&#8217;IDEA DI UNA GESTIONE PROVVISORIA PER L&#8217;INVERNO ORMAI ALLE PORTE<\/h3>\n<\/blockquote>\n<p><a class=\"dt-pswp-item\" href=\"https:\/\/www.radiopiu.net\/wordpress\/wp-content\/uploads\/2020\/09\/7ea7cb7d-1cce-4b3e-9729-b4c30902b0d4.jpg\" data-dt-img-description=\"\" data-large_image_width=\"1600\" data-large_image_height=\"737\"><img loading=\"lazy\" decoding=\"async\" class=\"alignnone wp-image-162800 size-large\" src=\"https:\/\/www.radiopiu.net\/wordpress\/wp-content\/uploads\/2020\/09\/7ea7cb7d-1cce-4b3e-9729-b4c30902b0d4-1024x472.jpg\" alt=\"\" width=\"1024\" height=\"472\" srcset=\"https:\/\/www.radiopiu.net\/wordpress\/wp-content\/uploads\/2020\/09\/7ea7cb7d-1cce-4b3e-9729-b4c30902b0d4-1024x472.jpg 1024w, https:\/\/www.radiopiu.net\/wordpress\/wp-content\/uploads\/2020\/09\/7ea7cb7d-1cce-4b3e-9729-b4c30902b0d4-300x138.jpg 300w, https:\/\/www.radiopiu.net\/wordpress\/wp-content\/uploads\/2020\/09\/7ea7cb7d-1cce-4b3e-9729-b4c30902b0d4-768x354.jpg 768w, https:\/\/www.radiopiu.net\/wordpress\/wp-content\/uploads\/2020\/09\/7ea7cb7d-1cce-4b3e-9729-b4c30902b0d4-1536x708.jpg 1536w, https:\/\/www.radiopiu.net\/wordpress\/wp-content\/uploads\/2020\/09\/7ea7cb7d-1cce-4b3e-9729-b4c30902b0d4-640x295.jpg 640w, https:\/\/www.radiopiu.net\/wordpress\/wp-content\/uploads\/2020\/09\/7ea7cb7d-1cce-4b3e-9729-b4c30902b0d4.jpg 1600w\" sizes=\"auto, (max-width: 1024px) 100vw, 1024px\" \/><\/a><\/p>\n<div dir=\"auto\">\n<p><strong>BELLUNO<\/strong> Fiducia parola sconosciuta, o meglio conosciuta per i suoi effetti ma non nel caso della vicenda Nevegal. Vivaio Dolomiti convoca la conferenza stampa e dalle scarpe i sassolini escono in frana&#8230;e attivit\u00e0 di 150 persone del Colle, che generano un indotto per Belluno valutabile in 10 milioni di euro l\u2019anno, sono fortemente compromesse.<\/p>\n<p><strong>di MORENO GIOLI<\/strong><\/p>\n<audio class=\"wp-audio-shortcode\" id=\"audio-162720-1\" preload=\"none\" style=\"width: 100%;\" controls=\"controls\"><source type=\"audio\/mpeg\" src=\"https:\/\/www.radiopiu.net\/wordpress\/wp-content\/uploads\/2020\/09\/MORENO-NEVEGAL.mp3?_=1\" \/><a href=\"https:\/\/www.radiopiu.net\/wordpress\/wp-content\/uploads\/2020\/09\/MORENO-NEVEGAL.mp3\">https:\/\/www.radiopiu.net\/wordpress\/wp-content\/uploads\/2020\/09\/MORENO-NEVEGAL.mp3<\/a><\/audio>\n<p><strong><span style=\"color: #ff0000;\">TRE GIORNI FA ALLA RADIO<\/span><\/strong><\/p>\n<blockquote class=\"wp-embedded-content\" data-secret=\"kxSj6CBa6z\"><p><a href=\"https:\/\/www.radiopiu.net\/wordpress\/inverno-senza-sci-sul-nevegal-se-non-ci-sara-un-intervento-degli-imprenditori\/\">INVERNO SENZA SCI SUL NEVEGAL SE NON CI SARA&#8217; UN INTERVENTO DEGLI IMPRENDITORI<\/a><\/p><\/blockquote>\n<p><iframe loading=\"lazy\" class=\"wp-embedded-content\" sandbox=\"allow-scripts\" security=\"restricted\" style=\"position: absolute; clip: rect(1px, 1px, 1px, 1px);\" title=\"&#8220;INVERNO SENZA SCI SUL NEVEGAL SE NON CI SARA&#8217; UN INTERVENTO DEGLI IMPRENDITORI&#8221; &#8212; Radio Pi\u00f9\" src=\"https:\/\/www.radiopiu.net\/wordpress\/inverno-senza-sci-sul-nevegal-se-non-ci-sara-un-intervento-degli-imprenditori\/embed\/#?secret=kxSj6CBa6z\" data-secret=\"kxSj6CBa6z\" width=\"600\" height=\"338\" frameborder=\"0\" marginwidth=\"0\" marginheight=\"0\" scrolling=\"no\"><\/iframe><\/p>\n<p>&nbsp;<\/p>\n<hr \/>\n<\/div>\n<blockquote>\n<div dir=\"auto\"><\/div>\n<h3>STEFANO DA ZANCHE: DAGLI AMICI DELLA PIAZZA ALLA LISTA PER GUIDARE IL COMUNE<\/h3>\n<\/blockquote>\n<p><strong><img loading=\"lazy\" decoding=\"async\" class=\"alignleft\" src=\"https:\/\/www.radiopiu.net\/wordpress\/wp-content\/uploads\/2020\/09\/dd90e780-6ba4-41df-97b3-c9bd70b8d342.jpg\" width=\"90\" height=\"180\" \/>GOSALDO<\/strong> Ai microfoni di Radio Pi\u00f9 Stefano Da Zanche ringrazia la sua gente che ha lo sostenuto e stimolato per potare avanti le iniziative previste nel programma elettorale.Il grande amore per il paese che nasce dagli Amici della Piazza.<\/p>\n<p>&nbsp;<\/p>\n<p>&nbsp;<\/p>\n<p>&nbsp;<\/p>\n<p><strong>STEFANO DA ZANCHE\u00a0<\/strong><\/p>\n<audio class=\"wp-audio-shortcode\" id=\"audio-162720-2\" preload=\"none\" style=\"width: 100%;\" controls=\"controls\"><source type=\"audio\/mpeg\" src=\"https:\/\/www.radiopiu.net\/wordpress\/wp-content\/uploads\/2020\/09\/STEFANO-DA-ZANCHE.mp3?_=2\" \/><a href=\"https:\/\/www.radiopiu.net\/wordpress\/wp-content\/uploads\/2020\/09\/STEFANO-DA-ZANCHE.mp3\">https:\/\/www.radiopiu.net\/wordpress\/wp-content\/uploads\/2020\/09\/STEFANO-DA-ZANCHE.mp3<\/a><\/audio>\n<p>&nbsp;<\/p>\n<hr \/>\n<p>&nbsp;<\/p>\n<blockquote>\n<h3>PAOLO FRENA, AL QUARTO IMPEGNO &#8220;APRENDO AI GIOVANI, DI TALENTO CHE HANNO PORTATO QUALITA&#8217; E COMPETENZE&#8221;<\/h3>\n<\/blockquote>\n<p><a class=\"dt-pswp-item\" href=\"https:\/\/www.radiopiu.net\/wordpress\/wp-content\/uploads\/2020\/03\/MINUTO-SILENZIO-FRENA-COLLE-2.jpg\" data-dt-img-description=\"\" data-large_image_width=\"1200\" data-large_image_height=\"1600\"><img loading=\"lazy\" decoding=\"async\" class=\" wp-image-126455 alignleft\" src=\"https:\/\/www.radiopiu.net\/wordpress\/wp-content\/uploads\/2020\/03\/MINUTO-SILENZIO-FRENA-COLLE-2-225x300.jpg\" alt=\"\" width=\"140\" height=\"187\" srcset=\"https:\/\/www.radiopiu.net\/wordpress\/wp-content\/uploads\/2020\/03\/MINUTO-SILENZIO-FRENA-COLLE-2-225x300.jpg 225w, https:\/\/www.radiopiu.net\/wordpress\/wp-content\/uploads\/2020\/03\/MINUTO-SILENZIO-FRENA-COLLE-2-768x1024.jpg 768w, https:\/\/www.radiopiu.net\/wordpress\/wp-content\/uploads\/2020\/03\/MINUTO-SILENZIO-FRENA-COLLE-2-1152x1536.jpg 1152w, https:\/\/www.radiopiu.net\/wordpress\/wp-content\/uploads\/2020\/03\/MINUTO-SILENZIO-FRENA-COLLE-2.jpg 1200w\" sizes=\"auto, (max-width: 140px) 100vw, 140px\" \/><\/a><strong>COLLE SANTA LUCIA<\/strong> Prima intervista del nuovo mandato al sindaco di Paolo Frena, riconfermato alla guida del Comune con un risultato ancora migliore del precedente. Il dopo vaia e l&#8217;emergenza Covid, fondi di confine e Referendum, grandi eventi e sviluppo del territorio.<\/p>\n<p>&nbsp;<\/p>\n<p>&nbsp;<\/p>\n<audio class=\"wp-audio-shortcode\" id=\"audio-162720-3\" preload=\"none\" style=\"width: 100%;\" controls=\"controls\"><source type=\"audio\/mpeg\" src=\"https:\/\/www.radiopiu.net\/wordpress\/wp-content\/uploads\/2020\/09\/PAOLO-FRENA.mp3?_=3\" \/><a href=\"https:\/\/www.radiopiu.net\/wordpress\/wp-content\/uploads\/2020\/09\/PAOLO-FRENA.mp3\">https:\/\/www.radiopiu.net\/wordpress\/wp-content\/uploads\/2020\/09\/PAOLO-FRENA.mp3<\/a><\/audio>\n<p>&nbsp;<\/p>\n<hr \/>\n<p>&nbsp;<\/p>\n<blockquote>\n<h3>A MASAR\u00c8 NASCER\u00c0 UN&#8217;AREA RIPOSO<\/h3>\n<\/blockquote>\n<p><strong><a class=\"dt-pswp-item\" href=\"https:\/\/www.radiopiu.net\/wordpress\/wp-content\/uploads\/2019\/09\/alleghe-4.jpg\" data-dt-img-description=\"\" data-large_image_width=\"1480\" data-large_image_height=\"949\"><img loading=\"lazy\" decoding=\"async\" class=\"size-medium wp-image-98738 alignleft\" src=\"https:\/\/www.radiopiu.net\/wordpress\/wp-content\/uploads\/2019\/09\/alleghe-4-300x192.jpg\" alt=\"\" width=\"300\" height=\"192\" srcset=\"https:\/\/www.radiopiu.net\/wordpress\/wp-content\/uploads\/2019\/09\/alleghe-4-300x192.jpg 300w, https:\/\/www.radiopiu.net\/wordpress\/wp-content\/uploads\/2019\/09\/alleghe-4-768x492.jpg 768w, https:\/\/www.radiopiu.net\/wordpress\/wp-content\/uploads\/2019\/09\/alleghe-4-1024x657.jpg 1024w, https:\/\/www.radiopiu.net\/wordpress\/wp-content\/uploads\/2019\/09\/alleghe-4.jpg 1480w\" sizes=\"auto, (max-width: 300px) 100vw, 300px\" \/><\/a>ALLEGHE\u00a0<\/strong><\/p>\n<p>di Gianni Santomaso<\/p>\n<audio class=\"wp-audio-shortcode\" id=\"audio-162720-4\" preload=\"none\" style=\"width: 100%;\" controls=\"controls\"><source type=\"audio\/mpeg\" src=\"https:\/\/www.radiopiu.net\/wordpress\/wp-content\/uploads\/2020\/09\/GIANNI-AREA-RIPOSO-MASARE.mp3?_=4\" \/><a href=\"https:\/\/www.radiopiu.net\/wordpress\/wp-content\/uploads\/2020\/09\/GIANNI-AREA-RIPOSO-MASARE.mp3\">https:\/\/www.radiopiu.net\/wordpress\/wp-content\/uploads\/2020\/09\/GIANNI-AREA-RIPOSO-MASARE.mp3<\/a><\/audio>\n<p>&nbsp;<\/p>\n<p>&nbsp;<\/p>\n<hr \/>\n<p>&nbsp;<\/p>\n<blockquote>\n<h3>18 POSITIVI IN UN GIORNO A BELLUNO ANCHE UN OPERATORE SOCIO SANITARIO ALLA GAGGIA LANTE, STRUTTURA APERTA E VISITE NON SOSPESE<\/h3>\n<\/blockquote>\n<blockquote>\n<h3>IERI 377 TAMPONI IN COMELICO, 92 SU BAMBINI E DA OGGI\u00a0 PER DUE ORE A GIORNI ALTERNI TAMPONI A CAPRILE.<\/h3>\n<\/blockquote>\n\n\t\t\t<style type='text\/css'>\n\t\t\t\t#gallery-3 {\n\t\t\t\t\tmargin: auto;\n\t\t\t\t}\n\t\t\t\t#gallery-3 .gallery-item {\n\t\t\t\t\tfloat: left;\n\t\t\t\t\tmargin-top: 10px;\n\t\t\t\t\ttext-align: center;\n\t\t\t\t\twidth: 33%;\n\t\t\t\t}\n\t\t\t\t#gallery-3 img {\n\t\t\t\t\tborder: 2px solid #cfcfcf;\n\t\t\t\t}\n\t\t\t\t#gallery-3 .gallery-caption {\n\t\t\t\t\tmargin-left: 0;\n\t\t\t\t}\n\t\t\t\t\/* see gallery_shortcode() in wp-includes\/media.php *\/\n\t\t\t<\/style>\n\t\t<div id='gallery-3' class='dt-gallery-container gallery galleryid-162720 gallery-columns-3 gallery-size-thumbnail'><dl class='gallery-item'>\n\t\t\t\t<dt class='gallery-icon portrait'>\n\t\t\t\t\t<a class=\"rollover rollover-zoom dt-pswp-item\" title=\"f9855d33-8e23-4e88-be8d-5363a89a02dc\" data-dt-img-description=\"\" data-large_image_width=\"1200\" data-large_image_height=\"1600\"href='https:\/\/www.radiopiu.net\/wordpress\/wp-content\/uploads\/2020\/09\/f9855d33-8e23-4e88-be8d-5363a89a02dc.jpg'><img loading=\"lazy\" decoding=\"async\" width=\"150\" height=\"150\" src=\"https:\/\/www.radiopiu.net\/wordpress\/wp-content\/uploads\/2020\/09\/f9855d33-8e23-4e88-be8d-5363a89a02dc-150x150.jpg\" class=\"attachment-thumbnail size-thumbnail\" alt=\"\" srcset=\"https:\/\/www.radiopiu.net\/wordpress\/wp-content\/uploads\/2020\/09\/f9855d33-8e23-4e88-be8d-5363a89a02dc-150x150.jpg 150w, https:\/\/www.radiopiu.net\/wordpress\/wp-content\/uploads\/2020\/09\/f9855d33-8e23-4e88-be8d-5363a89a02dc-125x125.jpg 125w, https:\/\/www.radiopiu.net\/wordpress\/wp-content\/uploads\/2020\/09\/f9855d33-8e23-4e88-be8d-5363a89a02dc-200x200.jpg 200w, https:\/\/www.radiopiu.net\/wordpress\/wp-content\/uploads\/2020\/09\/f9855d33-8e23-4e88-be8d-5363a89a02dc-80x80.jpg 80w\" sizes=\"auto, (max-width: 150px) 100vw, 150px\" \/><\/a>\n\t\t\t\t<\/dt><\/dl><dl class='gallery-item'>\n\t\t\t\t<dt class='gallery-icon landscape'>\n\t\t\t\t\t<a class=\"rollover rollover-zoom dt-pswp-item\" title=\"8a9d9162-f787-4fef-98a3-3ebe4d1a9ef9\" data-dt-img-description=\"\" data-large_image_width=\"1600\" data-large_image_height=\"1200\"href='https:\/\/www.radiopiu.net\/wordpress\/wp-content\/uploads\/2020\/09\/8a9d9162-f787-4fef-98a3-3ebe4d1a9ef9.jpg'><img loading=\"lazy\" decoding=\"async\" width=\"150\" height=\"150\" src=\"https:\/\/www.radiopiu.net\/wordpress\/wp-content\/uploads\/2020\/09\/8a9d9162-f787-4fef-98a3-3ebe4d1a9ef9-150x150.jpg\" class=\"attachment-thumbnail size-thumbnail\" alt=\"\" srcset=\"https:\/\/www.radiopiu.net\/wordpress\/wp-content\/uploads\/2020\/09\/8a9d9162-f787-4fef-98a3-3ebe4d1a9ef9-150x150.jpg 150w, https:\/\/www.radiopiu.net\/wordpress\/wp-content\/uploads\/2020\/09\/8a9d9162-f787-4fef-98a3-3ebe4d1a9ef9-125x125.jpg 125w, https:\/\/www.radiopiu.net\/wordpress\/wp-content\/uploads\/2020\/09\/8a9d9162-f787-4fef-98a3-3ebe4d1a9ef9-200x200.jpg 200w, https:\/\/www.radiopiu.net\/wordpress\/wp-content\/uploads\/2020\/09\/8a9d9162-f787-4fef-98a3-3ebe4d1a9ef9-80x80.jpg 80w\" sizes=\"auto, (max-width: 150px) 100vw, 150px\" \/><\/a>\n\t\t\t\t<\/dt><\/dl><dl class='gallery-item'>\n\t\t\t\t<dt class='gallery-icon portrait'>\n\t\t\t\t\t<a class=\"rollover rollover-zoom dt-pswp-item\" title=\"52e6896b-4b86-464b-aa00-15c60673058c\" data-dt-img-description=\"\" data-large_image_width=\"1200\" data-large_image_height=\"1600\"href='https:\/\/www.radiopiu.net\/wordpress\/wp-content\/uploads\/2020\/09\/52e6896b-4b86-464b-aa00-15c60673058c.jpg'><img loading=\"lazy\" decoding=\"async\" width=\"150\" height=\"150\" src=\"https:\/\/www.radiopiu.net\/wordpress\/wp-content\/uploads\/2020\/09\/52e6896b-4b86-464b-aa00-15c60673058c-150x150.jpg\" class=\"attachment-thumbnail size-thumbnail\" alt=\"\" srcset=\"https:\/\/www.radiopiu.net\/wordpress\/wp-content\/uploads\/2020\/09\/52e6896b-4b86-464b-aa00-15c60673058c-150x150.jpg 150w, https:\/\/www.radiopiu.net\/wordpress\/wp-content\/uploads\/2020\/09\/52e6896b-4b86-464b-aa00-15c60673058c-125x125.jpg 125w, https:\/\/www.radiopiu.net\/wordpress\/wp-content\/uploads\/2020\/09\/52e6896b-4b86-464b-aa00-15c60673058c-200x200.jpg 200w, https:\/\/www.radiopiu.net\/wordpress\/wp-content\/uploads\/2020\/09\/52e6896b-4b86-464b-aa00-15c60673058c-80x80.jpg 80w\" sizes=\"auto, (max-width: 150px) 100vw, 150px\" \/><\/a>\n\t\t\t\t<\/dt><\/dl><br style=\"clear: both\" \/>\n\t\t\t<\/div>\n\n<p><strong>BELLUNO Ancora un&#8217;intensa giornata per tecnici, sanitari, operatori della Ulss1 Dolomiti. Non solo il riscontro di 18 nuove positivit\u00e0 che fanno alzare il livello di guardia anche oggi, non solo una classe in quarantena a San Vito di Cadore con 22 bambini soggetti a tampone, <span lang=\"it-IT\">2 insegnanti e 1 operatore scolastico, <\/span><\/strong><strong>ma anche la laboriosa indagine epidemiologica per il focolaio si Santo Stefano e San Pietro che conta 41 positivi.<\/strong><\/p>\n<p><strong>I NUOVI CASI:<\/strong> <span lang=\"it-IT\">due soggetti contatti di caso di focolaio familiare-lavorativo noto<\/span>; <span lang=\"it-IT\">nove<\/span> soggetti, contatto di caso afferenti al focolaio che interessa i Comuni di San Pietro e Santo Stefano di Cadore<span lang=\"it-IT\">; <\/span>quattro soggetti gi\u00e0 in isolamento in quanto sintomatici; <strong>un operatore socio sanitario di una casa di riposo del Bellunese; <\/strong>un anziano del Comelico ricoverato a Malattie Infettive a Belluno. un\u2019anziana diagnosticata al Pronto Soccorso di Feltre, in seguito ricoverata a Malattie Infettive a Belluno.<\/p>\n<p align=\"JUSTIFY\"><strong>FOCOLAIO SANTO STEFANO E SAN PIETRO<\/strong> <span lang=\"it-IT\">Si \u00e8 svolta ieri a Santo Stefano di Cadore <\/span><span style=\"font-size: medium;\">un<\/span><span style=\"font-size: medium;\"><span lang=\"en-US\">\u2019<\/span><\/span><span style=\"font-size: medium;\">indagine <\/span><span style=\"font-size: medium;\"><span lang=\"en-US\">epidemiologica <\/span><\/span><span style=\"font-size: medium;\">con tamponi<\/span><span style=\"font-size: medium;\"><span lang=\"en-US\">, a scopo conoscitivo,<\/span><\/span> <span style=\"font-size: medium;\"> su soggetti <\/span><span style=\"font-size: medium;\"><span lang=\"en-US\">non isolati<\/span><\/span><span style=\"font-size: medium;\"> e non in quarantena<\/span><span style=\"font-size: medium;\"> (quindi non contatti stretti dei positivi) appartenenti alle 7 classi di nascita pi\u00f9 rappresentate nella casistica relativa ai due contesti comunali<\/span><span style=\"font-size: medium;\"><span lang=\"en-US\"> di Santo Stefano e San Pietro di Cadore<\/span><\/span> <span style=\"font-size: medium;\">(dal 1950 al 1954 a S. Pietro di Cadore; 1972-1973 in entrambi i comuni),<\/span><span style=\"font-size: medium;\"> in base all\u2019 analisi epidemiologica dei casi.<\/span><span style=\"font-size: medium;\"><span lang=\"en-US\"> Inoltre, sono stati invitati ad eseguire il tampone i bambini di scuola elementare e di scuola materna non ancora quarantenati e tamponati. <\/span><\/span><span style=\"font-size: medium;\"><span lang=\"en-US\">Il \u201cteam tamponi\u201d del Dipartimento di Prevenzione, sul posto con una unit\u00e0 mobile, ha eseguito <\/span><\/span><span style=\"font-size: medium;\"><span lang=\"en-US\"><b>377<\/b><\/span><\/span><span style=\"font-size: medium;\"><span lang=\"en-US\"> tamponi, di cui 93 bambini, registrando complessivamente una buona adesione. Oggi<\/span><\/span><span style=\"font-size: medium;\"><span lang=\"en-US\">, in relazione all\u2019andamento del focolaio e agli esiti dei tamponi saranno valutate eventuali ulteriori azioni a tutela della salute pubblica.<\/span><\/span><\/p>\n<p align=\"JUSTIFY\"><strong>TAMPONI PER LA SCUOLA\u00a0<\/strong> <span lang=\"it-IT\">Ridotto, nella giornata odierna, l\u2019afflusso<\/span> ai tamponi drive-in dei soggetti sintomatici frequentanti la scuola. Complessivamente sono stati eseguiti<span lang=\"it-IT\">, in modo regolare ed ordinato, 95<\/span> tamponi a Belluno e <span lang=\"it-IT\">32<\/span> Feltre, per un totale di <span lang=\"it-IT\">138<\/span> tamponi. Da OGGI opereranno per i tamponi per bambini, ragazzi e adulti frequentanti la scuola anche i drive-in di Caprile e Tai di Cadore: <span style=\"font-size: medium;\">CAPRILE luned\u00ec, mercoled\u00ec, venerd\u00ec \u2013 dalle 17.00 alle 19.00 <\/span><span style=\"font-size: medium;\">TAI marted\u00ec, gioved\u00ec, sabato \u2013 dalle 17.00 alle 19.00<\/span><\/p>\n<p>&nbsp;<\/p>\n<h3><\/h3>\n<p>&nbsp;<\/p>\n<p>&nbsp;<\/p>\n<hr \/>\n<p>&nbsp;<\/p>\n<blockquote class=\"wp-embedded-content\" data-secret=\"NkEybBi6BP\"><p><a href=\"https:\/\/www.radiopiu.net\/wordpress\/coronavirus-aggiornamento-nazionale-26-settembre\/\">CORONAVIRUS: AGGIORNAMENTO NAZIONALE 27 SETTEMBRE<\/a><\/p><\/blockquote>\n<p><iframe loading=\"lazy\" class=\"wp-embedded-content\" sandbox=\"allow-scripts\" security=\"restricted\" style=\"position: absolute; clip: rect(1px, 1px, 1px, 1px);\" title=\"&#8220;CORONAVIRUS: AGGIORNAMENTO NAZIONALE 27 SETTEMBRE&#8221; &#8212; Radio Pi\u00f9\" src=\"https:\/\/www.radiopiu.net\/wordpress\/coronavirus-aggiornamento-nazionale-26-settembre\/embed\/#?secret=NkEybBi6BP\" data-secret=\"NkEybBi6BP\" width=\"600\" height=\"338\" frameborder=\"0\" marginwidth=\"0\" marginheight=\"0\" scrolling=\"no\"><\/iframe><\/p>\n<p>&nbsp;<\/p>\n<hr \/>\n<blockquote>\n<h3><\/h3>\n<h3><\/h3>\n<\/blockquote>\n<blockquote class=\"wp-embedded-content\" data-secret=\"Vm0n7WjPE8\"><p><a href=\"https:\/\/www.radiopiu.net\/wordpress\/https-wp-me-p63lo7-gk7\/\">UN ALTRO GIORNO INTERO SENZA DECESSI, SU I POSITIVI +180, A BELLUNO 22 NUOVI CASI E GLI ATTUALMENTE POSITIVI SONO 128, NELLE ULTIME 24 ORE +19<\/a><\/p><\/blockquote>\n<p><iframe loading=\"lazy\" class=\"wp-embedded-content\" sandbox=\"allow-scripts\" security=\"restricted\" style=\"position: absolute; clip: rect(1px, 1px, 1px, 1px);\" title=\"&#8220;UN ALTRO GIORNO INTERO SENZA DECESSI, SU I POSITIVI +180, A BELLUNO 22 NUOVI CASI E GLI ATTUALMENTE POSITIVI SONO 128, NELLE ULTIME 24 ORE +19&#8221; &#8212; Radio Pi\u00f9\" src=\"https:\/\/www.radiopiu.net\/wordpress\/https-wp-me-p63lo7-gk7\/embed\/#?secret=Vm0n7WjPE8\" data-secret=\"Vm0n7WjPE8\" width=\"600\" height=\"338\" frameborder=\"0\" marginwidth=\"0\" marginheight=\"0\" scrolling=\"no\"><\/iframe><\/p>\n<blockquote>\n<h3>I GRAFICI DI TIZIANO DE COL<\/h3>\n<\/blockquote>\n<blockquote>\n<h3><a class=\"dt-pswp-item\" href=\"https:\/\/www.radiopiu.net\/wordpress\/wp-content\/uploads\/2020\/09\/66b4d9a7-e9c4-4b5a-ba62-01b6306dfa0c.jpg\" data-dt-img-description=\"\" data-large_image_width=\"480\" data-large_image_height=\"333\"><img loading=\"lazy\" decoding=\"async\" class=\"alignnone size-medium wp-image-162877\" src=\"https:\/\/www.radiopiu.net\/wordpress\/wp-content\/uploads\/2020\/09\/66b4d9a7-e9c4-4b5a-ba62-01b6306dfa0c-300x208.jpg\" alt=\"\" width=\"300\" height=\"208\" srcset=\"https:\/\/www.radiopiu.net\/wordpress\/wp-content\/uploads\/2020\/09\/66b4d9a7-e9c4-4b5a-ba62-01b6306dfa0c-300x208.jpg 300w, https:\/\/www.radiopiu.net\/wordpress\/wp-content\/uploads\/2020\/09\/66b4d9a7-e9c4-4b5a-ba62-01b6306dfa0c.jpg 480w\" sizes=\"auto, (max-width: 300px) 100vw, 300px\" \/><\/a><a class=\"dt-pswp-item\" href=\"https:\/\/www.radiopiu.net\/wordpress\/wp-content\/uploads\/2020\/09\/a8b35525-fbff-4a8b-aa42-880a98a8ba65.jpg\" data-dt-img-description=\"\" data-large_image_width=\"480\" data-large_image_height=\"597\"><img loading=\"lazy\" decoding=\"async\" class=\"alignnone size-medium wp-image-162876\" src=\"https:\/\/www.radiopiu.net\/wordpress\/wp-content\/uploads\/2020\/09\/a8b35525-fbff-4a8b-aa42-880a98a8ba65-241x300.jpg\" alt=\"\" width=\"241\" height=\"300\" srcset=\"https:\/\/www.radiopiu.net\/wordpress\/wp-content\/uploads\/2020\/09\/a8b35525-fbff-4a8b-aa42-880a98a8ba65-241x300.jpg 241w, https:\/\/www.radiopiu.net\/wordpress\/wp-content\/uploads\/2020\/09\/a8b35525-fbff-4a8b-aa42-880a98a8ba65-386x480.jpg 386w, https:\/\/www.radiopiu.net\/wordpress\/wp-content\/uploads\/2020\/09\/a8b35525-fbff-4a8b-aa42-880a98a8ba65.jpg 480w\" sizes=\"auto, (max-width: 241px) 100vw, 241px\" \/><\/a><\/h3>\n<\/blockquote>\n<hr \/>\n<blockquote>\n<h3><\/h3>\n<h3><\/h3>\n<h3>L&#8217;AMMINISTRAZIONE COMUNALE PRONTA AD APPROVARE IL DUP, LA VARIANTE DEL PAT E METTERE MANO AI REGOLAMENTI<\/h3>\n<\/blockquote>\n<p><strong><a class=\"dt-pswp-item\" href=\"https:\/\/www.radiopiu.net\/wordpress\/wp-content\/uploads\/2016\/03\/falcade_alto_gallery.jpg\" data-dt-img-description=\"\" data-large_image_width=\"800\" data-large_image_height=\"600\"><img loading=\"lazy\" decoding=\"async\" class=\"wp-image-17193 alignleft\" src=\"https:\/\/www.radiopiu.net\/wordpress\/wp-content\/uploads\/2016\/03\/falcade_alto_gallery-300x225.jpg\" alt=\"\" width=\"135\" height=\"101\" \/><\/a>FALCADE<\/strong>\u00a0Oggi alle 17.30 consiglio comunale convocato dal sindaco Michele Costa. All&#8217;ordine del giorno l&#8217;approvazione della prima variante del Piano di Assetto del Territorio, del nuovo regolamento edilizio e del Documento Unico di Programmazione per il triennio 2020-23. All&#8217;ordine del giorno anche una variazione al bilancio e la convenzione con la Provincia per l&#8217;uso della struttura Polifunzionale &#8220;Dolomiti&#8221; da parte dell&#8217;Istituto Professionale di Stato (alberghiero).<\/p>\n<p>&nbsp;<\/p>\n<p>&nbsp;<\/p>\n<hr \/>\n<p>&nbsp;<\/p>\n<blockquote>\n<h3>UN ALTRO CONSIGLIO CON NUMEROSE INTERROGAZIONI DELLA &#8220;MINORANZA&#8221;<\/h3>\n<\/blockquote>\n<p><strong><a class=\"dt-pswp-item\" href=\"https:\/\/www.radiopiu.net\/wordpress\/wp-content\/uploads\/2019\/07\/consiglio-rocca-5.jpeg\" data-dt-img-description=\"\" data-large_image_width=\"1600\" data-large_image_height=\"901\"><img loading=\"lazy\" decoding=\"async\" class=\" wp-image-92222 alignleft\" src=\"https:\/\/www.radiopiu.net\/wordpress\/wp-content\/uploads\/2019\/07\/consiglio-rocca-5-300x169.jpeg\" alt=\"\" width=\"160\" height=\"90\" srcset=\"https:\/\/www.radiopiu.net\/wordpress\/wp-content\/uploads\/2019\/07\/consiglio-rocca-5-300x169.jpeg 300w, https:\/\/www.radiopiu.net\/wordpress\/wp-content\/uploads\/2019\/07\/consiglio-rocca-5-768x432.jpeg 768w, https:\/\/www.radiopiu.net\/wordpress\/wp-content\/uploads\/2019\/07\/consiglio-rocca-5-1024x577.jpeg 1024w, https:\/\/www.radiopiu.net\/wordpress\/wp-content\/uploads\/2019\/07\/consiglio-rocca-5.jpeg 1600w\" sizes=\"auto, (max-width: 160px) 100vw, 160px\" \/><\/a>ROCCA PIETORE<\/strong> Da quando il consigliere Diana Iraci Borgia ha abbandonato il gruppo di governo nel quale era stata eletta (con il sindaco De Bernadin) i consigli comunali si sono allungati e non di poco. E&#8217; la conseguenza delle numerose interrogazioni che vengono presentate unitamente a quelle del gruppo di opposizione &#8220;Uniti per la Montagna&#8221;. Nel consiglio di oggi alle 17 ben otto (un reiterata). I quesiti su: recupero zone boschive oggetto di schianti, sistemazione area Ru da Molin a Santa Maria delle Grazie, lavori sul Cordevole a Saviner, lavori di messa in sicurezza della zona a valle degli skilift in zona Crepe Rosse, Tabi\u00e0 Palazza, Valon d&#8217;Antermoia, avanzamento dei lavori nei Serrai di Sottoguda, , ponte sul Pettorina a Palue, infine interpellanza su un manufatto per il ricovero dei mezzi a ridosso della provinciale 641. Reiterata invece l&#8217;interrogazione sulla messa in sicurezza del Ru Sass Negher in localit\u00e0 Col di Rocca. \u00a0All&#8217;ordine del giorno, invece gli altri punti: approvazione dei regolamenti ediizi e per lo svolgimento delle sedute in video conferenza; variazione al bilancio, assestamento di bilancio e compenso del revisore dei conti.<\/p>\n<p><strong>DI GIANNI SANTOMASO<\/strong><\/p>\n<audio class=\"wp-audio-shortcode\" id=\"audio-162720-5\" preload=\"none\" style=\"width: 100%;\" controls=\"controls\"><source type=\"audio\/mpeg\" src=\"https:\/\/www.radiopiu.net\/wordpress\/wp-content\/uploads\/2020\/09\/GIANNI-CONSIGLIO-ROCCA-PIETORE.mp3?_=5\" \/><a href=\"https:\/\/www.radiopiu.net\/wordpress\/wp-content\/uploads\/2020\/09\/GIANNI-CONSIGLIO-ROCCA-PIETORE.mp3\">https:\/\/www.radiopiu.net\/wordpress\/wp-content\/uploads\/2020\/09\/GIANNI-CONSIGLIO-ROCCA-PIETORE.mp3<\/a><\/audio>\n<p>&nbsp;<\/p>\n<hr \/>\n<p>&nbsp;<\/p>\n<blockquote>\n<h3>NUOVE DELEGHE PER L&#8217;ASSESSORE FRANCESCO MARTINI<\/h3>\n<\/blockquote>\n<p><strong>LIVINALLONGO<\/strong> Mercoledi alle 17.30 consiglio comunale convocato dal sindaco Leandro Grones. All&#8217;ordine del giorno il mutamento di destinazione di alcuni terreni di uso civico per la creazione di un tracciato free ride per moutain bike tra Arabba e Portavescovo e tra Bec de Roces e Plan Bo\u00e8. Alienazione terreno comunale a Cernadoi.Variazioni al bilancio, approvazione bilancio dell&#8217;azienda speciale Fodom Servizi, approvazione del regolamento generale delle entrate. Il sindaco comunicher\u00e0 al consiglio comunale le nuove deleghe attribuite all&#8217;assessore Francesco Martini.<\/p>\n<p>&nbsp;<\/p>\n<hr \/>\n<p>&nbsp;<\/p>\n<blockquote>\n<h3>L&#8217;AMMINISTRAZIONE COMUNALE RIAPPROVA IL REGOLAMENTO EDILIZIO COMUNALE CON LE PRESCRIZIONI ULSS<\/h3>\n<\/blockquote>\n<p><strong>ALLEGHE<\/strong> Nel consiglio comunale di mercoledi alle 20.30 in Municipio, il sindaco di Alleghe Danilo De Toni metter\u00e0 ai voti l&#8217;approvazione del regolamento edilizio. All&#8217;ordine del giorno le variazioni al bilancio e anche\u00a0 la presa d&#8217;atto del documento unico di programmazione<\/p>\n<p><strong>IL SERVIZIO DI GIANNI SANTOMASO<\/strong><\/p>\n<audio class=\"wp-audio-shortcode\" id=\"audio-162720-6\" preload=\"none\" style=\"width: 100%;\" controls=\"controls\"><source type=\"audio\/mpeg\" src=\"https:\/\/www.radiopiu.net\/wordpress\/wp-content\/uploads\/2020\/09\/GIANNI-CONSIGLIO-COMUNALE-ALLEGHE.mp3?_=6\" \/><a href=\"https:\/\/www.radiopiu.net\/wordpress\/wp-content\/uploads\/2020\/09\/GIANNI-CONSIGLIO-COMUNALE-ALLEGHE.mp3\">https:\/\/www.radiopiu.net\/wordpress\/wp-content\/uploads\/2020\/09\/GIANNI-CONSIGLIO-COMUNALE-ALLEGHE.mp3<\/a><\/audio>\n<p>&nbsp;<\/p>\n<hr \/>\n<p>&nbsp;<\/p>\n<blockquote>\n<h3>L&#8217;UNIONE MONTANA ALL&#8217;APPROVAZIONE DEL BILANCIO<\/h3>\n<\/blockquote>\n<p><strong>AGORDO<\/strong> Oggi\u00a0 alle 20.30 in Sala Don Tamis consiglio dell&#8217;Unione Montana Agordina. In discussione l&#8217;approvazione del bilancio 2019, la convenzione con l&#8217;Unione Montana Valbelluna per l&#8217;integrazione e la razionalizzazione delle rispettive attivit\u00e0 sul territorio, l&#8217;approvazione dello schema di convenzione per l&#8217;affidamento del servizio di tesoreria, la presentazione del Dup e le modifiche allo statuto.<\/p>\n<p>&nbsp;<\/p>\n<hr \/>\n<p>&nbsp;<\/p>\n<blockquote>\n<h3>CHIRURGIA BARIATRICA: NUOVE PROSPETTIVE PER LA CHIRURGIA DEL SANTA MARIA DEL PRATO<\/h3>\n<\/blockquote>\n<p><strong><a class=\"dt-pswp-item\" href=\"https:\/\/www.radiopiu.net\/wordpress\/wp-content\/uploads\/2020\/09\/ZAIA-FELTRE-SALA-OPERATORIA.jpg\" data-dt-img-description=\"\" data-large_image_width=\"2048\" data-large_image_height=\"1536\"><img loading=\"lazy\" decoding=\"async\" class=\"size-medium wp-image-162639 alignleft\" src=\"https:\/\/www.radiopiu.net\/wordpress\/wp-content\/uploads\/2020\/09\/ZAIA-FELTRE-SALA-OPERATORIA-300x225.jpg\" alt=\"\" width=\"300\" height=\"225\" srcset=\"https:\/\/www.radiopiu.net\/wordpress\/wp-content\/uploads\/2020\/09\/ZAIA-FELTRE-SALA-OPERATORIA-300x225.jpg 300w, https:\/\/www.radiopiu.net\/wordpress\/wp-content\/uploads\/2020\/09\/ZAIA-FELTRE-SALA-OPERATORIA-1024x768.jpg 1024w, https:\/\/www.radiopiu.net\/wordpress\/wp-content\/uploads\/2020\/09\/ZAIA-FELTRE-SALA-OPERATORIA-768x576.jpg 768w, https:\/\/www.radiopiu.net\/wordpress\/wp-content\/uploads\/2020\/09\/ZAIA-FELTRE-SALA-OPERATORIA-1536x1152.jpg 1536w, https:\/\/www.radiopiu.net\/wordpress\/wp-content\/uploads\/2020\/09\/ZAIA-FELTRE-SALA-OPERATORIA-640x480.jpg 640w, https:\/\/www.radiopiu.net\/wordpress\/wp-content\/uploads\/2020\/09\/ZAIA-FELTRE-SALA-OPERATORIA.jpg 2048w\" sizes=\"auto, (max-width: 300px) 100vw, 300px\" \/><\/a>FELTRE\u00a0<\/strong>Primo intervento di chirurgia bariatrica all\u2019Ospedale di Feltre. E\u2019 stato esgeuito con successo nelle scorse settimane dall\u2019\u00e8quipe del Santa Maria del Prato dopo aver messo a punto un percorso multidiscliplinare di terapia dell&#8217;obesit\u00e0.\u00a0<span lang=\"EN-US\">L\u2019obesit\u00e0 \u00e8 una delle patologie pi\u00f9 diffuse, al punto da essere considerata quasi un\u2019epidemia tra i paesi industrializzati e in quelli in fase di evoluzione tecnologica. I tassi di incidenza sono infatti in rapida crescita e raggiungono anche il 70% della popolazione adulta. L&#8217;obesit\u00e0 impatta per oltre 8 miliardi di euro\/anno in Italia per assistenza sanitaria e per inabilit\u00e0 al lavoro. \u00c8 riconosciuta come una malattia ad andamento cronico ed \u00e8 uno dei maggiori fattori determinanti in molte malattie non trasmissibili come il diabete mellito non insulino-dipendente e malattie coronariche, ma anche incrementa il rischio di disturbi biliari, di alcuni tipi di cancro, di disordini muscolo scheletrici e respiratori. <\/span><span lang=\"EN-US\">I problemi legati all&#8217;obesit\u00e0 non vanno sottovalutati: per esempio, sono in crescita I pazienti con patologie respiratorie legate all&#8217;obesit\u00e0 come le apnee notturne, legate all&#8217;incapacit\u00e0 dell&#8217;organismo di respirare &#8220;schiacciato dalla mole&#8221;.\u00a0<\/span>L\u2019opzione chirurgica si prende in considerazione in caso di\u00a0grave obesit\u00e0\u00a0ovvero nei casi contraddistinti da un BMI (rapporto peso\/altezza) maggiore di\u00a040 o quando l\u2019obesit\u00e0 \u00e8 accompagnata dalla presenza di altre patologie come ad esempio diabete, ipertensione, apnee notturne, gravi malattie osteo-articolari o cardiopatie importanti. La chirurgia bariatrica \u00e8 attualmente l\u2019unico mezzo terapeutico efficace a lungo termine nell\u2019indurre un calo ponderale soddisfacente e definitivo per il controllo o per la risoluzione, delle complicanze dell\u2019obesit\u00e0. La drastica perdita di peso conseguente ad un intervento di\u00a0chirurgia bariatrica\u00a0si accompagna infatti, nella maggior parte dei pazienti, alla normalizzazione della pressione arteriosa, alla diminuzione del rischio di coronaropatie, al miglioramento del\u00a0diabete, della\u00a0sindrome delle apnee notturne. L\u2019obiettivo della chirurgia dell\u2019obesit\u00e0 (detta anche chirurgia bariatrica) \u00e8 quindi non solo la riduzione ed il mantenimento del peso corporeo ma anche la prevenzione e il trattamento delle complicanze, e pi\u00f9 in generale il miglioramento della qualit\u00e0 della vita.\u00a0<span lang=\"EN-US\">Al Santa Maria del Prato, che pu\u00f2 contare sul nuovo e tecnologico blocco operatorio inaugurato e operativo dall\u2019estate, \u00e8 stato concretizzato un percorso multidisciplinare che vede la partecipazione attivata e coordinata di diversi speciliasti: dalla dietista alla endocrinologa e agli internisti, dal chirurgo allo pnuemologo e all\u2019anestesista per una presa in cura a tutto tondo delle problematiche legate all\u2019obesit\u00e0. <\/span><span lang=\"EN-US\">L&#8217;equip\u00e8 multidiscliplinare pu\u00f2 contare su una specialista endocrinologa, afferente al Dipartimento di area medica, Anna Altomari, con \u00a0un master in trattamento dell&#8217;obesit\u00e0.\u00a0<\/span>Il servzio di dietetica, inoltre, segue il paziente con un \u00a0iter dietetico specifico, gi\u00e0 alla comparsa dei primi disturbi legati all&#8217;obesit\u00e0 e lo accompagnamo in tutto il percorso di cura, compresa la gestione dopo la terapia chirurgica.\u00a0<span lang=\"EN-US\">\u00abAbbiamo recepito l&#8217;urgenza di dare una risposta concreta a questi pazienti, sempre pi\u00f9 numerosi nella nostra comunit\u00e0 e abbiamo messo in campo le nostre conoscenze di chirurgia del tratto gastroenterologico miniinvasivo\u00bb, spiega il chirurgo Federico Coppa, \u00abLa chirurgia bariatrica, infatti, si avale della chirurgia laparoscopica e grazie alla nostra disponibilit\u00e0 di tecnologia laparoscopica all&#8217;avanguardia, ci viene naturale eseguire queste procedure. Ovviamente nulla di tutto questo si potrebbe fare, se non ci fossero le competenze multispecialistiche che offre il nostro ospedale a partire dalla Rianimazione e terapia Intensiva\u00bb.<\/span><span lang=\"EN-US\"> Fondamentale, infatti, garantire la corretta gestione delle vie aeree per tutto il periodo peri-operatorio in questi pazienti cos\u00ec complessi.\u00a0<\/span>L\u2019avvio della chirugia bariatrica rappresenta un\u2019innovazione e un investimento per la salute, che si \u00e8 potuta realizzare grazie alle competenze dei professionisti, al lavoro di squadra e alle disponibilit\u00e0 di alta tecnologia al servizio dei cittadini.<\/p>\n<p>&nbsp;<\/p>\n<hr \/>\n<p>&nbsp;<\/p>\n<blockquote>\n<h3>L&#8217;ARTE DI DUNIO A PALUE DI ROCCA PIETORE<\/h3>\n<\/blockquote>\n<p><strong>da Patrizia riceviamo e con piacere pubblichiamo<\/strong><\/p>\n<blockquote><p><strong>ROCCA PIETORE\u00a0 <\/strong>&#8220;Sabato 26 settembre a Palue \u00e8 stato presentato alla comunit\u00e0 il nuovo graffito di Dunio Piccolin, realizzato con la tecnica \u201csgraffito\u201d, un&#8217;opera di 10 mq. che racconta \u201cUna giornata a Palue\u201d dei tempi passati, cos\u00ec ben rappresentata dalle capacit\u00e0 artistiche di Dunio. Le radici storiche di Palue hanno stimolato questo progetto e per ci\u00f2 si ringraziano gli abitanti del Borgo, e tutti coloro che hanno donato il proprio lavoro, tutti con lo stesso generoso obbiettivo: quello di ridare vitalit\u00e0 ad un villaggio antico con edifici del 1500. Tanti turisti hanno iniziato a conoscere ed apprezzare questo Borgo che nel 2016 si \u00e8 meritato il titolo di \u201cAntico Borgo\u201d. Un particolare ringraziamento va anche agli Alpini e agli operai del Comune per la realizzazione della fontana che era stata distrutta da Vaia, a Don Franco per le sue belle parole e la benedizione del graffito e al Sindaco Andrea De Bernardin che ci ha onorato con la sua presenza.<\/p>\n<p>Patrizia &#8211; Palue di Rocca Pietore<\/p><\/blockquote>\n\n\t\t\t<style type='text\/css'>\n\t\t\t\t#gallery-4 {\n\t\t\t\t\tmargin: auto;\n\t\t\t\t}\n\t\t\t\t#gallery-4 .gallery-item {\n\t\t\t\t\tfloat: left;\n\t\t\t\t\tmargin-top: 10px;\n\t\t\t\t\ttext-align: center;\n\t\t\t\t\twidth: 33%;\n\t\t\t\t}\n\t\t\t\t#gallery-4 img {\n\t\t\t\t\tborder: 2px solid #cfcfcf;\n\t\t\t\t}\n\t\t\t\t#gallery-4 .gallery-caption {\n\t\t\t\t\tmargin-left: 0;\n\t\t\t\t}\n\t\t\t\t\/* see gallery_shortcode() in wp-includes\/media.php *\/\n\t\t\t<\/style>\n\t\t<div id='gallery-4' class='dt-gallery-container gallery galleryid-162720 gallery-columns-3 gallery-size-thumbnail'><dl class='gallery-item'>\n\t\t\t\t<dt class='gallery-icon landscape'>\n\t\t\t\t\t<a class=\"rollover rollover-zoom dt-pswp-item\" title=\"86a6756e-8570-4df8-9282-b870a2d461fc\" data-dt-img-description=\"\" data-large_image_width=\"1024\" data-large_image_height=\"768\"href='https:\/\/www.radiopiu.net\/wordpress\/wp-content\/uploads\/2020\/09\/86a6756e-8570-4df8-9282-b870a2d461fc.jpg'><img loading=\"lazy\" decoding=\"async\" width=\"150\" height=\"150\" src=\"https:\/\/www.radiopiu.net\/wordpress\/wp-content\/uploads\/2020\/09\/86a6756e-8570-4df8-9282-b870a2d461fc-150x150.jpg\" class=\"attachment-thumbnail size-thumbnail\" alt=\"\" srcset=\"https:\/\/www.radiopiu.net\/wordpress\/wp-content\/uploads\/2020\/09\/86a6756e-8570-4df8-9282-b870a2d461fc-150x150.jpg 150w, https:\/\/www.radiopiu.net\/wordpress\/wp-content\/uploads\/2020\/09\/86a6756e-8570-4df8-9282-b870a2d461fc-125x125.jpg 125w, https:\/\/www.radiopiu.net\/wordpress\/wp-content\/uploads\/2020\/09\/86a6756e-8570-4df8-9282-b870a2d461fc-200x200.jpg 200w, https:\/\/www.radiopiu.net\/wordpress\/wp-content\/uploads\/2020\/09\/86a6756e-8570-4df8-9282-b870a2d461fc-80x80.jpg 80w\" sizes=\"auto, (max-width: 150px) 100vw, 150px\" \/><\/a>\n\t\t\t\t<\/dt><\/dl><dl class='gallery-item'>\n\t\t\t\t<dt class='gallery-icon landscape'>\n\t\t\t\t\t<a class=\"rollover rollover-zoom dt-pswp-item\" title=\"0727bf1a-9175-4b5d-9ddb-bf32358689d8\" data-dt-img-description=\"\" data-large_image_width=\"1024\" data-large_image_height=\"768\"href='https:\/\/www.radiopiu.net\/wordpress\/wp-content\/uploads\/2020\/09\/0727bf1a-9175-4b5d-9ddb-bf32358689d8.jpg'><img loading=\"lazy\" decoding=\"async\" width=\"150\" height=\"150\" src=\"https:\/\/www.radiopiu.net\/wordpress\/wp-content\/uploads\/2020\/09\/0727bf1a-9175-4b5d-9ddb-bf32358689d8-150x150.jpg\" class=\"attachment-thumbnail size-thumbnail\" alt=\"\" srcset=\"https:\/\/www.radiopiu.net\/wordpress\/wp-content\/uploads\/2020\/09\/0727bf1a-9175-4b5d-9ddb-bf32358689d8-150x150.jpg 150w, https:\/\/www.radiopiu.net\/wordpress\/wp-content\/uploads\/2020\/09\/0727bf1a-9175-4b5d-9ddb-bf32358689d8-125x125.jpg 125w, https:\/\/www.radiopiu.net\/wordpress\/wp-content\/uploads\/2020\/09\/0727bf1a-9175-4b5d-9ddb-bf32358689d8-200x200.jpg 200w, https:\/\/www.radiopiu.net\/wordpress\/wp-content\/uploads\/2020\/09\/0727bf1a-9175-4b5d-9ddb-bf32358689d8-80x80.jpg 80w\" sizes=\"auto, (max-width: 150px) 100vw, 150px\" \/><\/a>\n\t\t\t\t<\/dt><\/dl><dl class='gallery-item'>\n\t\t\t\t<dt class='gallery-icon landscape'>\n\t\t\t\t\t<a class=\"rollover rollover-zoom dt-pswp-item\" title=\"f8d8758d-b9a4-43ba-bad1-f0456a6462c7\" data-dt-img-description=\"\" data-large_image_width=\"1024\" data-large_image_height=\"768\"href='https:\/\/www.radiopiu.net\/wordpress\/wp-content\/uploads\/2020\/09\/f8d8758d-b9a4-43ba-bad1-f0456a6462c7.jpg'><img loading=\"lazy\" decoding=\"async\" width=\"150\" height=\"150\" src=\"https:\/\/www.radiopiu.net\/wordpress\/wp-content\/uploads\/2020\/09\/f8d8758d-b9a4-43ba-bad1-f0456a6462c7-150x150.jpg\" class=\"attachment-thumbnail size-thumbnail\" alt=\"\" srcset=\"https:\/\/www.radiopiu.net\/wordpress\/wp-content\/uploads\/2020\/09\/f8d8758d-b9a4-43ba-bad1-f0456a6462c7-150x150.jpg 150w, https:\/\/www.radiopiu.net\/wordpress\/wp-content\/uploads\/2020\/09\/f8d8758d-b9a4-43ba-bad1-f0456a6462c7-125x125.jpg 125w, https:\/\/www.radiopiu.net\/wordpress\/wp-content\/uploads\/2020\/09\/f8d8758d-b9a4-43ba-bad1-f0456a6462c7-200x200.jpg 200w, https:\/\/www.radiopiu.net\/wordpress\/wp-content\/uploads\/2020\/09\/f8d8758d-b9a4-43ba-bad1-f0456a6462c7-80x80.jpg 80w\" sizes=\"auto, (max-width: 150px) 100vw, 150px\" \/><\/a>\n\t\t\t\t<\/dt><\/dl><br style=\"clear: both\" \/><dl class='gallery-item'>\n\t\t\t\t<dt class='gallery-icon portrait'>\n\t\t\t\t\t<a class=\"rollover rollover-zoom dt-pswp-item\" title=\"a99080d1-ba92-43b8-9371-c268cbfff012\" data-dt-img-description=\"\" data-large_image_width=\"768\" data-large_image_height=\"1024\"href='https:\/\/www.radiopiu.net\/wordpress\/wp-content\/uploads\/2020\/09\/a99080d1-ba92-43b8-9371-c268cbfff012.jpg'><img loading=\"lazy\" decoding=\"async\" width=\"150\" height=\"150\" src=\"https:\/\/www.radiopiu.net\/wordpress\/wp-content\/uploads\/2020\/09\/a99080d1-ba92-43b8-9371-c268cbfff012-150x150.jpg\" class=\"attachment-thumbnail size-thumbnail\" alt=\"\" srcset=\"https:\/\/www.radiopiu.net\/wordpress\/wp-content\/uploads\/2020\/09\/a99080d1-ba92-43b8-9371-c268cbfff012-150x150.jpg 150w, https:\/\/www.radiopiu.net\/wordpress\/wp-content\/uploads\/2020\/09\/a99080d1-ba92-43b8-9371-c268cbfff012-125x125.jpg 125w, https:\/\/www.radiopiu.net\/wordpress\/wp-content\/uploads\/2020\/09\/a99080d1-ba92-43b8-9371-c268cbfff012-200x200.jpg 200w, https:\/\/www.radiopiu.net\/wordpress\/wp-content\/uploads\/2020\/09\/a99080d1-ba92-43b8-9371-c268cbfff012-80x80.jpg 80w\" sizes=\"auto, (max-width: 150px) 100vw, 150px\" \/><\/a>\n\t\t\t\t<\/dt><\/dl><dl class='gallery-item'>\n\t\t\t\t<dt class='gallery-icon landscape'>\n\t\t\t\t\t<a class=\"rollover rollover-zoom dt-pswp-item\" title=\"8f957cbf-74f7-49b9-8a53-5037b0924d92\" data-dt-img-description=\"\" data-large_image_width=\"1599\" data-large_image_height=\"1200\"href='https:\/\/www.radiopiu.net\/wordpress\/wp-content\/uploads\/2020\/09\/8f957cbf-74f7-49b9-8a53-5037b0924d92.jpg'><img loading=\"lazy\" decoding=\"async\" width=\"150\" height=\"150\" src=\"https:\/\/www.radiopiu.net\/wordpress\/wp-content\/uploads\/2020\/09\/8f957cbf-74f7-49b9-8a53-5037b0924d92-150x150.jpg\" class=\"attachment-thumbnail size-thumbnail\" alt=\"\" srcset=\"https:\/\/www.radiopiu.net\/wordpress\/wp-content\/uploads\/2020\/09\/8f957cbf-74f7-49b9-8a53-5037b0924d92-150x150.jpg 150w, https:\/\/www.radiopiu.net\/wordpress\/wp-content\/uploads\/2020\/09\/8f957cbf-74f7-49b9-8a53-5037b0924d92-125x125.jpg 125w, https:\/\/www.radiopiu.net\/wordpress\/wp-content\/uploads\/2020\/09\/8f957cbf-74f7-49b9-8a53-5037b0924d92-200x200.jpg 200w, https:\/\/www.radiopiu.net\/wordpress\/wp-content\/uploads\/2020\/09\/8f957cbf-74f7-49b9-8a53-5037b0924d92-80x80.jpg 80w\" sizes=\"auto, (max-width: 150px) 100vw, 150px\" \/><\/a>\n\t\t\t\t<\/dt><\/dl><dl class='gallery-item'>\n\t\t\t\t<dt class='gallery-icon portrait'>\n\t\t\t\t\t<a class=\"rollover rollover-zoom dt-pswp-item\" title=\"35d648e4-313b-4db2-9140-75c43122d3a5\" data-dt-img-description=\"\" data-large_image_width=\"768\" data-large_image_height=\"1024\"href='https:\/\/www.radiopiu.net\/wordpress\/wp-content\/uploads\/2020\/09\/35d648e4-313b-4db2-9140-75c43122d3a5.jpg'><img loading=\"lazy\" decoding=\"async\" width=\"150\" height=\"150\" src=\"https:\/\/www.radiopiu.net\/wordpress\/wp-content\/uploads\/2020\/09\/35d648e4-313b-4db2-9140-75c43122d3a5-150x150.jpg\" class=\"attachment-thumbnail size-thumbnail\" alt=\"\" srcset=\"https:\/\/www.radiopiu.net\/wordpress\/wp-content\/uploads\/2020\/09\/35d648e4-313b-4db2-9140-75c43122d3a5-150x150.jpg 150w, https:\/\/www.radiopiu.net\/wordpress\/wp-content\/uploads\/2020\/09\/35d648e4-313b-4db2-9140-75c43122d3a5-125x125.jpg 125w, https:\/\/www.radiopiu.net\/wordpress\/wp-content\/uploads\/2020\/09\/35d648e4-313b-4db2-9140-75c43122d3a5-200x200.jpg 200w, https:\/\/www.radiopiu.net\/wordpress\/wp-content\/uploads\/2020\/09\/35d648e4-313b-4db2-9140-75c43122d3a5-80x80.jpg 80w\" sizes=\"auto, (max-width: 150px) 100vw, 150px\" \/><\/a>\n\t\t\t\t<\/dt><\/dl><br style=\"clear: both\" \/>\n\t\t\t<\/div>\n\n<p>&nbsp;<\/p>\n<p>&nbsp;<\/p>\n<hr \/>\n<p>&nbsp;<\/p>\n<blockquote>\n<h3>LO SKI COLLEGE VENETO DI FALCADE VUOLE CONTINUARE AD ALZARE L\u2019ASTICELLA<\/h3>\n<\/blockquote>\n<p><strong>FALCADE\u00a0<\/strong>\u00ab<em>Vogliamo continuare ad alzare l\u2019asticella e far s\u00ec che i nostri ragazzi possano raggiungere obbiettivi sempre pi\u00f9 ambiziosi sia nello sci sia nello studio<\/em>\u00bb. Cos\u00ec Luca Marchetto alla presentazione, al PalaFalcade, della stagione 2020-2021 dello Ski College Veneto di Falcade, la struttura che presiede e che ospita oltre sessanta sciatori-atleti, provenienti da diverse regioni d\u2019Italia e impegnati nello snowboard, nello sci di fondo e nello sci alpino.\u00a0\u00ab<em>Abbiamo avuto, pur contenuto, un incremento di iscritti e questo non pu\u00f2 che farci piacere e renderci ancor pi\u00f9 consapevoli della bont\u00e0 della nostra proposta\u00bb ha sottolineato Marchetto che ha messo in evidenza pure come gli ottimi risultati ottenuti in ambito agonistico siano stati affiancati da altrettanto buoni riscontri in ambito scolastico. \u00abPer il futuro stiamo lavorando, insieme al comune di Falcade e all\u2019istituzione scolastica, per un ampliamento dell\u2019offerta formativa\u00bb ha aggiunto il presidente dello Ski College. \u00abPer la stagione 2020-2021 vogliamo confermare gli ottimi risultati che hanno caratterizzato le ultime annate, con l\u2019auspicio, naturalmente, che tutto possa svolgersi senza intoppi. Da parte nostra, ogni misura \u00e8 stata adottata per garantire la sicurezza.\u00a0 I ragazzi hanno iniziato a lavorare e stanno lavorando in maniera intensa, sotto la guida di uno staff tecnico preparato, motivato, appassionato<\/em>\u00bb.\u00a0Il positivo connubio tra sport e studio \u00e8 stato sottolineato anche dal presidente del comitato regionale veneto della Federazione italiana sport invernali, Roberto Bortoluzzi, dal sindaco di Falcade, Michele Costa, e da Claudio Magalini, dirigente scolastico del Follador-De Rossi, l\u2019istituto con il quale lo Ski College ha stretto da tempo una convenzione e che d\u00e0 la possibilit\u00e0 agli studenti &#8211; sciatori di scegliere tra istituto tecnico tecnologico, istituto tecnico economico, liceo scientifico, liceo scientifico sportivo e istituto professionale.\u00a0Diversi sono stati gli atleti premiati per i risultati della scorsa stagione. Per lo sci di fondo un riconoscimento \u00e8 andato ad Andrea Zorzi, junior azzurro di interesse nazionale, e a Elia Barp, medaglia di bronzo in staffetta alle Olimpiadi giovanili di Losanna, oltre che della Coppa Italia e di diversi titoli italiani della categoria Aspiranti.\u00a0Per lo snowboard \u00e8 stata premiata Isabel Murer, protagonista in Coppa Europa, mentre per lo skiroll Riccardo Munari, atleta entrato nella nazionale juniores. Due i ragazzi dello sci d\u2019erba: Gabriel Bonaldi e Nicol\u00f2 Pettini, entrambi nel gruppo azzurro osservati. Sei i premiati per lo sci alpino: Gianlorenzo Di Paolo, Aurora Zavatarelli, Alessandro Zanni, Federica Lani e Giovanni Franzoni.\u00a0Questa la composizione dello staff tecnico dello Ski College 2020-2021. Fondo: Omar Genuin. Snowboard. Maurizio Rudatis e Boris Del Negro. Alpino: Gianpietro Carli, Roberto Daniele, Simone Manfroi, Roberto Parissenti, Davide Raineri, Mattia Turra, Gilberto Xaiz. Preparatori atletici: Riccardo Marchetti e Davide Raineri.<\/p>\n\n\t\t\t<style type='text\/css'>\n\t\t\t\t#gallery-5 {\n\t\t\t\t\tmargin: auto;\n\t\t\t\t}\n\t\t\t\t#gallery-5 .gallery-item {\n\t\t\t\t\tfloat: left;\n\t\t\t\t\tmargin-top: 10px;\n\t\t\t\t\ttext-align: center;\n\t\t\t\t\twidth: 20%;\n\t\t\t\t}\n\t\t\t\t#gallery-5 img {\n\t\t\t\t\tborder: 2px solid #cfcfcf;\n\t\t\t\t}\n\t\t\t\t#gallery-5 .gallery-caption {\n\t\t\t\t\tmargin-left: 0;\n\t\t\t\t}\n\t\t\t\t\/* see gallery_shortcode() in wp-includes\/media.php *\/\n\t\t\t<\/style>\n\t\t<div id='gallery-5' class='dt-gallery-container gallery galleryid-162720 gallery-columns-5 gallery-size-thumbnail'><dl class='gallery-item'>\n\t\t\t\t<dt class='gallery-icon landscape'>\n\t\t\t\t\t<a class=\"rollover rollover-zoom dt-pswp-item\" title=\"ski college 2020-2021 - LA SQUADRA DI SCI FONDO - falcade 26 sett 2020\" data-dt-img-description=\"\" data-large_image_width=\"1200\" data-large_image_height=\"675\"href='https:\/\/www.radiopiu.net\/wordpress\/wp-content\/uploads\/2020\/09\/ski-college-2020-2021-LA-SQUADRA-DI-SCI-FONDO-falcade-26-sett-2020.jpg'><img loading=\"lazy\" decoding=\"async\" width=\"150\" height=\"150\" src=\"https:\/\/www.radiopiu.net\/wordpress\/wp-content\/uploads\/2020\/09\/ski-college-2020-2021-LA-SQUADRA-DI-SCI-FONDO-falcade-26-sett-2020-150x150.jpg\" class=\"attachment-thumbnail size-thumbnail\" alt=\"\" srcset=\"https:\/\/www.radiopiu.net\/wordpress\/wp-content\/uploads\/2020\/09\/ski-college-2020-2021-LA-SQUADRA-DI-SCI-FONDO-falcade-26-sett-2020-150x150.jpg 150w, https:\/\/www.radiopiu.net\/wordpress\/wp-content\/uploads\/2020\/09\/ski-college-2020-2021-LA-SQUADRA-DI-SCI-FONDO-falcade-26-sett-2020-125x125.jpg 125w, https:\/\/www.radiopiu.net\/wordpress\/wp-content\/uploads\/2020\/09\/ski-college-2020-2021-LA-SQUADRA-DI-SCI-FONDO-falcade-26-sett-2020-200x200.jpg 200w, https:\/\/www.radiopiu.net\/wordpress\/wp-content\/uploads\/2020\/09\/ski-college-2020-2021-LA-SQUADRA-DI-SCI-FONDO-falcade-26-sett-2020-80x80.jpg 80w\" sizes=\"auto, (max-width: 150px) 100vw, 150px\" \/><\/a>\n\t\t\t\t<\/dt><\/dl><dl class='gallery-item'>\n\t\t\t\t<dt class='gallery-icon landscape'>\n\t\t\t\t\t<a class=\"rollover rollover-zoom dt-pswp-item\" title=\"ski college 2020-2021 - LO STAFF TECNICO - falcade 26 sett 2020\" data-dt-img-description=\"\" data-large_image_width=\"1200\" data-large_image_height=\"675\"href='https:\/\/www.radiopiu.net\/wordpress\/wp-content\/uploads\/2020\/09\/ski-college-2020-2021-LO-STAFF-TECNICO-falcade-26-sett-2020.jpg'><img loading=\"lazy\" decoding=\"async\" width=\"150\" height=\"150\" src=\"https:\/\/www.radiopiu.net\/wordpress\/wp-content\/uploads\/2020\/09\/ski-college-2020-2021-LO-STAFF-TECNICO-falcade-26-sett-2020-150x150.jpg\" class=\"attachment-thumbnail size-thumbnail\" alt=\"\" srcset=\"https:\/\/www.radiopiu.net\/wordpress\/wp-content\/uploads\/2020\/09\/ski-college-2020-2021-LO-STAFF-TECNICO-falcade-26-sett-2020-150x150.jpg 150w, https:\/\/www.radiopiu.net\/wordpress\/wp-content\/uploads\/2020\/09\/ski-college-2020-2021-LO-STAFF-TECNICO-falcade-26-sett-2020-125x125.jpg 125w, https:\/\/www.radiopiu.net\/wordpress\/wp-content\/uploads\/2020\/09\/ski-college-2020-2021-LO-STAFF-TECNICO-falcade-26-sett-2020-200x200.jpg 200w, https:\/\/www.radiopiu.net\/wordpress\/wp-content\/uploads\/2020\/09\/ski-college-2020-2021-LO-STAFF-TECNICO-falcade-26-sett-2020-80x80.jpg 80w\" sizes=\"auto, (max-width: 150px) 100vw, 150px\" \/><\/a>\n\t\t\t\t<\/dt><\/dl><dl class='gallery-item'>\n\t\t\t\t<dt class='gallery-icon landscape'>\n\t\t\t\t\t<a class=\"rollover rollover-zoom dt-pswp-item\" title=\"ski college 2020-2021 - presentazione falcade 26 sett 2020\" data-dt-img-description=\"\" data-large_image_width=\"1200\" data-large_image_height=\"675\"href='https:\/\/www.radiopiu.net\/wordpress\/wp-content\/uploads\/2020\/09\/ski-college-2020-2021-presentazione-falcade-26-sett-2020.jpg'><img loading=\"lazy\" decoding=\"async\" width=\"150\" height=\"150\" src=\"https:\/\/www.radiopiu.net\/wordpress\/wp-content\/uploads\/2020\/09\/ski-college-2020-2021-presentazione-falcade-26-sett-2020-150x150.jpg\" class=\"attachment-thumbnail size-thumbnail\" alt=\"\" srcset=\"https:\/\/www.radiopiu.net\/wordpress\/wp-content\/uploads\/2020\/09\/ski-college-2020-2021-presentazione-falcade-26-sett-2020-150x150.jpg 150w, https:\/\/www.radiopiu.net\/wordpress\/wp-content\/uploads\/2020\/09\/ski-college-2020-2021-presentazione-falcade-26-sett-2020-125x125.jpg 125w, https:\/\/www.radiopiu.net\/wordpress\/wp-content\/uploads\/2020\/09\/ski-college-2020-2021-presentazione-falcade-26-sett-2020-200x200.jpg 200w, https:\/\/www.radiopiu.net\/wordpress\/wp-content\/uploads\/2020\/09\/ski-college-2020-2021-presentazione-falcade-26-sett-2020-80x80.jpg 80w\" sizes=\"auto, (max-width: 150px) 100vw, 150px\" \/><\/a>\n\t\t\t\t<\/dt><\/dl><dl class='gallery-item'>\n\t\t\t\t<dt class='gallery-icon landscape'>\n\t\t\t\t\t<a class=\"rollover rollover-zoom dt-pswp-item\" title=\"ski college 2020-2021 - UNA DELLE SQUADRE DELLO SCI ALPINO CATEGORIA GIOVANI - falcade 26 sett 2020\" data-dt-img-description=\"\" data-large_image_width=\"1200\" data-large_image_height=\"675\"href='https:\/\/www.radiopiu.net\/wordpress\/wp-content\/uploads\/2020\/09\/ski-college-2020-2021-UNA-DELLE-SQUADRE-DELLO-SCI-ALPINO-CATEGORIA-GIOVANI-falcade-26-sett-2020.jpg'><img loading=\"lazy\" decoding=\"async\" width=\"150\" height=\"150\" src=\"https:\/\/www.radiopiu.net\/wordpress\/wp-content\/uploads\/2020\/09\/ski-college-2020-2021-UNA-DELLE-SQUADRE-DELLO-SCI-ALPINO-CATEGORIA-GIOVANI-falcade-26-sett-2020-150x150.jpg\" class=\"attachment-thumbnail size-thumbnail\" alt=\"\" srcset=\"https:\/\/www.radiopiu.net\/wordpress\/wp-content\/uploads\/2020\/09\/ski-college-2020-2021-UNA-DELLE-SQUADRE-DELLO-SCI-ALPINO-CATEGORIA-GIOVANI-falcade-26-sett-2020-150x150.jpg 150w, https:\/\/www.radiopiu.net\/wordpress\/wp-content\/uploads\/2020\/09\/ski-college-2020-2021-UNA-DELLE-SQUADRE-DELLO-SCI-ALPINO-CATEGORIA-GIOVANI-falcade-26-sett-2020-125x125.jpg 125w, https:\/\/www.radiopiu.net\/wordpress\/wp-content\/uploads\/2020\/09\/ski-college-2020-2021-UNA-DELLE-SQUADRE-DELLO-SCI-ALPINO-CATEGORIA-GIOVANI-falcade-26-sett-2020-200x200.jpg 200w, https:\/\/www.radiopiu.net\/wordpress\/wp-content\/uploads\/2020\/09\/ski-college-2020-2021-UNA-DELLE-SQUADRE-DELLO-SCI-ALPINO-CATEGORIA-GIOVANI-falcade-26-sett-2020-80x80.jpg 80w\" sizes=\"auto, (max-width: 150px) 100vw, 150px\" \/><\/a>\n\t\t\t\t<\/dt><\/dl><dl class='gallery-item'>\n\t\t\t\t<dt class='gallery-icon landscape'>\n\t\t\t\t\t<a class=\"rollover rollover-zoom dt-pswp-item\" title=\"ski college 2020-2021 -IL PRESIDENTE SKI COLLEGE LUCA MARCHETTO- falcade 26 sett 2020\" data-dt-img-description=\"\" data-large_image_width=\"1200\" data-large_image_height=\"800\"href='https:\/\/www.radiopiu.net\/wordpress\/wp-content\/uploads\/2020\/09\/ski-college-2020-2021-IL-PRESIDENTE-SKI-COLLEGE-LUCA-MARCHETTO-falcade-26-sett-2020.jpg'><img loading=\"lazy\" decoding=\"async\" width=\"150\" height=\"150\" src=\"https:\/\/www.radiopiu.net\/wordpress\/wp-content\/uploads\/2020\/09\/ski-college-2020-2021-IL-PRESIDENTE-SKI-COLLEGE-LUCA-MARCHETTO-falcade-26-sett-2020-150x150.jpg\" class=\"attachment-thumbnail size-thumbnail\" alt=\"\" srcset=\"https:\/\/www.radiopiu.net\/wordpress\/wp-content\/uploads\/2020\/09\/ski-college-2020-2021-IL-PRESIDENTE-SKI-COLLEGE-LUCA-MARCHETTO-falcade-26-sett-2020-150x150.jpg 150w, https:\/\/www.radiopiu.net\/wordpress\/wp-content\/uploads\/2020\/09\/ski-college-2020-2021-IL-PRESIDENTE-SKI-COLLEGE-LUCA-MARCHETTO-falcade-26-sett-2020-125x125.jpg 125w, https:\/\/www.radiopiu.net\/wordpress\/wp-content\/uploads\/2020\/09\/ski-college-2020-2021-IL-PRESIDENTE-SKI-COLLEGE-LUCA-MARCHETTO-falcade-26-sett-2020-200x200.jpg 200w, https:\/\/www.radiopiu.net\/wordpress\/wp-content\/uploads\/2020\/09\/ski-college-2020-2021-IL-PRESIDENTE-SKI-COLLEGE-LUCA-MARCHETTO-falcade-26-sett-2020-80x80.jpg 80w\" sizes=\"auto, (max-width: 150px) 100vw, 150px\" \/><\/a>\n\t\t\t\t<\/dt><\/dl><br style=\"clear: both\" \/>\n\t\t\t<\/div>\n\n<p>&nbsp;<\/p>\n<p>&nbsp;<\/p>\n<hr \/>\n<p>&nbsp;<\/p>\n<blockquote>\n<h3>CORSO DI COMPUTER ALLO SPI CGIL DI FELTRE<\/h3>\n<\/blockquote>\n<p><strong>FELTRE\u00a0<\/strong>Torna anche quest\u2019anno il corso di computer per le pensionate e i pensionati. Quest\u2019anno con le modalit\u00e0 di distanziamento.\u00a0In una nuova sede a Feltre,\u00a0sempre in piazza Parmeggiani\u00a0ma al civico 15.\u00a0Tutti coloro che vogliono avere una dimestichezza maggiore con la tecnologia informatica possono iscriversi al corso base per l\u2019utilizzo di computer e cellulari smart.\u00a0Partecipare ad un corso di computer vuol dire avere aggiornamenti sul mondo informatico, un mondo fantastico che magari non sentiamo tanto vicino, ma che, alla fine delle lezioni,\u00a0potremo apprezzarne la conoscenza per l&#8217;utilizzo nella nostra vita quotidiana.\u00a0Le iscrizioni sono aperte.\u00a0 Il corso inizia il 7 ottobre 2020.\u00a0Le lezioni settimanali si svolgono il pomeriggio di mercoled\u00ec dalle 15 alle 17.\u00a0Per info e iscrizioni chiamare il 347 277 1980<\/p>\n<p>&nbsp;<\/p>\n<p>&nbsp;<\/p>\n<hr \/>\n<p>&nbsp;<\/p>\n<blockquote>\n<h3>CONCORSO PUBBLICO A ROCCA PIETORE PER COLLABORATORE A TEMPO INDETERMINATO<\/h3>\n<\/blockquote>\n<p><strong>ROCCA PIETORE<\/strong> ll Comune ha indetto un concorso pubblico per esami per la copertura, a tempo indeterminato e a tempo pieno, di\u00a0un posto di Collaboratore Professionale\u2013Conduttore di macchine\u00a0operatrici complesse \u2013 addetto al trasporto scolastico, ai servizi manutentivi e cimiteriali. Le domande di partecipazione dovranno pervenire al Comune di Rocca Pietore. \u00a0Per informazioni \u00e8 possibile rivolgersi ai seguenti recapiti: telefono 0437.721178; posta elettronica: segretario.rocca@agordino.bl.it<\/p>\n<p>&nbsp;<\/p>\n<p>&nbsp;<\/p>\n<p>&nbsp;<\/p>\n<hr \/>\n<p>&nbsp;<\/p>\n<blockquote>\n<h3>CAUSA COVID, RISCHIAMO UN BOOM DI LAVORATORI IN NERO. NEL VENETO GLI \u201cINVISIBILI\u201d ATTUALMENTE SUPERANO LE 206 MILA UNITA\u2019<\/h3>\n<\/blockquote>\n<p><a class=\"dt-pswp-item\" href=\"https:\/\/www.radiopiu.net\/wordpress\/wp-content\/uploads\/2020\/09\/Schermata-2020-09-26-alle-12.16.27.png\" data-dt-img-description=\"\" data-large_image_width=\"900\" data-large_image_height=\"1604\"><img loading=\"lazy\" decoding=\"async\" class=\"alignleft size-medium wp-image-162644\" src=\"https:\/\/www.radiopiu.net\/wordpress\/wp-content\/uploads\/2020\/09\/Schermata-2020-09-26-alle-12.16.27-168x300.png\" alt=\"\" width=\"168\" height=\"300\" srcset=\"https:\/\/www.radiopiu.net\/wordpress\/wp-content\/uploads\/2020\/09\/Schermata-2020-09-26-alle-12.16.27-168x300.png 168w, https:\/\/www.radiopiu.net\/wordpress\/wp-content\/uploads\/2020\/09\/Schermata-2020-09-26-alle-12.16.27-575x1024.png 575w, https:\/\/www.radiopiu.net\/wordpress\/wp-content\/uploads\/2020\/09\/Schermata-2020-09-26-alle-12.16.27-768x1369.png 768w, https:\/\/www.radiopiu.net\/wordpress\/wp-content\/uploads\/2020\/09\/Schermata-2020-09-26-alle-12.16.27-862x1536.png 862w, https:\/\/www.radiopiu.net\/wordpress\/wp-content\/uploads\/2020\/09\/Schermata-2020-09-26-alle-12.16.27-269x480.png 269w, https:\/\/www.radiopiu.net\/wordpress\/wp-content\/uploads\/2020\/09\/Schermata-2020-09-26-alle-12.16.27.png 900w\" sizes=\"auto, (max-width: 168px) 100vw, 168px\" \/><\/a>La crisi determinata dall\u2019emergenza sanitaria potrebbe far \u201cesplodere\u201d l\u2019esercito degli abusivi e dei lavoratori in nero presenti in Italia. Stando alle previsioni dell\u2019Istat, infatti, entro la fine di quest\u2019anno circa 3,6 milioni di addetti rischiano di perdere il posto di lavoro .Sebbene sia difficile prevedere quante persone perderanno il posto di lavoro nel Veneto, non \u00e8 da escludere che nella nostra regione altri 200-250 mila lavoratori saranno espulsi dal mercato del lavoro entro la fine di quest\u2019anno.Auspicando che la dimensione del numero degli esuberi sia decisamente inferiore a quella a rischio, l\u2019Ufficio studi della CGIA ipotizza che una parte di questi nuovi disoccupati verr\u00e0 sicuramente \u201cassorbita\u201d dall\u2019economia sommersa. Non saranno pochi, infatti, coloro che, dopo aver perso il posto in fabbrica o in ufficio, si rimboccheranno le maniche in qualsiasi modo, anche ricorrendo al lavoro in nero.Stiamo parlando di quelle persone che non riuscendo a trovare una nuova occupazione accetteranno un posto di lavoro irregolare o si improvviseranno come abusivi. Grazie a questa scelta riusciranno a percepire qualche centinaia di euro alla settimana; pagati poco e in contanti, tutto ci\u00f2 avverr\u00e0 in nero e senza alcun versamento di imposte, contributi previdenziali e assicurativi.Oltre alla probabilissima espansione del lavoro irregolare, la situazione di difficolt\u00e0 economica in cui versa il Paese sembra non essere avvertita dalle forze politiche e in generale dall\u2019opinione pubblica. Anche in Veneto, il confronto tra le statistiche non lascia presagire nulla di buono. Afferma il coordinatore dell\u2019Ufficio studi Paolo Zabeo:<em>\u201cNel 2009, che viene ricordato come l\u2019annus horribilis anche dell\u2019economia veneta degli ultimi 75 anni, il Pil della nostra regione scese del 5 per cento e la disoccupazione nel nostro territorio nel giro di qualche anno pass\u00f2 dal 3,5 al 7 per cento. Quest\u2019anno, invece, se le cose andranno bene la contrazione del Pil veneto sar\u00e0 di oltre il 10 per cento: una riduzione doppia rispetto a quella registrata 11 anni fa. Alla luce di ci\u00f2, \u00e8 molto probabile, dal momento in cui verranno meno la Cig introdotta nel periodo Covid e il blocco dei licenziamenti, che il tasso di disoccupazione assumer\u00e0 dimensioni molto preoccupanti. Secondo le previsioni di Prometeia, ad esempio, nel 2021 potrebbe salire all\u20198 per cento\u201d. <\/em>Come dicevamo, ad \u201cammortizzare\u201d una parte dei posti di lavoro persi a causa dell\u2019emergenza sanitaria ci penser\u00e0 l\u2019economia sommersa. Gli ultimi dati disponibili ci dicono che in Italia ci sono oltre 3,3 milioni di occupati, il tasso di irregolarit\u00e0 \u00e8 del 13,1 per cento e tutte queste persone producono un valore aggiunto in nero di 78,7 miliardi di euro. Nel Veneto, fortunatamente, questa piaga sociale ed economica ha dimensioni molto contenute. A fronte di una stima di 206.400 lavoratori in nero, il tasso di irregolarit\u00e0 \u00e8 del 9,1 per cento e il valore aggiunto generato dall\u2019economia sommersa ammonta a 5,6 miliardi di euro all\u2019anno. <strong>Tasse, burocrazia e disoccupazione creano le condizioni per la diffusione del lavoro nero <\/strong>\u201cCon troppe tasse, un sistema burocratico e normativo eccessivamente oppressivo e tanta disoccupazione \u2013 segnala il segretario della CGIA Renato Mason &#8211;\u00a0 l\u2019economia irregolare ha trovato un habitat ideale per diffondersi, soprattutto in alcune aree del Paese. Inoltre, chi opera completamente o parzialmente in nero fa concorrenza sleale, altera i pi\u00f9 elementari princ\u00ecpi di democrazia economica nei confronti di chi lavora alla luce del sole ed \u00e8 costretto a pagare le imposte e i contributi fino all\u2019ultimo centesimo.\u00a0 Anche per questo \u00e8 necessario che l\u2019esercizio abusivo delle professioni artigianali vada contrastato e perseguito\u201d. Come si \u00e8 detto, a rimetterci non sono solo le casse dell\u2019erario e dell\u2019Inps, ma anche le tantissime attivit\u00e0 produttive e dei servizi, le imprese artigianali\u00a0 e quelle commerciali che, spesso, subiscono la concorrenza sleale di questi soggetti.I lavoratori in nero, infatti, non essendo sottoposti ai contributi previdenziali, a quelli assicurativi e a quelli fiscali consentono alle imprese dove prestano servizio \u2013 o a loro stessi, se operano sul mercato come falsi lavoratori autonomi \u2013 di beneficiare di un costo del lavoro molto inferiore e, conseguentemente, di praticare un prezzo finale del prodotto\/servizio\u00a0 molto contenuto. Condizioni, ovviamente, che chi rispetta le disposizioni previste dalla legge non \u00e8 in grado di offrire. Altres\u00ec, non vanno nemmeno sottovalutate le condizioni lavorative a cui sono sottoposti gli irregolari: spesso a queste persone vengono negate le pi\u00f9 elementari tutele previste dalla legge e in queste condizioni lavorative, gli incidenti e le malattie professionali rischiano di essere molto frequenti. Ricordiamo che questo esercito di \u201cinvisibili\u201d ogni giorno si reca nei campi, nei cantieri edili, nelle fabbriche o nelle abitazioni per prestare la propria attivit\u00e0 lavorativa. Pur essendo sconosciuti all\u2019Inps, all\u2019Inail e al fisco, gli effetti economici negativi che originano questi soggetti sono importanti. Nel Veneto, come dicevamo, sono 206.400 le persone &#8211; costituite prevalentemente da lavoratori dipendenti che fanno il secondo\/terzo lavoro, da cassaintegrati o pensionati che arrotondano le magre entrate o da disoccupati che in attesa di rientrare nel mercato del lavoro \u2013 che sopravvivono grazie ai proventi riconducibili a un\u2019attivit\u00e0 irregolare. <strong>Campania, Calabria e Sicilia sono le realt\u00e0 dove il lavoro nero \u00e8 pi\u00f9 diffuso; oasi felici Aosta, Veneto e Bolzano <\/strong>A livello territoriale sono le regioni del Mezzogiorno ad essere maggiormente interessate dall\u2019abusivismo e dal lavoro nero. Secondo l\u2019 ultima stima redatta dell\u2019Istat e relativa al 1\u00b0 gennaio 2018, in Calabria il tasso di irregolarit\u00e0 \u00e8 pari al 21,6 per cento (136.400 irregolari), in Campania al 19,8 per cento (370.900 lavoratori in nero), in Sicilia al 19,4 per cento (296.300), in Puglia al 16,6 per cento (229.200) e nel Lazio al 15,9 per cento (428.200). La media nazionale \u00e8 pari al 13,1 per cento. Le situazioni pi\u00f9 virtuose, come sottolineavamo pi\u00f9 sopra, si registrano nel Nordest. Se in Emilia Romagna il tasso di irregolarit\u00e0 \u00e8 al 10,1 per cento (216.200 irregolari), in Valle d\u2019Aosta \u00e8 al 9,3 per cento (5.700), in Veneto al 9,1 per cento (206.400) e nella Provincia autonoma di Bolzano si attesta al 9 per cento (26.400) (vedi Tab. 1).<\/p>\n<p>&nbsp;<\/p>\n<p>&nbsp;<\/p>\n<hr \/>\n<p>&nbsp;<\/p>\n<p>&nbsp;<\/p>\n<blockquote class=\"wp-embedded-content\" data-secret=\"vizPElbwUP\"><p><a href=\"https:\/\/www.radiopiu.net\/wordpress\/la-scuola-di-formazione-teologica-su-amore-di-dio-ricerca-delluomo-di-renato-bona\/\">LA SCUOLA DI FORMAZIONE TEOLOGICA SU: AMORE DI DIO, RICERCA DELL\u2019UOMO di RENATO BONA<\/a><\/p><\/blockquote>\n<p><iframe loading=\"lazy\" class=\"wp-embedded-content\" sandbox=\"allow-scripts\" security=\"restricted\" style=\"position: absolute; clip: rect(1px, 1px, 1px, 1px);\" title=\"&#8220;LA SCUOLA DI FORMAZIONE TEOLOGICA SU: AMORE DI DIO, RICERCA DELL\u2019UOMO di RENATO BONA&#8221; &#8212; Radio Pi\u00f9\" src=\"https:\/\/www.radiopiu.net\/wordpress\/la-scuola-di-formazione-teologica-su-amore-di-dio-ricerca-delluomo-di-renato-bona\/embed\/#?secret=vizPElbwUP\" data-secret=\"vizPElbwUP\" width=\"600\" height=\"338\" frameborder=\"0\" marginwidth=\"0\" marginheight=\"0\" scrolling=\"no\"><\/iframe><\/p>\n<p>&nbsp;<\/p>\n<p>&nbsp;<\/p>\n<p>&nbsp;<\/p>\n<p><a class=\"dt-pswp-item\" href=\"https:\/\/www.radiopiu.net\/wordpress\/wp-content\/uploads\/2018\/09\/appuntamenti.jpeg\" data-dt-img-description=\"\" data-large_image_width=\"800\" data-large_image_height=\"100\"><img loading=\"lazy\" decoding=\"async\" class=\"aligncenter wp-image-61958 size-full\" src=\"https:\/\/www.radiopiu.net\/wordpress\/wp-content\/uploads\/2018\/09\/appuntamenti.jpeg\" alt=\"\" width=\"800\" height=\"100\" srcset=\"https:\/\/www.radiopiu.net\/wordpress\/wp-content\/uploads\/2018\/09\/appuntamenti.jpeg 800w, https:\/\/www.radiopiu.net\/wordpress\/wp-content\/uploads\/2018\/09\/appuntamenti-300x38.jpeg 300w, https:\/\/www.radiopiu.net\/wordpress\/wp-content\/uploads\/2018\/09\/appuntamenti-768x96.jpeg 768w\" sizes=\"auto, (max-width: 800px) 100vw, 800px\" \/><\/a><\/p>\n<p>&nbsp;<\/p>\n<p><strong><a class=\"dt-pswp-item\" href=\"https:\/\/www.radiopiu.net\/wordpress\/wp-content\/uploads\/2020\/09\/ac438e09-73cc-459b-97f3-9268981f04c0.jpg\" data-dt-img-description=\"\" data-large_image_width=\"842\" data-large_image_height=\"1191\"><img loading=\"lazy\" decoding=\"async\" class=\"size-medium wp-image-162880 alignleft\" src=\"https:\/\/www.radiopiu.net\/wordpress\/wp-content\/uploads\/2020\/09\/ac438e09-73cc-459b-97f3-9268981f04c0-212x300.jpg\" alt=\"\" width=\"212\" height=\"300\" srcset=\"https:\/\/www.radiopiu.net\/wordpress\/wp-content\/uploads\/2020\/09\/ac438e09-73cc-459b-97f3-9268981f04c0-212x300.jpg 212w, https:\/\/www.radiopiu.net\/wordpress\/wp-content\/uploads\/2020\/09\/ac438e09-73cc-459b-97f3-9268981f04c0-724x1024.jpg 724w, https:\/\/www.radiopiu.net\/wordpress\/wp-content\/uploads\/2020\/09\/ac438e09-73cc-459b-97f3-9268981f04c0-768x1086.jpg 768w, https:\/\/www.radiopiu.net\/wordpress\/wp-content\/uploads\/2020\/09\/ac438e09-73cc-459b-97f3-9268981f04c0-339x480.jpg 339w, https:\/\/www.radiopiu.net\/wordpress\/wp-content\/uploads\/2020\/09\/ac438e09-73cc-459b-97f3-9268981f04c0.jpg 842w\" sizes=\"auto, (max-width: 212px) 100vw, 212px\" \/><\/a>FALCADE<\/strong> Sabato 17 ottobre alle 21 alla Casa della Giovent\u00f9 di Caviola in via Trento &#8220;Rimasti Avanti?&#8221;. Serata musicale con Marco V. Dal Farra e amici. Ingresso libero su prenotazione via mail proloco.caviola@libero.it, telefono 0437 599062 oppure 3403832079<\/p>\n<p>&nbsp;<\/p>\n<p>&nbsp;<\/p>\n<blockquote>\n<h3>CORSO DI GINNASTICA POSTURALE A CANALE D&#8217;AGORDO<\/h3>\n<\/blockquote>\n<p><strong>CANALE D&#8217;AGORDO<\/strong> L&#8217;associazione Pro Loco di Canale D&#8217;Agordo organizza per questo autunno il corso di ginnastica postulare con la fisioterapista Silvana Andrich. 8 lezioni a partire da luned\u00ec 5 ottobre, dal luned\u00ec al venerd\u00ec dalle 17:30 alle 19:30. Per informazioni o iscrizioni telefonare allo 0437 1948030 (venerd\u00ec, sabato domenica e festivi dalle 9 alle 12 e dalle 15 alle 18) oppure 331 1248034, mail info@prolococanale.it Per le restrizioni e normative per il contenimento del Covid-19 i posti sono limitati.<\/p>\n<p>&nbsp;<\/p>\n<blockquote>\n<h3><strong>LA MEDITAZIONE PLANETARIA<\/strong><\/h3>\n<\/blockquote>\n<p><strong>CANALE D&#8217;AGORDO <\/strong>In collaborazione con la Biblioteca di Canale d&#8217;Agordo, la\u00a0<i>meditazione planetaria<\/i>\u00a0per la pace di &#8220;Maha Atma Choa Kok Sui&#8221;,\u00a0<i>ogni mercoled\u00ec\u00a0<\/i>alle\u00a0<i>ore 20.30<\/i>\u00a0presso la sala conferenze del MusAL a Canale d&#8217;Agordo<\/p>\n<p>&nbsp;<\/p>\n<blockquote>\n<h3>POMERIGGIO DI LETTURE<\/h3>\n<\/blockquote>\n<p><strong>CANALE D&#8217;AGORDO<\/strong>\u00a0venerd\u00ec\u00a0dalle 17\u00a0in\u00a0Piazza Papa Luciani a Canale d&#8217;Agordo\u00a0 pomeriggio di letture animate in musica dal titolo &#8220;Attenti a quei due\/ tre&#8221;, con Simone Carnielli e Alessandro Marchetti. L&#8217;ingresso \u00e8 libero e gratuito.<\/p>\n<p>&nbsp;<\/p>\n<p>&nbsp;<\/p>\n<hr \/>\n<p>&nbsp;<\/p>\n<h3><\/h3>\n<blockquote>\n<h3>NUOVI ORARI PER LE VISTE AL CASTELLO DI ANDRAZ<\/h3>\n<\/blockquote>\n<p>Il castello riaprir\u00e0 nei successivi 4 weekend (fino a domenica 11 ottobre), dal venerd\u00ec alla domenica, con orario leggermente ridotto: dalle 10.00 alle 12.30 e dalle 14.30 alle 17.30. \u00a0Le visite guidate o libere vanno prenotate al 334 33 46 680 o via mail a info@castellodiandraz.it<\/p>\n<p>&nbsp;<\/p>\n<hr \/>\n<p>&nbsp;<\/p>\n<blockquote>\n<h3>ESCURSIONE CON IL CAI DI AGORDO<\/h3>\n<\/blockquote>\n<p><strong>AGORDO<\/strong> La Val Pusteria\u00a0 con il Gruppo del\u00a0Monte Gruppo\u00a0\u00e8 la destinazione dell&#8217;escursione programmata\u00a0per i giorni\u00a010\u00a0e 11\u00a0ottobre.\u00a0Si tratta di diverse cime non particolarmente alte che riservano per\u00f2 prospettive tanto inusuali quanto spettacolari e che celano tra le\u00a0loro rocce scure diversi laghetti di origine glaciale tra cui, il pi\u00f9 grande \u00e8 quello di\u00a0Pausa\u00a0dove sorge l&#8217;omonimo ed accogliente\u00a0Rifugio. Tale struttura rimane aperta fino alla prima decade di novembre e il CAI di Agordo ne approfitta \u00a0nel periodo in cui i colori del mirtillo rosso e dei larici accendono i radi pascoli d&#8217;alta quota.\u00a0L&#8217;escursione \u00e8 valutata\u00a0EE con bevi tratti EEA.\u00a0I posti disponibili sono limitati.<\/p>\n<p>&nbsp;<\/p>\n<hr \/>\n<blockquote>\n<h3><\/h3>\n<h3>ESCURSIONISMO CON CAMMINATURALMENTE<\/h3>\n<\/blockquote>\n<p><b>BELLUNO <\/b>Il Centro UPM \u2013 Associazione Culturale di Belluno &#8211; organizza\u00a0 l&#8217;escursione naturalistica con Anacleto Boranga \u2013 divulgatore e guida naturalistica\/ambientale. <b>Sabato 3 ottobre: replica<\/b> \u2013 <b>LAGO E<\/b> <b>OASI NATURALISTICA DI S.CROCE<\/b> \u2013Un\u2019area umida di straordinaria importanza ambientale e paesaggistica. E\u2019 presente anche un\u2019 esposizione fotografica all\u2019aperto e alcune creazioni di Land Art. Percorso facile di circa 3 km. Consigliate calzature adatte per eventuali tratti umidi\/fangosi. Ritrovo alla 14.30 in p\/le Resistenza oppure successivamente al parcheggio subito dopo il ponte sul torrente Tesa ( Farra d\u2019Alpago).<\/p>\n<p>&nbsp;<\/p>\n<hr \/>\n<p>&nbsp;<\/p>\n<h2>IERI ALLA RADIO<\/h2>\n<h2><span style=\"color: #800080;\">LA RASSEGNA STAMPA DALL&#8217;AMICO DEL POPOLO di Gianni Santomaso\u00a0<\/span><\/h2>\n<p><strong><a class=\"dt-pswp-item\" href=\"https:\/\/www.radiopiu.net\/wordpress\/wp-content\/uploads\/2020\/04\/DON-FABIANO.jpg\" data-dt-img-description=\"\" data-large_image_width=\"231\" data-large_image_height=\"130\"><img loading=\"lazy\" decoding=\"async\" class=\"size-full wp-image-127650 alignleft\" src=\"https:\/\/www.radiopiu.net\/wordpress\/wp-content\/uploads\/2020\/04\/DON-FABIANO.jpg\" alt=\"\" width=\"231\" height=\"130\" \/><\/a>OSPITE: Don Fabiano Del Favero<\/strong><\/p>\n<audio class=\"wp-audio-shortcode\" id=\"audio-162720-7\" preload=\"none\" style=\"width: 100%;\" controls=\"controls\"><source type=\"audio\/mpeg\" src=\"https:\/\/www.radiopiu.net\/wordpress\/wp-content\/uploads\/2020\/09\/RASSEGNA-GIANNI-2.mp3?_=7\" \/><a href=\"https:\/\/www.radiopiu.net\/wordpress\/wp-content\/uploads\/2020\/09\/RASSEGNA-GIANNI-2.mp3\">https:\/\/www.radiopiu.net\/wordpress\/wp-content\/uploads\/2020\/09\/RASSEGNA-GIANNI-2.mp3<\/a><\/audio>\n<p>&nbsp;<\/p>\n<hr \/>\n<p>&nbsp;<\/p>\n<h2><span style=\"color: #ff0000;\">DUE MINUTI UN LIBRO\u00a0<\/span><\/h2>\n<h2>LA RACCOLTA COMPLETA<\/h2>\n<blockquote class=\"wp-embedded-content\" data-secret=\"08Zl8od9nF\"><p><a href=\"https:\/\/www.radiopiu.net\/wordpress\/due-minuti-un-libro\/\">Due minuti un libro<\/a><\/p><\/blockquote>\n<p><iframe loading=\"lazy\" class=\"wp-embedded-content\" sandbox=\"allow-scripts\" security=\"restricted\" style=\"position: absolute; clip: rect(1px, 1px, 1px, 1px);\" title=\"&#8220;Due minuti un libro&#8221; &#8212; Radio Pi\u00f9\" src=\"https:\/\/www.radiopiu.net\/wordpress\/due-minuti-un-libro\/embed\/#?secret=08Zl8od9nF\" data-secret=\"08Zl8od9nF\" width=\"600\" height=\"338\" frameborder=\"0\" marginwidth=\"0\" marginheight=\"0\" scrolling=\"no\"><\/iframe><\/p>\n<p>&nbsp;<\/p>\n<p>&nbsp;<\/p>\n<hr \/>\n<p>&nbsp;<\/p>\n<div>\n<h2><span style=\"color: #33cccc;\">I RACCONTI DI PAOLO SOPPELSA il lunedi alle 9.30 e 18.30<\/span><\/h2>\n<h2><span style=\"color: #33cccc;\"><strong>LA RACCOLTA COMPLETA<\/strong><\/span><\/h2>\n<blockquote class=\"wp-embedded-content\" data-secret=\"yYSiXbiaW1\"><p><a href=\"https:\/\/www.radiopiu.net\/wordpress\/i-racconti-di-paolo-soppelsa\/\">I racconti di Paolo Soppelsa<\/a><\/p><\/blockquote>\n<p><iframe loading=\"lazy\" class=\"wp-embedded-content\" sandbox=\"allow-scripts\" security=\"restricted\" style=\"position: absolute; clip: rect(1px, 1px, 1px, 1px);\" title=\"&#8220;I racconti di Paolo Soppelsa&#8221; &#8212; Radio Pi\u00f9\" src=\"https:\/\/www.radiopiu.net\/wordpress\/i-racconti-di-paolo-soppelsa\/embed\/#?secret=yYSiXbiaW1\" data-secret=\"yYSiXbiaW1\" width=\"600\" height=\"338\" frameborder=\"0\" marginwidth=\"0\" marginheight=\"0\" scrolling=\"no\"><\/iframe><\/p>\n<p>&nbsp;<\/p>\n<p>&nbsp;<\/p>\n<hr \/>\n<p>&nbsp;<\/p>\n<h2><span style=\"color: #000080;\"><a class=\"dt-pswp-item\" href=\"https:\/\/www.radiopiu.net\/wordpress\/wp-content\/uploads\/2020\/07\/a8a8cbd6-9ca3-4f14-9e6a-43069c08cd84.jpg\" data-dt-img-description=\"\" data-large_image_width=\"960\" data-large_image_height=\"720\"><img loading=\"lazy\" decoding=\"async\" class=\"wp-image-151434 alignleft\" src=\"https:\/\/www.radiopiu.net\/wordpress\/wp-content\/uploads\/2020\/07\/a8a8cbd6-9ca3-4f14-9e6a-43069c08cd84-300x225.jpg\" alt=\"\" width=\"213\" height=\"160\" srcset=\"https:\/\/www.radiopiu.net\/wordpress\/wp-content\/uploads\/2020\/07\/a8a8cbd6-9ca3-4f14-9e6a-43069c08cd84-300x225.jpg 300w, https:\/\/www.radiopiu.net\/wordpress\/wp-content\/uploads\/2020\/07\/a8a8cbd6-9ca3-4f14-9e6a-43069c08cd84-768x576.jpg 768w, https:\/\/www.radiopiu.net\/wordpress\/wp-content\/uploads\/2020\/07\/a8a8cbd6-9ca3-4f14-9e6a-43069c08cd84.jpg 960w\" sizes=\"auto, (max-width: 213px) 100vw, 213px\" \/><\/a><\/span><\/h2>\n<h2><\/h2>\n<h2><span style=\"color: #000080;\">DON CESARE, IL PENSIERO DEL GIORNO. ALLA RADIO ALLE 7 DEL MATTINO E ALLE 19.30 DELLA SERA.\u00a0\u00a0<\/span><\/h2>\n<\/div>\n<p>&nbsp;<\/p>\n<p>&nbsp;<\/p>\n<div>\n<audio class=\"wp-audio-shortcode\" id=\"audio-162720-8\" preload=\"none\" style=\"width: 100%;\" controls=\"controls\"><source type=\"audio\/mpeg\" src=\"https:\/\/www.radiopiu.net\/wordpress\/wp-content\/uploads\/2020\/09\/CESARE-24.mp3?_=8\" \/><a href=\"https:\/\/www.radiopiu.net\/wordpress\/wp-content\/uploads\/2020\/09\/CESARE-24.mp3\">https:\/\/www.radiopiu.net\/wordpress\/wp-content\/uploads\/2020\/09\/CESARE-24.mp3<\/a><\/audio>\n<p>&nbsp;<\/p>\n<p>&nbsp;<\/p>\n<hr \/>\n<p>&nbsp;<\/p>\n<p><a class=\"dt-pswp-item\" href=\"https:\/\/www.radiopiu.net\/wordpress\/wp-content\/uploads\/2018\/09\/viabilita.jpeg\" data-dt-img-description=\"\" data-large_image_width=\"800\" data-large_image_height=\"100\"><img loading=\"lazy\" decoding=\"async\" class=\"aligncenter wp-image-61954 size-full\" src=\"https:\/\/www.radiopiu.net\/wordpress\/wp-content\/uploads\/2018\/09\/viabilita.jpeg\" alt=\"\" width=\"800\" height=\"100\" srcset=\"https:\/\/www.radiopiu.net\/wordpress\/wp-content\/uploads\/2018\/09\/viabilita.jpeg 800w, https:\/\/www.radiopiu.net\/wordpress\/wp-content\/uploads\/2018\/09\/viabilita-300x38.jpeg 300w, https:\/\/www.radiopiu.net\/wordpress\/wp-content\/uploads\/2018\/09\/viabilita-768x96.jpeg 768w\" sizes=\"auto, (max-width: 800px) 100vw, 800px\" \/><\/a><\/p>\n<\/div>\n<p><strong>\u00a0\u00a0<\/strong><\/p>\n<p><strong>REGIONALE 203 AGORDINA<\/strong>\u00a0 Fino\u00a0 al 18 dicembre (esclusi festivi e prefestivi) senso unico alternato tra Peron e Candaten con movieri dalle 7.30 alle 9 e dalle 16.30 alle 18. Con semaforo negli altri orari<\/p>\n<p><strong>SR 203 AGORDINA<\/strong> Fino al 30 settembre, dalle 8 alle 17, sabato e domenica esclusi, senso unico alternato regolato da semaforo in localit\u00e0 Listolade di Taibon Agordino per asfaltatura tratti interessati dalla posa della fibra ottica<\/p>\n<p><strong>REGIONALE 203 AGORDINA<\/strong> Fino al 18 dicembre (sabato e domenica esclusi) tra Candaten e Peron dalle 7.30 alle 9 e dalle 16.30 alle 18 con movieri e negli altri orari con semaforo, senso unico alternato.<\/p>\n<p><strong>SR 48 DELLE DOLOMITI<\/strong> fino a l&#8217;8 ottobre, dalle 7 alle 18 sabato e domenica esclusi, senso unico alternato regolato da impianto semaforico per miglioramento visibilit\u00e0 incrocio strada per Castello di Andraz<\/p>\n<p><strong>SP 473 DI CROCE D&#8217;AUNE<\/strong> dalle 8 alle 17 fino al 2 ottobre, esclusi sabati e domeniche, senso unico alternato regolato da movieri in localit\u00e0 Croce D&#8217;Aune di Pedavena per sistemazione dissesto idrogeologico<\/p>\n<p><strong>PROVINCIALE 35 &#8211; LASTE<\/strong> Per allargamento della sede stradale in localit\u00e0 Laste di Sopra limitazioni al transito fino al 15 ottobre esclusi festivi e prefestivi, brevi interruzioni durata massima di 15 minuti tra le 8 e le 12 e tra le 13 e le 17.\u00a0Negli altri orari semaforo e senso unico alternato<\/p>\n<p><strong>SP 30 PANORAMICA DEL COMELICO<\/strong> fino al 2 ottobre, esclusi sabati e domeniche, interdizione totale alla viabilit\u00e0 in entrambi i sensi di marcia tra Costa e Costalissoi per messa in sicurezza strada<\/p>\n<p><strong>SP 641 PASSO FEDAIA<\/strong> A\u00a0 Capanna Bill e\u00a0 a Col di Rocca\u00a0 fino al\u00a0 30 settembre senso unico alternato regolato da semaforo.<\/p>\n<p><strong>REGIONALE 203 AGORDINA<\/strong> Fino al 30 settembre (sabato e domenica esclusi) tra Candaten e La Stanga dalle 7.30 alle 9 e dalle 16.30 alle 18 con movieri e negli altri orari con semaforo, senso unico alternato.<\/p>\n<div>\n<p><strong>SR 48 DELLE DOLOMITI<\/strong> FINO\u00a0 AL 30 SETTEMBRE, DALLE 7 ALLE 17, ESCLUSI SABATO E DOMENICA, SALTUARIA ISTITUZIONE DI SENSO UNICO ALTERNATO REGOLATO DA MOVIERI PER PERIODI CONTINUATIVI NON SUPERIORI A 10 MINUTI NEI COMUNI DI CORTINA ED AURONZO DI CADORE PER CARICO SCARICO MATERIALI NECESSARI PER LA POSA DELL&#8217;ELTRODOTTO INTERRATO<\/p>\n<p><strong>SR 48 DELLE DOLOMITI<\/strong>\u00a0 Fino al 30 settembre in localit\u00e0 Pocol (Cortina) senso unico alternato, esclusi sabato e domenica<\/p>\n<p><strong>SR 48 DELLE DOLOMITI<\/strong>\u00a0 Fino al 9 ottobre senso unico alternato in localit\u00e0 Cernadoi, escluso sabato e domeniche<\/p>\n<p><strong>SR 48 DELLE DOLOMITI<\/strong> Fino\u00a0 al 30 settembre esclusi sabato e domenica senso unico alternato tra Cernadoi e Pian Falzarego<\/p>\n<p><strong>SP 1 MADONNA DEL PIAVE<\/strong>\u00a0fino a revoca, senso unico alternato regolato da semaforo in localit\u00e0 Caorera di Quero Vas per lavori di messa in sicurezza piano viabile<\/p>\n<p>&nbsp;<\/p>\n<hr \/>\n<p>&nbsp;<\/p>\n<p class=\"photoswipe-wrapper\"><a class=\"dt-pswp-item pspw-wrap-ready\" href=\"https:\/\/i0.wp.com\/www.radiopiu.net\/wordpress\/wp-content\/uploads\/2018\/09\/WhatsApp-Image-2018-09-20-at-16.04.06.jpeg?ssl=1\" data-dt-img-description=\"\" data-large_image_width=\"800\" data-large_image_height=\"100\"><img loading=\"lazy\" decoding=\"async\" class=\"aligncenter wp-image-61378 size-full jetpack-lazy-image jetpack-lazy-image--handled\" src=\"https:\/\/i0.wp.com\/www.radiopiu.net\/wordpress\/wp-content\/uploads\/2018\/09\/WhatsApp-Image-2018-09-20-at-16.04.06.jpeg?resize=800%2C100&amp;ssl=1\" sizes=\"auto, (max-width: 800px) 100vw, 800px\" srcset=\"https:\/\/i0.wp.com\/www.radiopiu.net\/wordpress\/wp-content\/uploads\/2018\/09\/WhatsApp-Image-2018-09-20-at-16.04.06.jpeg?w=800&amp;ssl=1 800w, https:\/\/i0.wp.com\/www.radiopiu.net\/wordpress\/wp-content\/uploads\/2018\/09\/WhatsApp-Image-2018-09-20-at-16.04.06.jpeg?resize=300%2C38&amp;ssl=1 300w, https:\/\/i0.wp.com\/www.radiopiu.net\/wordpress\/wp-content\/uploads\/2018\/09\/WhatsApp-Image-2018-09-20-at-16.04.06.jpeg?resize=768%2C96&amp;ssl=1 768w\" alt=\"\" width=\"800\" height=\"100\" data-lazy-loaded=\"1\" \/><\/a><\/p>\n<\/div>\n<p>&nbsp;<\/p>\n<p><center><\/center><center><\/center><center><b>Lunedi 28<\/b><\/center><b>Tempo atteso:\u00a0<\/b>Nella notte e al primo mattino cielo coperto con estese precipitazioni. In mattinata tendenza alla variabilit\u00e0 con esaurimento dei fenomeni e attenuazione della nuvolosit\u00e0. Al pomeriggio miglioramento con ulteriore diradamento della nuvolosit\u00e0 e rasserenamenti sempre pi\u00f9 ampi a partire dalle Dolomiti. Atmosfera diurna meno fresca nelle valli e meno invernale in alta quota.<br \/>\n<b>Precipitazioni:\u00a0<\/b>Nottetempo probabilit\u00e0 alta (80\/90%) per deboli ed estese precipitazioni, nevose oltre i 1800\/1900 m, localmente 1700 m. Al mattino esaurimento dei fenomeni (20\/30%), i quali saranno del tutto assenti al pomeriggio (0%). Sono previsti cumuli di 5-10 mm, localmente fino a 15 mm tra Dolomiti orientali e Prealpi bellunesi, anche 20 mm sull&#8217;Alpago, con altrettanti cm di neve fresca a 2000\/2200 m.<br \/>\n<b>Temperature:\u00a0<\/b>In generale lieve ripresa, specie le minime nelle valli; l&#8217;atmosfera si mitigher\u00e0 un po&#8217; in giornata, anche se i valori termici saranno ancora sotto la media. Sono previste punte di 15\/16\u00b0C nei fondovalle prealpini e di 10\/12\u00b0C a 1000\/1200 m. Su Prealpi a 1500 m min 3\u00b0C max 6\u00b0C, a 2000 m min 0\u00b0C max 3\u00b0C. Su Dolomiti a 2000 m min -1\u00b0C max 2\u00b0C, a 3000 m min -6\u00b0C max -5\u00b0C.<br \/>\n<b>Venti:\u00a0<\/b>Nelle valli perlopi\u00f9 deboli di direzione variabile; in quota venti deboli\/moderati da sud-est al mattino e in lieve rinforzo da nord al pomeriggio, a 5-10 km\/h a 2000 e 15-20 km\/h a 3000 m.<\/p>\n<hr \/>\n<p><center><b>Martedi 29<\/b><\/center><b>Tempo atteso:\u00a0<\/b>Nella notte eventuale passaggio nubi alte stratiformi sulle Dolomiti. Al mattino sole e cielo sereno, in seguito parziale riduzione del soleggiamento per formarsi di stratocumuli a ridosso dei rilievi. Non escluso locali nubi basse o banchi di nebbia nelle ore pi\u00f9 fredde su alcuni settori prealpini. Atmosfera diurna un po&#8217; meno fredda in quota e meno fresca nelle valli.<br \/>\n<b>Precipitazioni:\u00a0<\/b>Assenti (0%).<br \/>\n<b>Temperature:\u00a0<\/b>In generale lieve ripresa, eccetto calo delle minime nelle valli. Grazie al buon soleggiamento vi sar\u00e0 una maggiore mitezza diurna. Sono previste punte di 17\/18\u00b0C nei fondovalle prealpini e di 12\/15\u00b0C a 1000\/1200 m. Su Prealpi a 1500 m min 4\u00b0C max 9\u00b0C, a 2000 m min 2\u00b0C max 6\u00b0C. Su Dolomiti a 2000 m min 1\u00b0C max 5\u00b0C, a 3000 m min -5\u00b0C max 0\u00b0C.<br \/>\n<b>Venti:\u00a0<\/b>Nelle valli perlopi\u00f9 deboli a regime di brezza, solo a tratti e localmente moderati; in quota venti deboli\/moderati da nord-ovest, anche tesi sulle vette dolomitiche pi\u00f9 alte al mattino, a 5-15 km\/h a 2000 e 15-35 km\/h a 3000 m.<\/p>\n<hr \/>\n<p><center><b>Mercoledi 30<\/b><\/center>Tempo parzialmente soleggiato con cielo a tratti sereno o poco nuvoloso e in alcuni momenti irregolarmente nuvoloso per nubi medio-alte. Non escluso qualche locale banco di nebbia nelle ore pi\u00f9 fredde nei fondovalle e nelle depressione degli altopiani della fascia prealpina. Temperature in generale rialzo. Venti deboli\/moderati da nord-ovest in quota; perlopi\u00f9 deboli a regime di brezza nelle valli, solo a tratti e localmente moderati.<\/p>\n<hr \/>\n<p><center><b>Giovedi 1<\/b><\/center>Al mattino sole e cielo perlopi\u00f9 sereno, al pomeriggio aumento della nuvolosit\u00e0 fino a cielo coperto alla sera, quando potranno verificarsi deboli precipitazioni sparse. Temperature minime senza notevoli variazioni e massime in leggera flessione. Venti deboli\/moderati da nord-ovest in quota; perlopi\u00f9 deboli a regime di brezza nelle valli, solo a tratti e localmente moderati. Previsore: R.L.Th.<\/p>\n<p>&nbsp;<\/p>\n<hr \/>\n<p>&nbsp;<\/p>\n<p><a class=\"dt-pswp-item\" href=\"https:\/\/www.radiopiu.net\/wordpress\/wp-content\/uploads\/2018\/09\/sport.jpg\" data-dt-img-description=\"\" data-large_image_width=\"800\" data-large_image_height=\"100\"><img loading=\"lazy\" decoding=\"async\" class=\"wp-image-60761 size-full aligncenter\" src=\"https:\/\/www.radiopiu.net\/wordpress\/wp-content\/uploads\/2018\/09\/sport.jpg\" alt=\"\" width=\"800\" height=\"100\" srcset=\"https:\/\/www.radiopiu.net\/wordpress\/wp-content\/uploads\/2018\/09\/sport.jpg 800w, https:\/\/www.radiopiu.net\/wordpress\/wp-content\/uploads\/2018\/09\/sport-300x38.jpg 300w, https:\/\/www.radiopiu.net\/wordpress\/wp-content\/uploads\/2018\/09\/sport-768x96.jpg 768w\" sizes=\"auto, (max-width: 800px) 100vw, 800px\" \/><\/a><\/p>\n<p>&nbsp;<\/p>\n<blockquote>\n<h3>L&#8217;AGORDINA PERDE, IL FIORI BARP VINCE. IL PUNTO SULLE SQUADRE GIOVANILI DI AGORDINA E SAN GIORGIO<\/h3>\n<\/blockquote>\n<p><b><a class=\"dt-pswp-item\" href=\"https:\/\/www.radiopiu.net\/wordpress\/wp-content\/uploads\/2019\/06\/CALCIO-2019.jpg\" data-dt-img-description=\"\" data-large_image_width=\"624\" data-large_image_height=\"351\"><img loading=\"lazy\" decoding=\"async\" class=\"size-medium wp-image-88853 alignleft\" src=\"https:\/\/www.radiopiu.net\/wordpress\/wp-content\/uploads\/2019\/06\/CALCIO-2019-300x169.jpg\" alt=\"\" width=\"300\" height=\"169\" srcset=\"https:\/\/www.radiopiu.net\/wordpress\/wp-content\/uploads\/2019\/06\/CALCIO-2019-300x169.jpg 300w, https:\/\/www.radiopiu.net\/wordpress\/wp-content\/uploads\/2019\/06\/CALCIO-2019.jpg 624w\" sizes=\"auto, (max-width: 300px) 100vw, 300px\" \/><\/a>SECONDA CATEGORIA GIRONE R DEL VENETO<\/b><\/p>\n<p>SOSPIROLESE &#8211; AGORDINA 2-1<\/p>\n<p>GOL AGORDINA: Lacetera<\/p>\n<p>Dopo il pareggio della scorsa settimana, arriva la prima sconfitta per l\u2019Agordina di Marco Lorenzi che sul campo di Gron a Sospirolo non riesce a macinare gioco e viene punita dai padroni di casa. Sospirolese in vantaggio nel primo tempo, agordini che rispondono nella ripresa ma un rigore a fine partita consegna i 3 punti alla squadra di Sospirolo.\u00a0Primi minuti di gara senza tante emozioni. Le squadre si studiano a lungo su un campo che ha tenuto bene dopo la pioggia caduta nei minuti prima del via. La Sospirolese si sveglia e mette in difficolt\u00e0 gli agordini. Dauda scappa alla difesa, viene atterrato e su punizione Fossen non centra i pali. Padroni di casa che sfiorano il gol al 20\u2019.<span class=\"Apple-converted-space\">\u00a0 <\/span>Continua a spingere la squadra di Sospirolo che trova la rete con Fratta a pochi minuti dal termine della prima frazione. Cross dalla destra e colpo di testa vincente. Reagisce l\u2019Agordina con Dal Don che prova la conclusione, respinta del portiere e sulla ribattuta un difensore salva sulla linea. Nella ripresa poche emozioni, specialmente nei primi minuti. Gioco spezzettato pi\u00f9 volte da l\u2019arbitro che vede delle irregolarit\u00e0. Moris Farenzena ci prova di testa ma il pallone sorvola la traversa di un nulla. Lacetera pareggia i conti per la squadra di Agordo ma i padroni di casa si riportano in vantaggio su calcio di rigore.<\/p>\n<p><b>PRIMA CATEGORIA GIRONE G DEL VENETO<\/b><\/p>\n<p>FIORI BARP &#8211; MAS &#8211; ALPINA 1-0<\/p>\n<p>GOL FIORI BARP MAS: Vallata<\/p>\n<p>Seconda vittoria consecutiva per la squadra di De Battista che continua a rimanere in testa alla classifica di Prima Categoria a punteggio pieno. Match combattuto nella prima frazione e secondo tempo con il Fiori Barp che trova il gol che vale 3 punti.<span class=\"Apple-converted-space\">\u00a0\u00a0<\/span>Il Fiori Barp parte bene, al primo minuto Brancher ci prova con un diagonale ma il portiere dell\u2019Alpina sventa la minaccia. Padroni di casa che sembrano avere una marcia in pi\u00f9 ma non riescono a sbloccare il punteggio. Ospiti che si svegliano e impegnano la difesa sedicense in due occasioni. Match piacevole con le compagini che si sfidano a viso aperto. Al 21\u2019 \u00e8 ancora Brancher che ci prova ma questa volta colpisce il palo alla destra del portiere. Alpina che risponde ma un difensore ci mette la pezza. A fine primo tempo \u00e8 ancora la squadra di Sedico che ci prova ma la prima frazione termina a reti inviolate. Nella seconda frazione il ritmo si abbassa e il gioco staziona a centrocampo. Al 70\u2019 il Fiori Barp passa in vantaggio. Fa tutto l\u2019appena entrato Vallata che batte il portiere avversario con un diagonale chirurgico. Masoch trova il gol ma viene annullato. La compagine di De Battista termina la partita in 10 uomini<\/p>\n<p><b>GIOVANILI AGORDINA<\/b><\/p>\n<p><b>JUNIORES<\/b><\/p>\n<p>AGORDINA &#8211; CISONESE 2-0<\/p>\n<p>Esordio col botto per la juniores dell\u2019Agordina che all&#8217;Ivano Dorigo di Agordo strappa i primi 3 punti stagionali contro la Cisonese. Gli agordini, che partecipano al campionato provinciale della provincia di Treviso, hanno fatto fin da subito fatto vedere di che pasta sono fatti rifilando due gol alla formazione di Cison di Val Marino. Ottima prestazione dei ragazzi allenati da Roberto Fontanive che passano in vantaggio con Stefano De Col\u00f2 al 15\u2019. Nella ripresa arriva la seconda marcatura a firma di Lorenzo Cattonar.<\/p>\n<p><b>ALLIEVI<\/b><\/p>\n<p>CASTION &#8211; AGORDINA 0-3<\/p>\n<p>Esordio con 3 gol per gli Allievi provinciali che sul campo del Castion fanno la voce grossa e incamerano i primi 3 punti della stagione. I giovani agordini vincono e convincono alla prima partita stagionale. Doppietta per Matthias Marcon e un gol di Gabriele Bordon.<\/p>\n<p><b>GIOVANILI SAN GIORGIO SEDICO<\/b><\/p>\n<p><b>ALLIEVI PROVINCIALI<\/b><\/p>\n<p>SAN GIORGIO SEDICO &#8211; DOMEGGE 1-0<\/p>\n<p>Buon esordio nel campionato provinciale per gli Allievi del San Giorgio che vincono di misura contro il Domegge. A sbloccare la partita ci pensa Sant\u2019Elia al 10\u2019 con un tiro da fuori imprendibile per il portiere avversario. Sedicensi che sprecano qualche occasione per incrementare il vantaggio ma la sfida si chiude con un\u2019unica rete per i padroni di casa.<\/p>\n<p>&nbsp;<\/p>\n<p>&nbsp;<\/p>\n<hr \/>\n<p>&nbsp;<\/p>\n<blockquote>\n<h3>DANIEL ANTONIOLI ED ELISA DESCO IN TRIONFO SUL NEVEGAL<\/h3>\n<\/blockquote>\n<p>&nbsp;<\/p>\n<h3><em><a class=\"dt-pswp-item\" href=\"https:\/\/www.radiopiu.net\/wordpress\/wp-content\/uploads\/2020\/09\/04_TraildelNevegal_partenza.jpg\" data-dt-img-description=\"\" data-large_image_width=\"2000\" data-large_image_height=\"1334\"><img loading=\"lazy\" decoding=\"async\" class=\"size-medium wp-image-162848 alignright\" src=\"https:\/\/www.radiopiu.net\/wordpress\/wp-content\/uploads\/2020\/09\/04_TraildelNevegal_partenza-300x200.jpg\" alt=\"\" width=\"300\" height=\"200\" srcset=\"https:\/\/www.radiopiu.net\/wordpress\/wp-content\/uploads\/2020\/09\/04_TraildelNevegal_partenza-300x200.jpg 300w, https:\/\/www.radiopiu.net\/wordpress\/wp-content\/uploads\/2020\/09\/04_TraildelNevegal_partenza-1024x683.jpg 1024w, https:\/\/www.radiopiu.net\/wordpress\/wp-content\/uploads\/2020\/09\/04_TraildelNevegal_partenza-768x512.jpg 768w, https:\/\/www.radiopiu.net\/wordpress\/wp-content\/uploads\/2020\/09\/04_TraildelNevegal_partenza-1536x1025.jpg 1536w, https:\/\/www.radiopiu.net\/wordpress\/wp-content\/uploads\/2020\/09\/04_TraildelNevegal_partenza-640x427.jpg 640w, https:\/\/www.radiopiu.net\/wordpress\/wp-content\/uploads\/2020\/09\/04_TraildelNevegal_partenza.jpg 2000w\" sizes=\"auto, (max-width: 300px) 100vw, 300px\" \/><\/a><\/em><\/h3>\n<p><strong>BELLUNO<\/strong> Il Trail del Nevegal\u00a0 ha iscritto\u00a0 330 concorrenti. Come in tutte le precedenti edizioni non sono mancate le battaglie nelle ripide salite del trail, tra le quali il muro della Grava, dove fin da subito Daniel Antonioli (C.S. Esercito &#8211; La Sportiva) ha fatto prevalere la propria forza e tecnica. 1 ora 55 minuti 21 secondi \u00e8 il tempo record fermato nel cronometro della 21 km da\u00a0 Antonioli. A completamento del podio Luca Del Pero (1:56:11) del Team Scarpa e Eddj Nani (1:56:56) dell\u2019Alpago Tornado Run. Tra le donne\u00a0 della 21K la pi\u00f9 veloce \u00e8 stata l\u2019atleta Team Scarpa Elisa Desco con il tempo di 2 ore 13 minuti 24 secondi. Al seguito Giulia Pol (2:33:02) dell\u2019Atletica Trichiana e Sara Mazzucco (2:34:36) dell\u2019Atletica Dolomiti Belluno Team Scarpa). Nel percorso corto da 8 km il pi\u00f9 veloce \u00e8 stato Enrico Bonati\u00a0 del Team Mud and Snow che ha preceduto di pochi secondi Roberto Fregona dell\u2019Alpago Tornado Run e Andrea Pozzer. Nella classifica femminile il gradino pi\u00f9 alto \u00e8 andato a Kristel Mottin\u00a0 del Faizan\u00e8 Runners Team che ha preceduto le rivali Sabrina Viel\u00a0 del G.S. Quantin Alpenplus e Silvia Sangalli.<\/p>\n<blockquote>\n<h3><em><a class=\"dt-pswp-item\" href=\"https:\/\/www.radiopiu.net\/wordpress\/wp-content\/uploads\/2020\/09\/10_TraildelNevegal_Antonioli-muro-della-Grava.jpg\" data-dt-img-description=\"\" data-large_image_width=\"2000\" data-large_image_height=\"1334\"><img loading=\"lazy\" decoding=\"async\" class=\" wp-image-162849 alignleft\" src=\"https:\/\/www.radiopiu.net\/wordpress\/wp-content\/uploads\/2020\/09\/10_TraildelNevegal_Antonioli-muro-della-Grava-300x200.jpg\" alt=\"\" width=\"251\" height=\"167\" srcset=\"https:\/\/www.radiopiu.net\/wordpress\/wp-content\/uploads\/2020\/09\/10_TraildelNevegal_Antonioli-muro-della-Grava-300x200.jpg 300w, https:\/\/www.radiopiu.net\/wordpress\/wp-content\/uploads\/2020\/09\/10_TraildelNevegal_Antonioli-muro-della-Grava-1024x683.jpg 1024w, https:\/\/www.radiopiu.net\/wordpress\/wp-content\/uploads\/2020\/09\/10_TraildelNevegal_Antonioli-muro-della-Grava-768x512.jpg 768w, https:\/\/www.radiopiu.net\/wordpress\/wp-content\/uploads\/2020\/09\/10_TraildelNevegal_Antonioli-muro-della-Grava-1536x1025.jpg 1536w, https:\/\/www.radiopiu.net\/wordpress\/wp-content\/uploads\/2020\/09\/10_TraildelNevegal_Antonioli-muro-della-Grava-640x427.jpg 640w, https:\/\/www.radiopiu.net\/wordpress\/wp-content\/uploads\/2020\/09\/10_TraildelNevegal_Antonioli-muro-della-Grava.jpg 2000w\" sizes=\"auto, (max-width: 251px) 100vw, 251px\" \/><\/a>Daniel Antonioli: \u00abUna bellissima gara con un percorso alla portata di tutti. Quest\u2019anno ho preferito partecipare a gare italiane e sono stato contento di esserci al Trail del Nevegal, perch\u00e9 ne ho sentito parlare molto bene! Devo dire che le voci hanno rispecchiato la realt\u00e0. Il livello era molto alto. Fortunatamente ne avevo di pi\u00f9 in salita e nelle disceso ho stretto i denti per mantenere la posizione. E\u2019 stata una gara bellissima, complimenti agli organizzatori\u00bb.<\/em><\/h3>\n<\/blockquote>\n<h1>LE CLASSIFICHE <span style=\"color: #0000ff;\"><a style=\"color: #0000ff;\" href=\"https:\/\/www.dtiming.it\/classifiche\/G-Live\/g-live.html?f=..\/tdn\/tdn.clax\">CLICCA QUI\u00a0<\/a><\/span><\/h1>\n<p>&nbsp;<\/p>\n<p>&nbsp;<\/p>\n<p>&nbsp;<\/p>\n<hr \/>\n<p>&nbsp;<\/p>\n<blockquote>\n<h3>APERTA LA CAMPAGNA ABBONAMENTI PER LE PARTITE DELL&#8217;ALLEGHE HOCKEY<\/h3>\n<\/blockquote>\n<p><strong><a class=\"dt-pswp-item\" href=\"https:\/\/www.radiopiu.net\/wordpress\/wp-content\/uploads\/2019\/08\/logo-alleghe-hockey.png\" data-dt-img-description=\"\" data-large_image_width=\"547\" data-large_image_height=\"512\"><img loading=\"lazy\" decoding=\"async\" class=\" wp-image-95699 alignleft\" src=\"https:\/\/www.radiopiu.net\/wordpress\/wp-content\/uploads\/2019\/08\/logo-alleghe-hockey-300x281.png\" alt=\"\" width=\"209\" height=\"196\" srcset=\"https:\/\/www.radiopiu.net\/wordpress\/wp-content\/uploads\/2019\/08\/logo-alleghe-hockey-300x281.png 300w, https:\/\/www.radiopiu.net\/wordpress\/wp-content\/uploads\/2019\/08\/logo-alleghe-hockey.png 547w\" sizes=\"auto, (max-width: 209px) 100vw, 209px\" \/><\/a>ALLEGHE <\/strong>\u00c8 aperta la campagna abbonamenti per seguire le partite dell&#8217;Alghe Hockey all&#8217;Alvise De Toni. La societ\u00e0 ha quindi iniziato a vendere i posti a sedere per il pubblico che vuole seguire le civette allo stadio. Per la stagione 2020\/21 sono previsti solo posti a sedere numerati in ottemperanza alle norme anti-covid. Il prezzo dell&#8217;abbonamento \u00e8 di 75 euro per 13 partite di stagione regolare e lo sconto del 20% sui biglietti per gli incontri di Coppa Italia e Playoff. Nel caso di un eventuale blocco del campionato causa Coronavirus, saranno rimborsate le partite mancanti o verr\u00e0 scontato l&#8217;abbonamento della stagione 2021\/22. L&#8217;abbonamento si pu\u00f2 prenotare fin da subito tramite telefono allo 0437 523176 (dalle 9 alle 13) oppure tramite mail a segreteria@alleghehockey.com<\/p>\n","protected":false},"excerpt":{"rendered":"<p>PER RICEVERE QUESTO NOTIZIARIO DIRETTAMENTE SUL TUO CELLULARE ISCRIVITI AL CANALE TELEGRAM \u201cRADIO PIU\u00a0 INFORMAZIONE&#8221; ATTENZIONE: LA NUOVA APP PER IOS-IPHONE https:\/\/apps.apple.com\/it\/app\/radio-pi%C3%B9-emittente-agordina\/id1515939845 ATTENZIONE: LA NUOVA APP RADIO\u00a0 PER ANDROID https:\/\/play.google.com\/store\/apps\/details?id=net.radiopiu.iniko &nbsp; &nbsp; TELEGRAM VIABILITA&#8217; PROVINCIA BELLUNO FOTO ROBERTO, PASSO FALZAREGO QUESTA MATTINA &nbsp; &nbsp; COLLE SANTA LUCIA SALUTA DON RENATO COLLE SANTA LUCIA Come preannunciato&hellip;<\/p>\n","protected":false},"author":4,"featured_media":162888,"comment_status":"closed","ping_status":"closed","sticky":false,"template":"","format":"standard","meta":{"_monsterinsights_skip_tracking":false,"_monsterinsights_sitenote_active":false,"_monsterinsights_sitenote_note":"","_monsterinsights_sitenote_category":0,"footnotes":""},"categories":[1,86,49],"tags":[],"class_list":["post-162720","post","type-post","status-publish","format-standard","has-post-thumbnail","hentry","category-senza-categoria","category-gr","category-news-18","category-1","category-86","category-49","description-off"],"img_url":"https:\/\/www.radiopiu.net\/wordpress\/wp-content\/uploads\/2020\/09\/WhatsApp-Image-2020-09-27-at-21.42.38.jpeg","_links":{"self":[{"href":"https:\/\/www.radiopiu.net\/wordpress\/wp-json\/wp\/v2\/posts\/162720","targetHints":{"allow":["GET"]}}],"collection":[{"href":"https:\/\/www.radiopiu.net\/wordpress\/wp-json\/wp\/v2\/posts"}],"about":[{"href":"https:\/\/www.radiopiu.net\/wordpress\/wp-json\/wp\/v2\/types\/post"}],"author":[{"embeddable":true,"href":"https:\/\/www.radiopiu.net\/wordpress\/wp-json\/wp\/v2\/users\/4"}],"replies":[{"embeddable":true,"href":"https:\/\/www.radiopiu.net\/wordpress\/wp-json\/wp\/v2\/comments?post=162720"}],"version-history":[{"count":0,"href":"https:\/\/www.radiopiu.net\/wordpress\/wp-json\/wp\/v2\/posts\/162720\/revisions"}],"wp:featuredmedia":[{"embeddable":true,"href":"https:\/\/www.radiopiu.net\/wordpress\/wp-json\/wp\/v2\/media\/162888"}],"wp:attachment":[{"href":"https:\/\/www.radiopiu.net\/wordpress\/wp-json\/wp\/v2\/media?parent=162720"}],"wp:term":[{"taxonomy":"category","embeddable":true,"href":"https:\/\/www.radiopiu.net\/wordpress\/wp-json\/wp\/v2\/categories?post=162720"},{"taxonomy":"post_tag","embeddable":true,"href":"https:\/\/www.radiopiu.net\/wordpress\/wp-json\/wp\/v2\/tags?post=162720"}],"curies":[{"name":"wp","href":"https:\/\/api.w.org\/{rel}","templated":true}]}}