{"id":162816,"date":"2020-09-27T23:59:08","date_gmt":"2020-09-27T21:59:08","guid":{"rendered":"https:\/\/www.radiopiu.net\/wordpress\/?p=162816"},"modified":"2020-09-27T16:23:42","modified_gmt":"2020-09-27T14:23:42","slug":"la-scuola-di-formazione-teologica-su-amore-di-dio-ricerca-delluomo-di-renato-bona","status":"publish","type":"post","link":"https:\/\/www.radiopiu.net\/wordpress\/la-scuola-di-formazione-teologica-su-amore-di-dio-ricerca-delluomo-di-renato-bona\/","title":{"rendered":"LA SCUOLA DI FORMAZIONE TEOLOGICA SU: AMORE DI DIO, RICERCA DELL\u2019UOMO di RENATO BONA"},"content":{"rendered":"<p>Chiudono marted\u00ec 29 settembre le iscrizioni (nella sede del Seminario Gregoriano, nella via San Pietro 19, di Belluno, telefono 0437-950008, su apposito modello e con versamento di 70 per diritti amministrativi) alla Scuola di formazione teologica bellunese &#8211; diretta da monsignor Attilio Zanderigo Jona coadiuvato in veste di vice da monsignor Giovanni Unterberger &#8211; che per l\u2019anno scolastico 2020-2021 avr\u00e0 per tema generale: \u201cL\u2019amore di Dio, la ricerca dell\u2019uomo\u201d. Le lezioni, da mercoled\u00ec 30, andranno avanti ogni mercoled\u00ec dalle 19 alle 21,15 fino al 9 giugno 2021 e saranno ripetute il venerd\u00ec (dal 2 ottobre e fino all\u201911 giugno prossimo, dalle 9 alle 11,15). Questo il programma dei corsi:\u201dSacra Scrittura\u201d don Francesco De Luca su \u201cil Santo d\u2019Israele. Isaia cap. 1-39\u201d; teologia: mons. Attilio Zanderigo su: \u201cI Sacramenti: l\u2019unzione degli infermi\u201d; \u201cDottrina della chiesa\u201d: mons. Giovanni Unterberger su: \u201cIl Concilio Ecumenico Vaticano II\u201d; \u201cStoria della chiesa\u201d: don Claudio Centa su: \u201cStoria della chiesa locale\u201d; \u201cSpiritualit\u00e0\u201d: don Graziano Dalla Caneva su: \u201cLa preghiera\u201d; \u201cFilosofia\u201d: prof. Giulio Bianchi su: \u201cModernit\u00e0 e (auto) redenzione dell\u2019uomo\u201d: \u201cFede e arte\u201d: prof. Lidia Rui su: \u201cTestimonianze di fede nell\u2019arte\u201d; \u201cReligioni non cristiane\u201d: mons. Elio Larese su \u201cLe religioni\u201d; \u201cSacra Scrittura: \u201cprof. Ivana Faramondi su: \u201cIl Libro dell\u2019Apocalisse\u201d; \u201cPagine di filosofia\u201d: prof. Francesco D\u2019Alfonso su: \u201cLa speranza cristiana\u201d; \u201cLetteratura religiosa\u201d: prof. Annamaria Dal Magro su: \u201c\u2019\u2026 mestier non era parturir Maria\u2019: curiosando nella Divina Commedia tra provocazioni, dubbi e certezze!\u201d. Nel pieghevole che \u00e8 stato diffuso per ricordare l\u2019approssimarsi della chiusura delle iscrizioni, si ricorda che la Scuola di formazione teologica si offre come una proposta formativa per una pi\u00f9 cosciente e attiva partecipazione di laici e consacrati ai compiti di evangelizzazione della Chiesa. Essa \u00e8 perci\u00f2 \u201crivolta a catechisti, animatori, operatori pastorali e a tutti i cristiani che cercano un approfondimento completo dei contenuti della fede\u201d. Ancora: \u201cLa Scuola \u00e8 organizzata attorno ai temi fondamentali della fede e dell\u2019esperienza cristiana ed intende essere una proposta ad un ascolto approfondito del messaggio evangelico; uno studio serio del Credo della Chiesa; un confronto critico con le culture e le religioni\u201d. Concludiamo con la libera enciclopedia Wikipedia che cos\u00ec scrive a proposito della Teologia cristiana: \u201c\u2026 \u00e8 l&#8217;esercizio della ragione sul messaggio della rivelazione accolto dalla fede. Alla base c&#8217;\u00e8, dunque, il rapporto tra fede e ragione che la tradizione cattolica, ma non solo, concepisce all&#8217;insegna della complementarit\u00e0. Gli apologeti cristiani definivano, infatti, la propria fede come &#8220;vera filosofia&#8221;, cio\u00e8 come autentica risposta alle domande filosofiche. La teologia cristiana assume comunque un&#8217;importanza fondamentale anche per gli sviluppi di tutte le forme di cultura ad esso relative. Il teologo presbiteriano di Princeton Warfield (1851-1921), grande biblista e studioso del pensiero cristiano, ha proposto una definizione poi divenuta classica: \u2018La teologia \u00e8 quella scienza che tratta di Dio e delle relazioni tra Dio e l&#8217;universo\u2019. Il termine teologia non compare come tale nelle Sacre Scritture, sebbene l&#8217;idea vi sia ampiamente presente. Alcuni scrittori cristiani, lavorando sulla scia di quelli ellenistici, iniziano presto ad usare il termine per i loro studi\u2026 La teologia cristiana si forma poi attraverso l&#8217;opera della Patristica (III-VIII secolo), che accolse numerosi apporti della teologia di Platone e nella quale spicca Agostino d&#8217;Ippona; quindi si sviluppa soprattutto nel periodo della Scolastica (XI -XIV secolo) dove a prevalere \u00e8 invece quella di Aristotele (per lo pi\u00f9 letta attraverso Averro\u00e8), e trova in Tommaso d&#8217;Aquino la sua migliore espressione, con l&#8217;opera Summa Theologiae. Bonaventura da Bagnoregio e sant&#8217;Antonio da Padova si assunsero invece il compito di portare la teologia tra i francescani. Gli influssi neoplatonici ritornano in Nicola Cusano e specialmente nella teologia di Giordano Bruno. Dio per Bruno \u00e8 insieme materiale e spirituale e l&#8217;Intelligenza divina pilota tutto l&#8217;essere\u2026\u201d.<\/p>\n\n\t\t\t<style type='text\/css'>\n\t\t\t\t#gallery-1 {\n\t\t\t\t\tmargin: auto;\n\t\t\t\t}\n\t\t\t\t#gallery-1 .gallery-item {\n\t\t\t\t\tfloat: left;\n\t\t\t\t\tmargin-top: 10px;\n\t\t\t\t\ttext-align: center;\n\t\t\t\t\twidth: 33%;\n\t\t\t\t}\n\t\t\t\t#gallery-1 img {\n\t\t\t\t\tborder: 2px solid #cfcfcf;\n\t\t\t\t}\n\t\t\t\t#gallery-1 .gallery-caption {\n\t\t\t\t\tmargin-left: 0;\n\t\t\t\t}\n\t\t\t\t\/* see gallery_shortcode() in wp-includes\/media.php *\/\n\t\t\t<\/style>\n\t\t<div id='gallery-1' class='dt-gallery-container gallery galleryid-162816 gallery-columns-3 gallery-size-thumbnail'><dl class='gallery-item'>\n\t\t\t\t<dt class='gallery-icon landscape'>\n\t\t\t\t\t<a class=\"rollover\" href='https:\/\/www.radiopiu.net\/wordpress\/se-desmonteghea-2020-i-video-della-seconda-giornata-pagina-in-aggiornamento\/120274571_2993301774109789_3926130548214147361_n\/'><img loading=\"lazy\" decoding=\"async\" width=\"150\" height=\"150\" src=\"https:\/\/www.radiopiu.net\/wordpress\/wp-content\/uploads\/2020\/09\/120274571_2993301774109789_3926130548214147361_n-150x150.jpg\" class=\"attachment-thumbnail size-thumbnail\" alt=\"\" srcset=\"https:\/\/www.radiopiu.net\/wordpress\/wp-content\/uploads\/2020\/09\/120274571_2993301774109789_3926130548214147361_n-150x150.jpg 150w, https:\/\/www.radiopiu.net\/wordpress\/wp-content\/uploads\/2020\/09\/120274571_2993301774109789_3926130548214147361_n-300x297.jpg 300w, https:\/\/www.radiopiu.net\/wordpress\/wp-content\/uploads\/2020\/09\/120274571_2993301774109789_3926130548214147361_n-1024x1015.jpg 1024w, https:\/\/www.radiopiu.net\/wordpress\/wp-content\/uploads\/2020\/09\/120274571_2993301774109789_3926130548214147361_n-768x761.jpg 768w, https:\/\/www.radiopiu.net\/wordpress\/wp-content\/uploads\/2020\/09\/120274571_2993301774109789_3926130548214147361_n-1536x1522.jpg 1536w, https:\/\/www.radiopiu.net\/wordpress\/wp-content\/uploads\/2020\/09\/120274571_2993301774109789_3926130548214147361_n-125x125.jpg 125w, https:\/\/www.radiopiu.net\/wordpress\/wp-content\/uploads\/2020\/09\/120274571_2993301774109789_3926130548214147361_n-200x200.jpg 200w, https:\/\/www.radiopiu.net\/wordpress\/wp-content\/uploads\/2020\/09\/120274571_2993301774109789_3926130548214147361_n-80x80.jpg 80w, https:\/\/www.radiopiu.net\/wordpress\/wp-content\/uploads\/2020\/09\/120274571_2993301774109789_3926130548214147361_n-484x480.jpg 484w, https:\/\/www.radiopiu.net\/wordpress\/wp-content\/uploads\/2020\/09\/120274571_2993301774109789_3926130548214147361_n.jpg 1948w\" sizes=\"auto, (max-width: 150px) 100vw, 150px\" \/><\/a>\n\t\t\t\t<\/dt><\/dl><dl class='gallery-item'>\n\t\t\t\t<dt class='gallery-icon portrait'>\n\t\t\t\t\t<a class=\"rollover\" href='https:\/\/www.radiopiu.net\/wordpress\/se-desmonteghea-2020-i-video-della-seconda-giornata-pagina-in-aggiornamento\/120287948_389815152414194_4609111703533094451_n\/'><img loading=\"lazy\" decoding=\"async\" width=\"150\" height=\"150\" src=\"https:\/\/www.radiopiu.net\/wordpress\/wp-content\/uploads\/2020\/09\/120287948_389815152414194_4609111703533094451_n-150x150.jpg\" class=\"attachment-thumbnail size-thumbnail\" alt=\"\" srcset=\"https:\/\/www.radiopiu.net\/wordpress\/wp-content\/uploads\/2020\/09\/120287948_389815152414194_4609111703533094451_n-150x150.jpg 150w, https:\/\/www.radiopiu.net\/wordpress\/wp-content\/uploads\/2020\/09\/120287948_389815152414194_4609111703533094451_n-125x125.jpg 125w, https:\/\/www.radiopiu.net\/wordpress\/wp-content\/uploads\/2020\/09\/120287948_389815152414194_4609111703533094451_n-200x200.jpg 200w, https:\/\/www.radiopiu.net\/wordpress\/wp-content\/uploads\/2020\/09\/120287948_389815152414194_4609111703533094451_n-80x80.jpg 80w\" sizes=\"auto, (max-width: 150px) 100vw, 150px\" \/><\/a>\n\t\t\t\t<\/dt><\/dl><dl class='gallery-item'>\n\t\t\t\t<dt class='gallery-icon portrait'>\n\t\t\t\t\t<a class=\"rollover\" href='https:\/\/www.radiopiu.net\/wordpress\/se-desmonteghea-2020-i-video-della-seconda-giornata-pagina-in-aggiornamento\/120261118_619938788689292_7161193890850982845_n\/'><img loading=\"lazy\" decoding=\"async\" width=\"123\" height=\"146\" src=\"https:\/\/www.radiopiu.net\/wordpress\/wp-content\/uploads\/2020\/09\/120261118_619938788689292_7161193890850982845_n.jpg\" class=\"attachment-thumbnail size-thumbnail\" alt=\"\" \/><\/a>\n\t\t\t\t<\/dt><\/dl><br style=\"clear: both\" \/><dl class='gallery-item'>\n\t\t\t\t<dt class='gallery-icon portrait'>\n\t\t\t\t\t<a class=\"rollover\" href='https:\/\/www.radiopiu.net\/wordpress\/se-desmonteghea-2020-i-video-della-seconda-giornata-pagina-in-aggiornamento\/120260924_4370866956288062_2619732582523232092_n\/'><img loading=\"lazy\" decoding=\"async\" width=\"150\" height=\"150\" src=\"https:\/\/www.radiopiu.net\/wordpress\/wp-content\/uploads\/2020\/09\/120260924_4370866956288062_2619732582523232092_n-150x150.jpg\" class=\"attachment-thumbnail size-thumbnail\" alt=\"\" srcset=\"https:\/\/www.radiopiu.net\/wordpress\/wp-content\/uploads\/2020\/09\/120260924_4370866956288062_2619732582523232092_n-150x150.jpg 150w, https:\/\/www.radiopiu.net\/wordpress\/wp-content\/uploads\/2020\/09\/120260924_4370866956288062_2619732582523232092_n-125x125.jpg 125w, https:\/\/www.radiopiu.net\/wordpress\/wp-content\/uploads\/2020\/09\/120260924_4370866956288062_2619732582523232092_n-200x200.jpg 200w, https:\/\/www.radiopiu.net\/wordpress\/wp-content\/uploads\/2020\/09\/120260924_4370866956288062_2619732582523232092_n-80x80.jpg 80w\" sizes=\"auto, (max-width: 150px) 100vw, 150px\" \/><\/a>\n\t\t\t\t<\/dt><\/dl><dl class='gallery-item'>\n\t\t\t\t<dt class='gallery-icon landscape'>\n\t\t\t\t\t<a class=\"rollover\" href='https:\/\/www.radiopiu.net\/wordpress\/se-desmonteghea-2020-i-video-della-seconda-giornata-pagina-in-aggiornamento\/120218686_459638821593265_3093245539842726266_n\/'><img loading=\"lazy\" decoding=\"async\" width=\"150\" height=\"150\" src=\"https:\/\/www.radiopiu.net\/wordpress\/wp-content\/uploads\/2020\/09\/120218686_459638821593265_3093245539842726266_n-150x150.jpg\" class=\"attachment-thumbnail size-thumbnail\" alt=\"\" srcset=\"https:\/\/www.radiopiu.net\/wordpress\/wp-content\/uploads\/2020\/09\/120218686_459638821593265_3093245539842726266_n-150x150.jpg 150w, https:\/\/www.radiopiu.net\/wordpress\/wp-content\/uploads\/2020\/09\/120218686_459638821593265_3093245539842726266_n-125x125.jpg 125w, https:\/\/www.radiopiu.net\/wordpress\/wp-content\/uploads\/2020\/09\/120218686_459638821593265_3093245539842726266_n-80x80.jpg 80w\" sizes=\"auto, (max-width: 150px) 100vw, 150px\" \/><\/a>\n\t\t\t\t<\/dt><\/dl><dl class='gallery-item'>\n\t\t\t\t<dt class='gallery-icon portrait'>\n\t\t\t\t\t<a class=\"rollover\" href='https:\/\/www.radiopiu.net\/wordpress\/se-desmonteghea-2020-i-video-della-seconda-giornata-pagina-in-aggiornamento\/116248086_1730842933733861_6448643483700547863_n-2\/'><img loading=\"lazy\" decoding=\"async\" width=\"150\" height=\"150\" src=\"https:\/\/www.radiopiu.net\/wordpress\/wp-content\/uploads\/2020\/09\/116248086_1730842933733861_6448643483700547863_n-150x150.png\" class=\"attachment-thumbnail size-thumbnail\" alt=\"\" srcset=\"https:\/\/www.radiopiu.net\/wordpress\/wp-content\/uploads\/2020\/09\/116248086_1730842933733861_6448643483700547863_n-150x150.png 150w, https:\/\/www.radiopiu.net\/wordpress\/wp-content\/uploads\/2020\/09\/116248086_1730842933733861_6448643483700547863_n-125x125.png 125w, https:\/\/www.radiopiu.net\/wordpress\/wp-content\/uploads\/2020\/09\/116248086_1730842933733861_6448643483700547863_n-200x200.png 200w, https:\/\/www.radiopiu.net\/wordpress\/wp-content\/uploads\/2020\/09\/116248086_1730842933733861_6448643483700547863_n-80x80.png 80w\" sizes=\"auto, (max-width: 150px) 100vw, 150px\" \/><\/a>\n\t\t\t\t<\/dt><\/dl><br style=\"clear: both\" \/><dl class='gallery-item'>\n\t\t\t\t<dt class='gallery-icon landscape'>\n\t\t\t\t\t<a class=\"rollover\" href='https:\/\/www.radiopiu.net\/wordpress\/se-desmonteghea-2020-i-video-della-seconda-giornata-pagina-in-aggiornamento\/120299279_354992422312415_3423652383329972349_n\/'><img loading=\"lazy\" decoding=\"async\" width=\"147\" height=\"137\" src=\"https:\/\/www.radiopiu.net\/wordpress\/wp-content\/uploads\/2020\/09\/120299279_354992422312415_3423652383329972349_n.jpg\" class=\"attachment-thumbnail size-thumbnail\" alt=\"\" \/><\/a>\n\t\t\t\t<\/dt><\/dl><dl class='gallery-item'>\n\t\t\t\t<dt class='gallery-icon portrait'>\n\t\t\t\t\t<a class=\"rollover\" href='https:\/\/www.radiopiu.net\/wordpress\/se-desmonteghea-2020-i-video-della-seconda-giornata-pagina-in-aggiornamento\/120244921_1007594729705909_7256371613164201748_n\/'><img loading=\"lazy\" decoding=\"async\" width=\"150\" height=\"150\" src=\"https:\/\/www.radiopiu.net\/wordpress\/wp-content\/uploads\/2020\/09\/120244921_1007594729705909_7256371613164201748_n-150x150.png\" class=\"attachment-thumbnail size-thumbnail\" alt=\"\" srcset=\"https:\/\/www.radiopiu.net\/wordpress\/wp-content\/uploads\/2020\/09\/120244921_1007594729705909_7256371613164201748_n-150x150.png 150w, https:\/\/www.radiopiu.net\/wordpress\/wp-content\/uploads\/2020\/09\/120244921_1007594729705909_7256371613164201748_n-125x125.png 125w, https:\/\/www.radiopiu.net\/wordpress\/wp-content\/uploads\/2020\/09\/120244921_1007594729705909_7256371613164201748_n-200x200.png 200w, https:\/\/www.radiopiu.net\/wordpress\/wp-content\/uploads\/2020\/09\/120244921_1007594729705909_7256371613164201748_n-80x80.png 80w\" sizes=\"auto, (max-width: 150px) 100vw, 150px\" \/><\/a>\n\t\t\t\t<\/dt><\/dl><dl class='gallery-item'>\n\t\t\t\t<dt class='gallery-icon landscape'>\n\t\t\t\t\t<a class=\"rollover\" href='https:\/\/www.radiopiu.net\/wordpress\/se-desmonteghea-2020-i-video-della-seconda-giornata-pagina-in-aggiornamento\/120283324_945012906020187_4453113506954564185_n\/'><img loading=\"lazy\" decoding=\"async\" width=\"87\" height=\"85\" src=\"https:\/\/www.radiopiu.net\/wordpress\/wp-content\/uploads\/2020\/09\/120283324_945012906020187_4453113506954564185_n.jpg\" class=\"attachment-thumbnail size-thumbnail\" alt=\"\" \/><\/a>\n\t\t\t\t<\/dt><\/dl><br style=\"clear: both\" \/>\n\t\t\t<\/div>\n\n<p>NELLE FOTO (sito chiesabellunofeltre): simboli della Scuola di formazione teologica bellunese; un interno del Seminario Gregoriano: il chiostro grande; alcuni dei relatori-docenti: don Francesco De Luca; mons. Attilio Zanderigo Jona; mons. Giovanni Unterberger; don Claudio Centa; don Graziano Dalla Caneva; mons. Elio Larese.<\/p>\n","protected":false},"excerpt":{"rendered":"<p>Chiudono marted\u00ec 29 settembre le iscrizioni (nella sede del Seminario Gregoriano, nella via San Pietro 19, di Belluno, telefono 0437-950008, su apposito modello e con versamento di 70 per diritti amministrativi) alla Scuola di formazione teologica bellunese &#8211; diretta da monsignor Attilio Zanderigo Jona coadiuvato in veste di vice da monsignor Giovanni Unterberger &#8211; che&hellip;<\/p>\n","protected":false},"author":4,"featured_media":162807,"comment_status":"closed","ping_status":"closed","sticky":false,"template":"","format":"standard","meta":{"_monsterinsights_skip_tracking":false,"_monsterinsights_sitenote_active":false,"_monsterinsights_sitenote_note":"","_monsterinsights_sitenote_category":0,"footnotes":""},"categories":[49],"tags":[],"class_list":["post-162816","post","type-post","status-publish","format-standard","has-post-thumbnail","hentry","category-news-18","category-49","description-off"],"img_url":"https:\/\/www.radiopiu.net\/wordpress\/wp-content\/uploads\/2020\/09\/120274571_2993301774109789_3926130548214147361_n.jpg","_links":{"self":[{"href":"https:\/\/www.radiopiu.net\/wordpress\/wp-json\/wp\/v2\/posts\/162816","targetHints":{"allow":["GET"]}}],"collection":[{"href":"https:\/\/www.radiopiu.net\/wordpress\/wp-json\/wp\/v2\/posts"}],"about":[{"href":"https:\/\/www.radiopiu.net\/wordpress\/wp-json\/wp\/v2\/types\/post"}],"author":[{"embeddable":true,"href":"https:\/\/www.radiopiu.net\/wordpress\/wp-json\/wp\/v2\/users\/4"}],"replies":[{"embeddable":true,"href":"https:\/\/www.radiopiu.net\/wordpress\/wp-json\/wp\/v2\/comments?post=162816"}],"version-history":[{"count":0,"href":"https:\/\/www.radiopiu.net\/wordpress\/wp-json\/wp\/v2\/posts\/162816\/revisions"}],"wp:featuredmedia":[{"embeddable":true,"href":"https:\/\/www.radiopiu.net\/wordpress\/wp-json\/wp\/v2\/media\/162807"}],"wp:attachment":[{"href":"https:\/\/www.radiopiu.net\/wordpress\/wp-json\/wp\/v2\/media?parent=162816"}],"wp:term":[{"taxonomy":"category","embeddable":true,"href":"https:\/\/www.radiopiu.net\/wordpress\/wp-json\/wp\/v2\/categories?post=162816"},{"taxonomy":"post_tag","embeddable":true,"href":"https:\/\/www.radiopiu.net\/wordpress\/wp-json\/wp\/v2\/tags?post=162816"}],"curies":[{"name":"wp","href":"https:\/\/api.w.org\/{rel}","templated":true}]}}