{"id":162830,"date":"2020-09-28T06:14:12","date_gmt":"2020-09-28T04:14:12","guid":{"rendered":"https:\/\/www.radiopiu.net\/wordpress\/?p=162830"},"modified":"2020-09-28T06:20:52","modified_gmt":"2020-09-28T04:20:52","slug":"precipita-per-200-metri-lungo-un-ghiaione","status":"publish","type":"post","link":"https:\/\/www.radiopiu.net\/wordpress\/precipita-per-200-metri-lungo-un-ghiaione\/","title":{"rendered":"INSEGNANTE DI MUSICA MUORE PRECIPITANDO PER 200 METRI LUNGO UN GHIAIONE"},"content":{"rendered":"<p><strong><a class=\"dt-pswp-item\" href=\"https:\/\/www.radiopiu.net\/wordpress\/wp-content\/uploads\/2020\/09\/salt_20200927_172251_707_resized.jpg\" data-dt-img-description=\"\" data-large_image_width=\"1182\" data-large_image_height=\"886\"><img loading=\"lazy\" decoding=\"async\" class=\"size-medium wp-image-162843 alignleft\" src=\"https:\/\/www.radiopiu.net\/wordpress\/wp-content\/uploads\/2020\/09\/salt_20200927_172251_707_resized-300x225.jpg\" alt=\"\" width=\"300\" height=\"225\" srcset=\"https:\/\/www.radiopiu.net\/wordpress\/wp-content\/uploads\/2020\/09\/salt_20200927_172251_707_resized-300x225.jpg 300w, https:\/\/www.radiopiu.net\/wordpress\/wp-content\/uploads\/2020\/09\/salt_20200927_172251_707_resized-1024x768.jpg 1024w, https:\/\/www.radiopiu.net\/wordpress\/wp-content\/uploads\/2020\/09\/salt_20200927_172251_707_resized-768x576.jpg 768w, https:\/\/www.radiopiu.net\/wordpress\/wp-content\/uploads\/2020\/09\/salt_20200927_172251_707_resized-640x480.jpg 640w, https:\/\/www.radiopiu.net\/wordpress\/wp-content\/uploads\/2020\/09\/salt_20200927_172251_707_resized.jpg 1182w\" sizes=\"auto, (max-width: 300px) 100vw, 300px\" \/><\/a>AVIANO Dramma tra le province di Pordenone e Belluno, muore un escursionista di Rovigo \u00a0Paolo Ambroso di 41 anni, era in compagnia di un amico che ha provato a rianimarlo allertando i soccorsi<\/strong><\/p>\n<p>Alle 14.15 circa la Centrale unica del Friuli ha allertato il 118 di Pieve di Cadore per un incidente accaduto sul ripido sentiero in cresta che scende dal Monte Cavallo verso Forcella della Val di Sughet, tra il Cavallo e il Cimon di Palantina, poich\u00e9 la nebbia non aveva permesso l&#8217;avvicinamento dell&#8217;elicottero dal versante <a class=\"dt-pswp-item\" href=\"https:\/\/www.radiopiu.net\/wordpress\/wp-content\/uploads\/2020\/09\/11855880_137180176620620_7643242098636996309_n.jpg\" data-dt-img-description=\"\" data-large_image_width=\"868\" data-large_image_height=\"960\"><img loading=\"lazy\" decoding=\"async\" class=\"size-medium wp-image-162893 alignright\" src=\"https:\/\/www.radiopiu.net\/wordpress\/wp-content\/uploads\/2020\/09\/11855880_137180176620620_7643242098636996309_n-271x300.jpg\" alt=\"\" width=\"271\" height=\"300\" srcset=\"https:\/\/www.radiopiu.net\/wordpress\/wp-content\/uploads\/2020\/09\/11855880_137180176620620_7643242098636996309_n-271x300.jpg 271w, https:\/\/www.radiopiu.net\/wordpress\/wp-content\/uploads\/2020\/09\/11855880_137180176620620_7643242098636996309_n-768x849.jpg 768w, https:\/\/www.radiopiu.net\/wordpress\/wp-content\/uploads\/2020\/09\/11855880_137180176620620_7643242098636996309_n-434x480.jpg 434w, https:\/\/www.radiopiu.net\/wordpress\/wp-content\/uploads\/2020\/09\/11855880_137180176620620_7643242098636996309_n.jpg 868w\" sizes=\"auto, (max-width: 271px) 100vw, 271px\" \/><\/a>di Aviano e una squadra del Soccorso alpino di Pordenone stava risalendo a piedi. Un escursionista aveva infatti chiamato dopo che l&#8217;amico\u00a0 era scivolato e ruzzolato in un ghiaione per 200 metri e lui lo aveva raggiunto cecando di rianimarlo. L&#8217;eliambulanza del Suem di Pieve di Cadore, dopo aver imbarcato un soccorritore dell&#8217;Alpago in supporto alle operazioni, \u00e8 riuscita\u00a0 portalo sul in quota con\u00a0 il tecnico di elisoccorso e l&#8217;equipe medica al limite della nebbia, a circa 200 metri dal punto in cui si trovava il corpo esanime dell&#8217;uomo. Una volta da lui, purtroppo \u00e8 stato solamente possibile constatarne il decesso. In una seconda rotazione, l&#8217;amico \u00e8 stato accompagnato a Col Indes, dove \u00e8 stato fatto salire un secondo soccorritore dell&#8217;Alpago. Ottenuto il nulla osta dalla magistratura per la rimozione, la salma imbarellata e stata recuperata con un verricello di pochi metri e trasferita a Piancavallo.<\/p>\n<h3><a class=\"dt-pswp-item\" href=\"https:\/\/www.radiopiu.net\/wordpress\/wp-content\/uploads\/2020\/09\/banner-montagna-radio-1.jpg\" data-dt-img-description=\"\" data-large_image_width=\"1200\" data-large_image_height=\"300\"><img loading=\"lazy\" decoding=\"async\" class=\"wp-image-162835 aligncenter\" src=\"https:\/\/www.radiopiu.net\/wordpress\/wp-content\/uploads\/2020\/09\/banner-montagna-radio-1-300x75.jpg\" alt=\"\" width=\"411\" height=\"103\" srcset=\"https:\/\/www.radiopiu.net\/wordpress\/wp-content\/uploads\/2020\/09\/banner-montagna-radio-1-300x75.jpg 300w, https:\/\/www.radiopiu.net\/wordpress\/wp-content\/uploads\/2020\/09\/banner-montagna-radio-1-1024x256.jpg 1024w, https:\/\/www.radiopiu.net\/wordpress\/wp-content\/uploads\/2020\/09\/banner-montagna-radio-1-768x192.jpg 768w, https:\/\/www.radiopiu.net\/wordpress\/wp-content\/uploads\/2020\/09\/banner-montagna-radio-1-640x160.jpg 640w, https:\/\/www.radiopiu.net\/wordpress\/wp-content\/uploads\/2020\/09\/banner-montagna-radio-1.jpg 1200w\" sizes=\"auto, (max-width: 411px) 100vw, 411px\" \/><\/a><\/h3>\n<p>&nbsp;<\/p>\n<blockquote>\n<h3>DISTORSIONE ALLA CAVIGLIA PER UNA DONNA VICENTINA<\/h3>\n<\/blockquote>\n<p><strong>CORTINA<\/strong> Una squadra del Soccorso alpino di Cortina \u00e8\u00a0 intervenuta al Rifugio Scoiattoli, nelle cui vicinanze una donna di Malo (VI), di 65 anni, ha riportato un sospetto trauma alla caviglia. Caricata sul fuoristrada, l&#8217;infortunata \u00e8 stata trasportata fino alla sua macchina con cui si \u00e8 allontanata autonomamente.<\/p>\n<p>&nbsp;<\/p>\n","protected":false},"excerpt":{"rendered":"<p>AVIANO Dramma tra le province di Pordenone e Belluno, muore un escursionista di Rovigo \u00a0Paolo Ambroso di 41 anni, era in compagnia di un amico che ha provato a rianimarlo allertando i soccorsi Alle 14.15 circa la Centrale unica del Friuli ha allertato il 118 di Pieve di Cadore per un incidente accaduto sul ripido&hellip;<\/p>\n","protected":false},"author":4,"featured_media":162893,"comment_status":"closed","ping_status":"closed","sticky":false,"template":"","format":"standard","meta":{"_monsterinsights_skip_tracking":false,"_monsterinsights_sitenote_active":false,"_monsterinsights_sitenote_note":"","_monsterinsights_sitenote_category":0,"footnotes":""},"categories":[51,104,49],"tags":[],"class_list":["post-162830","post","type-post","status-publish","format-standard","has-post-thumbnail","hentry","category-evidenza-top","category-evidenza_3","category-news-18","category-51","category-104","category-49","description-off"],"img_url":"https:\/\/www.radiopiu.net\/wordpress\/wp-content\/uploads\/2020\/09\/11855880_137180176620620_7643242098636996309_n.jpg","_links":{"self":[{"href":"https:\/\/www.radiopiu.net\/wordpress\/wp-json\/wp\/v2\/posts\/162830","targetHints":{"allow":["GET"]}}],"collection":[{"href":"https:\/\/www.radiopiu.net\/wordpress\/wp-json\/wp\/v2\/posts"}],"about":[{"href":"https:\/\/www.radiopiu.net\/wordpress\/wp-json\/wp\/v2\/types\/post"}],"author":[{"embeddable":true,"href":"https:\/\/www.radiopiu.net\/wordpress\/wp-json\/wp\/v2\/users\/4"}],"replies":[{"embeddable":true,"href":"https:\/\/www.radiopiu.net\/wordpress\/wp-json\/wp\/v2\/comments?post=162830"}],"version-history":[{"count":0,"href":"https:\/\/www.radiopiu.net\/wordpress\/wp-json\/wp\/v2\/posts\/162830\/revisions"}],"wp:featuredmedia":[{"embeddable":true,"href":"https:\/\/www.radiopiu.net\/wordpress\/wp-json\/wp\/v2\/media\/162893"}],"wp:attachment":[{"href":"https:\/\/www.radiopiu.net\/wordpress\/wp-json\/wp\/v2\/media?parent=162830"}],"wp:term":[{"taxonomy":"category","embeddable":true,"href":"https:\/\/www.radiopiu.net\/wordpress\/wp-json\/wp\/v2\/categories?post=162830"},{"taxonomy":"post_tag","embeddable":true,"href":"https:\/\/www.radiopiu.net\/wordpress\/wp-json\/wp\/v2\/tags?post=162830"}],"curies":[{"name":"wp","href":"https:\/\/api.w.org\/{rel}","templated":true}]}}