{"id":162842,"date":"2020-09-27T18:03:28","date_gmt":"2020-09-27T16:03:28","guid":{"rendered":"https:\/\/www.radiopiu.net\/wordpress\/?p=162842"},"modified":"2020-09-27T18:11:12","modified_gmt":"2020-09-27T16:11:12","slug":"daniel-antonioli-ed-elisa-desco-in-trionfo-sul-nevegal","status":"publish","type":"post","link":"https:\/\/www.radiopiu.net\/wordpress\/daniel-antonioli-ed-elisa-desco-in-trionfo-sul-nevegal\/","title":{"rendered":"DANIEL ANTONIOLI ED ELISA DESCO IN TRIONFO  SUL NEVEGAL"},"content":{"rendered":"<h3><a class=\"dt-pswp-item\" href=\"https:\/\/www.radiopiu.net\/wordpress\/wp-content\/uploads\/2020\/09\/banner-montagna-radio-1.jpg\" data-dt-img-description=\"\" data-large_image_width=\"1200\" data-large_image_height=\"300\"><img loading=\"lazy\" decoding=\"async\" class=\"wp-image-162835 aligncenter\" src=\"https:\/\/www.radiopiu.net\/wordpress\/wp-content\/uploads\/2020\/09\/banner-montagna-radio-1-300x75.jpg\" alt=\"\" width=\"411\" height=\"103\" srcset=\"https:\/\/www.radiopiu.net\/wordpress\/wp-content\/uploads\/2020\/09\/banner-montagna-radio-1-300x75.jpg 300w, https:\/\/www.radiopiu.net\/wordpress\/wp-content\/uploads\/2020\/09\/banner-montagna-radio-1-1024x256.jpg 1024w, https:\/\/www.radiopiu.net\/wordpress\/wp-content\/uploads\/2020\/09\/banner-montagna-radio-1-768x192.jpg 768w, https:\/\/www.radiopiu.net\/wordpress\/wp-content\/uploads\/2020\/09\/banner-montagna-radio-1-640x160.jpg 640w, https:\/\/www.radiopiu.net\/wordpress\/wp-content\/uploads\/2020\/09\/banner-montagna-radio-1.jpg 1200w\" sizes=\"auto, (max-width: 411px) 100vw, 411px\" \/><\/a><\/h3>\n<h3><em><a class=\"dt-pswp-item\" href=\"https:\/\/www.radiopiu.net\/wordpress\/wp-content\/uploads\/2020\/09\/04_TraildelNevegal_partenza.jpg\" data-dt-img-description=\"\" data-large_image_width=\"2000\" data-large_image_height=\"1334\"><img loading=\"lazy\" decoding=\"async\" class=\"size-medium wp-image-162848 alignright\" src=\"https:\/\/www.radiopiu.net\/wordpress\/wp-content\/uploads\/2020\/09\/04_TraildelNevegal_partenza-300x200.jpg\" alt=\"\" width=\"300\" height=\"200\" srcset=\"https:\/\/www.radiopiu.net\/wordpress\/wp-content\/uploads\/2020\/09\/04_TraildelNevegal_partenza-300x200.jpg 300w, https:\/\/www.radiopiu.net\/wordpress\/wp-content\/uploads\/2020\/09\/04_TraildelNevegal_partenza-1024x683.jpg 1024w, https:\/\/www.radiopiu.net\/wordpress\/wp-content\/uploads\/2020\/09\/04_TraildelNevegal_partenza-768x512.jpg 768w, https:\/\/www.radiopiu.net\/wordpress\/wp-content\/uploads\/2020\/09\/04_TraildelNevegal_partenza-1536x1025.jpg 1536w, https:\/\/www.radiopiu.net\/wordpress\/wp-content\/uploads\/2020\/09\/04_TraildelNevegal_partenza-640x427.jpg 640w, https:\/\/www.radiopiu.net\/wordpress\/wp-content\/uploads\/2020\/09\/04_TraildelNevegal_partenza.jpg 2000w\" sizes=\"auto, (max-width: 300px) 100vw, 300px\" \/><\/a><\/em><\/h3>\n<p><strong>BELLUNO<\/strong> Il Trail del Nevegal\u00a0 ha iscritto\u00a0 330 concorrenti. Come in tutte le precedenti edizioni non sono mancate le battaglie nelle ripide salite del trail, tra le quali il muro della Grava, dove fin da subito Daniel Antonioli (C.S. Esercito &#8211; La Sportiva) ha fatto prevalere la propria forza e tecnica. 1 ora 55 minuti 21 secondi \u00e8 il tempo record fermato nel cronometro della 21 km da\u00a0 Antonioli. A completamento del podio Luca Del Pero (1:56:11) del Team Scarpa e Eddj Nani (1:56:56) dell\u2019Alpago Tornado Run. Tra ke donne\u00a0 della 21K la pi\u00f9 veloce \u00e8 stata l\u2019atleta Team Scarpa Elisa Desco con il tempo di 2 ore 13 minuti 24 secondi. Al seguito Giulia Pol (2:33:02) dell\u2019Atletica Trichiana e Sara Mazzucco (2:34:36) dell\u2019Atletica Dolomiti Belluno Team Scarpa). Nel percorso corto da 8 km il pi\u00f9 veloce \u00e8 stato Enrico Bonati\u00a0 del Team Mud and Snow che ha preceduto di pochi secondi Roberto Fregona dell\u2019Alpago Tornado Run e Andrea Pozzer. Nella classifica femminile il gradino pi\u00f9 alto \u00e8 andato a Kristel Mottin\u00a0 del Faizan\u00e8 Runners Team che ha preceduto le rivali Sabrina Viel\u00a0 del G.S. Quantin Alpenplus e Silvia Sangalli.<\/p>\n<blockquote>\n<h3><em><a class=\"dt-pswp-item\" href=\"https:\/\/www.radiopiu.net\/wordpress\/wp-content\/uploads\/2020\/09\/10_TraildelNevegal_Antonioli-muro-della-Grava.jpg\" data-dt-img-description=\"\" data-large_image_width=\"2000\" data-large_image_height=\"1334\"><img loading=\"lazy\" decoding=\"async\" class=\" wp-image-162849 alignleft\" src=\"https:\/\/www.radiopiu.net\/wordpress\/wp-content\/uploads\/2020\/09\/10_TraildelNevegal_Antonioli-muro-della-Grava-300x200.jpg\" alt=\"\" width=\"251\" height=\"167\" srcset=\"https:\/\/www.radiopiu.net\/wordpress\/wp-content\/uploads\/2020\/09\/10_TraildelNevegal_Antonioli-muro-della-Grava-300x200.jpg 300w, https:\/\/www.radiopiu.net\/wordpress\/wp-content\/uploads\/2020\/09\/10_TraildelNevegal_Antonioli-muro-della-Grava-1024x683.jpg 1024w, https:\/\/www.radiopiu.net\/wordpress\/wp-content\/uploads\/2020\/09\/10_TraildelNevegal_Antonioli-muro-della-Grava-768x512.jpg 768w, https:\/\/www.radiopiu.net\/wordpress\/wp-content\/uploads\/2020\/09\/10_TraildelNevegal_Antonioli-muro-della-Grava-1536x1025.jpg 1536w, https:\/\/www.radiopiu.net\/wordpress\/wp-content\/uploads\/2020\/09\/10_TraildelNevegal_Antonioli-muro-della-Grava-640x427.jpg 640w, https:\/\/www.radiopiu.net\/wordpress\/wp-content\/uploads\/2020\/09\/10_TraildelNevegal_Antonioli-muro-della-Grava.jpg 2000w\" sizes=\"auto, (max-width: 251px) 100vw, 251px\" \/><\/a>Daniel Antonioli: \u00abUna bellissima gara con un percorso alla portata di tutti. Quest\u2019anno ho preferito partecipare a gare italiane e sono stato contento di esserci al Trail del Nevegal, perch\u00e9 ne ho sentito parlare molto bene! Devo dire che le voci hanno rispecchiato la realt\u00e0. Il livello era molto alto. Fortunatamente ne avevo di pi\u00f9 in salita e nelle disceso ho stretto i denti per mantenere la posizione. E\u2019 stata una gara bellissima, complimenti agli organizzatori\u00bb. <\/em>LE CLASSIFICHE <span style=\"color: #0000ff;\"><a style=\"color: #0000ff;\" href=\"https:\/\/www.dtiming.it\/classifiche\/G-Live\/g-live.html?f=..\/tdn\/tdn.clax\">CLICCA QUI\u00a0<\/a><\/span><\/h3>\n<\/blockquote>\n<p>&nbsp;<\/p>\n","protected":false},"excerpt":{"rendered":"<p>BELLUNO Il Trail del Nevegal\u00a0 ha iscritto\u00a0 330 concorrenti. Come in tutte le precedenti edizioni non sono mancate le battaglie nelle ripide salite del trail, tra le quali il muro della Grava, dove fin da subito Daniel Antonioli (C.S. Esercito &#8211; La Sportiva) ha fatto prevalere la propria forza e tecnica. 1 ora 55 minuti&hellip;<\/p>\n","protected":false},"author":4,"featured_media":162848,"comment_status":"closed","ping_status":"closed","sticky":false,"template":"","format":"standard","meta":{"_monsterinsights_skip_tracking":false,"_monsterinsights_sitenote_active":false,"_monsterinsights_sitenote_note":"","_monsterinsights_sitenote_category":0,"footnotes":""},"categories":[49,72],"tags":[],"class_list":["post-162842","post","type-post","status-publish","format-standard","has-post-thumbnail","hentry","category-news-18","category-sport","category-49","category-72","description-off"],"img_url":"https:\/\/www.radiopiu.net\/wordpress\/wp-content\/uploads\/2020\/09\/04_TraildelNevegal_partenza.jpg","_links":{"self":[{"href":"https:\/\/www.radiopiu.net\/wordpress\/wp-json\/wp\/v2\/posts\/162842","targetHints":{"allow":["GET"]}}],"collection":[{"href":"https:\/\/www.radiopiu.net\/wordpress\/wp-json\/wp\/v2\/posts"}],"about":[{"href":"https:\/\/www.radiopiu.net\/wordpress\/wp-json\/wp\/v2\/types\/post"}],"author":[{"embeddable":true,"href":"https:\/\/www.radiopiu.net\/wordpress\/wp-json\/wp\/v2\/users\/4"}],"replies":[{"embeddable":true,"href":"https:\/\/www.radiopiu.net\/wordpress\/wp-json\/wp\/v2\/comments?post=162842"}],"version-history":[{"count":0,"href":"https:\/\/www.radiopiu.net\/wordpress\/wp-json\/wp\/v2\/posts\/162842\/revisions"}],"wp:featuredmedia":[{"embeddable":true,"href":"https:\/\/www.radiopiu.net\/wordpress\/wp-json\/wp\/v2\/media\/162848"}],"wp:attachment":[{"href":"https:\/\/www.radiopiu.net\/wordpress\/wp-json\/wp\/v2\/media?parent=162842"}],"wp:term":[{"taxonomy":"category","embeddable":true,"href":"https:\/\/www.radiopiu.net\/wordpress\/wp-json\/wp\/v2\/categories?post=162842"},{"taxonomy":"post_tag","embeddable":true,"href":"https:\/\/www.radiopiu.net\/wordpress\/wp-json\/wp\/v2\/tags?post=162842"}],"curies":[{"name":"wp","href":"https:\/\/api.w.org\/{rel}","templated":true}]}}