{"id":162865,"date":"2020-09-28T06:18:35","date_gmt":"2020-09-28T04:18:35","guid":{"rendered":"https:\/\/www.radiopiu.net\/wordpress\/?p=162865"},"modified":"2020-09-28T06:19:33","modified_gmt":"2020-09-28T04:19:33","slug":"18-positivi-in-un-giorno-a-belluno-anche-un-operatore-socio-sanitario","status":"publish","type":"post","link":"https:\/\/www.radiopiu.net\/wordpress\/18-positivi-in-un-giorno-a-belluno-anche-un-operatore-socio-sanitario\/","title":{"rendered":"18 POSITIVI IN UN GIORNO A BELLUNO ANCHE UN OPERATORE SOCIO SANITARIO DELLA GAGGIA LANTE, STRUTTURA APERTA E VISITE NON SOSPESE"},"content":{"rendered":"<p>&nbsp;<\/p>\n<blockquote>\n<h3>OGGI 377 TAMPONI IN COMELICO, 92 SU BAMBINI E DA DOMANI PER DUE ORE A GIORNI ALTERNI TAMPONI A CAPRILE.<\/h3>\n<\/blockquote>\n\n\t\t\t<style type='text\/css'>\n\t\t\t\t#gallery-1 {\n\t\t\t\t\tmargin: auto;\n\t\t\t\t}\n\t\t\t\t#gallery-1 .gallery-item {\n\t\t\t\t\tfloat: left;\n\t\t\t\t\tmargin-top: 10px;\n\t\t\t\t\ttext-align: center;\n\t\t\t\t\twidth: 33%;\n\t\t\t\t}\n\t\t\t\t#gallery-1 img {\n\t\t\t\t\tborder: 2px solid #cfcfcf;\n\t\t\t\t}\n\t\t\t\t#gallery-1 .gallery-caption {\n\t\t\t\t\tmargin-left: 0;\n\t\t\t\t}\n\t\t\t\t\/* see gallery_shortcode() in wp-includes\/media.php *\/\n\t\t\t<\/style>\n\t\t<div id='gallery-1' class='dt-gallery-container gallery galleryid-162865 gallery-columns-3 gallery-size-thumbnail'><dl class='gallery-item'>\n\t\t\t\t<dt class='gallery-icon portrait'>\n\t\t\t\t\t<a class=\"rollover rollover-zoom dt-pswp-item\" title=\"f9855d33-8e23-4e88-be8d-5363a89a02dc\" data-dt-img-description=\"\" data-large_image_width=\"1200\" data-large_image_height=\"1600\"href='https:\/\/www.radiopiu.net\/wordpress\/wp-content\/uploads\/2020\/09\/f9855d33-8e23-4e88-be8d-5363a89a02dc.jpg'><img loading=\"lazy\" decoding=\"async\" width=\"150\" height=\"150\" src=\"https:\/\/www.radiopiu.net\/wordpress\/wp-content\/uploads\/2020\/09\/f9855d33-8e23-4e88-be8d-5363a89a02dc-150x150.jpg\" class=\"attachment-thumbnail size-thumbnail\" alt=\"\" srcset=\"https:\/\/www.radiopiu.net\/wordpress\/wp-content\/uploads\/2020\/09\/f9855d33-8e23-4e88-be8d-5363a89a02dc-150x150.jpg 150w, https:\/\/www.radiopiu.net\/wordpress\/wp-content\/uploads\/2020\/09\/f9855d33-8e23-4e88-be8d-5363a89a02dc-125x125.jpg 125w, https:\/\/www.radiopiu.net\/wordpress\/wp-content\/uploads\/2020\/09\/f9855d33-8e23-4e88-be8d-5363a89a02dc-200x200.jpg 200w, https:\/\/www.radiopiu.net\/wordpress\/wp-content\/uploads\/2020\/09\/f9855d33-8e23-4e88-be8d-5363a89a02dc-80x80.jpg 80w\" sizes=\"auto, (max-width: 150px) 100vw, 150px\" \/><\/a>\n\t\t\t\t<\/dt><\/dl><dl class='gallery-item'>\n\t\t\t\t<dt class='gallery-icon landscape'>\n\t\t\t\t\t<a class=\"rollover rollover-zoom dt-pswp-item\" title=\"8a9d9162-f787-4fef-98a3-3ebe4d1a9ef9\" data-dt-img-description=\"\" data-large_image_width=\"1600\" data-large_image_height=\"1200\"href='https:\/\/www.radiopiu.net\/wordpress\/wp-content\/uploads\/2020\/09\/8a9d9162-f787-4fef-98a3-3ebe4d1a9ef9.jpg'><img loading=\"lazy\" decoding=\"async\" width=\"150\" height=\"150\" src=\"https:\/\/www.radiopiu.net\/wordpress\/wp-content\/uploads\/2020\/09\/8a9d9162-f787-4fef-98a3-3ebe4d1a9ef9-150x150.jpg\" class=\"attachment-thumbnail size-thumbnail\" alt=\"\" srcset=\"https:\/\/www.radiopiu.net\/wordpress\/wp-content\/uploads\/2020\/09\/8a9d9162-f787-4fef-98a3-3ebe4d1a9ef9-150x150.jpg 150w, https:\/\/www.radiopiu.net\/wordpress\/wp-content\/uploads\/2020\/09\/8a9d9162-f787-4fef-98a3-3ebe4d1a9ef9-125x125.jpg 125w, https:\/\/www.radiopiu.net\/wordpress\/wp-content\/uploads\/2020\/09\/8a9d9162-f787-4fef-98a3-3ebe4d1a9ef9-200x200.jpg 200w, https:\/\/www.radiopiu.net\/wordpress\/wp-content\/uploads\/2020\/09\/8a9d9162-f787-4fef-98a3-3ebe4d1a9ef9-80x80.jpg 80w\" sizes=\"auto, (max-width: 150px) 100vw, 150px\" \/><\/a>\n\t\t\t\t<\/dt><\/dl><dl class='gallery-item'>\n\t\t\t\t<dt class='gallery-icon portrait'>\n\t\t\t\t\t<a class=\"rollover rollover-zoom dt-pswp-item\" title=\"52e6896b-4b86-464b-aa00-15c60673058c\" data-dt-img-description=\"\" data-large_image_width=\"1200\" data-large_image_height=\"1600\"href='https:\/\/www.radiopiu.net\/wordpress\/wp-content\/uploads\/2020\/09\/52e6896b-4b86-464b-aa00-15c60673058c.jpg'><img loading=\"lazy\" decoding=\"async\" width=\"150\" height=\"150\" src=\"https:\/\/www.radiopiu.net\/wordpress\/wp-content\/uploads\/2020\/09\/52e6896b-4b86-464b-aa00-15c60673058c-150x150.jpg\" class=\"attachment-thumbnail size-thumbnail\" alt=\"\" srcset=\"https:\/\/www.radiopiu.net\/wordpress\/wp-content\/uploads\/2020\/09\/52e6896b-4b86-464b-aa00-15c60673058c-150x150.jpg 150w, https:\/\/www.radiopiu.net\/wordpress\/wp-content\/uploads\/2020\/09\/52e6896b-4b86-464b-aa00-15c60673058c-125x125.jpg 125w, https:\/\/www.radiopiu.net\/wordpress\/wp-content\/uploads\/2020\/09\/52e6896b-4b86-464b-aa00-15c60673058c-200x200.jpg 200w, https:\/\/www.radiopiu.net\/wordpress\/wp-content\/uploads\/2020\/09\/52e6896b-4b86-464b-aa00-15c60673058c-80x80.jpg 80w\" sizes=\"auto, (max-width: 150px) 100vw, 150px\" \/><\/a>\n\t\t\t\t<\/dt><\/dl><br style=\"clear: both\" \/>\n\t\t\t<\/div>\n\n<p><strong>BELLUNO Ancora un&#8217;intensa giornata per tecnici, sanitari, operatori della Ulss1 Dolomiti. Non solo il riscontro di 18 nuove positivit\u00e0 che fanno alzare il livello di guardia anche oggi, non solo una classe in quarantena a San Vito di Cadore con 22 bambini soggetti a tampone, <span lang=\"it-IT\">2 insegnanti e 1 operatore scolastico, <\/span><\/strong><strong>ma anche la laboriosa indagine epidemiologica per il focolaio si Santo Stefano e San Pietro che conta 41 positivi.<\/strong><\/p>\n<p><strong>I NUOVI CASI:<\/strong> <span lang=\"it-IT\">due soggetti contatti di caso di focolaio familiare-lavorativo noto<\/span>; <span lang=\"it-IT\">nove<\/span> soggetti, contatto di caso afferenti al focolaio che interessa i Comuni di San Pietro e Santo Stefano di Cadore<span lang=\"it-IT\">; <\/span>quattro soggetti gi\u00e0 in isolamento in quanto sintomatici; <strong>un operatore socio sanitario di una casa di riposo del Bellunese; <\/strong>un anziano del Comelico ricoverato a Malattie Infettive a Belluno. un\u2019anziana diagnosticata al Pronto Soccorso di Feltre, in seguito ricoverata a Malattie Infettive a Belluno.<\/p>\n<p align=\"JUSTIFY\"><strong>FOCOLAIO SANTO STEFANO E SAN PIETRO<\/strong> <span lang=\"it-IT\">Si \u00e8 svolta oggi a Santo Stefano di Cadore <\/span><span style=\"font-size: medium;\">un<\/span><span style=\"font-size: medium;\"><span lang=\"en-US\">\u2019<\/span><\/span><span style=\"font-size: medium;\">indagine <\/span><span style=\"font-size: medium;\"><span lang=\"en-US\">epidemiologica <\/span><\/span><span style=\"font-size: medium;\">con tamponi<\/span><span style=\"font-size: medium;\"><span lang=\"en-US\">, a scopo conoscitivo,<\/span><\/span> <span style=\"font-size: medium;\"> su soggetti <\/span><span style=\"font-size: medium;\"><span lang=\"en-US\">non isolati<\/span><\/span><span style=\"font-size: medium;\"> e non in quarantena<\/span><span style=\"font-size: medium;\"> (quindi non contatti stretti dei positivi) appartenenti alle 7 classi di nascita pi\u00f9 rappresentate nella casistica relativa ai due contesti comunali<\/span><span style=\"font-size: medium;\"><span lang=\"en-US\"> di Santo Stefano e San Pietro di Cadore<\/span><\/span> <span style=\"font-size: medium;\">(dal 1950 al 1954 a S. Pietro di Cadore; 1972-1973 in entrambi i comuni),<\/span><span style=\"font-size: medium;\"> in base all\u2019 analisi epidemiologica dei casi.<\/span><span style=\"font-size: medium;\"><span lang=\"en-US\"> Inoltre, sono stati invitati ad eseguire il tampone i bambini di scuola elementare e di scuola materna non ancora quarantenati e tamponati. <\/span><\/span><span style=\"font-size: medium;\"><span lang=\"en-US\">Il \u201cteam tamponi\u201d del Dipartimento di Prevenzione, sul posto con una unit\u00e0 mobile, ha eseguito <\/span><\/span><span style=\"font-size: medium;\"><span lang=\"en-US\"><b>377<\/b><\/span><\/span><span style=\"font-size: medium;\"><span lang=\"en-US\"> tamponi, di cui 93 bambini, registrando complessivamente una buona adesione. <\/span><\/span><span style=\"font-size: medium;\"><span lang=\"en-US\">Nella giornata di domani 28 settembre, in relazione all\u2019andamento del focolaio e agli esiti dei tamponi saranno valutate eventuali ulteriori azioni a tutela della salute pubblica.<\/span><\/span><\/p>\n<p align=\"JUSTIFY\"><strong>TAMPONI PER LA SCUOLA\u00a0<\/strong> <span lang=\"it-IT\">Ridotto, nella giornata odierna, l\u2019afflusso<\/span> ai tamponi drive-in dei soggetti sintomatici frequentanti la scuola. Complessivamente sono stati eseguiti<span lang=\"it-IT\">, in modo regolare ed ordinato, 95<\/span> tamponi a Belluno e <span lang=\"it-IT\">32<\/span> Feltre, per un totale di <span lang=\"it-IT\">138<\/span> tamponi. Da <b>DOMANI<\/b> opereranno per i tamponi per bambini, ragazzi e adulti frequentanti la scuola anche i drive-in di Caprile e Tai di Cadore: <span style=\"font-size: medium;\">CAPRILE luned\u00ec, mercoled\u00ec, venerd\u00ec \u2013 dalle 17.00 alle 19.00 <\/span><span style=\"font-size: medium;\">TAI marted\u00ec, gioved\u00ec, sabato \u2013 dalle 17.00 alle 19.00<\/span><\/p>\n<p>&nbsp;<\/p>\n<h3><a class=\"dt-pswp-item\" href=\"https:\/\/www.radiopiu.net\/wordpress\/wp-content\/uploads\/2020\/09\/banner-montagna-radio-1.jpg\" data-dt-img-description=\"\" data-large_image_width=\"1200\" data-large_image_height=\"300\"><img loading=\"lazy\" decoding=\"async\" class=\"wp-image-162835 aligncenter\" src=\"https:\/\/www.radiopiu.net\/wordpress\/wp-content\/uploads\/2020\/09\/banner-montagna-radio-1-300x75.jpg\" alt=\"\" width=\"411\" height=\"103\" srcset=\"https:\/\/www.radiopiu.net\/wordpress\/wp-content\/uploads\/2020\/09\/banner-montagna-radio-1-300x75.jpg 300w, https:\/\/www.radiopiu.net\/wordpress\/wp-content\/uploads\/2020\/09\/banner-montagna-radio-1-1024x256.jpg 1024w, https:\/\/www.radiopiu.net\/wordpress\/wp-content\/uploads\/2020\/09\/banner-montagna-radio-1-768x192.jpg 768w, https:\/\/www.radiopiu.net\/wordpress\/wp-content\/uploads\/2020\/09\/banner-montagna-radio-1-640x160.jpg 640w, https:\/\/www.radiopiu.net\/wordpress\/wp-content\/uploads\/2020\/09\/banner-montagna-radio-1.jpg 1200w\" sizes=\"auto, (max-width: 411px) 100vw, 411px\" \/><\/a><\/h3>\n","protected":false},"excerpt":{"rendered":"<p>&nbsp; OGGI 377 TAMPONI IN COMELICO, 92 SU BAMBINI E DA DOMANI PER DUE ORE A GIORNI ALTERNI TAMPONI A CAPRILE. BELLUNO Ancora un&#8217;intensa giornata per tecnici, sanitari, operatori della Ulss1 Dolomiti. Non solo il riscontro di 18 nuove positivit\u00e0 che fanno alzare il livello di guardia anche oggi, non solo una classe in quarantena&hellip;<\/p>\n","protected":false},"author":4,"featured_media":162868,"comment_status":"closed","ping_status":"closed","sticky":false,"template":"","format":"standard","meta":{"_monsterinsights_skip_tracking":false,"_monsterinsights_sitenote_active":false,"_monsterinsights_sitenote_note":"","_monsterinsights_sitenote_category":0,"footnotes":""},"categories":[51,49],"tags":[],"class_list":["post-162865","post","type-post","status-publish","format-standard","has-post-thumbnail","hentry","category-evidenza-top","category-news-18","category-51","category-49","description-off"],"img_url":"https:\/\/www.radiopiu.net\/wordpress\/wp-content\/uploads\/2020\/09\/52e6896b-4b86-464b-aa00-15c60673058c.jpg","_links":{"self":[{"href":"https:\/\/www.radiopiu.net\/wordpress\/wp-json\/wp\/v2\/posts\/162865","targetHints":{"allow":["GET"]}}],"collection":[{"href":"https:\/\/www.radiopiu.net\/wordpress\/wp-json\/wp\/v2\/posts"}],"about":[{"href":"https:\/\/www.radiopiu.net\/wordpress\/wp-json\/wp\/v2\/types\/post"}],"author":[{"embeddable":true,"href":"https:\/\/www.radiopiu.net\/wordpress\/wp-json\/wp\/v2\/users\/4"}],"replies":[{"embeddable":true,"href":"https:\/\/www.radiopiu.net\/wordpress\/wp-json\/wp\/v2\/comments?post=162865"}],"version-history":[{"count":0,"href":"https:\/\/www.radiopiu.net\/wordpress\/wp-json\/wp\/v2\/posts\/162865\/revisions"}],"wp:featuredmedia":[{"embeddable":true,"href":"https:\/\/www.radiopiu.net\/wordpress\/wp-json\/wp\/v2\/media\/162868"}],"wp:attachment":[{"href":"https:\/\/www.radiopiu.net\/wordpress\/wp-json\/wp\/v2\/media?parent=162865"}],"wp:term":[{"taxonomy":"category","embeddable":true,"href":"https:\/\/www.radiopiu.net\/wordpress\/wp-json\/wp\/v2\/categories?post=162865"},{"taxonomy":"post_tag","embeddable":true,"href":"https:\/\/www.radiopiu.net\/wordpress\/wp-json\/wp\/v2\/tags?post=162865"}],"curies":[{"name":"wp","href":"https:\/\/api.w.org\/{rel}","templated":true}]}}