{"id":162912,"date":"2020-09-28T08:00:46","date_gmt":"2020-09-28T06:00:46","guid":{"rendered":"https:\/\/www.radiopiu.net\/wordpress\/?p=162912"},"modified":"2020-09-28T08:00:46","modified_gmt":"2020-09-28T06:00:46","slug":"cercasi-gattina-dagli-occhi-azzurri","status":"publish","type":"post","link":"https:\/\/www.radiopiu.net\/wordpress\/cercasi-gattina-dagli-occhi-azzurri\/","title":{"rendered":"CERCASI GATTINA DAGLI OCCHI AZZURRI"},"content":{"rendered":"<blockquote><p><em>&#8220;Venerd\u00ec pomeriggio 25 settembre \u00e8 scomparsa la mia gatta STELLINA in zona Pragrande AGORDO a fianco Hotel Villa Imperina. \u00c8 di taglia grande beige chiaro, con particolari striature tigrate e 2 grandi occhi azzurri. Per favore controllate negli scantinati, garage, androni giardini e ovunque Stellina possa essere rimasta rinchiusa. Chiunque la trovi o sia in grado di fornire informazioni \u00e8 pregato di contattarmi al 338 2589218. Grazie di cuore Fernanda&#8221;<\/em><\/p><\/blockquote>\n\n\t\t\t<style type='text\/css'>\n\t\t\t\t#gallery-1 {\n\t\t\t\t\tmargin: auto;\n\t\t\t\t}\n\t\t\t\t#gallery-1 .gallery-item {\n\t\t\t\t\tfloat: left;\n\t\t\t\t\tmargin-top: 10px;\n\t\t\t\t\ttext-align: center;\n\t\t\t\t\twidth: 50%;\n\t\t\t\t}\n\t\t\t\t#gallery-1 img {\n\t\t\t\t\tborder: 2px solid #cfcfcf;\n\t\t\t\t}\n\t\t\t\t#gallery-1 .gallery-caption {\n\t\t\t\t\tmargin-left: 0;\n\t\t\t\t}\n\t\t\t\t\/* see gallery_shortcode() in wp-includes\/media.php *\/\n\t\t\t<\/style>\n\t\t<div id='gallery-1' class='dt-gallery-container gallery galleryid-162912 gallery-columns-2 gallery-size-medium'><dl class='gallery-item'>\n\t\t\t\t<dt class='gallery-icon portrait'>\n\t\t\t\t\t<a class=\"rollover rollover-zoom dt-pswp-item\" title=\"0948c98c-3f75-4bdd-9210-63de533be1ab\" data-dt-img-description=\"\" data-large_image_width=\"768\" data-large_image_height=\"1024\"href='https:\/\/www.radiopiu.net\/wordpress\/wp-content\/uploads\/2020\/09\/0948c98c-3f75-4bdd-9210-63de533be1ab.jpg'><img loading=\"lazy\" decoding=\"async\" width=\"225\" height=\"300\" src=\"https:\/\/www.radiopiu.net\/wordpress\/wp-content\/uploads\/2020\/09\/0948c98c-3f75-4bdd-9210-63de533be1ab-225x300.jpg\" class=\"attachment-medium size-medium\" alt=\"\" srcset=\"https:\/\/www.radiopiu.net\/wordpress\/wp-content\/uploads\/2020\/09\/0948c98c-3f75-4bdd-9210-63de533be1ab-225x300.jpg 225w, https:\/\/www.radiopiu.net\/wordpress\/wp-content\/uploads\/2020\/09\/0948c98c-3f75-4bdd-9210-63de533be1ab-360x480.jpg 360w, https:\/\/www.radiopiu.net\/wordpress\/wp-content\/uploads\/2020\/09\/0948c98c-3f75-4bdd-9210-63de533be1ab.jpg 768w\" sizes=\"auto, (max-width: 225px) 100vw, 225px\" \/><\/a>\n\t\t\t\t<\/dt><\/dl><dl class='gallery-item'>\n\t\t\t\t<dt class='gallery-icon portrait'>\n\t\t\t\t\t<a class=\"rollover rollover-zoom dt-pswp-item\" title=\"ca00dda8-cbd2-4fc5-bcac-c80a96cbcb6c\" data-dt-img-description=\"\" data-large_image_width=\"481\" data-large_image_height=\"854\"href='https:\/\/www.radiopiu.net\/wordpress\/wp-content\/uploads\/2020\/09\/ca00dda8-cbd2-4fc5-bcac-c80a96cbcb6c.jpg'><img loading=\"lazy\" decoding=\"async\" width=\"169\" height=\"300\" src=\"https:\/\/www.radiopiu.net\/wordpress\/wp-content\/uploads\/2020\/09\/ca00dda8-cbd2-4fc5-bcac-c80a96cbcb6c-169x300.jpg\" class=\"attachment-medium size-medium\" alt=\"\" srcset=\"https:\/\/www.radiopiu.net\/wordpress\/wp-content\/uploads\/2020\/09\/ca00dda8-cbd2-4fc5-bcac-c80a96cbcb6c-169x300.jpg 169w, https:\/\/www.radiopiu.net\/wordpress\/wp-content\/uploads\/2020\/09\/ca00dda8-cbd2-4fc5-bcac-c80a96cbcb6c-270x480.jpg 270w, https:\/\/www.radiopiu.net\/wordpress\/wp-content\/uploads\/2020\/09\/ca00dda8-cbd2-4fc5-bcac-c80a96cbcb6c.jpg 481w\" sizes=\"auto, (max-width: 169px) 100vw, 169px\" \/><\/a>\n\t\t\t\t<\/dt><\/dl><br style=\"clear: both\" \/>\n\t\t\t<\/div>\n\n","protected":false},"excerpt":{"rendered":"<p>&#8220;Venerd\u00ec pomeriggio 25 settembre \u00e8 scomparsa la mia gatta STELLINA in zona Pragrande AGORDO a fianco Hotel Villa Imperina. \u00c8 di taglia grande beige chiaro, con particolari striature tigrate e 2 grandi occhi azzurri. Per favore controllate negli scantinati, garage, androni giardini e ovunque Stellina possa essere rimasta rinchiusa. Chiunque la trovi o sia in&hellip;<\/p>\n","protected":false},"author":1,"featured_media":162913,"comment_status":"closed","ping_status":"closed","sticky":false,"template":"","format":"standard","meta":{"_monsterinsights_skip_tracking":false,"_monsterinsights_sitenote_active":false,"_monsterinsights_sitenote_note":"","_monsterinsights_sitenote_category":0,"footnotes":""},"categories":[49],"tags":[],"class_list":["post-162912","post","type-post","status-publish","format-standard","has-post-thumbnail","hentry","category-news-18","category-49","description-off"],"img_url":"https:\/\/www.radiopiu.net\/wordpress\/wp-content\/uploads\/2020\/09\/0948c98c-3f75-4bdd-9210-63de533be1ab.jpg","_links":{"self":[{"href":"https:\/\/www.radiopiu.net\/wordpress\/wp-json\/wp\/v2\/posts\/162912","targetHints":{"allow":["GET"]}}],"collection":[{"href":"https:\/\/www.radiopiu.net\/wordpress\/wp-json\/wp\/v2\/posts"}],"about":[{"href":"https:\/\/www.radiopiu.net\/wordpress\/wp-json\/wp\/v2\/types\/post"}],"author":[{"embeddable":true,"href":"https:\/\/www.radiopiu.net\/wordpress\/wp-json\/wp\/v2\/users\/1"}],"replies":[{"embeddable":true,"href":"https:\/\/www.radiopiu.net\/wordpress\/wp-json\/wp\/v2\/comments?post=162912"}],"version-history":[{"count":0,"href":"https:\/\/www.radiopiu.net\/wordpress\/wp-json\/wp\/v2\/posts\/162912\/revisions"}],"wp:featuredmedia":[{"embeddable":true,"href":"https:\/\/www.radiopiu.net\/wordpress\/wp-json\/wp\/v2\/media\/162913"}],"wp:attachment":[{"href":"https:\/\/www.radiopiu.net\/wordpress\/wp-json\/wp\/v2\/media?parent=162912"}],"wp:term":[{"taxonomy":"category","embeddable":true,"href":"https:\/\/www.radiopiu.net\/wordpress\/wp-json\/wp\/v2\/categories?post=162912"},{"taxonomy":"post_tag","embeddable":true,"href":"https:\/\/www.radiopiu.net\/wordpress\/wp-json\/wp\/v2\/tags?post=162912"}],"curies":[{"name":"wp","href":"https:\/\/api.w.org\/{rel}","templated":true}]}}