{"id":162932,"date":"2020-09-29T06:16:00","date_gmt":"2020-09-29T04:16:00","guid":{"rendered":"https:\/\/www.radiopiu.net\/wordpress\/?p=162932"},"modified":"2020-09-29T06:18:20","modified_gmt":"2020-09-29T04:18:20","slug":"dillo-a-radio-piu-animali-al-pascolo-sulla-203-agordina-chi-interviene","status":"publish","type":"post","link":"https:\/\/www.radiopiu.net\/wordpress\/dillo-a-radio-piu-animali-al-pascolo-sulla-203-agordina-chi-interviene\/","title":{"rendered":"DILLO A RADIO PI\u00d9&#8230;ANIMALI AL PASCOLO SULLA 203 AGORDINA. CHI INTERVIENE?"},"content":{"rendered":"<h3><a class=\"dt-pswp-item\" href=\"https:\/\/www.radiopiu.net\/wordpress\/wp-content\/uploads\/2020\/09\/banner-montagna-radio-1.jpg\" data-dt-img-description=\"\" data-large_image_width=\"1200\" data-large_image_height=\"300\"><img loading=\"lazy\" decoding=\"async\" class=\"wp-image-162835 aligncenter\" src=\"https:\/\/www.radiopiu.net\/wordpress\/wp-content\/uploads\/2020\/09\/banner-montagna-radio-1-300x75.jpg\" alt=\"\" width=\"411\" height=\"103\" srcset=\"https:\/\/www.radiopiu.net\/wordpress\/wp-content\/uploads\/2020\/09\/banner-montagna-radio-1-300x75.jpg 300w, https:\/\/www.radiopiu.net\/wordpress\/wp-content\/uploads\/2020\/09\/banner-montagna-radio-1-1024x256.jpg 1024w, https:\/\/www.radiopiu.net\/wordpress\/wp-content\/uploads\/2020\/09\/banner-montagna-radio-1-768x192.jpg 768w, https:\/\/www.radiopiu.net\/wordpress\/wp-content\/uploads\/2020\/09\/banner-montagna-radio-1-640x160.jpg 640w, https:\/\/www.radiopiu.net\/wordpress\/wp-content\/uploads\/2020\/09\/banner-montagna-radio-1.jpg 1200w\" sizes=\"auto, (max-width: 411px) 100vw, 411px\" \/><\/a><\/h3>\n<p><strong><a class=\"dt-pswp-item\" href=\"https:\/\/www.radiopiu.net\/wordpress\/wp-content\/uploads\/2020\/09\/581639d4-778b-4f7a-97e6-b12433e24866.jpg\" data-dt-img-description=\"\" data-large_image_width=\"2048\" data-large_image_height=\"1024\"><img loading=\"lazy\" decoding=\"async\" class=\"size-medium wp-image-162955 alignleft\" src=\"https:\/\/www.radiopiu.net\/wordpress\/wp-content\/uploads\/2020\/09\/581639d4-778b-4f7a-97e6-b12433e24866-300x150.jpg\" alt=\"\" width=\"300\" height=\"150\" srcset=\"https:\/\/www.radiopiu.net\/wordpress\/wp-content\/uploads\/2020\/09\/581639d4-778b-4f7a-97e6-b12433e24866-300x150.jpg 300w, https:\/\/www.radiopiu.net\/wordpress\/wp-content\/uploads\/2020\/09\/581639d4-778b-4f7a-97e6-b12433e24866-1024x512.jpg 1024w, https:\/\/www.radiopiu.net\/wordpress\/wp-content\/uploads\/2020\/09\/581639d4-778b-4f7a-97e6-b12433e24866-768x384.jpg 768w, https:\/\/www.radiopiu.net\/wordpress\/wp-content\/uploads\/2020\/09\/581639d4-778b-4f7a-97e6-b12433e24866-1536x768.jpg 1536w, https:\/\/www.radiopiu.net\/wordpress\/wp-content\/uploads\/2020\/09\/581639d4-778b-4f7a-97e6-b12433e24866-640x320.jpg 640w, https:\/\/www.radiopiu.net\/wordpress\/wp-content\/uploads\/2020\/09\/581639d4-778b-4f7a-97e6-b12433e24866.jpg 2048w\" sizes=\"auto, (max-width: 300px) 100vw, 300px\" \/><\/a><\/strong><\/p>\n<blockquote><p>Scrivo alla radio per portare l&#8217;attenzione sul problema della viabilit\u00e0 e degli animali vaganti sulla strada tra Belluno e Agordo. Lo so che \u00e8 un argomento gi\u00e0 trattato moltissime volte, ma forse non ancora abbastanza per far fare qualcosa alle istituzioni. Per questo scrivo: perch\u00e9 parlarne \u00e8 sicuramente meglio che tacere. Possibile che nessuno n\u00e9 in Provincia, n\u00e9 in Regione sia in grado di prendere delle misure serie per mettere in sicurezza dagli animali vaganti il tratto stradale che va grosso modo da Peron ad Agordo (ma la questione si potrebbe allargare a tutte le strade della montagna bellunese)? Possibile che la notte (ma non solo la notte) si debba viaggiare a passo d&#8217;uomo per non incorrere in gravosi incidenti con enormi ungulati? In rientro verso l&#8217;alto Agordino dopo un lungo viaggio, in localit\u00e0 Candaten mi sono trovata a bordo strada un cervo di grosse dimensioni &#8211; e non \u00e8 la prima volta. Mi sono ritrovata a dover frenare improvvisamente e in maniera molto brusca. Preciso che non stavo corredo dal momento che stava pure piovendo. Quei famosi sensori precisamente a cosa servono? Qualcuno ci dia delle risposte! Non ho visto nessun tipo di segnale luminoso accendersi mentre il cervo pascolava beatamente a bordo strada. Anzich\u00e9 spendere parecchi soldi pubblici per l&#8217;installazione di questi sensori, peraltro orribili da vedere, non era pi\u00f9 semplice innalzare una rete, magari coperta da una pianta sempreverde a protezione della strada e creare degli spazi di passaggio per gli animali? La vita di un cervo vale veramente di pi\u00f9 di quella di un uomo? Mi si potrebbe rispondere che &#8220;si sa che in quella zona i cervi ci sono&#8221; e che allora &#8220;bisogna andare piano&#8221;. Ma mi chiedo: un&#8217;ambulanza che dalle terre alte deve per forza di cose recarsi al pronto soccorso di Belluno in grande fretta, cosa deve fare? Viaggiare lentamente perch\u00e9 ci sono i cervi? La gente che usa la strada per andare a lavorare non ha diritto di viaggiare in tranquillit\u00e0 su una delle strade pi\u00f9 trafficate della provincia? Gi\u00e0 la strada non mi sembra esattamente un&#8217;arteria di grande comunicazione (visto lo stato in cui versa &#8211; ricordo che a nord della strada vi \u00e8 una multinazionale), in pi\u00f9, mi pare gravoso doversi pure preoccupare pure di non finire fuori strada per colpa di un animale. Poi tanto, i danni li paghiamo noi vero? I nostri politici non sono capaci di guardare come risolvono il problema i Paesi nordici? Mi sembra una cosa cos\u00ec facile. Una rete lungo il corso della strada con dei passaggi predefiniti sicuramente mi pare una soluzione pi\u00f9 seria e pi\u00f9 guardabile di quegli orribili sensori bianchi.<br \/>\nCosa aspettano i nostri politici a fare qualcosa? Che ci sia l&#8217;ennesimo morto? Quanti dovranno ancora perire per colpa di un ungulato che decide di sbucare improvvisamente sulla strada?<\/p>\n<p><strong>Beatrice Colcuc<\/strong><\/p><\/blockquote>\n","protected":false},"excerpt":{"rendered":"<p>Scrivo alla radio per portare l&#8217;attenzione sul problema della viabilit\u00e0 e degli animali vaganti sulla strada tra Belluno e Agordo. Lo so che \u00e8 un argomento gi\u00e0 trattato moltissime volte, ma forse non ancora abbastanza per far fare qualcosa alle istituzioni. Per questo scrivo: perch\u00e9 parlarne \u00e8 sicuramente meglio che tacere. Possibile che nessuno n\u00e9&hellip;<\/p>\n","protected":false},"author":4,"featured_media":162955,"comment_status":"closed","ping_status":"closed","sticky":false,"template":"","format":"standard","meta":{"_monsterinsights_skip_tracking":false,"_monsterinsights_sitenote_active":false,"_monsterinsights_sitenote_note":"","_monsterinsights_sitenote_category":0,"footnotes":""},"categories":[51,49],"tags":[],"class_list":["post-162932","post","type-post","status-publish","format-standard","has-post-thumbnail","hentry","category-evidenza-top","category-news-18","category-51","category-49","description-off"],"img_url":"https:\/\/www.radiopiu.net\/wordpress\/wp-content\/uploads\/2020\/09\/581639d4-778b-4f7a-97e6-b12433e24866.jpg","_links":{"self":[{"href":"https:\/\/www.radiopiu.net\/wordpress\/wp-json\/wp\/v2\/posts\/162932","targetHints":{"allow":["GET"]}}],"collection":[{"href":"https:\/\/www.radiopiu.net\/wordpress\/wp-json\/wp\/v2\/posts"}],"about":[{"href":"https:\/\/www.radiopiu.net\/wordpress\/wp-json\/wp\/v2\/types\/post"}],"author":[{"embeddable":true,"href":"https:\/\/www.radiopiu.net\/wordpress\/wp-json\/wp\/v2\/users\/4"}],"replies":[{"embeddable":true,"href":"https:\/\/www.radiopiu.net\/wordpress\/wp-json\/wp\/v2\/comments?post=162932"}],"version-history":[{"count":0,"href":"https:\/\/www.radiopiu.net\/wordpress\/wp-json\/wp\/v2\/posts\/162932\/revisions"}],"wp:featuredmedia":[{"embeddable":true,"href":"https:\/\/www.radiopiu.net\/wordpress\/wp-json\/wp\/v2\/media\/162955"}],"wp:attachment":[{"href":"https:\/\/www.radiopiu.net\/wordpress\/wp-json\/wp\/v2\/media?parent=162932"}],"wp:term":[{"taxonomy":"category","embeddable":true,"href":"https:\/\/www.radiopiu.net\/wordpress\/wp-json\/wp\/v2\/categories?post=162932"},{"taxonomy":"post_tag","embeddable":true,"href":"https:\/\/www.radiopiu.net\/wordpress\/wp-json\/wp\/v2\/tags?post=162932"}],"curies":[{"name":"wp","href":"https:\/\/api.w.org\/{rel}","templated":true}]}}