{"id":162970,"date":"2020-09-28T12:34:45","date_gmt":"2020-09-28T10:34:45","guid":{"rendered":"https:\/\/www.radiopiu.net\/wordpress\/?p=162970"},"modified":"2020-09-28T13:14:08","modified_gmt":"2020-09-28T11:14:08","slug":"conferenza-stampa-del-presidente-del-veneto-luca-zaia-28-settembre-2020","status":"publish","type":"post","link":"https:\/\/www.radiopiu.net\/wordpress\/conferenza-stampa-del-presidente-del-veneto-luca-zaia-28-settembre-2020\/","title":{"rendered":"ZAIA CHIEDE TAMPONI RAPIDI A SCUOLA E CHE I NEGATIVI RESTINO IN CLASSE E NON IN QUARANTENA A CASA PER DUE SETTIMANE E CHE DECIDANO I PEDIATRI"},"content":{"rendered":"<h3><a class=\"dt-pswp-item\" href=\"https:\/\/www.radiopiu.net\/wordpress\/wp-content\/uploads\/2020\/09\/banner-montagna-radio-1.jpg\" data-dt-img-description=\"\" data-large_image_width=\"1200\" data-large_image_height=\"300\"><img loading=\"lazy\" decoding=\"async\" class=\"wp-image-162835 aligncenter\" src=\"https:\/\/www.radiopiu.net\/wordpress\/wp-content\/uploads\/2020\/09\/banner-montagna-radio-1-300x75.jpg\" alt=\"\" width=\"411\" height=\"103\" srcset=\"https:\/\/www.radiopiu.net\/wordpress\/wp-content\/uploads\/2020\/09\/banner-montagna-radio-1-300x75.jpg 300w, https:\/\/www.radiopiu.net\/wordpress\/wp-content\/uploads\/2020\/09\/banner-montagna-radio-1-1024x256.jpg 1024w, https:\/\/www.radiopiu.net\/wordpress\/wp-content\/uploads\/2020\/09\/banner-montagna-radio-1-768x192.jpg 768w, https:\/\/www.radiopiu.net\/wordpress\/wp-content\/uploads\/2020\/09\/banner-montagna-radio-1-640x160.jpg 640w, https:\/\/www.radiopiu.net\/wordpress\/wp-content\/uploads\/2020\/09\/banner-montagna-radio-1.jpg 1200w\" sizes=\"auto, (max-width: 411px) 100vw, 411px\" \/><\/a><\/h3>\n<p><strong>VENEZIA<\/strong> Il Presidente del Veneto Luca Zaia fa il punto sull&#8217;emergenza Covid-19<\/p>\n<p><em>La mascherina \u00e8 fondamentale per proteggerci, non \u00e8 una coercizione ma necessaria per venir fuori da questo casino. Oggi lo abbiamo sancito clinicamente: nelle infettive il 3,8% dei nostri medici si sono infettati, ed \u00e8 una percentuale bassissima. In arrivo il vaccino anti influenzale, siamo stati i primi a vincere la gara in Italia, stiamo anche pensando a come distribuirlo con il nostro assessore. Abbiamo il dovere di proteggere le categorie pi\u00f9 a rischio.<\/em><\/p>\n<blockquote>\n<h2><span style=\"font-size: 14px; font-weight: normal;\">Quasi 2\u00a0 milioni di tamponi, 1 milione 300 mila test rapidi eseguiti in un mese e mezzo saremo a regime anche con il test rapido della saliva che sar\u00e0 importante, la scuola insegna. 27150 sono i positivi (+183) 8611 persone in isolamento (-340), 2176 morti (invariato), 213 ricoverati (+9) di questi 155 sono positivi e 58 negativi. 27 persone in terapia intensiva (+1) di cui 21 positivi e 6 negativi. \u00a0Si abbassa l&#8217;et\u00e0 dei pazienti in terapia intensiva e la quantit\u00e0 di pazienti in terapia intensiva rispetto ai ricoverati, oggi siamo al 6% nel rapporto tra ricoverati e terapia intensiva. La degenza media si \u00e8 abbassata, prima non scendevamo sotto i 14 giorni di permanenza, ora siamo sui 6-9 giorni. E un terzo dei pazienti di terapia intensiva non \u00e8 intubato.I sintomatici oggi sono 40 su 3.621, ovvero l&#8217;1,10%. Dimessi 4085.\u00a0 &#8220;Siamo pronti come sanit\u00e0 non facciamo allarmismo e tragedie- dice Zaia &#8211; non portiamo ansia nei cittadini ma sicuramente la mascherina rimane la tutela della salute&#8221;. Meno del 2% dei medici sono infettati ed \u00e8 la conferma che la mascherina serve. Sul fronte delle cure abbiamo maggiori certezze rispetto allo scorso febbraio. Sul fronte degli ospedali dobbiamo essere pronti con le strutture dedicate alla cura dei pazienti e il virus come \u00e8 arrivato se ne andr\u00e0. Oggi consegnamo un dato, la situazione degli esiti dei controlli nelle scuole: 90 contesti scolastici con almeno un caso, 85 i bambini positivi che rappresentano lo 0,02% della popolazione scolastica monitorata cio\u00e8 707 mila studenti. In quartantena 970 ragazzi che \u00e8 lo 0,24%. Gli operatori sono oltre 95mila, di loro 120 in quarantena cio\u00e8 lo 0,13%, L&#8217;incidenza \u00e8 quindi infinitesimale. Ad oggi l&#8217;incidenza dei postiivi \u00e8 di 85 su 707 mila studenti si capisce che non siamo in situazione proccupante anche se fa notizia il bambino positivo in una scuola. Nella ricostruzione del contact tracing sono tutti virus portati dal contesto famigliare o sociale. Nel contact tracing scolastico &#8211; in generale &#8211; abbiamo tutti negativi. Di qui la richiesta di modifica del protocollo: utilizzo del tampone rapido nello screening scolastico perch\u00e8 funziona alla pari del molecolare; il tampone rapido lo si fa a tutta la classe del positivo e si resta in classe se negativi non a casa per due settimane evitando disagi ai genitori anche evitando i 4 chilometri di colonna (come a Treviso) per fare i tamponi; chiediamo che torni in pancia ai professionisti medici Pediatri la facolt\u00e0 di decidere se mandare o meno a tampone il paziente perch\u00e9 il pediatra conosce il paziente e il suo passato clinico. Con queste modifiche saremmo pi\u00f9 performanti, potremmo correre di pi\u00f9 evitando ulteriori disagi alle famiglie, attendiamo per\u00f2 le conferme per iscritto e non il si&#8217; a voce come \u00e8 stato detto.<\/span><\/h2>\n<p><strong>VACCINO<\/strong> Anno particolare, l&#8217;influenzale preso d&#8217;assalto, la macchina arranca per farli avere a tutti ma noi l&#8217;oltre il milione di dosi lo distribuiamo in maniera facoltativa comunque raccomandandolo. Alle farmacie quello che vorranno avere lo avranno.<\/p>\n<p><strong>COMELICO\u00a0<\/strong> Situazione sotto controllo comunque rincorrendo il virus.<\/p>\n<p>&nbsp;<\/p>\n<p>&nbsp;<\/p><\/blockquote>\n<p>https:\/\/www.facebook.com\/zaiaufficiale\/videos\/387424655757261<\/p>\n","protected":false},"excerpt":{"rendered":"<p>VENEZIA Il Presidente del Veneto Luca Zaia fa il punto sull&#8217;emergenza Covid-19 La mascherina \u00e8 fondamentale per proteggerci, non \u00e8 una coercizione ma necessaria per venir fuori da questo casino. Oggi lo abbiamo sancito clinicamente: nelle infettive il 3,8% dei nostri medici si sono infettati, ed \u00e8 una percentuale bassissima. In arrivo il vaccino anti&hellip;<\/p>\n","protected":false},"author":4,"featured_media":162983,"comment_status":"closed","ping_status":"closed","sticky":false,"template":"","format":"standard","meta":{"_monsterinsights_skip_tracking":false,"_monsterinsights_sitenote_active":false,"_monsterinsights_sitenote_note":"","_monsterinsights_sitenote_category":0,"footnotes":""},"categories":[51,49],"tags":[],"class_list":["post-162970","post","type-post","status-publish","format-standard","has-post-thumbnail","hentry","category-evidenza-top","category-news-18","category-51","category-49","description-off"],"img_url":"https:\/\/www.radiopiu.net\/wordpress\/wp-content\/uploads\/2020\/09\/eb2d2287-fe21-45e6-b65a-b1c61efb3109.jpg","_links":{"self":[{"href":"https:\/\/www.radiopiu.net\/wordpress\/wp-json\/wp\/v2\/posts\/162970","targetHints":{"allow":["GET"]}}],"collection":[{"href":"https:\/\/www.radiopiu.net\/wordpress\/wp-json\/wp\/v2\/posts"}],"about":[{"href":"https:\/\/www.radiopiu.net\/wordpress\/wp-json\/wp\/v2\/types\/post"}],"author":[{"embeddable":true,"href":"https:\/\/www.radiopiu.net\/wordpress\/wp-json\/wp\/v2\/users\/4"}],"replies":[{"embeddable":true,"href":"https:\/\/www.radiopiu.net\/wordpress\/wp-json\/wp\/v2\/comments?post=162970"}],"version-history":[{"count":0,"href":"https:\/\/www.radiopiu.net\/wordpress\/wp-json\/wp\/v2\/posts\/162970\/revisions"}],"wp:featuredmedia":[{"embeddable":true,"href":"https:\/\/www.radiopiu.net\/wordpress\/wp-json\/wp\/v2\/media\/162983"}],"wp:attachment":[{"href":"https:\/\/www.radiopiu.net\/wordpress\/wp-json\/wp\/v2\/media?parent=162970"}],"wp:term":[{"taxonomy":"category","embeddable":true,"href":"https:\/\/www.radiopiu.net\/wordpress\/wp-json\/wp\/v2\/categories?post=162970"},{"taxonomy":"post_tag","embeddable":true,"href":"https:\/\/www.radiopiu.net\/wordpress\/wp-json\/wp\/v2\/tags?post=162970"}],"curies":[{"name":"wp","href":"https:\/\/api.w.org\/{rel}","templated":true}]}}