{"id":162993,"date":"2020-09-28T13:43:54","date_gmt":"2020-09-28T11:43:54","guid":{"rendered":"https:\/\/www.radiopiu.net\/wordpress\/?p=162993"},"modified":"2020-09-28T13:43:54","modified_gmt":"2020-09-28T11:43:54","slug":"tabellazione-dei-sentieri-leco-delliniziativa-falcadina-arriva-ad-agordo","status":"publish","type":"post","link":"https:\/\/www.radiopiu.net\/wordpress\/tabellazione-dei-sentieri-leco-delliniziativa-falcadina-arriva-ad-agordo\/","title":{"rendered":"TABELLAZIONE DEI SENTIERI, L&#8217;ECO DELL&#8217;INIZIATIVA FALCADINA ARRIVA AD AGORDO"},"content":{"rendered":"<p><strong><a class=\"dt-pswp-item\" href=\"https:\/\/www.radiopiu.net\/wordpress\/wp-content\/uploads\/2020\/09\/tabella-due.jpg\" data-dt-img-description=\"\" data-large_image_width=\"720\" data-large_image_height=\"393\"><img loading=\"lazy\" decoding=\"async\" class=\" wp-image-162995 alignleft\" src=\"https:\/\/www.radiopiu.net\/wordpress\/wp-content\/uploads\/2020\/09\/tabella-due-300x164.jpg\" alt=\"\" width=\"271\" height=\"148\" srcset=\"https:\/\/www.radiopiu.net\/wordpress\/wp-content\/uploads\/2020\/09\/tabella-due-300x164.jpg 300w, https:\/\/www.radiopiu.net\/wordpress\/wp-content\/uploads\/2020\/09\/tabella-due-640x349.jpg 640w, https:\/\/www.radiopiu.net\/wordpress\/wp-content\/uploads\/2020\/09\/tabella-due.jpg 720w\" sizes=\"auto, (max-width: 271px) 100vw, 271px\" \/><\/a>AGORDO<\/strong> Il progetto sulla \u201ctabellazione della sentieristica di fondovalle\u201d proposto dall\u2019Unione Ladina Val Biois fin dal 2018 e divenuto realt\u00e0 a Falcade lo scorso anno \u00a0 ha riscosso il meritato successo, tale da essere adottato negli altri comuni della Val Biois, Canale d\u2019Agordo e Vallada Agordina, mentre a Cencenighe \u00a0 e Taibon sono in via propositiva. Il consigliere comunale Silva<a class=\"dt-pswp-item\" href=\"https:\/\/www.radiopiu.net\/wordpress\/wp-content\/uploads\/2020\/09\/tabella-tre.jpg\" data-dt-img-description=\"\" data-large_image_width=\"720\" data-large_image_height=\"944\"><img loading=\"lazy\" decoding=\"async\" class=\"size-medium wp-image-162994 alignright\" src=\"https:\/\/www.radiopiu.net\/wordpress\/wp-content\/uploads\/2020\/09\/tabella-tre-229x300.jpg\" alt=\"\" width=\"229\" height=\"300\" srcset=\"https:\/\/www.radiopiu.net\/wordpress\/wp-content\/uploads\/2020\/09\/tabella-tre-229x300.jpg 229w, https:\/\/www.radiopiu.net\/wordpress\/wp-content\/uploads\/2020\/09\/tabella-tre-366x480.jpg 366w, https:\/\/www.radiopiu.net\/wordpress\/wp-content\/uploads\/2020\/09\/tabella-tre.jpg 720w\" sizes=\"auto, (max-width: 229px) 100vw, 229px\" \/><\/a>no Savio di &#8220;Agordo Cambia&#8221; si \u00e8 fatto promotore del suggerimento consegnando una nota ufficiale al palazzo comunale. <em>\u201cL\u2019adozione anche da parte di Agordo dello stesso progetto &#8211; spiega Silvano Savio &#8211;\u00a0 permetter\u00e0 di arricchire il territorio di una importante segnaletica e dar\u00e0 dimostrazione, in chiave turistica e non solo, di uniformit\u00e0 e collaborazione intercomunale nelle strategie organizzative che attualmente appaiono carenti sotto molti aspetti\u201d <\/em>Savio inoltre sottolinea come nelle altre realt\u00e0 determinante ed incisiva si \u00e8 rivelata l\u2019azione delle organizzazioni di volontariato, nel contesto logistico ed economico. <strong>IL PROGETTO<\/strong> prevede la posa in opera dei cartelli indicatori e bacheche informative, con la finalit\u00e0 di carattere turistico e culturale di segnalare i principali percorsi di fondovalle abbinati a percorsi tematici e che comunque \u00a0 non rientrano nelle contingenze dei percorsi CAI, posti pi\u00f9 in alta quota. L&#8217;amministrazione di Agordo \u00e8 stata resa partecipe del progetto di Falcade, a titolo esemplificativo<em> &#8220;Io &#8211; conclude Silvano Savio &#8211; rimango\u00a0 a disposizione per ogni collaborazione&#8221;<\/em><\/p>\n","protected":false},"excerpt":{"rendered":"<p>AGORDO Il progetto sulla \u201ctabellazione della sentieristica di fondovalle\u201d proposto dall\u2019Unione Ladina Val Biois fin dal 2018 e divenuto realt\u00e0 a Falcade lo scorso anno \u00a0 ha riscosso il meritato successo, tale da essere adottato negli altri comuni della Val Biois, Canale d\u2019Agordo e Vallada Agordina, mentre a Cencenighe \u00a0 e Taibon sono in via&hellip;<\/p>\n","protected":false},"author":4,"featured_media":162996,"comment_status":"closed","ping_status":"closed","sticky":false,"template":"","format":"standard","meta":{"_monsterinsights_skip_tracking":false,"_monsterinsights_sitenote_active":false,"_monsterinsights_sitenote_note":"","_monsterinsights_sitenote_category":0,"footnotes":""},"categories":[51,49],"tags":[],"class_list":["post-162993","post","type-post","status-publish","format-standard","has-post-thumbnail","hentry","category-evidenza-top","category-news-18","category-51","category-49","description-off"],"img_url":"https:\/\/www.radiopiu.net\/wordpress\/wp-content\/uploads\/2020\/09\/tabella-uno.jpg","_links":{"self":[{"href":"https:\/\/www.radiopiu.net\/wordpress\/wp-json\/wp\/v2\/posts\/162993","targetHints":{"allow":["GET"]}}],"collection":[{"href":"https:\/\/www.radiopiu.net\/wordpress\/wp-json\/wp\/v2\/posts"}],"about":[{"href":"https:\/\/www.radiopiu.net\/wordpress\/wp-json\/wp\/v2\/types\/post"}],"author":[{"embeddable":true,"href":"https:\/\/www.radiopiu.net\/wordpress\/wp-json\/wp\/v2\/users\/4"}],"replies":[{"embeddable":true,"href":"https:\/\/www.radiopiu.net\/wordpress\/wp-json\/wp\/v2\/comments?post=162993"}],"version-history":[{"count":0,"href":"https:\/\/www.radiopiu.net\/wordpress\/wp-json\/wp\/v2\/posts\/162993\/revisions"}],"wp:featuredmedia":[{"embeddable":true,"href":"https:\/\/www.radiopiu.net\/wordpress\/wp-json\/wp\/v2\/media\/162996"}],"wp:attachment":[{"href":"https:\/\/www.radiopiu.net\/wordpress\/wp-json\/wp\/v2\/media?parent=162993"}],"wp:term":[{"taxonomy":"category","embeddable":true,"href":"https:\/\/www.radiopiu.net\/wordpress\/wp-json\/wp\/v2\/categories?post=162993"},{"taxonomy":"post_tag","embeddable":true,"href":"https:\/\/www.radiopiu.net\/wordpress\/wp-json\/wp\/v2\/tags?post=162993"}],"curies":[{"name":"wp","href":"https:\/\/api.w.org\/{rel}","templated":true}]}}