{"id":162998,"date":"2020-09-28T13:47:42","date_gmt":"2020-09-28T11:47:42","guid":{"rendered":"https:\/\/www.radiopiu.net\/wordpress\/?p=162998"},"modified":"2020-09-28T13:47:42","modified_gmt":"2020-09-28T11:47:42","slug":"ecco-i-21-nuovi-volontari-di-protezione-civile","status":"publish","type":"post","link":"https:\/\/www.radiopiu.net\/wordpress\/ecco-i-21-nuovi-volontari-di-protezione-civile\/","title":{"rendered":"ECCO I 21 NUOVI VOLONTARI DI PROTEZIONE CIVILE"},"content":{"rendered":"<div class=\"moz-text-html\" lang=\"x-unicode\">\n<div>\n<div>\n<p style=\"margin: 0px; font-style: normal; font-variant-caps: normal; font-weight: normal; font-stretch: normal; font-size: 14px; line-height: normal; font-family: Helvetica; color: #444444; -webkit-text-stroke-width: initial; -webkit-text-stroke-color: #444444;\"><span style=\"-webkit-font-kerning: none; font-size: 13pt; color: #000000;\"><strong>BELLUNO<\/strong> Si \u00e8 concluso il corso di formazione per 21 nuovi volontari della Protezione Civile provinciale. Una due giorni nella sede del gruppo Antelao (a Pieve di Cadore) dove dieci tra formatori e istruttori hanno fornito ai neo iscritti i rudimenti fondamentali della gestione delle emergenze e in cui diverse realt\u00e0 di Protezione Civile del territorio hanno potuto confrontarsi. All\u2019organizzazione e svolgimento del corso, infatti, hanno preso parte l\u2019Ana Cadore, i gruppi Antelao e Soverzene, e il Vab Domegge (vigilanza antincendi boschivi), oltre al nuovissimo gruppo intercomunale di Protezione Civile Dolomiti, che mette insieme San Vito e Borca.<\/span><\/p>\n<blockquote>\n<p style=\"margin: 0px; font-style: normal; font-variant-caps: normal; font-weight: normal; font-stretch: normal; font-size: 14px; line-height: normal; font-family: Helvetica; color: #444444; -webkit-text-stroke-width: initial; -webkit-text-stroke-color: #444444;\"><em><span style=\"-webkit-font-kerning: none; font-size: 13pt; color: #000000;\"><a class=\"dt-pswp-item\" href=\"https:\/\/www.radiopiu.net\/wordpress\/wp-content\/uploads\/2020\/09\/corso-protezione-civile-PIEVE-CADORE.jpeg\" data-dt-img-description=\"\" data-large_image_width=\"1600\" data-large_image_height=\"1200\"><img loading=\"lazy\" decoding=\"async\" class=\"alignnone wp-image-162999 size-large\" src=\"https:\/\/www.radiopiu.net\/wordpress\/wp-content\/uploads\/2020\/09\/corso-protezione-civile-PIEVE-CADORE-1024x768.jpeg\" alt=\"\" width=\"1024\" height=\"768\" srcset=\"https:\/\/www.radiopiu.net\/wordpress\/wp-content\/uploads\/2020\/09\/corso-protezione-civile-PIEVE-CADORE-1024x768.jpeg 1024w, https:\/\/www.radiopiu.net\/wordpress\/wp-content\/uploads\/2020\/09\/corso-protezione-civile-PIEVE-CADORE-300x225.jpeg 300w, https:\/\/www.radiopiu.net\/wordpress\/wp-content\/uploads\/2020\/09\/corso-protezione-civile-PIEVE-CADORE-768x576.jpeg 768w, https:\/\/www.radiopiu.net\/wordpress\/wp-content\/uploads\/2020\/09\/corso-protezione-civile-PIEVE-CADORE-1536x1152.jpeg 1536w, https:\/\/www.radiopiu.net\/wordpress\/wp-content\/uploads\/2020\/09\/corso-protezione-civile-PIEVE-CADORE-640x480.jpeg 640w, https:\/\/www.radiopiu.net\/wordpress\/wp-content\/uploads\/2020\/09\/corso-protezione-civile-PIEVE-CADORE.jpeg 1600w\" sizes=\"auto, (max-width: 1024px) 100vw, 1024px\" \/><\/a>\u00abLa formazione \u00e8 fondamentale e necessaria per una corretta gestione delle emergenze, come ha ribadito anche il presidente della Repubblica Mattarella. Per cui ringrazio tutti i formatori, che da poco hanno concluso un percorso di aggiornamento e si sono messi a disposizione dei nuovi volontari\u00bb afferma il consigliere provinciale delegato alla Protezione Civile, Massimo Bortoluzzi, che domenica ha portato i saluti della Provincia al corso di formazione. \u00abRingrazio i nuovi volontari per l\u2019impegno profuso. Il nostro territorio ha mostrato diverse fragilit\u00e0 negli ultimi anni, da Vaia in poi, ma non solo. Per\u00f2 ha saputo esprimere anche la grande forza del sistema di Protezione Civile, che pu\u00f2 sempre contare su volontari in gamba e preparati\u00bb.<\/span><\/em><\/p>\n<\/blockquote>\n<\/div>\n<\/div>\n<\/div>\n","protected":false},"excerpt":{"rendered":"<p>BELLUNO Si \u00e8 concluso il corso di formazione per 21 nuovi volontari della Protezione Civile provinciale. Una due giorni nella sede del gruppo Antelao (a Pieve di Cadore) dove dieci tra formatori e istruttori hanno fornito ai neo iscritti i rudimenti fondamentali della gestione delle emergenze e in cui diverse realt\u00e0 di Protezione Civile del&hellip;<\/p>\n","protected":false},"author":4,"featured_media":162999,"comment_status":"closed","ping_status":"closed","sticky":false,"template":"","format":"standard","meta":{"_monsterinsights_skip_tracking":false,"_monsterinsights_sitenote_active":false,"_monsterinsights_sitenote_note":"","_monsterinsights_sitenote_category":0,"footnotes":""},"categories":[51,49],"tags":[],"class_list":["post-162998","post","type-post","status-publish","format-standard","has-post-thumbnail","hentry","category-evidenza-top","category-news-18","category-51","category-49","description-off"],"img_url":"https:\/\/www.radiopiu.net\/wordpress\/wp-content\/uploads\/2020\/09\/corso-protezione-civile-PIEVE-CADORE.jpeg","_links":{"self":[{"href":"https:\/\/www.radiopiu.net\/wordpress\/wp-json\/wp\/v2\/posts\/162998","targetHints":{"allow":["GET"]}}],"collection":[{"href":"https:\/\/www.radiopiu.net\/wordpress\/wp-json\/wp\/v2\/posts"}],"about":[{"href":"https:\/\/www.radiopiu.net\/wordpress\/wp-json\/wp\/v2\/types\/post"}],"author":[{"embeddable":true,"href":"https:\/\/www.radiopiu.net\/wordpress\/wp-json\/wp\/v2\/users\/4"}],"replies":[{"embeddable":true,"href":"https:\/\/www.radiopiu.net\/wordpress\/wp-json\/wp\/v2\/comments?post=162998"}],"version-history":[{"count":0,"href":"https:\/\/www.radiopiu.net\/wordpress\/wp-json\/wp\/v2\/posts\/162998\/revisions"}],"wp:featuredmedia":[{"embeddable":true,"href":"https:\/\/www.radiopiu.net\/wordpress\/wp-json\/wp\/v2\/media\/162999"}],"wp:attachment":[{"href":"https:\/\/www.radiopiu.net\/wordpress\/wp-json\/wp\/v2\/media?parent=162998"}],"wp:term":[{"taxonomy":"category","embeddable":true,"href":"https:\/\/www.radiopiu.net\/wordpress\/wp-json\/wp\/v2\/categories?post=162998"},{"taxonomy":"post_tag","embeddable":true,"href":"https:\/\/www.radiopiu.net\/wordpress\/wp-json\/wp\/v2\/tags?post=162998"}],"curies":[{"name":"wp","href":"https:\/\/api.w.org\/{rel}","templated":true}]}}