{"id":163060,"date":"2020-09-29T06:20:12","date_gmt":"2020-09-29T04:20:12","guid":{"rendered":"https:\/\/www.radiopiu.net\/wordpress\/?p=163060"},"modified":"2020-09-29T06:40:07","modified_gmt":"2020-09-29T04:40:07","slug":"https-wp-me-p63lo7-gq0","status":"publish","type":"post","link":"https:\/\/www.radiopiu.net\/wordpress\/https-wp-me-p63lo7-gq0\/","title":{"rendered":"FOCOLAIO COVID IN COMELICO, 18 POSITIVI SU 217 TAMPONI, CHIUSE LE MATERNE DI CAMPOLONGO E SAN PIETRO, DUE CLASSI IN QUARANTENA"},"content":{"rendered":"<p style=\"text-align: left;\" align=\"CENTER\"><strong><img loading=\"lazy\" decoding=\"async\" class=\"alignleft\" src=\"https:\/\/www.radiopiu.net\/wordpress\/wp-content\/uploads\/2020\/03\/covid-importante.jpg\" width=\"319\" height=\"239\" \/>BELLUNO<\/strong>\u00a0 In un giorno 21 casi di positivit\u00e0, 18 in Comelico dove sono stati refertati 217 tamponi sui 377 del fine settimana. <b>Tamponi per i sintomatici frequentanti la scuola: <\/b>Consistente afflusso ai tamponi drive-in dei soggetti sintomatici frequentanti la scuola. Complessivamente sono stati eseguiti 176 tamponi a Belluno e 102 Feltre, per un totale di <span style=\"font-size: medium;\"><b>278 tamponi<\/b><\/span>. Dalle 17 di oggi ha iniziato ad operare in modo regolare anche il Drive-in di Caprile. Domani sar\u00e0 attivo il drive-in di Tai di Cadore in piazzale Dolomiti dalle 17.00 alle 19.00 sempre con accesso libero per i bambini, ragazzi e adulti sintomatici frequentanti la scuola.<\/p>\n<h3><a class=\"dt-pswp-item\" href=\"https:\/\/www.radiopiu.net\/wordpress\/wp-content\/uploads\/2020\/09\/banner-montagna-radio-1.jpg\" data-dt-img-description=\"\" data-large_image_width=\"1200\" data-large_image_height=\"300\"><img loading=\"lazy\" decoding=\"async\" class=\"wp-image-162835 aligncenter\" src=\"https:\/\/www.radiopiu.net\/wordpress\/wp-content\/uploads\/2020\/09\/banner-montagna-radio-1-300x75.jpg\" alt=\"\" width=\"411\" height=\"103\" srcset=\"https:\/\/www.radiopiu.net\/wordpress\/wp-content\/uploads\/2020\/09\/banner-montagna-radio-1-300x75.jpg 300w, https:\/\/www.radiopiu.net\/wordpress\/wp-content\/uploads\/2020\/09\/banner-montagna-radio-1-1024x256.jpg 1024w, https:\/\/www.radiopiu.net\/wordpress\/wp-content\/uploads\/2020\/09\/banner-montagna-radio-1-768x192.jpg 768w, https:\/\/www.radiopiu.net\/wordpress\/wp-content\/uploads\/2020\/09\/banner-montagna-radio-1-640x160.jpg 640w, https:\/\/www.radiopiu.net\/wordpress\/wp-content\/uploads\/2020\/09\/banner-montagna-radio-1.jpg 1200w\" sizes=\"auto, (max-width: 411px) 100vw, 411px\" \/><\/a><\/h3>\n<p style=\"text-align: left;\" align=\"CENTER\"><span style=\"font-size: medium;\"><b>Focolaio Comelico <\/b><\/span>Nelle ultime 24 ore il Laboratorio \u00e8 stato quasi esclusivamente impegnato a refertare il grande numero di tamponi eseguiti ieri in Comelico. Alle 15.00 di oggi erano stati refertati 217 tamponi sui 377 eseguiti (sono in attesa di refertazione i tamponi dei soggetti che si sono presentati al drive-in (senza programmazione). Da questi 217 tamponi refertati sono emerse 18 nuove positivit\u00e0 quasi tutte afferenti ai tre comuni interessati dal focolaio epidemico (San Pietro, Santo Stefano e Comelico Superiore). Una prima analisi di dettaglio condotta sulle classi di et\u00e0 oggetto dell\u2019indagine seguita ieri in Comelico ha messo in evidenza quanto segue: classi di nascita 1950-1954: esaminati 89 soggetti con 5 positivit\u00e0 (San Pietro 63 soggetti con 3 positivit\u00e0; Santo Stefano 24 soggetti con 1 positivit\u00e0; Comelico Superiore 2 con 1 positivit\u00e0) classi di nascita 1972-1973: esaminati 45 soggetti con 1 positivit\u00e0 (San Pietro 19 soggetti con 1 positivo; Santo Stefano 26 soggetti tutti negativi) In ambito pediatrico sono stati esaminati 93 soggetti con 5 positivit\u00e0. Si tratta di bambini afferenti alle scuole e alle classi oggetto di quarantena o a classi parallele le 7 positivit\u00e0 non riportate in questa distinta analitica sono riferite a soggetti gi\u00e0 quarantenati in quanto contatti di caso, non afferenti ai gruppi descritti. Sono state chiuse le scuole materne di Campolongo e San Pietro di Cadore. Due classi, 1\u00b0 e 4\u00b0 della scuola elementare di Santo Stefano di Cadore sono in quarantena. La situazione, dal punto di vista sanitario, \u00e8 seguita con attenzione dal Dipartimento di Prevenzione dell\u2019Ulss Dolomiti e dalla Direzione Regionale Prevenzione. <b>Altre positivit\u00e0 in Provincia <\/b>Alle 18 positivit\u00e0 emerse si aggiungono tre ulteriori positivit\u00e0, non riferite ai focolaio epidemico, derivanti da esami eseguiti in Pronto Soccorso su soggetti poi inviati a domicilio.<\/p>\n","protected":false},"excerpt":{"rendered":"<p>BELLUNO\u00a0 In un giorno 21 casi di positivit\u00e0, 18 in Comelico dove sono stati refertati 217 tamponi sui 377 del fine settimana. Tamponi per i sintomatici frequentanti la scuola: Consistente afflusso ai tamponi drive-in dei soggetti sintomatici frequentanti la scuola. Complessivamente sono stati eseguiti 176 tamponi a Belluno e 102 Feltre, per un totale di&hellip;<\/p>\n","protected":false},"author":4,"featured_media":121793,"comment_status":"closed","ping_status":"closed","sticky":false,"template":"","format":"standard","meta":{"_monsterinsights_skip_tracking":false,"_monsterinsights_sitenote_active":false,"_monsterinsights_sitenote_note":"","_monsterinsights_sitenote_category":0,"footnotes":""},"categories":[51,49],"tags":[],"class_list":["post-163060","post","type-post","status-publish","format-standard","has-post-thumbnail","hentry","category-evidenza-top","category-news-18","category-51","category-49","description-off"],"img_url":"https:\/\/www.radiopiu.net\/wordpress\/wp-content\/uploads\/2020\/03\/covid-importante.jpg","_links":{"self":[{"href":"https:\/\/www.radiopiu.net\/wordpress\/wp-json\/wp\/v2\/posts\/163060","targetHints":{"allow":["GET"]}}],"collection":[{"href":"https:\/\/www.radiopiu.net\/wordpress\/wp-json\/wp\/v2\/posts"}],"about":[{"href":"https:\/\/www.radiopiu.net\/wordpress\/wp-json\/wp\/v2\/types\/post"}],"author":[{"embeddable":true,"href":"https:\/\/www.radiopiu.net\/wordpress\/wp-json\/wp\/v2\/users\/4"}],"replies":[{"embeddable":true,"href":"https:\/\/www.radiopiu.net\/wordpress\/wp-json\/wp\/v2\/comments?post=163060"}],"version-history":[{"count":0,"href":"https:\/\/www.radiopiu.net\/wordpress\/wp-json\/wp\/v2\/posts\/163060\/revisions"}],"wp:featuredmedia":[{"embeddable":true,"href":"https:\/\/www.radiopiu.net\/wordpress\/wp-json\/wp\/v2\/media\/121793"}],"wp:attachment":[{"href":"https:\/\/www.radiopiu.net\/wordpress\/wp-json\/wp\/v2\/media?parent=163060"}],"wp:term":[{"taxonomy":"category","embeddable":true,"href":"https:\/\/www.radiopiu.net\/wordpress\/wp-json\/wp\/v2\/categories?post=163060"},{"taxonomy":"post_tag","embeddable":true,"href":"https:\/\/www.radiopiu.net\/wordpress\/wp-json\/wp\/v2\/tags?post=163060"}],"curies":[{"name":"wp","href":"https:\/\/api.w.org\/{rel}","templated":true}]}}