{"id":163071,"date":"2020-09-28T20:07:36","date_gmt":"2020-09-28T18:07:36","guid":{"rendered":"https:\/\/www.radiopiu.net\/wordpress\/?p=163071"},"modified":"2020-09-29T06:43:17","modified_gmt":"2020-09-29T04:43:17","slug":"cadore-anomalo-e-preoccupante-aumento-dei-casi-di-contagio-da-covid-19-riunione-in-prefettura","status":"publish","type":"post","link":"https:\/\/www.radiopiu.net\/wordpress\/cadore-anomalo-e-preoccupante-aumento-dei-casi-di-contagio-da-covid-19-riunione-in-prefettura\/","title":{"rendered":"CADORE &#8211; Anomalo e preoccupante aumento dei casi di contagio da Covid 19 &#8211; Riunione in prefettura"},"content":{"rendered":"<h3><a class=\"dt-pswp-item\" href=\"https:\/\/www.radiopiu.net\/wordpress\/wp-content\/uploads\/2020\/09\/banner-montagna-radio-1.jpg\" data-dt-img-description=\"\" data-large_image_width=\"1200\" data-large_image_height=\"300\"><img loading=\"lazy\" decoding=\"async\" class=\"wp-image-162835 aligncenter\" src=\"https:\/\/www.radiopiu.net\/wordpress\/wp-content\/uploads\/2020\/09\/banner-montagna-radio-1-300x75.jpg\" alt=\"\" width=\"411\" height=\"103\" srcset=\"https:\/\/www.radiopiu.net\/wordpress\/wp-content\/uploads\/2020\/09\/banner-montagna-radio-1-300x75.jpg 300w, https:\/\/www.radiopiu.net\/wordpress\/wp-content\/uploads\/2020\/09\/banner-montagna-radio-1-1024x256.jpg 1024w, https:\/\/www.radiopiu.net\/wordpress\/wp-content\/uploads\/2020\/09\/banner-montagna-radio-1-768x192.jpg 768w, https:\/\/www.radiopiu.net\/wordpress\/wp-content\/uploads\/2020\/09\/banner-montagna-radio-1-640x160.jpg 640w, https:\/\/www.radiopiu.net\/wordpress\/wp-content\/uploads\/2020\/09\/banner-montagna-radio-1.jpg 1200w\" sizes=\"auto, (max-width: 411px) 100vw, 411px\" \/><\/a><\/h3>\n<p>&nbsp;<\/p>\n<p><strong>BELLUNO<\/strong> Si \u00e8 tenuta oggi pomeriggio, in Prefettura, una riunione del Comitato Provinciale per l\u2019Ordine e la Sicurezza Pubblica, presieduto dal Prefetto, Adriana Cogode, con la partecipazione del Presidente della Provincia, dei Sindaci di Santo Stefano di Cadore, San Pietro di Cadore, dei vertici provinciali delle Forze di Polizia, del Direttore Generale della ULSS n. 1 Dolomiti e del Direttore del Dipartimento di Prevenzione della medesima ULSS. Durante l\u2019incontro \u00e8 stata esaminata la situazione relativa alla diffusione del coronavirus nei territori di San Pietro di Cadore e Santo Stefano di Cadore. Nei predetti Comuni, infatti, si \u00e8 registrato un anomalo e preoccupante aumento dei casi di contagio che interessa, al momento, 57 persone alle quali si aggiunge un significativo numero di persone in quarantena. Tenuto conto dell\u2019andamento epidemiologico cui si \u00e8 fatto sopra cenno, si \u00e8 convenuto sull\u2019esigenza di sensibilizzare la popolazione in ordine al rispetto di tutte le disposizioni attualmente in vigore per il contenimento del contagio nonch\u00e9 sulla necessit\u00e0 di adottare tutte le precauzioni previste per le medesime finalit\u00e0. In questo contesto, \u00e8 stato deciso di intensificare l\u2019attivit\u00e0 di vigilanza e controllo da parte delle Forze di Polizia in un\u2019ottica di doverosa prevenzione. La problematica continuer\u00e0 ad essere monitorata da tutte le Istituzioni a vario titolo interessate per l\u2019adozione di tutte le necessarie misure.<\/p>\n","protected":false},"excerpt":{"rendered":"<p>&nbsp; BELLUNO Si \u00e8 tenuta oggi pomeriggio, in Prefettura, una riunione del Comitato Provinciale per l\u2019Ordine e la Sicurezza Pubblica, presieduto dal Prefetto, Adriana Cogode, con la partecipazione del Presidente della Provincia, dei Sindaci di Santo Stefano di Cadore, San Pietro di Cadore, dei vertici provinciali delle Forze di Polizia, del Direttore Generale della ULSS&hellip;<\/p>\n","protected":false},"author":2,"featured_media":163072,"comment_status":"closed","ping_status":"closed","sticky":false,"template":"","format":"standard","meta":{"_monsterinsights_skip_tracking":false,"_monsterinsights_sitenote_active":false,"_monsterinsights_sitenote_note":"","_monsterinsights_sitenote_category":0,"footnotes":""},"categories":[51],"tags":[],"class_list":["post-163071","post","type-post","status-publish","format-standard","has-post-thumbnail","hentry","category-evidenza-top","category-51","description-off"],"img_url":"https:\/\/www.radiopiu.net\/wordpress\/wp-content\/uploads\/2020\/09\/cadore-coronavir.jpg","_links":{"self":[{"href":"https:\/\/www.radiopiu.net\/wordpress\/wp-json\/wp\/v2\/posts\/163071","targetHints":{"allow":["GET"]}}],"collection":[{"href":"https:\/\/www.radiopiu.net\/wordpress\/wp-json\/wp\/v2\/posts"}],"about":[{"href":"https:\/\/www.radiopiu.net\/wordpress\/wp-json\/wp\/v2\/types\/post"}],"author":[{"embeddable":true,"href":"https:\/\/www.radiopiu.net\/wordpress\/wp-json\/wp\/v2\/users\/2"}],"replies":[{"embeddable":true,"href":"https:\/\/www.radiopiu.net\/wordpress\/wp-json\/wp\/v2\/comments?post=163071"}],"version-history":[{"count":0,"href":"https:\/\/www.radiopiu.net\/wordpress\/wp-json\/wp\/v2\/posts\/163071\/revisions"}],"wp:featuredmedia":[{"embeddable":true,"href":"https:\/\/www.radiopiu.net\/wordpress\/wp-json\/wp\/v2\/media\/163072"}],"wp:attachment":[{"href":"https:\/\/www.radiopiu.net\/wordpress\/wp-json\/wp\/v2\/media?parent=163071"}],"wp:term":[{"taxonomy":"category","embeddable":true,"href":"https:\/\/www.radiopiu.net\/wordpress\/wp-json\/wp\/v2\/categories?post=163071"},{"taxonomy":"post_tag","embeddable":true,"href":"https:\/\/www.radiopiu.net\/wordpress\/wp-json\/wp\/v2\/tags?post=163071"}],"curies":[{"name":"wp","href":"https:\/\/api.w.org\/{rel}","templated":true}]}}