{"id":163120,"date":"2020-09-29T06:13:22","date_gmt":"2020-09-29T04:13:22","guid":{"rendered":"https:\/\/www.radiopiu.net\/wordpress\/?p=163120"},"modified":"2020-09-29T08:44:40","modified_gmt":"2020-09-29T06:44:40","slug":"https-wp-me-p63lo7-gqy","status":"publish","type":"post","link":"https:\/\/www.radiopiu.net\/wordpress\/https-wp-me-p63lo7-gqy\/","title":{"rendered":"MONSIGNOR ETTORE FORNEZZA RICORDA IL SORRISO DI LUCIANI CON UN LIBRO"},"content":{"rendered":"<p><a class=\"dt-pswp-item\" href=\"https:\/\/www.radiopiu.net\/wordpress\/wp-content\/uploads\/2020\/09\/b3ebc906-a21a-4eb2-ad35-f48a54831589.jpg\" data-dt-img-description=\"\" data-large_image_width=\"824\" data-large_image_height=\"1174\"><img loading=\"lazy\" decoding=\"async\" class=\"size-medium wp-image-163121 alignleft\" src=\"https:\/\/www.radiopiu.net\/wordpress\/wp-content\/uploads\/2020\/09\/b3ebc906-a21a-4eb2-ad35-f48a54831589-211x300.jpg\" alt=\"\" width=\"211\" height=\"300\" srcset=\"https:\/\/www.radiopiu.net\/wordpress\/wp-content\/uploads\/2020\/09\/b3ebc906-a21a-4eb2-ad35-f48a54831589-211x300.jpg 211w, https:\/\/www.radiopiu.net\/wordpress\/wp-content\/uploads\/2020\/09\/b3ebc906-a21a-4eb2-ad35-f48a54831589-719x1024.jpg 719w, https:\/\/www.radiopiu.net\/wordpress\/wp-content\/uploads\/2020\/09\/b3ebc906-a21a-4eb2-ad35-f48a54831589-768x1094.jpg 768w, https:\/\/www.radiopiu.net\/wordpress\/wp-content\/uploads\/2020\/09\/b3ebc906-a21a-4eb2-ad35-f48a54831589-337x480.jpg 337w, https:\/\/www.radiopiu.net\/wordpress\/wp-content\/uploads\/2020\/09\/b3ebc906-a21a-4eb2-ad35-f48a54831589.jpg 824w\" sizes=\"auto, (max-width: 211px) 100vw, 211px\" \/><\/a><strong>VENEZIA<\/strong> Ieri alla Scuola Grande di San Rocco a Venezia in occasione del 42esimo anniversario della scomparsa di Albino Luciani, Giovanni Paolo I, il papa bellunese nato a Canale d\u2019Agordo \u00e8 stato presentato il libro \u201cNostalgia di un sorriso\u201d\u00a0 (Associazione Oasi Papa Luciani Onlus editore). Si tratta di un volume curato da mons. Ettore Fornezza, che per quasi dieci anni \u00e8 stato accanto a Luciani prima come diacono, poi come prete e aiutante personale ed \u00e8 presidente dell\u2019Associazione Oasi Papa Luciani creata in memoria dell\u2019ex Patriarca di Venezia. Il libro \u00e8 ricco di fotografie, molte delle quali inedite, e racconta un Papa Luciani lontano dall&#8217;ufficialit\u00e0, insieme alle persone pi\u00f9 care, a coltivare i suoi studi che poi sarebbero diventati i suoi insegnamenti di vita fino a illustrare il suo apostolato tra il Bellunese, Vittorio Veneto, Venezia e infine i 33 giorni del suo Pontificato romano. Quello di mons. Fornezza \u00e8 un viaggio nella memoria per un uomo che \u00e8 ancora nel cuore di molta gente. Nel corso della presentazione\u00a0 sono intervenuti Franco Posocco, Guardian Grando di San Rocco, dell&#8217;arcivescovo Fabio Dal Cin e la presenza dell&#8217;autore oltre ad un intermezzo musicale con il maestro Riccardo Parravicini. <em>\u00abIl sorriso \u2013 si legge nell\u2019introduzione a firma di Fornezza &#8211; era la sua prerogativa, malgrado non ci si aspetti che un montanaro, un prete per di pi\u00f9, caratterizzi il suo modo di essere proprio con quel gesto che pi\u00f9 avvicina i cuori della gente. Di quel sorriso provo grande nostalgia. Un sorriso che arrivava quando mi accoglieva nella sua stanza in Patriarcato, quando mi salutava al mattino e alla sera, quando pregava e quando celebrava la messa. Quando incontrava i veneziani, i parrocchiani della Diocesi e soprattutto i bambini: Albino Luciani li amava\u201d.<\/em>\u00a0 Oltre alla biografia, alle testimonianze e agli aneddoti su Papa Luciani, c&#8217;\u00e8 anche un omaggio alla sua terra, a quell&#8217;oasi che ora porta il suo nome in localit\u00e0 Ghisel di Cencenighe, a due passi da Canale d&#8217;Agordo, frequentata da tanti giovani delle parrocchie veneziane. Anche qui Vaia ha lasciato il segno distruggendo il sentiero che porta all&#8217;oasi ma\u00a0 tra pochi giorni inizieranno\u00a0 i lavori per\u00a0 il suo ripristino.<\/p>\n<h3><a class=\"dt-pswp-item\" href=\"https:\/\/www.radiopiu.net\/wordpress\/wp-content\/uploads\/2020\/09\/banner-montagna-radio-1.jpg\" data-dt-img-description=\"\" data-large_image_width=\"1200\" data-large_image_height=\"300\"><img loading=\"lazy\" decoding=\"async\" class=\"wp-image-162835 aligncenter\" src=\"https:\/\/www.radiopiu.net\/wordpress\/wp-content\/uploads\/2020\/09\/banner-montagna-radio-1-300x75.jpg\" alt=\"\" width=\"411\" height=\"103\" srcset=\"https:\/\/www.radiopiu.net\/wordpress\/wp-content\/uploads\/2020\/09\/banner-montagna-radio-1-300x75.jpg 300w, https:\/\/www.radiopiu.net\/wordpress\/wp-content\/uploads\/2020\/09\/banner-montagna-radio-1-1024x256.jpg 1024w, https:\/\/www.radiopiu.net\/wordpress\/wp-content\/uploads\/2020\/09\/banner-montagna-radio-1-768x192.jpg 768w, https:\/\/www.radiopiu.net\/wordpress\/wp-content\/uploads\/2020\/09\/banner-montagna-radio-1-640x160.jpg 640w, https:\/\/www.radiopiu.net\/wordpress\/wp-content\/uploads\/2020\/09\/banner-montagna-radio-1.jpg 1200w\" sizes=\"auto, (max-width: 411px) 100vw, 411px\" \/><\/a><\/h3>\n","protected":false},"excerpt":{"rendered":"<p>VENEZIA Ieri alla Scuola Grande di San Rocco a Venezia in occasione del 42esimo anniversario della scomparsa di Albino Luciani, Giovanni Paolo I, il papa bellunese nato a Canale d\u2019Agordo \u00e8 stato presentato il libro \u201cNostalgia di un sorriso\u201d\u00a0 (Associazione Oasi Papa Luciani Onlus editore). Si tratta di un volume curato da mons. Ettore Fornezza,&hellip;<\/p>\n","protected":false},"author":4,"featured_media":163121,"comment_status":"closed","ping_status":"closed","sticky":false,"template":"","format":"standard","meta":{"_monsterinsights_skip_tracking":false,"_monsterinsights_sitenote_active":false,"_monsterinsights_sitenote_note":"","_monsterinsights_sitenote_category":0,"footnotes":""},"categories":[51,49],"tags":[],"class_list":["post-163120","post","type-post","status-publish","format-standard","has-post-thumbnail","hentry","category-evidenza-top","category-news-18","category-51","category-49","description-off"],"img_url":"https:\/\/www.radiopiu.net\/wordpress\/wp-content\/uploads\/2020\/09\/b3ebc906-a21a-4eb2-ad35-f48a54831589.jpg","_links":{"self":[{"href":"https:\/\/www.radiopiu.net\/wordpress\/wp-json\/wp\/v2\/posts\/163120","targetHints":{"allow":["GET"]}}],"collection":[{"href":"https:\/\/www.radiopiu.net\/wordpress\/wp-json\/wp\/v2\/posts"}],"about":[{"href":"https:\/\/www.radiopiu.net\/wordpress\/wp-json\/wp\/v2\/types\/post"}],"author":[{"embeddable":true,"href":"https:\/\/www.radiopiu.net\/wordpress\/wp-json\/wp\/v2\/users\/4"}],"replies":[{"embeddable":true,"href":"https:\/\/www.radiopiu.net\/wordpress\/wp-json\/wp\/v2\/comments?post=163120"}],"version-history":[{"count":0,"href":"https:\/\/www.radiopiu.net\/wordpress\/wp-json\/wp\/v2\/posts\/163120\/revisions"}],"wp:featuredmedia":[{"embeddable":true,"href":"https:\/\/www.radiopiu.net\/wordpress\/wp-json\/wp\/v2\/media\/163121"}],"wp:attachment":[{"href":"https:\/\/www.radiopiu.net\/wordpress\/wp-json\/wp\/v2\/media?parent=163120"}],"wp:term":[{"taxonomy":"category","embeddable":true,"href":"https:\/\/www.radiopiu.net\/wordpress\/wp-json\/wp\/v2\/categories?post=163120"},{"taxonomy":"post_tag","embeddable":true,"href":"https:\/\/www.radiopiu.net\/wordpress\/wp-json\/wp\/v2\/tags?post=163120"}],"curies":[{"name":"wp","href":"https:\/\/api.w.org\/{rel}","templated":true}]}}