{"id":163200,"date":"2020-09-30T05:55:13","date_gmt":"2020-09-30T03:55:13","guid":{"rendered":"https:\/\/www.radiopiu.net\/wordpress\/?p=163200"},"modified":"2020-09-30T06:13:04","modified_gmt":"2020-09-30T04:13:04","slug":"al-via-il-programma-campus-lottico-fa-scuola-in-luxottica-opportunita-di-stage-presso-i-negozi-di-salmoiraghi-vigano-vistasi-e-ray-ban","status":"publish","type":"post","link":"https:\/\/www.radiopiu.net\/wordpress\/al-via-il-programma-campus-lottico-fa-scuola-in-luxottica-opportunita-di-stage-presso-i-negozi-di-salmoiraghi-vigano-vistasi-e-ray-ban\/","title":{"rendered":"AL VIA IL PROGRAMMA CAMPUS: L\u2019OTTICO FA SCUOLA IN LUXOTTICA. OPPORTUNIT\u00c0 DI STAGE PRESSO I NEGOZI DI SALMOIRAGHI &#038; VIGAN\u00d2, VISTAS\u00cc E RAY-BAN"},"content":{"rendered":"<h3><a class=\"dt-pswp-item\" href=\"https:\/\/www.radiopiu.net\/wordpress\/wp-content\/uploads\/2020\/09\/banner-montagna-radio-1.jpg\" data-dt-img-description=\"\" data-large_image_width=\"1200\" data-large_image_height=\"300\"><img loading=\"lazy\" decoding=\"async\" class=\"wp-image-162835 aligncenter\" src=\"https:\/\/www.radiopiu.net\/wordpress\/wp-content\/uploads\/2020\/09\/banner-montagna-radio-1-300x75.jpg\" alt=\"\" width=\"411\" height=\"103\" srcset=\"https:\/\/www.radiopiu.net\/wordpress\/wp-content\/uploads\/2020\/09\/banner-montagna-radio-1-300x75.jpg 300w, https:\/\/www.radiopiu.net\/wordpress\/wp-content\/uploads\/2020\/09\/banner-montagna-radio-1-1024x256.jpg 1024w, https:\/\/www.radiopiu.net\/wordpress\/wp-content\/uploads\/2020\/09\/banner-montagna-radio-1-768x192.jpg 768w, https:\/\/www.radiopiu.net\/wordpress\/wp-content\/uploads\/2020\/09\/banner-montagna-radio-1-640x160.jpg 640w, https:\/\/www.radiopiu.net\/wordpress\/wp-content\/uploads\/2020\/09\/banner-montagna-radio-1.jpg 1200w\" sizes=\"auto, (max-width: 411px) 100vw, 411px\" \/><\/a><\/h3>\n<p><strong><a class=\"dt-pswp-item\" href=\"https:\/\/www.radiopiu.net\/wordpress\/wp-content\/uploads\/2020\/08\/LUXOTTICA-2020.jpg\" data-dt-img-description=\"\" data-large_image_width=\"2048\" data-large_image_height=\"1536\"><img loading=\"lazy\" decoding=\"async\" class=\"size-medium wp-image-157799 alignleft\" src=\"https:\/\/www.radiopiu.net\/wordpress\/wp-content\/uploads\/2020\/08\/LUXOTTICA-2020-300x225.jpg\" alt=\"\" width=\"300\" height=\"225\" srcset=\"https:\/\/www.radiopiu.net\/wordpress\/wp-content\/uploads\/2020\/08\/LUXOTTICA-2020-300x225.jpg 300w, https:\/\/www.radiopiu.net\/wordpress\/wp-content\/uploads\/2020\/08\/LUXOTTICA-2020-1024x768.jpg 1024w, https:\/\/www.radiopiu.net\/wordpress\/wp-content\/uploads\/2020\/08\/LUXOTTICA-2020-768x576.jpg 768w, https:\/\/www.radiopiu.net\/wordpress\/wp-content\/uploads\/2020\/08\/LUXOTTICA-2020-1536x1152.jpg 1536w, https:\/\/www.radiopiu.net\/wordpress\/wp-content\/uploads\/2020\/08\/LUXOTTICA-2020-640x480.jpg 640w, https:\/\/www.radiopiu.net\/wordpress\/wp-content\/uploads\/2020\/08\/LUXOTTICA-2020.jpg 2048w\" sizes=\"auto, (max-width: 300px) 100vw, 300px\" \/><\/a>MILANO\u00a0<\/strong>Luxottica investe sui giovani e avvia per la prima volta un programma di formazione professionale e inserimento al lavoro dedicato ai migliori neodiplomati delle scuole italiane di ottica.\u00a0Il nuovo Programma Campus di Luxottica Retail Italia offre l\u2019opportunit\u00e0 di 80 percorsi di stage all\u2019anno, della durata di sei mesi, per aspiranti professionisti dell\u2019ottica all\u2019interno dei punti vendita Salmoiraghi &amp; Vigan\u00f2, VistaS\u00ec e Ray-Ban in tutta Italia.\u00a0La finalit\u00e0 dell\u2019iniziativa \u00e8 duplice: aprire da una parte ai giovani diplomati pi\u00f9 meritevoli e motivati una porta di ingresso preferenziale al mestiere in un contesto dinamico e collegato con il mondo Luxottica e il mercato dell\u2019eyewear e dell\u2019eyecare internazionale; dall\u2019altra favorire l\u2019avvio in azienda di percorsi virtuosi di ricambio generazionale e inserimento di nuove competenze e stimoli legali al mondo dei pi\u00f9 giovani.\u00a0I profili selezionati saranno inseriti all\u2019interno di uno staff di negozio per fare esperienza sia nell\u2019ambito dei controlli della vista sia nella vendita e nella consulenza diretta al cliente. Al termine del percorso, ai candidati che si saranno distinti maggiormente sar\u00e0 riconosciuto un premio d\u2019inserimento di 2.500 Euro e un contratto a tempo determinato di sei mesi, con possibilit\u00e0 di trasformazione a tempo indeterminato.\u00a0Con Programma Campus, Luxottica Retail Italia inaugura un nuovo filone strategico di attivit\u00e0 che punta sul mondo giovanile. L\u2019azienda crede fortemente nella formazione e nell\u2019evoluzione dei processi di crescita delle persone che oggi, sempre pi\u00f9, passano dalle opportunit\u00e0 di specializzazione. In questo contesto, la creazione di una rete interna di talenti \u00e8 leva indispensabile per la crescita del business e per la qualit\u00e0 e l\u2019attualit\u00e0 dei servizi offerti.\u00a0<em>\u201cStiamo vivendo questo periodo con una forte voglia di rinascita\u201d<\/em>, ha commentato Leonardo Maria Del Vecchio, Head of Retail Italy,\u00a0<em>\u201cGuardiamo avanti con grande energia e siamo convinti che sia proprio questo il momento di investire sui giovani. Il futuro del settore \u00e8 da costruire giorno per giorno insieme ai tanti talenti che si avvicinano con passione al mondo dell\u2019ottica. La mia stessa esperienza personale conferma quanto sia importante valorizzare e promuovere la formazione per coltivare professionalit\u00e0 altamente specializzate a livello tecnico senza dimenticare l\u2019attenzione commerciale verso il cliente. Da sempre, in Luxottica le persone sono la nostra priorit\u00e0 e vogliamo costruire nuovi percorsi formativi affinch\u00e9 possa essere cos\u00ec, e ancor pi\u00f9, nel prossimo futuro\u201d.<\/em><\/p>\n<p>&nbsp;<\/p>\n","protected":false},"excerpt":{"rendered":"<p>MILANO\u00a0Luxottica investe sui giovani e avvia per la prima volta un programma di formazione professionale e inserimento al lavoro dedicato ai migliori neodiplomati delle scuole italiane di ottica.\u00a0Il nuovo Programma Campus di Luxottica Retail Italia offre l\u2019opportunit\u00e0 di 80 percorsi di stage all\u2019anno, della durata di sei mesi, per aspiranti professionisti dell\u2019ottica all\u2019interno dei punti&hellip;<\/p>\n","protected":false},"author":4,"featured_media":157799,"comment_status":"closed","ping_status":"closed","sticky":false,"template":"","format":"standard","meta":{"_monsterinsights_skip_tracking":false,"_monsterinsights_sitenote_active":false,"_monsterinsights_sitenote_note":"","_monsterinsights_sitenote_category":0,"footnotes":""},"categories":[51,49],"tags":[],"class_list":["post-163200","post","type-post","status-publish","format-standard","has-post-thumbnail","hentry","category-evidenza-top","category-news-18","category-51","category-49","description-off"],"img_url":"https:\/\/www.radiopiu.net\/wordpress\/wp-content\/uploads\/2020\/08\/LUXOTTICA-2020.jpg","_links":{"self":[{"href":"https:\/\/www.radiopiu.net\/wordpress\/wp-json\/wp\/v2\/posts\/163200","targetHints":{"allow":["GET"]}}],"collection":[{"href":"https:\/\/www.radiopiu.net\/wordpress\/wp-json\/wp\/v2\/posts"}],"about":[{"href":"https:\/\/www.radiopiu.net\/wordpress\/wp-json\/wp\/v2\/types\/post"}],"author":[{"embeddable":true,"href":"https:\/\/www.radiopiu.net\/wordpress\/wp-json\/wp\/v2\/users\/4"}],"replies":[{"embeddable":true,"href":"https:\/\/www.radiopiu.net\/wordpress\/wp-json\/wp\/v2\/comments?post=163200"}],"version-history":[{"count":0,"href":"https:\/\/www.radiopiu.net\/wordpress\/wp-json\/wp\/v2\/posts\/163200\/revisions"}],"wp:featuredmedia":[{"embeddable":true,"href":"https:\/\/www.radiopiu.net\/wordpress\/wp-json\/wp\/v2\/media\/157799"}],"wp:attachment":[{"href":"https:\/\/www.radiopiu.net\/wordpress\/wp-json\/wp\/v2\/media?parent=163200"}],"wp:term":[{"taxonomy":"category","embeddable":true,"href":"https:\/\/www.radiopiu.net\/wordpress\/wp-json\/wp\/v2\/categories?post=163200"},{"taxonomy":"post_tag","embeddable":true,"href":"https:\/\/www.radiopiu.net\/wordpress\/wp-json\/wp\/v2\/tags?post=163200"}],"curies":[{"name":"wp","href":"https:\/\/api.w.org\/{rel}","templated":true}]}}