{"id":163350,"date":"2020-09-30T09:39:25","date_gmt":"2020-09-30T07:39:25","guid":{"rendered":"https:\/\/www.radiopiu.net\/wordpress\/?p=163350"},"modified":"2020-09-30T09:39:25","modified_gmt":"2020-09-30T07:39:25","slug":"blackfin-con-landrea-bocelli-foundation-per-un-nuovo-progetto-di-cultura-musicale","status":"publish","type":"post","link":"https:\/\/www.radiopiu.net\/wordpress\/blackfin-con-landrea-bocelli-foundation-per-un-nuovo-progetto-di-cultura-musicale\/","title":{"rendered":"BLACKFIN CON L\u2019ANDREA BOCELLI FOUNDATION  PER UN NUOVO PROGETTO DI CULTURA MUSICALE"},"content":{"rendered":"<h3><a class=\"dt-pswp-item\" href=\"https:\/\/www.radiopiu.net\/wordpress\/wp-content\/uploads\/2020\/09\/banner-montagna-radio-1.jpg\" data-dt-img-description=\"\" data-large_image_width=\"1200\" data-large_image_height=\"300\"><img loading=\"lazy\" decoding=\"async\" class=\"wp-image-162835 aligncenter\" src=\"https:\/\/www.radiopiu.net\/wordpress\/wp-content\/uploads\/2020\/09\/banner-montagna-radio-1-300x75.jpg\" alt=\"\" width=\"411\" height=\"103\" srcset=\"https:\/\/www.radiopiu.net\/wordpress\/wp-content\/uploads\/2020\/09\/banner-montagna-radio-1-300x75.jpg 300w, https:\/\/www.radiopiu.net\/wordpress\/wp-content\/uploads\/2020\/09\/banner-montagna-radio-1-1024x256.jpg 1024w, https:\/\/www.radiopiu.net\/wordpress\/wp-content\/uploads\/2020\/09\/banner-montagna-radio-1-768x192.jpg 768w, https:\/\/www.radiopiu.net\/wordpress\/wp-content\/uploads\/2020\/09\/banner-montagna-radio-1-640x160.jpg 640w, https:\/\/www.radiopiu.net\/wordpress\/wp-content\/uploads\/2020\/09\/banner-montagna-radio-1.jpg 1200w\" sizes=\"auto, (max-width: 411px) 100vw, 411px\" \/><\/a><\/h3>\n<p><strong><a class=\"dt-pswp-item\" href=\"https:\/\/www.radiopiu.net\/wordpress\/wp-content\/uploads\/2020\/09\/Andrea-Bocelli_6.jpg\" data-dt-img-description=\"\" data-large_image_width=\"960\" data-large_image_height=\"640\"><img loading=\"lazy\" decoding=\"async\" class=\"size-medium wp-image-163353 alignleft\" src=\"https:\/\/www.radiopiu.net\/wordpress\/wp-content\/uploads\/2020\/09\/Andrea-Bocelli_6-300x200.jpg\" alt=\"\" width=\"300\" height=\"200\" srcset=\"https:\/\/www.radiopiu.net\/wordpress\/wp-content\/uploads\/2020\/09\/Andrea-Bocelli_6-300x200.jpg 300w, https:\/\/www.radiopiu.net\/wordpress\/wp-content\/uploads\/2020\/09\/Andrea-Bocelli_6-768x512.jpg 768w, https:\/\/www.radiopiu.net\/wordpress\/wp-content\/uploads\/2020\/09\/Andrea-Bocelli_6-640x427.jpg 640w, https:\/\/www.radiopiu.net\/wordpress\/wp-content\/uploads\/2020\/09\/Andrea-Bocelli_6.jpg 960w\" sizes=\"auto, (max-width: 300px) 100vw, 300px\" \/><\/a>AGORDO\u00a0<\/strong>Sar\u00e0 inaugurata domani la nuova Accademia della Musica di Camerino, realizzata in meno di 150 giorni grazie ai fondi e alla supervisione della ABF &#8211; Andrea Bocelli Foundation, ricostruita al posto del precedente edificio irrecuperabilmente lesionato durante il sisma che ha colpito le Marche nel 2016.\u00a0L\u2019evento di inaugurazione, alla presenza del celebre tenore assieme alle principali cariche istituzionali nazionali e regionali, rappresenta un altro importante tassello che segna l\u2019impegno della Fondazione per la promozione della cultura e all\u2019arte (quella musicale) all\u2019interno dei progetti educativi ABF ed esprime piena coerenza con la sua mission: \u201c<em>Empowering People and Communities\u201d<\/em>.\u00a0La struttura della nuova Accademia, moderna e sicura, comprende 10 aule e un auditorium. Funger\u00e0 anche da sede distaccata del Conservatorio di Fermo e sar\u00e0 intitolata al tenore marchigiano Franco Corelli, che di Bocelli fu maestro e amico. La cittadina universitaria si vedr\u00e0 dunque restituire una adeguata Casa della Musica destinata a diventare una fucina didattica e artistica degna della nobile tradizione che da secoli caratterizza la vita culturale di Camerino.\u00a0Blackfin, che da anni sostiene l\u2019operato dell\u2019Andrea Bocelli Foundation, \u00e8 lieta dunque di prendere parte a questo importante progetto dedicato alla musica, una forma artistica che proprio in Andrea Bocelli trova espressione massima di una delle eccellenze del nostro Paese.\u00a0<em>\u201cSiamo felici e onorati di contribuire alla crescita di giovani talenti, immagine di una Italia sana e autentica, con un progetto fortemente legato al territorio e alle persone, in perfetta sintonia con i valori di responsabilit\u00e0 sociale che animano Blackfin e rappresentano le basi essenziali su cui poggia il nostro concetto di neomadeinitaly\u201d <\/em>dichiara Nicola Del Din, CEO di Blackfin<em>.<\/em><\/p>\n","protected":false},"excerpt":{"rendered":"<p>AGORDO\u00a0Sar\u00e0 inaugurata domani la nuova Accademia della Musica di Camerino, realizzata in meno di 150 giorni grazie ai fondi e alla supervisione della ABF &#8211; Andrea Bocelli Foundation, ricostruita al posto del precedente edificio irrecuperabilmente lesionato durante il sisma che ha colpito le Marche nel 2016.\u00a0L\u2019evento di inaugurazione, alla presenza del celebre tenore assieme alle&hellip;<\/p>\n","protected":false},"author":4,"featured_media":163353,"comment_status":"closed","ping_status":"closed","sticky":false,"template":"","format":"standard","meta":{"_monsterinsights_skip_tracking":false,"_monsterinsights_sitenote_active":false,"_monsterinsights_sitenote_note":"","_monsterinsights_sitenote_category":0,"footnotes":""},"categories":[49],"tags":[],"class_list":["post-163350","post","type-post","status-publish","format-standard","has-post-thumbnail","hentry","category-news-18","category-49","description-off"],"img_url":"https:\/\/www.radiopiu.net\/wordpress\/wp-content\/uploads\/2020\/09\/Andrea-Bocelli_6.jpg","_links":{"self":[{"href":"https:\/\/www.radiopiu.net\/wordpress\/wp-json\/wp\/v2\/posts\/163350","targetHints":{"allow":["GET"]}}],"collection":[{"href":"https:\/\/www.radiopiu.net\/wordpress\/wp-json\/wp\/v2\/posts"}],"about":[{"href":"https:\/\/www.radiopiu.net\/wordpress\/wp-json\/wp\/v2\/types\/post"}],"author":[{"embeddable":true,"href":"https:\/\/www.radiopiu.net\/wordpress\/wp-json\/wp\/v2\/users\/4"}],"replies":[{"embeddable":true,"href":"https:\/\/www.radiopiu.net\/wordpress\/wp-json\/wp\/v2\/comments?post=163350"}],"version-history":[{"count":0,"href":"https:\/\/www.radiopiu.net\/wordpress\/wp-json\/wp\/v2\/posts\/163350\/revisions"}],"wp:featuredmedia":[{"embeddable":true,"href":"https:\/\/www.radiopiu.net\/wordpress\/wp-json\/wp\/v2\/media\/163353"}],"wp:attachment":[{"href":"https:\/\/www.radiopiu.net\/wordpress\/wp-json\/wp\/v2\/media?parent=163350"}],"wp:term":[{"taxonomy":"category","embeddable":true,"href":"https:\/\/www.radiopiu.net\/wordpress\/wp-json\/wp\/v2\/categories?post=163350"},{"taxonomy":"post_tag","embeddable":true,"href":"https:\/\/www.radiopiu.net\/wordpress\/wp-json\/wp\/v2\/tags?post=163350"}],"curies":[{"name":"wp","href":"https:\/\/api.w.org\/{rel}","templated":true}]}}