{"id":163390,"date":"2020-09-30T16:08:22","date_gmt":"2020-09-30T14:08:22","guid":{"rendered":"https:\/\/www.radiopiu.net\/wordpress\/?p=163390"},"modified":"2020-09-30T16:10:18","modified_gmt":"2020-09-30T14:10:18","slug":"https-wp-me-p63lo7-gvk","status":"publish","type":"post","link":"https:\/\/www.radiopiu.net\/wordpress\/https-wp-me-p63lo7-gvk\/","title":{"rendered":"QUANDO IL &#8220;DUP&#8221; GUARDA AL FUTURO PER LA SICUREZZA DI FRAZIONI E SCUOLE"},"content":{"rendered":"<h3><a class=\"dt-pswp-item\" href=\"https:\/\/www.radiopiu.net\/wordpress\/wp-content\/uploads\/2020\/09\/banner-montagna-radio-1.jpg\" data-dt-img-description=\"\" data-large_image_width=\"1200\" data-large_image_height=\"300\"><img loading=\"lazy\" decoding=\"async\" class=\"wp-image-162835 aligncenter\" src=\"https:\/\/www.radiopiu.net\/wordpress\/wp-content\/uploads\/2020\/09\/banner-montagna-radio-1-300x75.jpg\" alt=\"\" width=\"411\" height=\"103\" srcset=\"https:\/\/www.radiopiu.net\/wordpress\/wp-content\/uploads\/2020\/09\/banner-montagna-radio-1-300x75.jpg 300w, https:\/\/www.radiopiu.net\/wordpress\/wp-content\/uploads\/2020\/09\/banner-montagna-radio-1-1024x256.jpg 1024w, https:\/\/www.radiopiu.net\/wordpress\/wp-content\/uploads\/2020\/09\/banner-montagna-radio-1-768x192.jpg 768w, https:\/\/www.radiopiu.net\/wordpress\/wp-content\/uploads\/2020\/09\/banner-montagna-radio-1-640x160.jpg 640w, https:\/\/www.radiopiu.net\/wordpress\/wp-content\/uploads\/2020\/09\/banner-montagna-radio-1.jpg 1200w\" sizes=\"auto, (max-width: 411px) 100vw, 411px\" \/><\/a><\/h3>\n<p><strong><a class=\"dt-pswp-item\" href=\"https:\/\/www.radiopiu.net\/wordpress\/wp-content\/uploads\/2020\/09\/Municipo_Ponte_nelle_Alpi.jpg\" data-dt-img-description=\"\" data-large_image_width=\"1507\" data-large_image_height=\"1130\"><img loading=\"lazy\" decoding=\"async\" class=\" wp-image-163392 alignleft\" src=\"https:\/\/www.radiopiu.net\/wordpress\/wp-content\/uploads\/2020\/09\/Municipo_Ponte_nelle_Alpi-300x225.jpg\" alt=\"\" width=\"257\" height=\"193\" srcset=\"https:\/\/www.radiopiu.net\/wordpress\/wp-content\/uploads\/2020\/09\/Municipo_Ponte_nelle_Alpi-300x225.jpg 300w, https:\/\/www.radiopiu.net\/wordpress\/wp-content\/uploads\/2020\/09\/Municipo_Ponte_nelle_Alpi-1024x768.jpg 1024w, https:\/\/www.radiopiu.net\/wordpress\/wp-content\/uploads\/2020\/09\/Municipo_Ponte_nelle_Alpi-768x576.jpg 768w, https:\/\/www.radiopiu.net\/wordpress\/wp-content\/uploads\/2020\/09\/Municipo_Ponte_nelle_Alpi-640x480.jpg 640w, https:\/\/www.radiopiu.net\/wordpress\/wp-content\/uploads\/2020\/09\/Municipo_Ponte_nelle_Alpi.jpg 1507w\" sizes=\"auto, (max-width: 257px) 100vw, 257px\" \/><\/a>PONTE NELLE ALPI\u00a0<\/strong> Il motto \u00e8 gi\u00e0 scritto &#8220;<em>Con il Dup, il domani di Ponte \u00e8 adesso&#8221;<\/em> e Fa pendant con <em>&#8220;Il Comune pianifica il futuro&#8221;.<\/em> Infatti, il\u00a0<span style=\"color: #000000; font-family: Helvetica;\"> Documento Unico di Programmazione, che proprio oggi viene discusso in consiglio comunale prevede interventi importanti:<\/span><span style=\"color: #000000; font-family: Helvetica;\"> asfaltature per sistemare diversi tratti delle strade comunali;\u00a0 <\/span>pavimentazione lignea e nuove attrezzature per palestra di Polpet maggiormente fruibile. <span style=\"color: #000000; font-family: Helvetica;\">Priorit\u00e0 pure alla valorizzazione dei centri frazionali,\u00a0 qui rientrano gli interventi orientati a coinvolgere le piazze di Paiane e Cugnan (80mila euro). A Paiane,\u00a0 a dicembre, riaprir\u00e0 il teatro. A Quantin sono all&#8217;orizzonte opere di completamento del complesso sportivo (185mila euro) e quelle per la prevenzione degli incendi nella piastra sportiva, una spesa da\u00a0 109.500\u00a0 con un contributo di 80 mil<a class=\"dt-pswp-item\" href=\"https:\/\/www.radiopiu.net\/wordpress\/wp-content\/uploads\/2020\/09\/Municipio_Ponte_nelle_Alpi_2.jpg\" data-dt-img-description=\"\" data-large_image_width=\"768\" data-large_image_height=\"1024\"><img loading=\"lazy\" decoding=\"async\" class=\"size-medium wp-image-163391 alignright\" src=\"https:\/\/www.radiopiu.net\/wordpress\/wp-content\/uploads\/2020\/09\/Municipio_Ponte_nelle_Alpi_2-225x300.jpg\" alt=\"\" width=\"225\" height=\"300\" srcset=\"https:\/\/www.radiopiu.net\/wordpress\/wp-content\/uploads\/2020\/09\/Municipio_Ponte_nelle_Alpi_2-225x300.jpg 225w, https:\/\/www.radiopiu.net\/wordpress\/wp-content\/uploads\/2020\/09\/Municipio_Ponte_nelle_Alpi_2-360x480.jpg 360w, https:\/\/www.radiopiu.net\/wordpress\/wp-content\/uploads\/2020\/09\/Municipio_Ponte_nelle_Alpi_2.jpg 768w\" sizes=\"auto, (max-width: 225px) 100vw, 225px\" \/><\/a>a euro dalla Provincia. Verr\u00e0 messo mano anche <\/span><span style=\"color: #000000; font-family: Helvetica;\">all\u2019autorimessa comunale (575mila euro) un adeguamento\u00a0 \u00a0coordinato con l&#8217;intervento nella sede municipale (1 milione 350mila euro). In tema di sicurezza l&#8217;amministrazione del sindaco Paolo\u00a0 Vendramini non si risparmia: <\/span><span style=\"color: #000000; font-family: Helvetica;\">lungo la tratta di viale Cadore il Comune intende dare forma al primo dei tre stralci per un importo di 150mila euro e al sottopasso di Nuova Erto, mentre la tutela di chi cammina e pedala sar\u00e0 garantita dalla passerella ciclopedonale sul fiume Piave. Quindi la scuola:<\/span><span style=\"color: #000000; font-family: Helvetica;\"> al traguardo l&#8217;efficientamento energetico alla scuola d&#8217;infanzia \u201cUnit\u00e0 d\u2019Italia\u201d, a Canevoi: 43mila euro l&#8217;importo totale, saranno sistemate inoltre\u00a0 tutte le aree esterne degli istituti comunali. Non viene dimenticato l&#8217;abbattimento<\/span><span style=\"color: #000000; font-family: Helvetica;\"> delle barriere architettoniche, con la sistemazione del marciapiede antistante il municipio a Cadola (45.700 euro) e il bocciodromo di Nuova Erto.\u00a0<\/span><\/p>\n<blockquote><p><em><span style=\"color: #000000; font-family: Helvetica;\">\u00abC\u2019\u00e8 grande soddisfazione &#8211; afferma il sindaco Vendramini &#8211; per aver approvato un documento che riguarda il futuro del territorio. E ci permette di realizzare una serie di opere che le frazioni richiedono da tempo\u00bb.\u00a0<\/span><\/em><\/p><\/blockquote>\n<p>&nbsp;<\/p>\n","protected":false},"excerpt":{"rendered":"<p>PONTE NELLE ALPI\u00a0 Il motto \u00e8 gi\u00e0 scritto &#8220;Con il Dup, il domani di Ponte \u00e8 adesso&#8221; e Fa pendant con &#8220;Il Comune pianifica il futuro&#8221;. Infatti, il\u00a0 Documento Unico di Programmazione, che proprio oggi viene discusso in consiglio comunale prevede interventi importanti: asfaltature per sistemare diversi tratti delle strade comunali;\u00a0 pavimentazione lignea e nuove&hellip;<\/p>\n","protected":false},"author":4,"featured_media":163392,"comment_status":"closed","ping_status":"closed","sticky":false,"template":"","format":"standard","meta":{"_monsterinsights_skip_tracking":false,"_monsterinsights_sitenote_active":false,"_monsterinsights_sitenote_note":"","_monsterinsights_sitenote_category":0,"footnotes":""},"categories":[49],"tags":[],"class_list":["post-163390","post","type-post","status-publish","format-standard","has-post-thumbnail","hentry","category-news-18","category-49","description-off"],"img_url":"https:\/\/www.radiopiu.net\/wordpress\/wp-content\/uploads\/2020\/09\/Municipo_Ponte_nelle_Alpi.jpg","_links":{"self":[{"href":"https:\/\/www.radiopiu.net\/wordpress\/wp-json\/wp\/v2\/posts\/163390","targetHints":{"allow":["GET"]}}],"collection":[{"href":"https:\/\/www.radiopiu.net\/wordpress\/wp-json\/wp\/v2\/posts"}],"about":[{"href":"https:\/\/www.radiopiu.net\/wordpress\/wp-json\/wp\/v2\/types\/post"}],"author":[{"embeddable":true,"href":"https:\/\/www.radiopiu.net\/wordpress\/wp-json\/wp\/v2\/users\/4"}],"replies":[{"embeddable":true,"href":"https:\/\/www.radiopiu.net\/wordpress\/wp-json\/wp\/v2\/comments?post=163390"}],"version-history":[{"count":0,"href":"https:\/\/www.radiopiu.net\/wordpress\/wp-json\/wp\/v2\/posts\/163390\/revisions"}],"wp:featuredmedia":[{"embeddable":true,"href":"https:\/\/www.radiopiu.net\/wordpress\/wp-json\/wp\/v2\/media\/163392"}],"wp:attachment":[{"href":"https:\/\/www.radiopiu.net\/wordpress\/wp-json\/wp\/v2\/media?parent=163390"}],"wp:term":[{"taxonomy":"category","embeddable":true,"href":"https:\/\/www.radiopiu.net\/wordpress\/wp-json\/wp\/v2\/categories?post=163390"},{"taxonomy":"post_tag","embeddable":true,"href":"https:\/\/www.radiopiu.net\/wordpress\/wp-json\/wp\/v2\/tags?post=163390"}],"curies":[{"name":"wp","href":"https:\/\/api.w.org\/{rel}","templated":true}]}}