{"id":163401,"date":"2020-09-30T16:29:36","date_gmt":"2020-09-30T14:29:36","guid":{"rendered":"https:\/\/www.radiopiu.net\/wordpress\/?p=163401"},"modified":"2020-09-30T16:30:06","modified_gmt":"2020-09-30T14:30:06","slug":"la-farmacia-di-pieve-alla-vittorio-veneto-servizi","status":"publish","type":"post","link":"https:\/\/www.radiopiu.net\/wordpress\/la-farmacia-di-pieve-alla-vittorio-veneto-servizi\/","title":{"rendered":"LA FARMACIA DI PIEVE ALLA VITTORIO VENETO SERVIZI"},"content":{"rendered":"<p><a class=\"dt-pswp-item\" href=\"https:\/\/www.radiopiu.net\/wordpress\/wp-content\/uploads\/2020\/09\/Framacia-Pieve.jpg\" data-dt-img-description=\"\" data-large_image_width=\"960\" data-large_image_height=\"720\"><img loading=\"lazy\" decoding=\"async\" class=\" wp-image-163403 alignleft\" src=\"https:\/\/www.radiopiu.net\/wordpress\/wp-content\/uploads\/2020\/09\/Framacia-Pieve-300x225.jpg\" alt=\"\" width=\"203\" height=\"152\" srcset=\"https:\/\/www.radiopiu.net\/wordpress\/wp-content\/uploads\/2020\/09\/Framacia-Pieve-300x225.jpg 300w, https:\/\/www.radiopiu.net\/wordpress\/wp-content\/uploads\/2020\/09\/Framacia-Pieve-768x576.jpg 768w, https:\/\/www.radiopiu.net\/wordpress\/wp-content\/uploads\/2020\/09\/Framacia-Pieve-640x480.jpg 640w, https:\/\/www.radiopiu.net\/wordpress\/wp-content\/uploads\/2020\/09\/Framacia-Pieve.jpg 960w\" sizes=\"auto, (max-width: 203px) 100vw, 203px\" \/><\/a><strong>ALPAGO<\/strong> Sar\u00e0 la Vittorio Veneto Servizi a gestire la farmacia di Pieve d\u2019Alpago come da esito del bando per l\u2019affidamento della gestione ad un soggetto privato esterno. L\u2019obiettivo migliorare la qualit\u00e0 e l\u2019efficienza del servizio in un\u2019ottica di ottimizzazione commerciale e professionale della struttura. <em>\u201cLa Vittorio Veneto Servizi, gi\u00e0 attiva nel comune trevigiano nella gestione di tre esercizi farmaceutici, ci d\u00e0 tutte le garanzie di esperienza e professionalit\u00e0 che cercavamo, consentendoci al tempo stesso di potenziare e ampliare la gamma dei servizi resi ai cittadini\u201d, commenta il sindaco di Alpago Umberto Soccal. <\/em>La societ\u00e0 vittoriese si \u00e8\u00a0 impegnata, tra l\u2019atro,\u00a0 anche ad avviare il\u00a0 servizio di consegna dei medicinali a domicilio, l\u2019applicazione di scontistiche per neonati e particolari categorie deboli e l\u2019ampliamento dell\u2019orario di apertura rispetto all\u2019attuale pari a 8 ore settimanali. Il cambio di gestione della farmacia potrebbe avvenire gi\u00e0 nel prossimo mese di novembre <em>&#8220;\u00c9 un progetto ambizioso &#8211; afferma Roberto Biz, amministratore della Vittorio Veneto Servizi &#8211; che permetter\u00e0 alla nostra societ\u00e0 di crescere e rafforzarsi ancor di pi\u00f9 sul mercato. La nostra azienda \u00e8 una solida realt\u00e0 attenta al territorio, siamo certi di poter inserirci in questa realt\u00e0 portando il nostro contributo e rafforzando il servizio alla comunit\u00e0&#8221;.<\/em><\/p>\n","protected":false},"excerpt":{"rendered":"<p>ALPAGO Sar\u00e0 la Vittorio Veneto Servizi a gestire la farmacia di Pieve d\u2019Alpago come da esito del bando per l\u2019affidamento della gestione ad un soggetto privato esterno. L\u2019obiettivo migliorare la qualit\u00e0 e l\u2019efficienza del servizio in un\u2019ottica di ottimizzazione commerciale e professionale della struttura. \u201cLa Vittorio Veneto Servizi, gi\u00e0 attiva nel comune trevigiano nella gestione&hellip;<\/p>\n","protected":false},"author":4,"featured_media":163403,"comment_status":"closed","ping_status":"closed","sticky":false,"template":"","format":"standard","meta":{"_monsterinsights_skip_tracking":false,"_monsterinsights_sitenote_active":false,"_monsterinsights_sitenote_note":"","_monsterinsights_sitenote_category":0,"footnotes":""},"categories":[49],"tags":[],"class_list":["post-163401","post","type-post","status-publish","format-standard","has-post-thumbnail","hentry","category-news-18","category-49","description-off"],"img_url":"https:\/\/www.radiopiu.net\/wordpress\/wp-content\/uploads\/2020\/09\/Framacia-Pieve.jpg","_links":{"self":[{"href":"https:\/\/www.radiopiu.net\/wordpress\/wp-json\/wp\/v2\/posts\/163401","targetHints":{"allow":["GET"]}}],"collection":[{"href":"https:\/\/www.radiopiu.net\/wordpress\/wp-json\/wp\/v2\/posts"}],"about":[{"href":"https:\/\/www.radiopiu.net\/wordpress\/wp-json\/wp\/v2\/types\/post"}],"author":[{"embeddable":true,"href":"https:\/\/www.radiopiu.net\/wordpress\/wp-json\/wp\/v2\/users\/4"}],"replies":[{"embeddable":true,"href":"https:\/\/www.radiopiu.net\/wordpress\/wp-json\/wp\/v2\/comments?post=163401"}],"version-history":[{"count":0,"href":"https:\/\/www.radiopiu.net\/wordpress\/wp-json\/wp\/v2\/posts\/163401\/revisions"}],"wp:featuredmedia":[{"embeddable":true,"href":"https:\/\/www.radiopiu.net\/wordpress\/wp-json\/wp\/v2\/media\/163403"}],"wp:attachment":[{"href":"https:\/\/www.radiopiu.net\/wordpress\/wp-json\/wp\/v2\/media?parent=163401"}],"wp:term":[{"taxonomy":"category","embeddable":true,"href":"https:\/\/www.radiopiu.net\/wordpress\/wp-json\/wp\/v2\/categories?post=163401"},{"taxonomy":"post_tag","embeddable":true,"href":"https:\/\/www.radiopiu.net\/wordpress\/wp-json\/wp\/v2\/tags?post=163401"}],"curies":[{"name":"wp","href":"https:\/\/api.w.org\/{rel}","templated":true}]}}