{"id":163431,"date":"2020-09-30T17:27:58","date_gmt":"2020-09-30T15:27:58","guid":{"rendered":"https:\/\/www.radiopiu.net\/wordpress\/?p=163431"},"modified":"2020-09-30T17:27:58","modified_gmt":"2020-09-30T15:27:58","slug":"riapre-lo-sportello-pubbliche-energie","status":"publish","type":"post","link":"https:\/\/www.radiopiu.net\/wordpress\/riapre-lo-sportello-pubbliche-energie\/","title":{"rendered":"RIAPRE LO SPORTELLO PUBBLICHE ENERGIE"},"content":{"rendered":"<h3><a class=\"dt-pswp-item\" href=\"https:\/\/www.radiopiu.net\/wordpress\/wp-content\/uploads\/2020\/09\/banner-montagna-radio-1.jpg\" data-dt-img-description=\"\" data-large_image_width=\"1200\" data-large_image_height=\"300\"><img loading=\"lazy\" decoding=\"async\" class=\"wp-image-162835 aligncenter\" src=\"https:\/\/www.radiopiu.net\/wordpress\/wp-content\/uploads\/2020\/09\/banner-montagna-radio-1-300x75.jpg\" alt=\"\" width=\"411\" height=\"103\" srcset=\"https:\/\/www.radiopiu.net\/wordpress\/wp-content\/uploads\/2020\/09\/banner-montagna-radio-1-300x75.jpg 300w, https:\/\/www.radiopiu.net\/wordpress\/wp-content\/uploads\/2020\/09\/banner-montagna-radio-1-1024x256.jpg 1024w, https:\/\/www.radiopiu.net\/wordpress\/wp-content\/uploads\/2020\/09\/banner-montagna-radio-1-768x192.jpg 768w, https:\/\/www.radiopiu.net\/wordpress\/wp-content\/uploads\/2020\/09\/banner-montagna-radio-1-640x160.jpg 640w, https:\/\/www.radiopiu.net\/wordpress\/wp-content\/uploads\/2020\/09\/banner-montagna-radio-1.jpg 1200w\" sizes=\"auto, (max-width: 411px) 100vw, 411px\" \/><\/a><\/h3>\n<blockquote>\n<h3><\/h3>\n<\/blockquote>\n<p><strong><a class=\"dt-pswp-item\" href=\"https:\/\/www.radiopiu.net\/wordpress\/wp-content\/uploads\/2020\/09\/Conferenza_stampa_PubblichEnergie-1.jpg\" data-dt-img-description=\"\" data-large_image_width=\"1416\" data-large_image_height=\"945\"><img loading=\"lazy\" decoding=\"async\" class=\" wp-image-163430 alignleft\" src=\"https:\/\/www.radiopiu.net\/wordpress\/wp-content\/uploads\/2020\/09\/Conferenza_stampa_PubblichEnergie-1-300x200.jpg\" alt=\"\" width=\"282\" height=\"188\" srcset=\"https:\/\/www.radiopiu.net\/wordpress\/wp-content\/uploads\/2020\/09\/Conferenza_stampa_PubblichEnergie-1-300x200.jpg 300w, https:\/\/www.radiopiu.net\/wordpress\/wp-content\/uploads\/2020\/09\/Conferenza_stampa_PubblichEnergie-1-1024x683.jpg 1024w, https:\/\/www.radiopiu.net\/wordpress\/wp-content\/uploads\/2020\/09\/Conferenza_stampa_PubblichEnergie-1-768x513.jpg 768w, https:\/\/www.radiopiu.net\/wordpress\/wp-content\/uploads\/2020\/09\/Conferenza_stampa_PubblichEnergie-1-640x427.jpg 640w, https:\/\/www.radiopiu.net\/wordpress\/wp-content\/uploads\/2020\/09\/Conferenza_stampa_PubblichEnergie-1.jpg 1416w\" sizes=\"auto, (max-width: 282px) 100vw, 282px\" \/><\/a>PONTE NELLE ALP<\/strong>I Il tema del risparmio energetico \u00e8 diventato centrale nella quotidianit\u00e0 di un gran numero di persone. Anche a Ponte nelle Alpi. E cos\u00ec, dopo il forte interesse manifestato lo scorso anno dai cittadini, riapre lo \u201cSportello PubblichEnergie\u201d.\u00a0 Per accedere al servizio, verranno promossi incontri individuali, su appuntamento. E pubblici: in presenza (negli spazi del Parco ex Casa Rossa) o in videoconferenza, nel rispetto delle normative anti-contagio.\u00a0 Due le date gi\u00e0 in calendario, nelle quali lo sportello verr\u00e0 ufficialmente attivato: venerd\u00ec 2 e 16 ottobre, tra le ore 14 e le 19.\u00a0 Il referente del progetto \u00e8 Mauro Moretto: \u00ab<em>Stiamo allestendo il calendario in funzione delle domande che arriveranno, ma l&#8217;interesse \u00e8 gi\u00e0 elevato\u00bb.<\/em> In questo senso, \u00e8 possibile contattare l&#8217;URP del Comune di Ponte nelle Alpi (0437-986724 e urp@pna.bl.it) o scrivere una mail all\u2019indirizzo pubblichenergie@gmail.com.\u00a0 L&#8217;argomento principale, quasi superfluo rimarcarlo, \u00e8 il bonus 110%: <em>\u00ab\u00c8 importante che il cittadino si informi adeguatamente prima di portare a termine le sue scelte &#8211; ha proseguito Moretto -. Perch\u00e9 \u00e8 facile prevedere varie e allettanti offerte sul mercato, ma dettate dalla scarsa trasparenza. Non a caso, committente e beneficiario dell\u2019incentivo dovranno recitare una parte attiva, mentre la pratica va seguita insieme a un tecnico di fiducia. O c&#8217;\u00e8 il rischio di incorrere in spiacevoli sorprese. Vero che il bonus pu\u00f2 dare un impulso rilevante dal punto di vista economico, ma serve attenzione\u00bb.\u00a0<\/em><\/p>\n","protected":false},"excerpt":{"rendered":"<p>PONTE NELLE ALPI Il tema del risparmio energetico \u00e8 diventato centrale nella quotidianit\u00e0 di un gran numero di persone. Anche a Ponte nelle Alpi. E cos\u00ec, dopo il forte interesse manifestato lo scorso anno dai cittadini, riapre lo \u201cSportello PubblichEnergie\u201d.\u00a0 Per accedere al servizio, verranno promossi incontri individuali, su appuntamento. E pubblici: in presenza (negli&hellip;<\/p>\n","protected":false},"author":4,"featured_media":163430,"comment_status":"closed","ping_status":"closed","sticky":false,"template":"","format":"standard","meta":{"_monsterinsights_skip_tracking":false,"_monsterinsights_sitenote_active":false,"_monsterinsights_sitenote_note":"","_monsterinsights_sitenote_category":0,"footnotes":""},"categories":[49],"tags":[],"class_list":["post-163431","post","type-post","status-publish","format-standard","has-post-thumbnail","hentry","category-news-18","category-49","description-off"],"img_url":"https:\/\/www.radiopiu.net\/wordpress\/wp-content\/uploads\/2020\/09\/Conferenza_stampa_PubblichEnergie-1.jpg","_links":{"self":[{"href":"https:\/\/www.radiopiu.net\/wordpress\/wp-json\/wp\/v2\/posts\/163431","targetHints":{"allow":["GET"]}}],"collection":[{"href":"https:\/\/www.radiopiu.net\/wordpress\/wp-json\/wp\/v2\/posts"}],"about":[{"href":"https:\/\/www.radiopiu.net\/wordpress\/wp-json\/wp\/v2\/types\/post"}],"author":[{"embeddable":true,"href":"https:\/\/www.radiopiu.net\/wordpress\/wp-json\/wp\/v2\/users\/4"}],"replies":[{"embeddable":true,"href":"https:\/\/www.radiopiu.net\/wordpress\/wp-json\/wp\/v2\/comments?post=163431"}],"version-history":[{"count":0,"href":"https:\/\/www.radiopiu.net\/wordpress\/wp-json\/wp\/v2\/posts\/163431\/revisions"}],"wp:featuredmedia":[{"embeddable":true,"href":"https:\/\/www.radiopiu.net\/wordpress\/wp-json\/wp\/v2\/media\/163430"}],"wp:attachment":[{"href":"https:\/\/www.radiopiu.net\/wordpress\/wp-json\/wp\/v2\/media?parent=163431"}],"wp:term":[{"taxonomy":"category","embeddable":true,"href":"https:\/\/www.radiopiu.net\/wordpress\/wp-json\/wp\/v2\/categories?post=163431"},{"taxonomy":"post_tag","embeddable":true,"href":"https:\/\/www.radiopiu.net\/wordpress\/wp-json\/wp\/v2\/tags?post=163431"}],"curies":[{"name":"wp","href":"https:\/\/api.w.org\/{rel}","templated":true}]}}