{"id":163452,"date":"2020-10-01T05:57:03","date_gmt":"2020-10-01T03:57:03","guid":{"rendered":"https:\/\/www.radiopiu.net\/wordpress\/?p=163452"},"modified":"2020-10-01T08:05:58","modified_gmt":"2020-10-01T06:05:58","slug":"covid-a-belluno-11-positivi-7-dal-comelico-6-pazienti-al-malattie-infettive","status":"publish","type":"post","link":"https:\/\/www.radiopiu.net\/wordpress\/covid-a-belluno-11-positivi-7-dal-comelico-6-pazienti-al-malattie-infettive\/","title":{"rendered":"&#8220;FORZA COMELICO&#8221;, 80 POSITIVI. UN&#8217;ALTRA SCUOLA &#8220;POSITIVA&#8221; A SAN VITO. VIA AI TEST RAPIDI"},"content":{"rendered":"<blockquote>\n<h3><a class=\"dt-pswp-item\" href=\"https:\/\/www.radiopiu.net\/wordpress\/wp-content\/uploads\/2020\/09\/banner-montagna-radio-1.jpg\" data-dt-img-description=\"\" data-large_image_width=\"1200\" data-large_image_height=\"300\"><img loading=\"lazy\" decoding=\"async\" class=\"wp-image-162835 aligncenter\" src=\"https:\/\/www.radiopiu.net\/wordpress\/wp-content\/uploads\/2020\/09\/banner-montagna-radio-1-300x75.jpg\" alt=\"\" width=\"411\" height=\"103\" srcset=\"https:\/\/www.radiopiu.net\/wordpress\/wp-content\/uploads\/2020\/09\/banner-montagna-radio-1-300x75.jpg 300w, https:\/\/www.radiopiu.net\/wordpress\/wp-content\/uploads\/2020\/09\/banner-montagna-radio-1-1024x256.jpg 1024w, https:\/\/www.radiopiu.net\/wordpress\/wp-content\/uploads\/2020\/09\/banner-montagna-radio-1-768x192.jpg 768w, https:\/\/www.radiopiu.net\/wordpress\/wp-content\/uploads\/2020\/09\/banner-montagna-radio-1-640x160.jpg 640w, https:\/\/www.radiopiu.net\/wordpress\/wp-content\/uploads\/2020\/09\/banner-montagna-radio-1.jpg 1200w\" sizes=\"auto, (max-width: 411px) 100vw, 411px\" \/><\/a><\/h3>\n<p><span style=\"color: #ff0000;\">IN COMELICO SCATTANO I CONTROLLI ANTI COVID DELLA POLIZIA LOCALE, I SINDACI HANNO FIRMATO LE ORDINANZE DI CHIUSURA LOCALI ENTRO LE 22 E OBBLIGO DI MASCHERINA SEMPRE NEI CENTRI ABITATI. ANNULLATA LA FESTA PER I 70 ANNI DI MAURILIO &#8220;GRILLO&#8221; DE ZOLT.\u00a0 UNA CLASSE DEL LICEO DI SAN VITO IN QUARANTENA, E DUE POSITIVI AL CENTRO DIURNO. DA DOMANI VIA AI TAMPONI RAPIDI ANCHE NEI DRIVE IN<\/span><\/p>\n<blockquote>\n<h2>COVID A BELLUNO: 11 POSITIVI, 7 DAL COMELICO, 6 PAZIENTI AL MALATTIE INFETTIVE<\/h2>\n<h3 style=\"text-align: center;\">Un&#8217;altra scuola sotto esame, il liceo scientifico in Valboite: un positivo.<\/h3>\n<\/blockquote>\n<\/blockquote>\n<p><strong>BELLUNO <\/strong>Nelle ultime 24 ore sono emerse 11 nuove positivit\u00e0 di cui 7\u00a0 in\u00a0 Comelico. Sei di queste sette persone positive sono state testate\u00a0 nella maxi seduta di tamponamento di 377 persone svoltasi domenica scorsa. Le persone attualmente ricoverate in Malattie Infettive al San Martino di Belluno sono 6. E\u2019 stato da poco attivato il \u201cprotocollo scuola\u201d per una classe del liceo scientifico Polo Valboite per una positivit\u00e0. <span style=\"font-size: medium;\"><b>Tamponi per i sintomatici frequentanti la scuola <\/b><\/span>\u00a0al drive-in tamponi attivato a Tai di Cadore sono stati eseguiti <b>296 tamponi, <\/b>di cui 176 a bambini. Ai drive-in per i soggetti sintomatici frequentanti la scuola sono stati eseguiti 108 tamponi a Belluno e 73 a Feltre, per un totale di <b>181<\/b> <span style=\"font-size: medium;\"><b>tamponi<\/b><\/span>. Come previsto dalla circolare odierna del Ministero della Salute, progressivamente i 4 drive-in tampone (Covid point) oggi attivi ad accesso libero per bambini, ragazzi e adulti sintomatici frequentanti la scuola (Belluno, Feltre, Caprile, Tai di Cadore) eseguiranno il <b>test antigenico rapido<\/b> in luogo del tampone standard. L&#8217;operativit\u00e0 inizier\u00e0 gradualmente, anche al fine di valutare la logistica dei flussi. Il test antigenico rapido sar\u00e0 utilizzato, a <b>partire da venerd\u00ec 2 ottobre 2020, al drive-in di Feltre nella fascia oraria di accesso libero 8.30 &#8211; 12.30 <\/b>per bambini, ragazzi e adulti sintomatici frequentanti la scuola. Il test antigenico rapido verr\u00e0 eseguito da infermieri esperti, con lettura e refertazione immediata da parte di un medico del Dipartimento di Prevenzione In caso di test antigenico positivo il soggetto verr\u00e0 subito sottoposto a tampone standard (in attesa dell&#8217;esito di tale tampone, il soggetto rimane isolato a domicilio): in caso di esito negativo del tampone standard, il soggetto uscir\u00e0 dall&#8217;isolamento. in caso di esito positivo del tampone standard, il soggetto verr\u00e0 preso in carico come caso confermato Covid.<\/p>\n","protected":false},"excerpt":{"rendered":"<p>IN COMELICO SCATTANO I CONTROLLI ANTI COVID DELLA POLIZIA LOCALE, I SINDACI HANNO FIRMATO LE ORDINANZE DI CHIUSURA LOCALI ENTRO LE 22 E OBBLIGO DI MASCHERINA SEMPRE NEI CENTRI ABITATI. ANNULLATA LA FESTA PER I 70 ANNI DI MAURILIO &#8220;GRILLO&#8221; DE ZOLT.\u00a0 UNA CLASSE DEL LICEO DI SAN VITO IN QUARANTENA, E DUE POSITIVI AL&hellip;<\/p>\n","protected":false},"author":4,"featured_media":144229,"comment_status":"closed","ping_status":"closed","sticky":false,"template":"","format":"standard","meta":{"_monsterinsights_skip_tracking":false,"_monsterinsights_sitenote_active":false,"_monsterinsights_sitenote_note":"","_monsterinsights_sitenote_category":0,"footnotes":""},"categories":[51,49],"tags":[],"class_list":["post-163452","post","type-post","status-publish","format-standard","has-post-thumbnail","hentry","category-evidenza-top","category-news-18","category-51","category-49","description-off"],"img_url":"https:\/\/www.radiopiu.net\/wordpress\/wp-content\/uploads\/2020\/06\/dc8d9e01-0412-48a8-91b1-c64ba92a8187.jpg","_links":{"self":[{"href":"https:\/\/www.radiopiu.net\/wordpress\/wp-json\/wp\/v2\/posts\/163452","targetHints":{"allow":["GET"]}}],"collection":[{"href":"https:\/\/www.radiopiu.net\/wordpress\/wp-json\/wp\/v2\/posts"}],"about":[{"href":"https:\/\/www.radiopiu.net\/wordpress\/wp-json\/wp\/v2\/types\/post"}],"author":[{"embeddable":true,"href":"https:\/\/www.radiopiu.net\/wordpress\/wp-json\/wp\/v2\/users\/4"}],"replies":[{"embeddable":true,"href":"https:\/\/www.radiopiu.net\/wordpress\/wp-json\/wp\/v2\/comments?post=163452"}],"version-history":[{"count":0,"href":"https:\/\/www.radiopiu.net\/wordpress\/wp-json\/wp\/v2\/posts\/163452\/revisions"}],"wp:featuredmedia":[{"embeddable":true,"href":"https:\/\/www.radiopiu.net\/wordpress\/wp-json\/wp\/v2\/media\/144229"}],"wp:attachment":[{"href":"https:\/\/www.radiopiu.net\/wordpress\/wp-json\/wp\/v2\/media?parent=163452"}],"wp:term":[{"taxonomy":"category","embeddable":true,"href":"https:\/\/www.radiopiu.net\/wordpress\/wp-json\/wp\/v2\/categories?post=163452"},{"taxonomy":"post_tag","embeddable":true,"href":"https:\/\/www.radiopiu.net\/wordpress\/wp-json\/wp\/v2\/tags?post=163452"}],"curies":[{"name":"wp","href":"https:\/\/api.w.org\/{rel}","templated":true}]}}