{"id":163566,"date":"2020-10-01T13:35:39","date_gmt":"2020-10-01T11:35:39","guid":{"rendered":"https:\/\/www.radiopiu.net\/wordpress\/?p=163566"},"modified":"2020-10-02T06:22:40","modified_gmt":"2020-10-02T04:22:40","slug":"roffare-sul-caso-della-ditta-in-odor-di-mafia-interdetta-dal-cantiere-dei-mondiali","status":"publish","type":"post","link":"https:\/\/www.radiopiu.net\/wordpress\/roffare-sul-caso-della-ditta-in-odor-di-mafia-interdetta-dal-cantiere-dei-mondiali\/","title":{"rendered":"ROFFARE&#8217; SUL CASO DELLA DITTA IN ODOR DI MAFIA INTERDETTA DAL CANTIERE DEI MONDIALI"},"content":{"rendered":"<blockquote>\n<blockquote>\n<h4><em>\u201cRischio legato anche alla scarsa sicurezza sul lavoro, alla mancata applicazione dei contratti e alla qualit\u00e0 dei lavori eseguiti\u201d<\/em><\/h4>\n<\/blockquote>\n<p><span style=\"color: #ff0000;\">DAL NOTIZIARIO DELLE 9.30<\/span><\/p>\n<audio class=\"wp-audio-shortcode\" id=\"audio-163566-1\" preload=\"none\" style=\"width: 100%;\" controls=\"controls\"><source type=\"audio\/mpeg\" src=\"https:\/\/www.radiopiu.net\/wordpress\/wp-content\/uploads\/2020\/10\/RUDI.mp3?_=1\" \/><a href=\"https:\/\/www.radiopiu.net\/wordpress\/wp-content\/uploads\/2020\/10\/RUDI.mp3\">https:\/\/www.radiopiu.net\/wordpress\/wp-content\/uploads\/2020\/10\/RUDI.mp3<\/a><\/audio>\n<p>&nbsp;<\/p><\/blockquote>\n<p><strong><a class=\"dt-pswp-item\" href=\"https:\/\/www.radiopiu.net\/wordpress\/wp-content\/uploads\/2019\/10\/ROFFARE.jpg\" data-dt-img-description=\"\" data-large_image_width=\"225\" data-large_image_height=\"225\"><img loading=\"lazy\" decoding=\"async\" class=\"size-full wp-image-101754 alignleft\" src=\"https:\/\/www.radiopiu.net\/wordpress\/wp-content\/uploads\/2019\/10\/ROFFARE.jpg\" alt=\"\" width=\"225\" height=\"225\" srcset=\"https:\/\/www.radiopiu.net\/wordpress\/wp-content\/uploads\/2019\/10\/ROFFARE.jpg 225w, https:\/\/www.radiopiu.net\/wordpress\/wp-content\/uploads\/2019\/10\/ROFFARE-150x150.jpg 150w\" sizes=\"auto, (max-width: 225px) 100vw, 225px\" \/><\/a>BELLUNO\u00a0<\/strong> <em>\u201cUn plauso al lavoro di prevenzione e controllo che ogni giorno le Forze dell\u2019Ordine, coordinate dalla Prefettura, fanno sul campo per evitare che le organizzazioni criminali organizzate mettano le mani sugli appalti delle opere pubbliche del nostro territorio. Vi \u00e8 un pericolo concreto di infiltrazioni anche per le aziende del Bellunese, e per questo nel passato le Organizzazioni Sindacali si erano gi\u00e0 espresse per porre massima attenzione sul sistema degli appalti. In particolare il rischio si nasconde nella frammentazione dei subappalti e nella riduzione dei costi degli stessi\u201d.<\/em> Commenta cos\u00ec Rudy Roffar\u00e8, segretario generale aggiunto della Cisl Belluno Treviso, la notizia della prima interdittiva antimafia per un\u2019azienda impegnata nei cantieri per i Mondiali di sci di Cortina.\u00a0 <em>\u201cIl rischio &#8211; afferma Roffar\u00e8 &#8211; non \u00e8 solo legato al pericolo delle infiltrazioni mafiose, ma anche alla scarsa attenzione relativa all\u2019applicazione di contratti nazionali, alla sicurezza sul lavoro e alla qualit\u00e0 dei lavori eseguiti. Il lavoro di monitoraggio \u00e8 svolto anche dal sindacato. In questo senso, visto il rapporto quotidiano diretto che abbiamo con lavoratori e imprese, ci mettiamo a disposizione delle istituzioni e degli organi preposti alle verifiche per collaborare nell\u2019individuazione di situazioni dubbie e invitiamo anche i lavoratori a segnalare eventuali sospetti di anomalie\u201d.<\/em> In discussione per Roffar\u00e8 non vi \u00e8 solo il futuro delle imprese e dei lavoratori, ma anche la straordinaria possibilit\u00e0 di organizzare eventi come i Mondiali e le Olimpiadi, a cui \u00e8 collegata la costruzione di opere infrastrutturali di cui la provincia ha bisogno in modo etico, trasparente e sostenibile.<\/p>\n","protected":false},"excerpt":{"rendered":"<p>\u201cRischio legato anche alla scarsa sicurezza sul lavoro, alla mancata applicazione dei contratti e alla qualit\u00e0 dei lavori eseguiti\u201d DAL NOTIZIARIO DELLE 9.30 &nbsp; BELLUNO\u00a0 \u201cUn plauso al lavoro di prevenzione e controllo che ogni giorno le Forze dell\u2019Ordine, coordinate dalla Prefettura, fanno sul campo per evitare che le organizzazioni criminali organizzate mettano le mani&hellip;<\/p>\n","protected":false},"author":4,"featured_media":48457,"comment_status":"closed","ping_status":"closed","sticky":false,"template":"","format":"standard","meta":{"_monsterinsights_skip_tracking":false,"_monsterinsights_sitenote_active":false,"_monsterinsights_sitenote_note":"","_monsterinsights_sitenote_category":0,"footnotes":""},"categories":[51,49],"tags":[],"class_list":["post-163566","post","type-post","status-publish","format-standard","has-post-thumbnail","hentry","category-evidenza-top","category-news-18","category-51","category-49","description-off"],"img_url":"https:\/\/www.radiopiu.net\/wordpress\/wp-content\/uploads\/2018\/05\/roffare.jpg","_links":{"self":[{"href":"https:\/\/www.radiopiu.net\/wordpress\/wp-json\/wp\/v2\/posts\/163566","targetHints":{"allow":["GET"]}}],"collection":[{"href":"https:\/\/www.radiopiu.net\/wordpress\/wp-json\/wp\/v2\/posts"}],"about":[{"href":"https:\/\/www.radiopiu.net\/wordpress\/wp-json\/wp\/v2\/types\/post"}],"author":[{"embeddable":true,"href":"https:\/\/www.radiopiu.net\/wordpress\/wp-json\/wp\/v2\/users\/4"}],"replies":[{"embeddable":true,"href":"https:\/\/www.radiopiu.net\/wordpress\/wp-json\/wp\/v2\/comments?post=163566"}],"version-history":[{"count":0,"href":"https:\/\/www.radiopiu.net\/wordpress\/wp-json\/wp\/v2\/posts\/163566\/revisions"}],"wp:featuredmedia":[{"embeddable":true,"href":"https:\/\/www.radiopiu.net\/wordpress\/wp-json\/wp\/v2\/media\/48457"}],"wp:attachment":[{"href":"https:\/\/www.radiopiu.net\/wordpress\/wp-json\/wp\/v2\/media?parent=163566"}],"wp:term":[{"taxonomy":"category","embeddable":true,"href":"https:\/\/www.radiopiu.net\/wordpress\/wp-json\/wp\/v2\/categories?post=163566"},{"taxonomy":"post_tag","embeddable":true,"href":"https:\/\/www.radiopiu.net\/wordpress\/wp-json\/wp\/v2\/tags?post=163566"}],"curies":[{"name":"wp","href":"https:\/\/api.w.org\/{rel}","templated":true}]}}