{"id":163576,"date":"2020-10-01T13:48:03","date_gmt":"2020-10-01T11:48:03","guid":{"rendered":"https:\/\/www.radiopiu.net\/wordpress\/?p=163576"},"modified":"2020-10-01T13:48:03","modified_gmt":"2020-10-01T11:48:03","slug":"meteoriti-italia-aps-gaddi-e-la-cagnolina-ospiti-in-assemblea","status":"publish","type":"post","link":"https:\/\/www.radiopiu.net\/wordpress\/meteoriti-italia-aps-gaddi-e-la-cagnolina-ospiti-in-assemblea\/","title":{"rendered":"METEORITI ITALIA APS. GADDI E LA CAGNOLINA OSPITI IN ASSEMBLEA"},"content":{"rendered":"<p lang=\"it-IT\" align=\"CENTER\">\n<blockquote>\n<h3 lang=\"it-IT\" align=\"CENTER\"><span style=\"color: #000000;\"><span style=\"font-family: Times New Roman, serif;\"><span style=\"font-size: medium;\"><span style=\"color: #0066cc;\"><b>Sono gli scopritori della meteorite \u201cCavezzo\u201d nel Modenese<\/b><\/span><\/span><\/span><\/span><\/h3>\n<\/blockquote>\n<p align=\"JUSTIFY\"><span style=\"font-family: Times New Roman, serif;\"><span style=\"font-size: medium;\"><strong>FELTRE.<\/strong> Anche la sagace cagnolina Pimpa tra gli ospiti, a Feltre, dell&#8217;annuale assemblea dei soci di \u201cMeteoriti Italia\u201d, associazione di promozione sociale sorta per divulgare la conoscenza delle meteoriti e per valorizzare il patrimonio meteoritico nazionale. <\/span><\/span><span style=\"font-family: Times New Roman, serif;\"><span style=\"font-size: medium;\">Solitamente l\u2019assemblea viene tenuta in una localit\u00e0 italiana dove si sia verificata una caduta di meteoriti, ma quest\u2019anno, causa le norme per l\u2019emergenza Covid-19, si \u00e8 svolta a Feltre dove l\u2019associazione ha la sua sede legale.\u00a0 <\/span><\/span><span style=\"font-family: Times New Roman, serif;\"><span style=\"font-size: medium;\">All\u2019assemblea hanno partecipato anche Davide Gaddi e la cagnolina Pimpa, che il 4 gennaio di quest\u2019anno hanno recuperato due pezzi della meteorite \u201cCavezzo\u201d (peso totale 55,3 g), caduta a Cavezzo (Modena) il giorno di Capodanno. <\/span><\/span><span style=\"font-family: Times New Roman, serif;\"><span style=\"font-size: medium;\">La \u201cmeteorite di Capodanno\u201d, come \u00e8 nota al grande pubblico, \u00e8 la quarantaduesima registrata in Italia dal 921 d.C. \u00c8 anche la trentaseiesima, delle quasi 64.000 catalogate nel mondo, ad essere stata recuperata grazie alle triangolazioni rese possibili da una delle reti di sorveglianza del cielo, apprestate per creare un sistema di difesa contro possibili impatti di asteroidi e per individuare e raccogliere, a basso costo, campioni di materiale extraterrestre indispensabili per lo sviluppo delle Scienze planetarie. <\/span><\/span><span style=\"font-family: Times New Roman, serif;\"><span style=\"font-size: medium;\">Grazie alle registrazioni di ben otto postazioni Prisma (Prima rete italiana per la sorveglianza sistematica di meteore e atmosfera), rete nazionale di monitoraggio del cielo gestita dall\u2019Istituto nazionale di Astrofisica (Inaf), per questo oggetto proveniente dallo spazio \u00e8 stata calcolata l\u2019orbita, determinata l\u2019origine e la provenienza, e circoscritta la zona d\u2019atterraggio dove Davide e Pimpa hanno trovato i due campioni. <\/span><\/span><span style=\"font-family: 'Times New Roman', serif;\"><span style=\"font-size: medium;\">\u00ab<\/span><\/span><span style=\"font-family: 'Times New Roman', serif;\"><span style=\"font-size: medium;\">Una postazione Prisma \u00e8 costituita da una camera \u201call-sky\u201d e da un computer che deve essere collegato ad una rete Internet, che assicuri la trasmissione dei dati h 24 al centro di raccolta. Quando la rete sar\u00e0 a pieno regime, le postazioni, distribuite su tutto il territorio nazionale, saranno distanziate a non pi\u00f9 di 100 km<\/span><\/span><span style=\"font-family: 'Times New Roman', serif;\"><span style=\"font-size: medium;\">\u00bb<\/span><\/span><span style=\"font-family: 'Times New Roman', serif;\"><span style=\"font-size: medium;\">, spiega l&#8217;associazione. <\/span><\/span><span style=\"font-family: 'Times New Roman', serif;\"><span style=\"font-size: medium;\">\u00ab<\/span><\/span><span style=\"font-family: 'Times New Roman', serif;\"><span style=\"font-size: medium;\">Prisma \u00e8 un progetto di scienza partecipata che coinvolge anche scuole, associazioni e semplici cittadini che possono contribuire sia per creare nuove postazioni sia nelle ricerche nelle zone di caduta per recuperare nuove meteoriti<\/span><\/span><span style=\"font-family: 'Times New Roman', serif;\"><span style=\"font-size: medium;\">\u00bb<\/span><\/span><span style=\"font-family: 'Times New Roman', serif;\"><span style=\"font-size: medium;\">. <\/span><\/span>\u201c<span style=\"font-family: Times New Roman, serif;\"><span style=\"font-size: medium;\">Meteoriti Italia aps\u201d \u00e8 stata una delle prime associazioni ad aggregarsi al progetto e ha anche finanziato l\u2019installazione di una postazione Prisma presso l\u2019istituto \u201cFollador\u201d di Agordo, attualmente unica postazione nella provincia di Belluno e una delle cinque postazioni in Veneto.<\/span><\/span><\/p>\n\n\t\t\t<style type='text\/css'>\n\t\t\t\t#gallery-1 {\n\t\t\t\t\tmargin: auto;\n\t\t\t\t}\n\t\t\t\t#gallery-1 .gallery-item {\n\t\t\t\t\tfloat: left;\n\t\t\t\t\tmargin-top: 10px;\n\t\t\t\t\ttext-align: center;\n\t\t\t\t\twidth: 50%;\n\t\t\t\t}\n\t\t\t\t#gallery-1 img {\n\t\t\t\t\tborder: 2px solid #cfcfcf;\n\t\t\t\t}\n\t\t\t\t#gallery-1 .gallery-caption {\n\t\t\t\t\tmargin-left: 0;\n\t\t\t\t}\n\t\t\t\t\/* see gallery_shortcode() in wp-includes\/media.php *\/\n\t\t\t<\/style>\n\t\t<div id='gallery-1' class='dt-gallery-container gallery galleryid-163576 gallery-columns-2 gallery-size-medium'><dl class='gallery-item'>\n\t\t\t\t<dt class='gallery-icon landscape'>\n\t\t\t\t\t<a class=\"rollover rollover-zoom dt-pswp-item\" title=\"Alcuni dei partecipanti all\u2019assemblea annuale di Meteoriti Italia APS. In primo piano la cagnetta Pimpa con Michele il socio pi\u00f9 giovane, e, alle spalle, Davide Gaddi\" data-dt-img-description=\"\" data-large_image_width=\"2560\" data-large_image_height=\"1920\"href='https:\/\/www.radiopiu.net\/wordpress\/wp-content\/uploads\/2020\/10\/Alcuni-dei-partecipanti-allassemblea-annuale-di-Meteoriti-Italia-APS.-In-primo-piano-la-cagnetta-Pimpa-con-Michele-il-socio-piu-giovane-e-alle-spalle-Davide-Gaddi--scaled.jpeg'><img loading=\"lazy\" decoding=\"async\" width=\"300\" height=\"225\" src=\"https:\/\/www.radiopiu.net\/wordpress\/wp-content\/uploads\/2020\/10\/Alcuni-dei-partecipanti-allassemblea-annuale-di-Meteoriti-Italia-APS.-In-primo-piano-la-cagnetta-Pimpa-con-Michele-il-socio-piu-giovane-e-alle-spalle-Davide-Gaddi--300x225.jpeg\" class=\"attachment-medium size-medium\" alt=\"\" srcset=\"https:\/\/www.radiopiu.net\/wordpress\/wp-content\/uploads\/2020\/10\/Alcuni-dei-partecipanti-allassemblea-annuale-di-Meteoriti-Italia-APS.-In-primo-piano-la-cagnetta-Pimpa-con-Michele-il-socio-piu-giovane-e-alle-spalle-Davide-Gaddi--300x225.jpeg 300w, https:\/\/www.radiopiu.net\/wordpress\/wp-content\/uploads\/2020\/10\/Alcuni-dei-partecipanti-allassemblea-annuale-di-Meteoriti-Italia-APS.-In-primo-piano-la-cagnetta-Pimpa-con-Michele-il-socio-piu-giovane-e-alle-spalle-Davide-Gaddi--1024x768.jpeg 1024w, https:\/\/www.radiopiu.net\/wordpress\/wp-content\/uploads\/2020\/10\/Alcuni-dei-partecipanti-allassemblea-annuale-di-Meteoriti-Italia-APS.-In-primo-piano-la-cagnetta-Pimpa-con-Michele-il-socio-piu-giovane-e-alle-spalle-Davide-Gaddi--768x576.jpeg 768w, https:\/\/www.radiopiu.net\/wordpress\/wp-content\/uploads\/2020\/10\/Alcuni-dei-partecipanti-allassemblea-annuale-di-Meteoriti-Italia-APS.-In-primo-piano-la-cagnetta-Pimpa-con-Michele-il-socio-piu-giovane-e-alle-spalle-Davide-Gaddi--1536x1152.jpeg 1536w, https:\/\/www.radiopiu.net\/wordpress\/wp-content\/uploads\/2020\/10\/Alcuni-dei-partecipanti-allassemblea-annuale-di-Meteoriti-Italia-APS.-In-primo-piano-la-cagnetta-Pimpa-con-Michele-il-socio-piu-giovane-e-alle-spalle-Davide-Gaddi--2048x1536.jpeg 2048w, https:\/\/www.radiopiu.net\/wordpress\/wp-content\/uploads\/2020\/10\/Alcuni-dei-partecipanti-allassemblea-annuale-di-Meteoriti-Italia-APS.-In-primo-piano-la-cagnetta-Pimpa-con-Michele-il-socio-piu-giovane-e-alle-spalle-Davide-Gaddi--640x480.jpeg 640w\" sizes=\"auto, (max-width: 300px) 100vw, 300px\" \/><\/a>\n\t\t\t\t<\/dt><\/dl><dl class='gallery-item'>\n\t\t\t\t<dt class='gallery-icon landscape'>\n\t\t\t\t\t<a class=\"rollover rollover-zoom dt-pswp-item\" title=\"La camera \u201call sky\u201d di PRISMA installata ad Agordo presso il Follador\" data-dt-img-description=\"\" data-large_image_width=\"997\" data-large_image_height=\"747\"href='https:\/\/www.radiopiu.net\/wordpress\/wp-content\/uploads\/2020\/10\/La-camera-all-sky-di-PRISMA-installata-ad-Agordo-presso-il-Follador.png'><img loading=\"lazy\" decoding=\"async\" width=\"300\" height=\"225\" src=\"https:\/\/www.radiopiu.net\/wordpress\/wp-content\/uploads\/2020\/10\/La-camera-all-sky-di-PRISMA-installata-ad-Agordo-presso-il-Follador-300x225.png\" class=\"attachment-medium size-medium\" alt=\"\" srcset=\"https:\/\/www.radiopiu.net\/wordpress\/wp-content\/uploads\/2020\/10\/La-camera-all-sky-di-PRISMA-installata-ad-Agordo-presso-il-Follador-300x225.png 300w, https:\/\/www.radiopiu.net\/wordpress\/wp-content\/uploads\/2020\/10\/La-camera-all-sky-di-PRISMA-installata-ad-Agordo-presso-il-Follador-768x575.png 768w, https:\/\/www.radiopiu.net\/wordpress\/wp-content\/uploads\/2020\/10\/La-camera-all-sky-di-PRISMA-installata-ad-Agordo-presso-il-Follador-640x480.png 640w, https:\/\/www.radiopiu.net\/wordpress\/wp-content\/uploads\/2020\/10\/La-camera-all-sky-di-PRISMA-installata-ad-Agordo-presso-il-Follador.png 997w\" sizes=\"auto, (max-width: 300px) 100vw, 300px\" \/><\/a>\n\t\t\t\t<\/dt><\/dl><br style=\"clear: both\" \/>\n\t\t\t<\/div>\n\n<p align=\"JUSTIFY\">\n<strong>foto<\/strong> &#8211; alcuni dei partecipanti all\u2019assemblea di Feltre. In primo piano la cagnetta Pimpa con Michele, il socio pi\u00f9 giovane, e, alle spalle, Davide Gaddi; &#8211; la camera \u201call sky\u201d di Prisma, installata ad Agordo presso il Follador.<\/p>\n","protected":false},"excerpt":{"rendered":"<p>Sono gli scopritori della meteorite \u201cCavezzo\u201d nel Modenese FELTRE. Anche la sagace cagnolina Pimpa tra gli ospiti, a Feltre, dell&#8217;annuale assemblea dei soci di \u201cMeteoriti Italia\u201d, associazione di promozione sociale sorta per divulgare la conoscenza delle meteoriti e per valorizzare il patrimonio meteoritico nazionale. Solitamente l\u2019assemblea viene tenuta in una localit\u00e0 italiana dove si sia&hellip;<\/p>\n","protected":false},"author":4,"featured_media":163577,"comment_status":"closed","ping_status":"closed","sticky":false,"template":"","format":"standard","meta":{"_monsterinsights_skip_tracking":false,"_monsterinsights_sitenote_active":false,"_monsterinsights_sitenote_note":"","_monsterinsights_sitenote_category":0,"footnotes":""},"categories":[49],"tags":[],"class_list":["post-163576","post","type-post","status-publish","format-standard","has-post-thumbnail","hentry","category-news-18","category-49","description-off"],"img_url":"https:\/\/www.radiopiu.net\/wordpress\/wp-content\/uploads\/2020\/10\/La-camera-all-sky-di-PRISMA-installata-ad-Agordo-presso-il-Follador.png","_links":{"self":[{"href":"https:\/\/www.radiopiu.net\/wordpress\/wp-json\/wp\/v2\/posts\/163576","targetHints":{"allow":["GET"]}}],"collection":[{"href":"https:\/\/www.radiopiu.net\/wordpress\/wp-json\/wp\/v2\/posts"}],"about":[{"href":"https:\/\/www.radiopiu.net\/wordpress\/wp-json\/wp\/v2\/types\/post"}],"author":[{"embeddable":true,"href":"https:\/\/www.radiopiu.net\/wordpress\/wp-json\/wp\/v2\/users\/4"}],"replies":[{"embeddable":true,"href":"https:\/\/www.radiopiu.net\/wordpress\/wp-json\/wp\/v2\/comments?post=163576"}],"version-history":[{"count":0,"href":"https:\/\/www.radiopiu.net\/wordpress\/wp-json\/wp\/v2\/posts\/163576\/revisions"}],"wp:featuredmedia":[{"embeddable":true,"href":"https:\/\/www.radiopiu.net\/wordpress\/wp-json\/wp\/v2\/media\/163577"}],"wp:attachment":[{"href":"https:\/\/www.radiopiu.net\/wordpress\/wp-json\/wp\/v2\/media?parent=163576"}],"wp:term":[{"taxonomy":"category","embeddable":true,"href":"https:\/\/www.radiopiu.net\/wordpress\/wp-json\/wp\/v2\/categories?post=163576"},{"taxonomy":"post_tag","embeddable":true,"href":"https:\/\/www.radiopiu.net\/wordpress\/wp-json\/wp\/v2\/tags?post=163576"}],"curies":[{"name":"wp","href":"https:\/\/api.w.org\/{rel}","templated":true}]}}