{"id":163591,"date":"2020-10-02T06:00:49","date_gmt":"2020-10-02T04:00:49","guid":{"rendered":"https:\/\/www.radiopiu.net\/wordpress\/?p=163591"},"modified":"2020-10-02T06:06:52","modified_gmt":"2020-10-02T04:06:52","slug":"dillo-a-radio-piu-grazie-ai-vigili-del-fuoco","status":"publish","type":"post","link":"https:\/\/www.radiopiu.net\/wordpress\/dillo-a-radio-piu-grazie-ai-vigili-del-fuoco\/","title":{"rendered":"DILLO A RADIO PIU&#8217;: GRAZIE AI VIGILI DEL FUOCO"},"content":{"rendered":"<blockquote><p><span style=\"color: #ff0000;\">LA BELLA STORIA..<\/span>..<br \/>\n<strong><a class=\"dt-pswp-item\" href=\"https:\/\/www.radiopiu.net\/wordpress\/wp-content\/uploads\/2020\/10\/pug-801826_960_720.jpg\" data-dt-img-description=\"\" data-large_image_width=\"960\" data-large_image_height=\"640\"><img loading=\"lazy\" decoding=\"async\" class=\" wp-image-163592 alignleft\" src=\"https:\/\/www.radiopiu.net\/wordpress\/wp-content\/uploads\/2020\/10\/pug-801826_960_720-300x200.jpg\" alt=\"\" width=\"186\" height=\"124\" srcset=\"https:\/\/www.radiopiu.net\/wordpress\/wp-content\/uploads\/2020\/10\/pug-801826_960_720-300x200.jpg 300w, https:\/\/www.radiopiu.net\/wordpress\/wp-content\/uploads\/2020\/10\/pug-801826_960_720-768x512.jpg 768w, https:\/\/www.radiopiu.net\/wordpress\/wp-content\/uploads\/2020\/10\/pug-801826_960_720-640x427.jpg 640w, https:\/\/www.radiopiu.net\/wordpress\/wp-content\/uploads\/2020\/10\/pug-801826_960_720.jpg 960w\" sizes=\"auto, (max-width: 186px) 100vw, 186px\" \/><\/a>FELTRE<\/strong> <em>&#8220;Grazie ai vigili del fuoco di Feltre perch\u00e9 fanno sempre un gran lavoro. Rudy sta per andare al lavoro, ma torna a casa e mi dice che c&#8217;\u00e8 un cane a zonzo con tanto di collare e mi invita a cercarlo nel bosco. Dopo un po&#8217; i miei cani abbaiano, in giardino sento un altro cane che piange, intuisco che \u00e8 nel torrente. Mi prendo uno dei miei cani ed inizio a cercarlo. Ad un certo punto mi accorgo che la povera creatura \u00e8 scivolata lungo un argine di cemento finendo in fondo,\u00a0 incapace di risalire. Lego il mio cane ad una albero, provo a scendere ma \u00e8 una missione impossibile con le scarpe, scalza \u00e8 pi\u00f9 semplice. Infine riesco ad arrivare al cagnolino con tanto di targhetta, numero di telefono e nome &#8220;Ambrogio&#8221; e avviso la padrona che non manca di disperarsi. Prendo il cane in braccio e provo a risalire aggrappandomi ai rami. E&#8217; cos\u00ec che io e Ambrogio ci siamo trovati nei guai. Ho chiamato i Carabinieri che hanno avvisato i vigili del fuoco&#8230; che sono venuti a prenderci. Bravi davvero, hanno portato su il cane e poi hanno tirato su anche me. Ambrogio tra qualche giorno compir\u00e0 13 anni, per la felicit\u00e0 della sua padrona \u00e8 ancora sano e saltellante. E&#8217; stata una bella avventura ma ne \u00e8 valsa la pena e grazie al mio vicino di casa per avermi offerto una buona tazza di t\u00e8 caldo&#8221;.<\/em><\/p>\n<p>Rossella<\/p><\/blockquote>\n<p>foto archivio pixabay<\/p>\n","protected":false},"excerpt":{"rendered":"<p>LA BELLA STORIA&#8230;. FELTRE &#8220;Grazie ai vigili del fuoco di Feltre perch\u00e9 fanno sempre un gran lavoro. Rudy sta per andare al lavoro, ma torna a casa e mi dice che c&#8217;\u00e8 un cane a zonzo con tanto di collare e mi invita a cercarlo nel bosco. Dopo un po&#8217; i miei cani abbaiano, in&hellip;<\/p>\n","protected":false},"author":4,"featured_media":163592,"comment_status":"closed","ping_status":"closed","sticky":false,"template":"","format":"standard","meta":{"_monsterinsights_skip_tracking":false,"_monsterinsights_sitenote_active":false,"_monsterinsights_sitenote_note":"","_monsterinsights_sitenote_category":0,"footnotes":""},"categories":[51,104,49],"tags":[],"class_list":["post-163591","post","type-post","status-publish","format-standard","has-post-thumbnail","hentry","category-evidenza-top","category-evidenza_3","category-news-18","category-51","category-104","category-49","description-off"],"img_url":"https:\/\/www.radiopiu.net\/wordpress\/wp-content\/uploads\/2020\/10\/pug-801826_960_720.jpg","_links":{"self":[{"href":"https:\/\/www.radiopiu.net\/wordpress\/wp-json\/wp\/v2\/posts\/163591","targetHints":{"allow":["GET"]}}],"collection":[{"href":"https:\/\/www.radiopiu.net\/wordpress\/wp-json\/wp\/v2\/posts"}],"about":[{"href":"https:\/\/www.radiopiu.net\/wordpress\/wp-json\/wp\/v2\/types\/post"}],"author":[{"embeddable":true,"href":"https:\/\/www.radiopiu.net\/wordpress\/wp-json\/wp\/v2\/users\/4"}],"replies":[{"embeddable":true,"href":"https:\/\/www.radiopiu.net\/wordpress\/wp-json\/wp\/v2\/comments?post=163591"}],"version-history":[{"count":0,"href":"https:\/\/www.radiopiu.net\/wordpress\/wp-json\/wp\/v2\/posts\/163591\/revisions"}],"wp:featuredmedia":[{"embeddable":true,"href":"https:\/\/www.radiopiu.net\/wordpress\/wp-json\/wp\/v2\/media\/163592"}],"wp:attachment":[{"href":"https:\/\/www.radiopiu.net\/wordpress\/wp-json\/wp\/v2\/media?parent=163591"}],"wp:term":[{"taxonomy":"category","embeddable":true,"href":"https:\/\/www.radiopiu.net\/wordpress\/wp-json\/wp\/v2\/categories?post=163591"},{"taxonomy":"post_tag","embeddable":true,"href":"https:\/\/www.radiopiu.net\/wordpress\/wp-json\/wp\/v2\/tags?post=163591"}],"curies":[{"name":"wp","href":"https:\/\/api.w.org\/{rel}","templated":true}]}}