{"id":163598,"date":"2020-10-02T06:01:26","date_gmt":"2020-10-02T04:01:26","guid":{"rendered":"https:\/\/www.radiopiu.net\/wordpress\/?p=163598"},"modified":"2020-10-02T06:08:56","modified_gmt":"2020-10-02T04:08:56","slug":"maltempo-in-arrivo-in-veneto-allerta-di-livelli-diversi-su-tutto-il-territorio","status":"publish","type":"post","link":"https:\/\/www.radiopiu.net\/wordpress\/maltempo-in-arrivo-in-veneto-allerta-di-livelli-diversi-su-tutto-il-territorio\/","title":{"rendered":"MALTEMPO IN ARRIVO IN VENETO. ALLERTA DI LIVELLI DIVERSI SU TUTTO IL TERRITORIO."},"content":{"rendered":"<p class=\"western\"><img loading=\"lazy\" decoding=\"async\" class=\"alignleft\" src=\"https:\/\/www.radiopiu.net\/wordpress\/wp-content\/uploads\/2018\/08\/instabilita.jpg\" width=\"210\" height=\"126\" \/><strong>VENEZIA<\/strong> Una nuova, intensa, ondata di maltempo sta per interessare l\u2019intero territorio del Veneto, con diversi livelli di forza. Alla luce delle previsioni meteo, il Centro Funzionale Decentrato della Protezione Civile della Regione ha diramato un Avviso di Criticit\u00e0 Idrogeologica e Idraulica, dichiarando lo Stato di Attenzione, di Preallarme e di Allarme in diversi bacini idrografici a partire dalle ore 12.00 di domani, venerd\u00ec 2 ottobre, fino alle ore 24.00 di sabato 4 ottobre.<\/p>\n<p class=\"western\">Per domani, \u00e8 previsto tempo perturbato con precipitazioni in progressiva estensione e intensificazione sulle zone centro-settentrionali della regione, anche con rovesci e fenomeni che tenderanno a divenire forti e persistenti soprattutto su Prealpi e Dolomiti meridionali. La fase pi\u00f9 intensa delle precipitazioni \u00e8 attesa tra il pomeriggio\/sera di domani e la prima parte di sabato. Nel pomeriggio-sera di sabato le precipitazioni tenderanno a diradarsi.<\/p>\n<p>&nbsp;<\/p>\n<p><strong><a class=\"dt-pswp-item\" href=\"https:\/\/www.radiopiu.net\/wordpress\/wp-content\/uploads\/2018\/10\/INCENDIO-BOTTACIN.jpg\" data-dt-img-description=\"\" data-large_image_width=\"1336\" data-large_image_height=\"1004\"><img loading=\"lazy\" decoding=\"async\" class=\"size-medium wp-image-65187 alignleft\" src=\"https:\/\/www.radiopiu.net\/wordpress\/wp-content\/uploads\/2018\/10\/INCENDIO-BOTTACIN-300x225.jpg\" alt=\"\" width=\"300\" height=\"225\" srcset=\"https:\/\/www.radiopiu.net\/wordpress\/wp-content\/uploads\/2018\/10\/INCENDIO-BOTTACIN-300x225.jpg 300w, https:\/\/www.radiopiu.net\/wordpress\/wp-content\/uploads\/2018\/10\/INCENDIO-BOTTACIN-768x577.jpg 768w, https:\/\/www.radiopiu.net\/wordpress\/wp-content\/uploads\/2018\/10\/INCENDIO-BOTTACIN-1024x770.jpg 1024w, https:\/\/www.radiopiu.net\/wordpress\/wp-content\/uploads\/2018\/10\/INCENDIO-BOTTACIN.jpg 1336w\" sizes=\"auto, (max-width: 300px) 100vw, 300px\" \/><\/a>L&#8217;ASSESSORE ALLA PROTEZIONE CIVILE GIANPAOLO BOTTACIN<\/strong>:<em> &#8220;L&#8217;evento meteo che sta per arrivare non \u00e8 paragonabile a Vaia. In ogni caso come ogni volta che ci sono eventi rilevanti siamo costantemente allertati. Domani rifacciamo il punto della situazione aggiornando il bollettino meteo che \u00e8 l&#8217;unico documento ufficiale di ALLERTAMENTO. Questo in quanto in Italia le autorit\u00e0 di protezione civile sono il presidente del consiglio dei ministri, i presidenti di REGIONE (che provvedono all&#8217;allertamento) e i sindaci. Stiamo continuamente facendo girare i modelli meteo e idrologici\/idraulici per essere aggiornati&#8221;. .<\/em><\/p>\n<p>&nbsp;<\/p>\n<p class=\"western\"><b>Lo Stato di Allarme (allerta rossa) per criticit\u00e0 idrogeologica<\/b> \u00e8 dichiarato sul bacino Piave Pedemontano, dove \u00e8 dichiarato anche lo Stato di Preallarme (allerta arancione) per criticit\u00e0 idraulica sulla rete principale.<\/p>\n<p class=\"western\"><b>Lo Stato di Preallarme (allerta arancione)<\/b> \u00e8 dichiarato anche sui bacini Alto Piave; Alto Brenta-Bacchiglione-Alpone e Basso Brenta-Bacchiglione.<\/p>\n<p class=\"western\"><b>Lo Stato di Attenzione (allerta gialla) per criticit\u00e0 idraulica sulla rete principale<\/b> \u00e8 dichiarato sui bacini Alto Piave; Piave-Pedemontano; Adige-Garda e Monti Lessini; Basso Piave-Sile e Bacino Scolante in Laguna; Livenza-Lemene-Tagliamento.<\/p>\n<p class=\"western\"><b>Lo Stato di Attenzione (allerta gialla) per criticit\u00e0 idrogeologica<\/b> \u00e8 dichiarato sui bacini Adige-Garda-Monti Lessini; Basso Brenta-Bacchiglione; Basso Piave-Sile e Bacino Scolante in Laguna; Livenza-Lemene-Tagliamento.<\/p>\n<p>BOLLETTINO METEO A CONFRONTO, QUELLO ATTUALE E QUELLO DI VAIA DEL 2018<\/p>\n<p><a class=\"dt-pswp-item\" href=\"https:\/\/www.radiopiu.net\/wordpress\/wp-content\/uploads\/2020\/10\/WhatsApp-Image-2020-10-01-at-20.02.47.jpeg\" data-dt-img-description=\"\" data-large_image_width=\"1063\" data-large_image_height=\"1290\"><img loading=\"lazy\" decoding=\"async\" class=\"alignnone size-medium wp-image-163672\" src=\"https:\/\/www.radiopiu.net\/wordpress\/wp-content\/uploads\/2020\/10\/WhatsApp-Image-2020-10-01-at-20.02.47-247x300.jpeg\" alt=\"\" width=\"247\" height=\"300\" srcset=\"https:\/\/www.radiopiu.net\/wordpress\/wp-content\/uploads\/2020\/10\/WhatsApp-Image-2020-10-01-at-20.02.47-247x300.jpeg 247w, https:\/\/www.radiopiu.net\/wordpress\/wp-content\/uploads\/2020\/10\/WhatsApp-Image-2020-10-01-at-20.02.47-844x1024.jpeg 844w, https:\/\/www.radiopiu.net\/wordpress\/wp-content\/uploads\/2020\/10\/WhatsApp-Image-2020-10-01-at-20.02.47-768x932.jpeg 768w, https:\/\/www.radiopiu.net\/wordpress\/wp-content\/uploads\/2020\/10\/WhatsApp-Image-2020-10-01-at-20.02.47-396x480.jpeg 396w, https:\/\/www.radiopiu.net\/wordpress\/wp-content\/uploads\/2020\/10\/WhatsApp-Image-2020-10-01-at-20.02.47.jpeg 1063w\" sizes=\"auto, (max-width: 247px) 100vw, 247px\" \/><\/a><a class=\"dt-pswp-item\" href=\"https:\/\/www.radiopiu.net\/wordpress\/wp-content\/uploads\/2020\/10\/WhatsApp-Image-2020-10-01-at-20.02.52.jpeg\" data-dt-img-description=\"\" data-large_image_width=\"1019\" data-large_image_height=\"1337\"><img loading=\"lazy\" decoding=\"async\" class=\"alignnone size-medium wp-image-163673\" src=\"https:\/\/www.radiopiu.net\/wordpress\/wp-content\/uploads\/2020\/10\/WhatsApp-Image-2020-10-01-at-20.02.52-229x300.jpeg\" alt=\"\" width=\"229\" height=\"300\" srcset=\"https:\/\/www.radiopiu.net\/wordpress\/wp-content\/uploads\/2020\/10\/WhatsApp-Image-2020-10-01-at-20.02.52-229x300.jpeg 229w, https:\/\/www.radiopiu.net\/wordpress\/wp-content\/uploads\/2020\/10\/WhatsApp-Image-2020-10-01-at-20.02.52-780x1024.jpeg 780w, https:\/\/www.radiopiu.net\/wordpress\/wp-content\/uploads\/2020\/10\/WhatsApp-Image-2020-10-01-at-20.02.52-768x1008.jpeg 768w, https:\/\/www.radiopiu.net\/wordpress\/wp-content\/uploads\/2020\/10\/WhatsApp-Image-2020-10-01-at-20.02.52-366x480.jpeg 366w, https:\/\/www.radiopiu.net\/wordpress\/wp-content\/uploads\/2020\/10\/WhatsApp-Image-2020-10-01-at-20.02.52.jpeg 1019w\" sizes=\"auto, (max-width: 229px) 100vw, 229px\" \/><\/a><\/p>\n","protected":false},"excerpt":{"rendered":"<p>VENEZIA Una nuova, intensa, ondata di maltempo sta per interessare l\u2019intero territorio del Veneto, con diversi livelli di forza. Alla luce delle previsioni meteo, il Centro Funzionale Decentrato della Protezione Civile della Regione ha diramato un Avviso di Criticit\u00e0 Idrogeologica e Idraulica, dichiarando lo Stato di Attenzione, di Preallarme e di Allarme in diversi bacini&hellip;<\/p>\n","protected":false},"author":4,"featured_media":57488,"comment_status":"closed","ping_status":"closed","sticky":false,"template":"","format":"standard","meta":{"_monsterinsights_skip_tracking":false,"_monsterinsights_sitenote_active":false,"_monsterinsights_sitenote_note":"","_monsterinsights_sitenote_category":0,"footnotes":""},"categories":[104,49],"tags":[],"class_list":["post-163598","post","type-post","status-publish","format-standard","has-post-thumbnail","hentry","category-evidenza_3","category-news-18","category-104","category-49","description-off"],"img_url":"https:\/\/www.radiopiu.net\/wordpress\/wp-content\/uploads\/2018\/08\/instabilita.jpg","_links":{"self":[{"href":"https:\/\/www.radiopiu.net\/wordpress\/wp-json\/wp\/v2\/posts\/163598","targetHints":{"allow":["GET"]}}],"collection":[{"href":"https:\/\/www.radiopiu.net\/wordpress\/wp-json\/wp\/v2\/posts"}],"about":[{"href":"https:\/\/www.radiopiu.net\/wordpress\/wp-json\/wp\/v2\/types\/post"}],"author":[{"embeddable":true,"href":"https:\/\/www.radiopiu.net\/wordpress\/wp-json\/wp\/v2\/users\/4"}],"replies":[{"embeddable":true,"href":"https:\/\/www.radiopiu.net\/wordpress\/wp-json\/wp\/v2\/comments?post=163598"}],"version-history":[{"count":0,"href":"https:\/\/www.radiopiu.net\/wordpress\/wp-json\/wp\/v2\/posts\/163598\/revisions"}],"wp:featuredmedia":[{"embeddable":true,"href":"https:\/\/www.radiopiu.net\/wordpress\/wp-json\/wp\/v2\/media\/57488"}],"wp:attachment":[{"href":"https:\/\/www.radiopiu.net\/wordpress\/wp-json\/wp\/v2\/media?parent=163598"}],"wp:term":[{"taxonomy":"category","embeddable":true,"href":"https:\/\/www.radiopiu.net\/wordpress\/wp-json\/wp\/v2\/categories?post=163598"},{"taxonomy":"post_tag","embeddable":true,"href":"https:\/\/www.radiopiu.net\/wordpress\/wp-json\/wp\/v2\/tags?post=163598"}],"curies":[{"name":"wp","href":"https:\/\/api.w.org\/{rel}","templated":true}]}}