{"id":163786,"date":"2020-10-02T14:01:26","date_gmt":"2020-10-02T12:01:26","guid":{"rendered":"https:\/\/www.radiopiu.net\/wordpress\/?p=163786"},"modified":"2020-10-02T14:01:26","modified_gmt":"2020-10-02T12:01:26","slug":"aggiornamento-meteo-con-lassessore-alla-protezione-civile-gianpaolo-bottacin-ore-14-00-venerdi","status":"publish","type":"post","link":"https:\/\/www.radiopiu.net\/wordpress\/aggiornamento-meteo-con-lassessore-alla-protezione-civile-gianpaolo-bottacin-ore-14-00-venerdi\/","title":{"rendered":"AGGIORNAMENTO METEO CON L&#8217;ASSESSORE ALLA PROTEZIONE CIVILE GIANPAOLO BOTTACIN, ore 14.00 venerdi"},"content":{"rendered":"<p><strong><a class=\"dt-pswp-item\" href=\"https:\/\/www.radiopiu.net\/wordpress\/wp-content\/uploads\/2018\/10\/Bottacin-a-convegno-Ca-Foscari-sul-clima-19.10.2018-.jpg\" data-dt-img-description=\"\" data-large_image_width=\"1004\" data-large_image_height=\"1336\"><img loading=\"lazy\" decoding=\"async\" class=\" wp-image-64515 alignleft\" src=\"https:\/\/www.radiopiu.net\/wordpress\/wp-content\/uploads\/2018\/10\/Bottacin-a-convegno-Ca-Foscari-sul-clima-19.10.2018--225x300.jpg\" alt=\"\" width=\"176\" height=\"235\" srcset=\"https:\/\/www.radiopiu.net\/wordpress\/wp-content\/uploads\/2018\/10\/Bottacin-a-convegno-Ca-Foscari-sul-clima-19.10.2018--225x300.jpg 225w, https:\/\/www.radiopiu.net\/wordpress\/wp-content\/uploads\/2018\/10\/Bottacin-a-convegno-Ca-Foscari-sul-clima-19.10.2018--768x1022.jpg 768w, https:\/\/www.radiopiu.net\/wordpress\/wp-content\/uploads\/2018\/10\/Bottacin-a-convegno-Ca-Foscari-sul-clima-19.10.2018--770x1024.jpg 770w, https:\/\/www.radiopiu.net\/wordpress\/wp-content\/uploads\/2018\/10\/Bottacin-a-convegno-Ca-Foscari-sul-clima-19.10.2018-.jpg 1004w\" sizes=\"auto, (max-width: 176px) 100vw, 176px\" \/><\/a>VENEZIA<\/strong> Un fronte meteo particolarmente intenso ha iniziato ad attraversare la Regione. Stamane abbiamo fatto il punto della situazione dopo gli ultimi aggiornamenti. Confermato il bollettino di ieri, unica differenza il picco del fenomeno sar\u00e0 domani e non questa notte. Confermate le zone maggiormente interessante, Valbelluna, Pedemontana in zona rossa preallarme, allarme arancione altrove quindi anche con pericolo di frane. La zona piu&#8217; colpita sar\u00e0 la Pedemontana e Trevigiana e temiamo l&#8217;innalzamento di livello dei corsi d&#8217;acqua. Si prevedono da 60 a 150 milliemetri di pioggia nelle 48 ore in alcune zone anche fino a 200. Domani venti forti, in quota anche oltre i 100 orari, nelle vallate raffiche a velocit\u00e0 minore. Nel bollettino vi sono aree in rosso perch\u00e9 \u00e8 previsto un fenomeno particolarmente intenso, accade un paio di volte all&#8217;anno non di piu&#8217;. Con Vaia tutto il Veneto era colorato di rosso non come in questo caso dove c&#8217;e&#8217; una sola zona. La parte della montagna bellunese prevede fenomeni intensi piovoso non come vaia (arancione) ma il bollettino va letto anche alla luce di come il territorio si \u00e8 modificato con gli eventi Vaia. Sono tanti i cantieri avviati ma le opere di difesa non sono state tutte ripristinate quindi la sicurezza e&#8217; minore di prima. Per questo va posta un&#8217;attenzione particolare. La sala operativa \u00e8 aperta h24 con bollettini che saranno emessi nell&#8217;arco della giornata e nella notte e anche domani in via eccezionale. Oggi collegamento con la Prefettura di Belluno, siamo in stretto contatto con tutte le struture che hanno un&#8217;interazione con eventuali interventi di soccorso, da Veneto Strade al 118, ,dalle forze dell&#8217;ordine ai sindaci, vigili del fuoco, Prefetto. I sindaci sono allertati fin dalla giornata di ieri. Noi prevediamo perturbazioni consistenti sulle montagna, Pedemontana, VIcentino, rischio frane piu&#8217; marcato in Valbelluna e Pedemontana. L&#8217;invito di mantenere la distanza dai corsi d&#8217;acqua, non sostare sopra i ponti. Purtroppo nella storia gli appelli sono stati inascoltati e si sono conclusi in maniera tragica. Sono previsti venti forti quindi se uno sta a casa non rischia che qualche oggetto gli arrivi addosso.Leggo che verr\u00e0 utilizzato il Mose, sar\u00e0 il vero prima collaudo pratico, fino ad oggi e&#8217; stato come collaudare un&#8217;auto di formula uno&#8230; spingendola con il motore spento.<\/p>\n<p>&nbsp;<\/p>\n","protected":false},"excerpt":{"rendered":"<p>VENEZIA Un fronte meteo particolarmente intenso ha iniziato ad attraversare la Regione. Stamane abbiamo fatto il punto della situazione dopo gli ultimi aggiornamenti. Confermato il bollettino di ieri, unica differenza il picco del fenomeno sar\u00e0 domani e non questa notte. Confermate le zone maggiormente interessante, Valbelluna, Pedemontana in zona rossa preallarme, allarme arancione altrove quindi&hellip;<\/p>\n","protected":false},"author":4,"featured_media":0,"comment_status":"closed","ping_status":"closed","sticky":false,"template":"","format":"standard","meta":{"_monsterinsights_skip_tracking":false,"_monsterinsights_sitenote_active":false,"_monsterinsights_sitenote_note":"","_monsterinsights_sitenote_category":0,"footnotes":""},"categories":[51,49],"tags":[],"class_list":["post-163786","post","type-post","status-publish","format-standard","hentry","category-evidenza-top","category-news-18","category-51","category-49","description-off"],"img_url":false,"_links":{"self":[{"href":"https:\/\/www.radiopiu.net\/wordpress\/wp-json\/wp\/v2\/posts\/163786","targetHints":{"allow":["GET"]}}],"collection":[{"href":"https:\/\/www.radiopiu.net\/wordpress\/wp-json\/wp\/v2\/posts"}],"about":[{"href":"https:\/\/www.radiopiu.net\/wordpress\/wp-json\/wp\/v2\/types\/post"}],"author":[{"embeddable":true,"href":"https:\/\/www.radiopiu.net\/wordpress\/wp-json\/wp\/v2\/users\/4"}],"replies":[{"embeddable":true,"href":"https:\/\/www.radiopiu.net\/wordpress\/wp-json\/wp\/v2\/comments?post=163786"}],"version-history":[{"count":0,"href":"https:\/\/www.radiopiu.net\/wordpress\/wp-json\/wp\/v2\/posts\/163786\/revisions"}],"wp:attachment":[{"href":"https:\/\/www.radiopiu.net\/wordpress\/wp-json\/wp\/v2\/media?parent=163786"}],"wp:term":[{"taxonomy":"category","embeddable":true,"href":"https:\/\/www.radiopiu.net\/wordpress\/wp-json\/wp\/v2\/categories?post=163786"},{"taxonomy":"post_tag","embeddable":true,"href":"https:\/\/www.radiopiu.net\/wordpress\/wp-json\/wp\/v2\/tags?post=163786"}],"curies":[{"name":"wp","href":"https:\/\/api.w.org\/{rel}","templated":true}]}}