{"id":163865,"date":"2020-10-02T18:24:39","date_gmt":"2020-10-02T16:24:39","guid":{"rendered":"https:\/\/www.radiopiu.net\/wordpress\/?p=163865"},"modified":"2020-10-02T18:46:34","modified_gmt":"2020-10-02T16:46:34","slug":"in-24-ore-43-positivi-in-piu-in-provincia-18-dal-comelico-compreso-un-operatore-sanitario","status":"publish","type":"post","link":"https:\/\/www.radiopiu.net\/wordpress\/in-24-ore-43-positivi-in-piu-in-provincia-18-dal-comelico-compreso-un-operatore-sanitario\/","title":{"rendered":"IN 24 ORE 43 POSITIVI IN PIU&#8217; IN PROVINCIA, 18 DAL COMELICO COMPRESO UN OPERATORE SANITARIO"},"content":{"rendered":"<p><strong><img loading=\"lazy\" decoding=\"async\" class=\"alignleft\" src=\"https:\/\/www.radiopiu.net\/wordpress\/wp-content\/uploads\/2020\/03\/covid-ulss.jpg\" width=\"291\" height=\"218\" \/>BELLUNO <\/strong>Incremento delle positivit\u00e0 a Belluno:<strong> 43 in 24 ore\u00a0 <\/strong>18 di queste sono riferite al focolaio del Comelico (1 residente a Sappada, operatore sanitario del\u00a0 territorio) 17 ad altri Comuni del Cadore 8 ad altri comuni. <span lang=\"it-IT\">Alcune di queste positivit\u00e0 sono relative a soggetti frequentanti la scuola con attivazione del protocollo.\u00a0 <\/span><span lang=\"it-IT\">Particolarmente significative risultano le positivit\u00e0 afferenti a operatori sanitari (3) che comportano impegnative azioni di contact tracing e conseguente quarantena dei contatti professionali. <\/span><span lang=\"it-IT\">La gran parte della casistica \u00e8 relativa a soggetti asintomatici. Costituisce elemento \u201cfavorevole\u201d nella gestione di queste positivit\u00e0 il fatto che esse derivano nella quasi totalit\u00e0 da \u201cmaturazione di positivit\u00e0\u201d su soggetti gi\u00e0 in quarantena in quanto contatti di caso. <\/span><span lang=\"it-IT\">Il Dipartimento di Prevenzione ha organizzato delle sessioni di tamponi aggiuntive a Tai di Cadore domani pomeriggio e domenica per l\u2019esecuzione del test di controllo su appuntamento per i numerosi contatti delle nuove positivit\u00e0 emerse oggi. <\/span>Le persone attualmente ricoverate in Malattie Infettive al San Martino di Belluno sono <span lang=\"it-IT\">6.<\/span><\/p>\n<p align=\"JUSTIFY\"><span lang=\"it-IT\">\u00c8 iniziato <\/span>al drive-in di Feltre<span lang=\"it-IT\"> con accesso libero l\u2019uso dei tamponi<\/span><span lang=\"it-IT\"> antigenici rapidi<\/span><b> <\/b>per bambini, ragazzi e adulti sintomatici frequentanti la scuola<span lang=\"it-IT\">. Sono stati eseguiti 113 test, risultati tutti negativi.\u00a0 <\/span><span lang=\"it-IT\">L\u2019utilizzo del test antigenico rapido per i soggetti sintomatici della scuola sar\u00e0 esteso a partire da luned\u00ec 5 ottobre anche al drive-in di Caprile (accesso libero dalle 17 alle 19 il luned\u00ec, mercoled\u00ec e venerd\u00ec) e a partire da mercoled\u00ec 7 ottobre a Belluno Da luned\u00ec 5 ottobre<b>,<\/b> il drive-in con accesso libero di Belluno per soggetti sintomatici frequentanti la scuola e rientri dall\u2019estero sar\u00e0 operativo in VIA MEASSA a SAGROGNA per una miglior gestione della viabilit\u00e0 intra ed extraospedaliera.<\/span><\/p>\n<p align=\"JUSTIFY\"><span lang=\"it-IT\"><b>domani entrambi i drive-in di Belluno e di Feltre con accesso libero chiuderanno alle 11 in relazione all\u2019allerta meteo.<\/b><\/span><\/p>\n<p align=\"JUSTIFY\">\n","protected":false},"excerpt":{"rendered":"<p>BELLUNO Incremento delle positivit\u00e0 a Belluno: 43 in 24 ore\u00a0 18 di queste sono riferite al focolaio del Comelico (1 residente a Sappada, operatore sanitario del\u00a0 territorio) 17 ad altri Comuni del Cadore 8 ad altri comuni. Alcune di queste positivit\u00e0 sono relative a soggetti frequentanti la scuola con attivazione del protocollo.\u00a0 Particolarmente significative risultano&hellip;<\/p>\n","protected":false},"author":4,"featured_media":121260,"comment_status":"closed","ping_status":"closed","sticky":false,"template":"","format":"standard","meta":{"_monsterinsights_skip_tracking":false,"_monsterinsights_sitenote_active":false,"_monsterinsights_sitenote_note":"","_monsterinsights_sitenote_category":0,"footnotes":""},"categories":[51,49],"tags":[],"class_list":["post-163865","post","type-post","status-publish","format-standard","has-post-thumbnail","hentry","category-evidenza-top","category-news-18","category-51","category-49","description-off"],"img_url":"https:\/\/www.radiopiu.net\/wordpress\/wp-content\/uploads\/2020\/03\/covid-ulss.jpg","_links":{"self":[{"href":"https:\/\/www.radiopiu.net\/wordpress\/wp-json\/wp\/v2\/posts\/163865","targetHints":{"allow":["GET"]}}],"collection":[{"href":"https:\/\/www.radiopiu.net\/wordpress\/wp-json\/wp\/v2\/posts"}],"about":[{"href":"https:\/\/www.radiopiu.net\/wordpress\/wp-json\/wp\/v2\/types\/post"}],"author":[{"embeddable":true,"href":"https:\/\/www.radiopiu.net\/wordpress\/wp-json\/wp\/v2\/users\/4"}],"replies":[{"embeddable":true,"href":"https:\/\/www.radiopiu.net\/wordpress\/wp-json\/wp\/v2\/comments?post=163865"}],"version-history":[{"count":0,"href":"https:\/\/www.radiopiu.net\/wordpress\/wp-json\/wp\/v2\/posts\/163865\/revisions"}],"wp:featuredmedia":[{"embeddable":true,"href":"https:\/\/www.radiopiu.net\/wordpress\/wp-json\/wp\/v2\/media\/121260"}],"wp:attachment":[{"href":"https:\/\/www.radiopiu.net\/wordpress\/wp-json\/wp\/v2\/media?parent=163865"}],"wp:term":[{"taxonomy":"category","embeddable":true,"href":"https:\/\/www.radiopiu.net\/wordpress\/wp-json\/wp\/v2\/categories?post=163865"},{"taxonomy":"post_tag","embeddable":true,"href":"https:\/\/www.radiopiu.net\/wordpress\/wp-json\/wp\/v2\/tags?post=163865"}],"curies":[{"name":"wp","href":"https:\/\/api.w.org\/{rel}","templated":true}]}}