{"id":163920,"date":"2020-10-04T07:36:30","date_gmt":"2020-10-04T05:36:30","guid":{"rendered":"https:\/\/www.radiopiu.net\/wordpress\/?p=163920"},"modified":"2020-10-04T08:08:18","modified_gmt":"2020-10-04T06:08:18","slug":"giornale-radiopiu-04-ottobre-2020-direttore-mirko-mezzacasa","status":"publish","type":"post","link":"https:\/\/www.radiopiu.net\/wordpress\/giornale-radiopiu-04-ottobre-2020-direttore-mirko-mezzacasa\/","title":{"rendered":"GIORNALE RADIOPIU 04 OTTOBRE 2020 DIRETTORE MIRKO MEZZACASA"},"content":{"rendered":"<div class=\"\" data-block=\"true\" data-editor=\"ee1p2\" data-offset-key=\"3qpe6-0-0\">\n<blockquote>\n<h2 class=\"_1mf _1mj\" data-offset-key=\"3qpe6-0-0\"><span style=\"color: #ff0000;\"><a class=\"dt-pswp-item\" href=\"https:\/\/www.radiopiu.net\/wordpress\/wp-content\/uploads\/2020\/10\/120798797_2793337187615716_8297393932726706917_o.jpg\" data-dt-img-description=\"\" data-large_image_width=\"1024\" data-large_image_height=\"768\"><img loading=\"lazy\" decoding=\"async\" class=\"size-medium wp-image-164090 alignleft\" src=\"https:\/\/www.radiopiu.net\/wordpress\/wp-content\/uploads\/2020\/10\/120798797_2793337187615716_8297393932726706917_o-300x225.jpg\" alt=\"\" width=\"300\" height=\"225\" srcset=\"https:\/\/www.radiopiu.net\/wordpress\/wp-content\/uploads\/2020\/10\/120798797_2793337187615716_8297393932726706917_o-300x225.jpg 300w, https:\/\/www.radiopiu.net\/wordpress\/wp-content\/uploads\/2020\/10\/120798797_2793337187615716_8297393932726706917_o-768x576.jpg 768w, https:\/\/www.radiopiu.net\/wordpress\/wp-content\/uploads\/2020\/10\/120798797_2793337187615716_8297393932726706917_o-640x480.jpg 640w, https:\/\/www.radiopiu.net\/wordpress\/wp-content\/uploads\/2020\/10\/120798797_2793337187615716_8297393932726706917_o.jpg 1024w\" sizes=\"auto, (max-width: 300px) 100vw, 300px\" \/><\/a>EMERGENZA MALTEMPO, RADIO PIU&#8217; IN PRIMA LINEA OLTRE 100.000 INGRESSI NEL SITO NELLE ULTIME 72 ORE. grazie per la fiducia<\/span><\/h2>\n<\/blockquote>\n<\/div>\n<h3><strong>PER RICEVERE QUESTO NOTIZIARIO DIRETTAMENTE SUL TUO CELLULARE ISCRIVITI AL CANALE TELEGRAM <\/strong><strong>\u201cRADIO PIU\u00a0 INFORMAZIONE&#8221;<\/strong><\/h3>\n<p><em>ATTENZIONE: LA NUOVA APP PER IOS-IPHONE<\/em><\/p>\n<div>\n<div><a href=\"https:\/\/apps.apple.com\/it\/app\/radio-pi%C3%B9-emittente-agordina\/id1515939845\">https:\/\/apps.apple.com\/it\/app\/radio-pi%C3%B9-emittente-agordina\/id1515939845<\/a><\/div>\n<\/div>\n<div><\/div>\n<div>\n<div dir=\"auto\"><em>ATTENZIONE: LA NUOVA APP RADIO\u00a0 PER ANDROID<\/em><\/div>\n<\/div>\n<p><a href=\"https:\/\/play.google.com\/store\/apps\/details?id=net.radiopiu.iniko\" target=\"_blank\" rel=\"noopener noreferrer\">https:\/\/play.google.com\/store\/apps\/details?id=net.radiopiu.iniko<\/a><\/p>\n<p>&nbsp;<\/p>\n<hr \/>\n<p>&nbsp;<\/p>\n<h3><span style=\"color: #0000ff;\">PER CHI VIAGGIA: <span style=\"color: #000000;\">negli spostamenti Agordo-Belluno prendetevi per tempo, sono due i semafori (non sincronizzati) tra La Stanga (dopo il ristorante) e Candaten (prima del rettilineo). Disagi notevoli nelle ore di cambio turno in Luxottica ad Agordo.\u00a0<\/span><\/span><\/h3>\n<p><strong>SR 203 AGORDINA<\/strong>\u00a0Tutti i giorni feriali (esclusi festivi e prefestivi) senso unico alternato tra Peron e Candaten e tra La Stanga e Candaten con movieri dalle 7.03 alle 9 e dalle 16.30 alle 18. Con semaforo negli altri orari<\/p>\n<p><strong>PROVINCIALE 35 &#8211; LASTE<\/strong><br \/>\nPer allargamento della sede stradale in localit\u00e0 Laste di Sopra limitazioni al transito fino al 15 ottobre esclusi festivi e prefestivi, brevi interruzioni durata massima di 15 minuti tra le 8 e le 12 e tra le 13 e le 17.\u00a0Negli altri orari semaforo e senso unico alternato<\/p>\n<p>&nbsp;<\/p>\n<p>&nbsp;<\/p>\n<hr \/>\n<p>&nbsp;<\/p>\n<p><a class=\"dt-pswp-item\" href=\"https:\/\/www.radiopiu.net\/wordpress\/wp-content\/uploads\/2018\/08\/ACQUA.jpeg\" data-dt-img-description=\"\" data-large_image_width=\"1280\" data-large_image_height=\"768\"><img loading=\"lazy\" decoding=\"async\" class=\"wp-image-57052 alignleft\" src=\"https:\/\/www.radiopiu.net\/wordpress\/wp-content\/uploads\/2018\/08\/ACQUA-300x180.jpeg\" alt=\"\" width=\"180\" height=\"108\" srcset=\"https:\/\/www.radiopiu.net\/wordpress\/wp-content\/uploads\/2018\/08\/ACQUA-300x180.jpeg 300w, https:\/\/www.radiopiu.net\/wordpress\/wp-content\/uploads\/2018\/08\/ACQUA-768x461.jpeg 768w, https:\/\/www.radiopiu.net\/wordpress\/wp-content\/uploads\/2018\/08\/ACQUA-1024x614.jpeg 1024w, https:\/\/www.radiopiu.net\/wordpress\/wp-content\/uploads\/2018\/08\/ACQUA.jpeg 1280w\" sizes=\"auto, (max-width: 180px) 100vw, 180px\" \/><\/a><\/p>\n<p>A LIVINALLONGO DEL COL DI LANA in LOCALITA\u2019 LARZONEI ed a \u00a0SELVA DI CADORE in LOCALITA\u2019 L\u2019 ANDRIA l\u2019acqua erogata dall\u2019acquedotto non \u00e8 potabile e pu\u00f2 essere usata per scopi alimentari solo previa bollitura.<\/p>\n<p>&nbsp;<\/p>\n<p>&nbsp;<\/p>\n<p>&nbsp;<\/p>\n<hr \/>\n<p>&nbsp;<\/p>\n<blockquote>\n<h3>VIAGGIAVA CON 300 GRAMMI DI COCAINA IN AUTO, ARRESTATO UN 36ENNE<\/h3>\n<\/blockquote>\n<p><strong><a class=\"dt-pswp-item\" href=\"https:\/\/www.radiopiu.net\/wordpress\/wp-content\/uploads\/2020\/10\/85b35917-f2aa-4237-a16a-4d5837f8eb0f.jpg\" data-dt-img-description=\"\" data-large_image_width=\"1600\" data-large_image_height=\"737\"><img loading=\"lazy\" decoding=\"async\" class=\"size-medium wp-image-163956 alignleft\" src=\"https:\/\/www.radiopiu.net\/wordpress\/wp-content\/uploads\/2020\/10\/85b35917-f2aa-4237-a16a-4d5837f8eb0f-300x138.jpg\" alt=\"\" width=\"300\" height=\"138\" srcset=\"https:\/\/www.radiopiu.net\/wordpress\/wp-content\/uploads\/2020\/10\/85b35917-f2aa-4237-a16a-4d5837f8eb0f-300x138.jpg 300w, https:\/\/www.radiopiu.net\/wordpress\/wp-content\/uploads\/2020\/10\/85b35917-f2aa-4237-a16a-4d5837f8eb0f-1024x472.jpg 1024w, https:\/\/www.radiopiu.net\/wordpress\/wp-content\/uploads\/2020\/10\/85b35917-f2aa-4237-a16a-4d5837f8eb0f-768x354.jpg 768w, https:\/\/www.radiopiu.net\/wordpress\/wp-content\/uploads\/2020\/10\/85b35917-f2aa-4237-a16a-4d5837f8eb0f-1536x708.jpg 1536w, https:\/\/www.radiopiu.net\/wordpress\/wp-content\/uploads\/2020\/10\/85b35917-f2aa-4237-a16a-4d5837f8eb0f-640x295.jpg 640w, https:\/\/www.radiopiu.net\/wordpress\/wp-content\/uploads\/2020\/10\/85b35917-f2aa-4237-a16a-4d5837f8eb0f.jpg 1600w\" sizes=\"auto, (max-width: 300px) 100vw, 300px\" \/><\/a>BELLUNO<\/strong><\/p>\n<p>di Moreno Gioli<\/p>\n<p><em>nella foto il Vicecommissario Marco Ceolin<\/em><\/p>\n<p><strong>IL SERVIZIO<\/strong><\/p>\n<audio class=\"wp-audio-shortcode\" id=\"audio-163920-1\" preload=\"none\" style=\"width: 100%;\" controls=\"controls\"><source type=\"audio\/mpeg\" src=\"https:\/\/www.radiopiu.net\/wordpress\/wp-content\/uploads\/2020\/10\/MORENO-GIOLI-COCAINA.mp3?_=1\" \/><a href=\"https:\/\/www.radiopiu.net\/wordpress\/wp-content\/uploads\/2020\/10\/MORENO-GIOLI-COCAINA.mp3\">https:\/\/www.radiopiu.net\/wordpress\/wp-content\/uploads\/2020\/10\/MORENO-GIOLI-COCAINA.mp3<\/a><\/audio>\n<p>&nbsp;<\/p>\n<p><strong>L\u2019INTERVISTA, ai microfoni di RADIO PIU\u2019 Federico Farris\u00a0 dirigente delle Volanti<\/strong><\/p>\n<audio class=\"wp-audio-shortcode\" id=\"audio-163920-2\" preload=\"none\" style=\"width: 100%;\" controls=\"controls\"><source type=\"audio\/mpeg\" src=\"https:\/\/www.radiopiu.net\/wordpress\/wp-content\/uploads\/2020\/10\/MARCO-CEOLIN-ARTICOLO-GIOLI.mp3?_=2\" \/><a href=\"https:\/\/www.radiopiu.net\/wordpress\/wp-content\/uploads\/2020\/10\/MARCO-CEOLIN-ARTICOLO-GIOLI.mp3\">https:\/\/www.radiopiu.net\/wordpress\/wp-content\/uploads\/2020\/10\/MARCO-CEOLIN-ARTICOLO-GIOLI.mp3<\/a><\/audio>\n<p>&nbsp;<\/p>\n<hr \/>\n<p>&nbsp;<\/p>\n<blockquote>\n<h3>AUTO NEL CORDEVOLE A LA MUDA SE LA CAVA IL CONDUCENTE<\/h3>\n<\/blockquote>\n<p><strong><img loading=\"lazy\" decoding=\"async\" class=\"alignleft\" src=\"https:\/\/www.radiopiu.net\/wordpress\/wp-content\/uploads\/2015\/04\/Strada_Regionale_203_Agordina.png\" width=\"226\" height=\"97\" \/>BELLUNO<\/strong>Tra gli effetti del maltempo anche un incidente stradale fortunatamente senza gravi conseguenze per il\u00a0 conducente. Il sinistro in localit\u00e0 La Muda (nei pressi della cascata La Pissa) lungo la regionale 203 agordina tra Agordo e Belluno. L&#8217;auto, condotta da F.M. 26 anni di Belluno, \u00e8 finita fuori strada. Sul posto i vigili del fuoco di Agordo che hanno provveduto a recuperare il mezzo e mettere in sicurezza la strada. L&#8217;automobilista \u00e8 stato portato all&#8217;ospedale di Feltre per accertamenti. Qualche disagio al traffico. I vigili del fuoco sono intervenuti tra Tiser e Lambroi a Gosaldo &#8211; tre interventi &#8211; per\u00a0 rimozione piante e anche a La Valle Agordina<strong><br \/>\n<\/strong><\/p>\n<p>&nbsp;<\/p>\n<p>&nbsp;<\/p>\n<hr \/>\n<p>&nbsp;<\/p>\n<blockquote>\n<h3>L&#8217;AUTO FINITA NEL CORDEVOLE NON E&#8217; ANCORA STATA RECUPERATA, TROPPO FORTE LA CORRENTE<\/h3>\n<\/blockquote>\n<p><strong>BELLUNO<\/strong> Dai 25 ai 30 interventi dei vigili del fuoco in provincia. Ecco le foto, anche dell&#8217;auto finita stamane nel Cordevole. I sommozzatori hanno provato a recuperarla ma dovranno attende che la corrente sia meno forte.\u00a0<b> <\/b>Tra gli effetti del maltempo anche un incidente stradale fortunatamente senza gravi conseguenze per il\u00a0 conducente. Il sinistro in localit\u00e0 La Muda (nei pressi della cascata La Pissa) lungo la regionale 203 agordina tra Agordo e Belluno. L&#8217;auto, condotta da F.M. 26 anni di Belluno, \u00e8 finita fuori strada. Sul posto i vigili del fuoco di Agordo che hanno provveduto a recuperare il mezzo e mettere in sicurezza la strada. L&#8217;automobilista \u00e8 stato portato all&#8217;ospedale di Feltre per accertamenti.<\/p>\n\n\t\t\t<style type='text\/css'>\n\t\t\t\t#gallery-1 {\n\t\t\t\t\tmargin: auto;\n\t\t\t\t}\n\t\t\t\t#gallery-1 .gallery-item {\n\t\t\t\t\tfloat: left;\n\t\t\t\t\tmargin-top: 10px;\n\t\t\t\t\ttext-align: center;\n\t\t\t\t\twidth: 50%;\n\t\t\t\t}\n\t\t\t\t#gallery-1 img {\n\t\t\t\t\tborder: 2px solid #cfcfcf;\n\t\t\t\t}\n\t\t\t\t#gallery-1 .gallery-caption {\n\t\t\t\t\tmargin-left: 0;\n\t\t\t\t}\n\t\t\t\t\/* see gallery_shortcode() in wp-includes\/media.php *\/\n\t\t\t<\/style>\n\t\t<div id='gallery-1' class='dt-gallery-container gallery galleryid-163920 gallery-columns-2 gallery-size-medium'><dl class='gallery-item'>\n\t\t\t\t<dt class='gallery-icon landscape'>\n\t\t\t\t\t<a class=\"rollover rollover-zoom dt-pswp-item\" title=\"c15bdbdb-e52e-4e0a-992c-44697c90a40e\" data-dt-img-description=\"\" data-large_image_width=\"1280\" data-large_image_height=\"960\"href='https:\/\/www.radiopiu.net\/wordpress\/wp-content\/uploads\/2020\/10\/c15bdbdb-e52e-4e0a-992c-44697c90a40e.jpg'><img loading=\"lazy\" decoding=\"async\" width=\"300\" height=\"225\" src=\"https:\/\/www.radiopiu.net\/wordpress\/wp-content\/uploads\/2020\/10\/c15bdbdb-e52e-4e0a-992c-44697c90a40e-300x225.jpg\" class=\"attachment-medium size-medium\" alt=\"\" srcset=\"https:\/\/www.radiopiu.net\/wordpress\/wp-content\/uploads\/2020\/10\/c15bdbdb-e52e-4e0a-992c-44697c90a40e-300x225.jpg 300w, https:\/\/www.radiopiu.net\/wordpress\/wp-content\/uploads\/2020\/10\/c15bdbdb-e52e-4e0a-992c-44697c90a40e-1024x768.jpg 1024w, https:\/\/www.radiopiu.net\/wordpress\/wp-content\/uploads\/2020\/10\/c15bdbdb-e52e-4e0a-992c-44697c90a40e-768x576.jpg 768w, https:\/\/www.radiopiu.net\/wordpress\/wp-content\/uploads\/2020\/10\/c15bdbdb-e52e-4e0a-992c-44697c90a40e-640x480.jpg 640w, https:\/\/www.radiopiu.net\/wordpress\/wp-content\/uploads\/2020\/10\/c15bdbdb-e52e-4e0a-992c-44697c90a40e.jpg 1280w\" sizes=\"auto, (max-width: 300px) 100vw, 300px\" \/><\/a>\n\t\t\t\t<\/dt><\/dl><dl class='gallery-item'>\n\t\t\t\t<dt class='gallery-icon landscape'>\n\t\t\t\t\t<a class=\"rollover rollover-zoom dt-pswp-item\" title=\"775147b2-4d2e-4808-9d9c-19f09eb4d636\" data-dt-img-description=\"\" data-large_image_width=\"1280\" data-large_image_height=\"720\"href='https:\/\/www.radiopiu.net\/wordpress\/wp-content\/uploads\/2020\/10\/775147b2-4d2e-4808-9d9c-19f09eb4d636.jpg'><img loading=\"lazy\" decoding=\"async\" width=\"300\" height=\"169\" src=\"https:\/\/www.radiopiu.net\/wordpress\/wp-content\/uploads\/2020\/10\/775147b2-4d2e-4808-9d9c-19f09eb4d636-300x169.jpg\" class=\"attachment-medium size-medium\" alt=\"\" srcset=\"https:\/\/www.radiopiu.net\/wordpress\/wp-content\/uploads\/2020\/10\/775147b2-4d2e-4808-9d9c-19f09eb4d636-300x169.jpg 300w, https:\/\/www.radiopiu.net\/wordpress\/wp-content\/uploads\/2020\/10\/775147b2-4d2e-4808-9d9c-19f09eb4d636-1024x576.jpg 1024w, https:\/\/www.radiopiu.net\/wordpress\/wp-content\/uploads\/2020\/10\/775147b2-4d2e-4808-9d9c-19f09eb4d636-768x432.jpg 768w, https:\/\/www.radiopiu.net\/wordpress\/wp-content\/uploads\/2020\/10\/775147b2-4d2e-4808-9d9c-19f09eb4d636-640x360.jpg 640w, https:\/\/www.radiopiu.net\/wordpress\/wp-content\/uploads\/2020\/10\/775147b2-4d2e-4808-9d9c-19f09eb4d636.jpg 1280w\" sizes=\"auto, (max-width: 300px) 100vw, 300px\" \/><\/a>\n\t\t\t\t<\/dt><\/dl><br style=\"clear: both\" \/><dl class='gallery-item'>\n\t\t\t\t<dt class='gallery-icon portrait'>\n\t\t\t\t\t<a class=\"rollover rollover-zoom dt-pswp-item\" title=\"8811e1af-1088-4561-8bbd-b9a2a0d63a45\" data-dt-img-description=\"\" data-large_image_width=\"956\" data-large_image_height=\"1276\"href='https:\/\/www.radiopiu.net\/wordpress\/wp-content\/uploads\/2020\/10\/8811e1af-1088-4561-8bbd-b9a2a0d63a45.jpg'><img loading=\"lazy\" decoding=\"async\" width=\"225\" height=\"300\" src=\"https:\/\/www.radiopiu.net\/wordpress\/wp-content\/uploads\/2020\/10\/8811e1af-1088-4561-8bbd-b9a2a0d63a45-225x300.jpg\" class=\"attachment-medium size-medium\" alt=\"\" srcset=\"https:\/\/www.radiopiu.net\/wordpress\/wp-content\/uploads\/2020\/10\/8811e1af-1088-4561-8bbd-b9a2a0d63a45-225x300.jpg 225w, https:\/\/www.radiopiu.net\/wordpress\/wp-content\/uploads\/2020\/10\/8811e1af-1088-4561-8bbd-b9a2a0d63a45-767x1024.jpg 767w, https:\/\/www.radiopiu.net\/wordpress\/wp-content\/uploads\/2020\/10\/8811e1af-1088-4561-8bbd-b9a2a0d63a45-768x1025.jpg 768w, https:\/\/www.radiopiu.net\/wordpress\/wp-content\/uploads\/2020\/10\/8811e1af-1088-4561-8bbd-b9a2a0d63a45-360x480.jpg 360w, https:\/\/www.radiopiu.net\/wordpress\/wp-content\/uploads\/2020\/10\/8811e1af-1088-4561-8bbd-b9a2a0d63a45.jpg 956w\" sizes=\"auto, (max-width: 225px) 100vw, 225px\" \/><\/a>\n\t\t\t\t<\/dt><\/dl><dl class='gallery-item'>\n\t\t\t\t<dt class='gallery-icon landscape'>\n\t\t\t\t\t<a class=\"rollover rollover-zoom dt-pswp-item\" title=\"1848fd48-4288-44f5-a37c-20a79e7a034e\" data-dt-img-description=\"\" data-large_image_width=\"1280\" data-large_image_height=\"960\"href='https:\/\/www.radiopiu.net\/wordpress\/wp-content\/uploads\/2020\/10\/1848fd48-4288-44f5-a37c-20a79e7a034e.jpg'><img loading=\"lazy\" decoding=\"async\" width=\"300\" height=\"225\" src=\"https:\/\/www.radiopiu.net\/wordpress\/wp-content\/uploads\/2020\/10\/1848fd48-4288-44f5-a37c-20a79e7a034e-300x225.jpg\" class=\"attachment-medium size-medium\" alt=\"\" srcset=\"https:\/\/www.radiopiu.net\/wordpress\/wp-content\/uploads\/2020\/10\/1848fd48-4288-44f5-a37c-20a79e7a034e-300x225.jpg 300w, https:\/\/www.radiopiu.net\/wordpress\/wp-content\/uploads\/2020\/10\/1848fd48-4288-44f5-a37c-20a79e7a034e-1024x768.jpg 1024w, https:\/\/www.radiopiu.net\/wordpress\/wp-content\/uploads\/2020\/10\/1848fd48-4288-44f5-a37c-20a79e7a034e-768x576.jpg 768w, https:\/\/www.radiopiu.net\/wordpress\/wp-content\/uploads\/2020\/10\/1848fd48-4288-44f5-a37c-20a79e7a034e-640x480.jpg 640w, https:\/\/www.radiopiu.net\/wordpress\/wp-content\/uploads\/2020\/10\/1848fd48-4288-44f5-a37c-20a79e7a034e.jpg 1280w\" sizes=\"auto, (max-width: 300px) 100vw, 300px\" \/><\/a>\n\t\t\t\t<\/dt><\/dl><br style=\"clear: both\" \/>\n\t\t\t<\/div>\n\n<p>&nbsp;<\/p>\n<hr \/>\n<p>&nbsp;<\/p>\n<blockquote>\n<h3>AUTO FUORI STRADA LUNGO LA REGIONALE 50 SENZA CONSEGUENZE<\/h3>\n<\/blockquote>\n<p><strong>FELTRE\u00a0<\/strong> Anche in questo caso, come stamane a La Muda lungo la regionale 203 agordina \u00e8 stato il fondo reso viscido dalla pioggia a tradire il conducente, l&#8217;auto, una Opel condotta da A.T. 21 anni della provincia di Bergamo, poco prima dell&#8217;imbocco della galleria per il Primiero (a 11 chilometri da Fiera di Primiero) \u00e8 sbandata fermandosi a bordo strada. Fortunatamente nessuno ferito ma come sempre grande spavento. Sul posto di Carabinieri per i rilievi di legge e per evitare disagi al traffico<\/p>\n<p>&nbsp;<\/p>\n\n\t\t\t<style type='text\/css'>\n\t\t\t\t#gallery-2 {\n\t\t\t\t\tmargin: auto;\n\t\t\t\t}\n\t\t\t\t#gallery-2 .gallery-item {\n\t\t\t\t\tfloat: left;\n\t\t\t\t\tmargin-top: 10px;\n\t\t\t\t\ttext-align: center;\n\t\t\t\t\twidth: 50%;\n\t\t\t\t}\n\t\t\t\t#gallery-2 img {\n\t\t\t\t\tborder: 2px solid #cfcfcf;\n\t\t\t\t}\n\t\t\t\t#gallery-2 .gallery-caption {\n\t\t\t\t\tmargin-left: 0;\n\t\t\t\t}\n\t\t\t\t\/* see gallery_shortcode() in wp-includes\/media.php *\/\n\t\t\t<\/style>\n\t\t<div id='gallery-2' class='dt-gallery-container gallery galleryid-163920 gallery-columns-2 gallery-size-medium'><dl class='gallery-item'>\n\t\t\t\t<dt class='gallery-icon landscape'>\n\t\t\t\t\t<a class=\"rollover rollover-zoom dt-pswp-item\" title=\"Inkedc5449564-780c-49e6-b808-afa77bedf746_LI\" data-dt-img-description=\"\" data-large_image_width=\"1280\" data-large_image_height=\"960\"href='https:\/\/www.radiopiu.net\/wordpress\/wp-content\/uploads\/2020\/10\/Inkedc5449564-780c-49e6-b808-afa77bedf746_LI.jpg'><img loading=\"lazy\" decoding=\"async\" width=\"300\" height=\"225\" src=\"https:\/\/www.radiopiu.net\/wordpress\/wp-content\/uploads\/2020\/10\/Inkedc5449564-780c-49e6-b808-afa77bedf746_LI-300x225.jpg\" class=\"attachment-medium size-medium\" alt=\"\" srcset=\"https:\/\/www.radiopiu.net\/wordpress\/wp-content\/uploads\/2020\/10\/Inkedc5449564-780c-49e6-b808-afa77bedf746_LI-300x225.jpg 300w, https:\/\/www.radiopiu.net\/wordpress\/wp-content\/uploads\/2020\/10\/Inkedc5449564-780c-49e6-b808-afa77bedf746_LI-1024x768.jpg 1024w, https:\/\/www.radiopiu.net\/wordpress\/wp-content\/uploads\/2020\/10\/Inkedc5449564-780c-49e6-b808-afa77bedf746_LI-768x576.jpg 768w, https:\/\/www.radiopiu.net\/wordpress\/wp-content\/uploads\/2020\/10\/Inkedc5449564-780c-49e6-b808-afa77bedf746_LI-640x480.jpg 640w, https:\/\/www.radiopiu.net\/wordpress\/wp-content\/uploads\/2020\/10\/Inkedc5449564-780c-49e6-b808-afa77bedf746_LI.jpg 1280w\" sizes=\"auto, (max-width: 300px) 100vw, 300px\" \/><\/a>\n\t\t\t\t<\/dt><\/dl><dl class='gallery-item'>\n\t\t\t\t<dt class='gallery-icon landscape'>\n\t\t\t\t\t<a class=\"rollover rollover-zoom dt-pswp-item\" title=\"1edfb16d-c85e-443f-8d7d-3f3573de9af2\" data-dt-img-description=\"\" data-large_image_width=\"1280\" data-large_image_height=\"960\"href='https:\/\/www.radiopiu.net\/wordpress\/wp-content\/uploads\/2020\/10\/1edfb16d-c85e-443f-8d7d-3f3573de9af2.jpg'><img loading=\"lazy\" decoding=\"async\" width=\"300\" height=\"225\" src=\"https:\/\/www.radiopiu.net\/wordpress\/wp-content\/uploads\/2020\/10\/1edfb16d-c85e-443f-8d7d-3f3573de9af2-300x225.jpg\" class=\"attachment-medium size-medium\" alt=\"\" srcset=\"https:\/\/www.radiopiu.net\/wordpress\/wp-content\/uploads\/2020\/10\/1edfb16d-c85e-443f-8d7d-3f3573de9af2-300x225.jpg 300w, https:\/\/www.radiopiu.net\/wordpress\/wp-content\/uploads\/2020\/10\/1edfb16d-c85e-443f-8d7d-3f3573de9af2-1024x768.jpg 1024w, https:\/\/www.radiopiu.net\/wordpress\/wp-content\/uploads\/2020\/10\/1edfb16d-c85e-443f-8d7d-3f3573de9af2-768x576.jpg 768w, https:\/\/www.radiopiu.net\/wordpress\/wp-content\/uploads\/2020\/10\/1edfb16d-c85e-443f-8d7d-3f3573de9af2-640x480.jpg 640w, https:\/\/www.radiopiu.net\/wordpress\/wp-content\/uploads\/2020\/10\/1edfb16d-c85e-443f-8d7d-3f3573de9af2.jpg 1280w\" sizes=\"auto, (max-width: 300px) 100vw, 300px\" \/><\/a>\n\t\t\t\t<\/dt><\/dl><br style=\"clear: both\" \/>\n\t\t\t<\/div>\n\n<p>&nbsp;<\/p>\n<hr \/>\n<p>&nbsp;<\/p>\n<blockquote>\n<h3>POMERIGGIO IMPEGNATIVO PER I POMPIERI A GOSALDO<\/h3>\n<\/blockquote>\n<p><strong><img loading=\"lazy\" decoding=\"async\" class=\"alignleft\" src=\"https:\/\/www.radiopiu.net\/wordpress\/wp-content\/uploads\/2020\/10\/f21f6e8d-b990-474e-813a-5599bb9dc03a.jpg\" width=\"146\" height=\"292\" \/>GOSALDO<\/strong> Cinque interventi in poche ore per i vigili del fuoco volontari chiamati per una serie di emergenze tra Lambroi e Tiser. <em>&#8220;I punti pi\u00f9 critici &#8211; conferma il sindaco Stefano Da Zanche tra i Cenci, Franche, Laveder, Incasal e anche lungo la provinciale 2 mentre la squadra stava rientrando&#8221;.<\/em> I pompieri volontari di Gosaldo sono intervenuti per il ripristino della viabilit\u00e0 in seguito alla caduta di alcune piante. Alle 16 il primo cittadino era ancora tra le frazioni in un giro di perlustrazione.<\/p>\n<p>&nbsp;<\/p>\n<p>&nbsp;<\/p>\n<p>&nbsp;<\/p>\n<p>&nbsp;<\/p>\n<p>&nbsp;<\/p>\n<p>&nbsp;<\/p>\n<p>&nbsp;<\/p>\n<p>&nbsp;<\/p>\n<p>&nbsp;<\/p>\n<hr \/>\n<p>&nbsp;<\/p>\n<div class=\"page-title-head hgroup\">\n<blockquote>\n<h3 class=\"entry-title\">GIA\u2019 VISTO, IL PROBLEMA SI RIPRESENTA CON IL NUBIFRAGIO<\/h3>\n<\/blockquote>\n<\/div>\n<div class=\"page-title-breadcrumbs\">\n<p><strong>VOLTAGO\u00a0<\/strong> Siamo certo che il commissario che fa le veci del sindaco non mancher\u00e0 di segnalare l&#8217;annoso problema che si \u00e8 ripresentato a lato della regionale 347 del Duran e Cereda tra l&#8217;abitato di Frassen\u00e8 e Forcella Aurine. Evidente la necessit\u00e0 di un intervento e relativa manutenzione<\/p>\n\n\t\t\t<style type='text\/css'>\n\t\t\t\t#gallery-3 {\n\t\t\t\t\tmargin: auto;\n\t\t\t\t}\n\t\t\t\t#gallery-3 .gallery-item {\n\t\t\t\t\tfloat: left;\n\t\t\t\t\tmargin-top: 10px;\n\t\t\t\t\ttext-align: center;\n\t\t\t\t\twidth: 33%;\n\t\t\t\t}\n\t\t\t\t#gallery-3 img {\n\t\t\t\t\tborder: 2px solid #cfcfcf;\n\t\t\t\t}\n\t\t\t\t#gallery-3 .gallery-caption {\n\t\t\t\t\tmargin-left: 0;\n\t\t\t\t}\n\t\t\t\t\/* see gallery_shortcode() in wp-includes\/media.php *\/\n\t\t\t<\/style>\n\t\t<div id='gallery-3' class='dt-gallery-container gallery galleryid-163920 gallery-columns-3 gallery-size-thumbnail'><dl class='gallery-item'>\n\t\t\t\t<dt class='gallery-icon portrait'>\n\t\t\t\t\t<a class=\"rollover rollover-zoom dt-pswp-item\" title=\"120777662_961853207625751_8838068332143136574_n\" data-dt-img-description=\"\" data-large_image_width=\"752\" data-large_image_height=\"756\"href='https:\/\/www.radiopiu.net\/wordpress\/wp-content\/uploads\/2020\/10\/120777662_961853207625751_8838068332143136574_n.jpg'><img loading=\"lazy\" decoding=\"async\" width=\"150\" height=\"150\" src=\"https:\/\/www.radiopiu.net\/wordpress\/wp-content\/uploads\/2020\/10\/120777662_961853207625751_8838068332143136574_n-150x150.jpg\" class=\"attachment-thumbnail size-thumbnail\" alt=\"\" srcset=\"https:\/\/www.radiopiu.net\/wordpress\/wp-content\/uploads\/2020\/10\/120777662_961853207625751_8838068332143136574_n-150x150.jpg 150w, https:\/\/www.radiopiu.net\/wordpress\/wp-content\/uploads\/2020\/10\/120777662_961853207625751_8838068332143136574_n-298x300.jpg 298w, https:\/\/www.radiopiu.net\/wordpress\/wp-content\/uploads\/2020\/10\/120777662_961853207625751_8838068332143136574_n-125x125.jpg 125w, https:\/\/www.radiopiu.net\/wordpress\/wp-content\/uploads\/2020\/10\/120777662_961853207625751_8838068332143136574_n-200x200.jpg 200w, https:\/\/www.radiopiu.net\/wordpress\/wp-content\/uploads\/2020\/10\/120777662_961853207625751_8838068332143136574_n-80x80.jpg 80w, https:\/\/www.radiopiu.net\/wordpress\/wp-content\/uploads\/2020\/10\/120777662_961853207625751_8838068332143136574_n-477x480.jpg 477w, https:\/\/www.radiopiu.net\/wordpress\/wp-content\/uploads\/2020\/10\/120777662_961853207625751_8838068332143136574_n.jpg 752w\" sizes=\"auto, (max-width: 150px) 100vw, 150px\" \/><\/a>\n\t\t\t\t<\/dt><\/dl><dl class='gallery-item'>\n\t\t\t\t<dt class='gallery-icon portrait'>\n\t\t\t\t\t<a class=\"rollover rollover-zoom dt-pswp-item\" title=\"120762989_4398754953531582_3053935367629268640_n\" data-dt-img-description=\"\" data-large_image_width=\"752\" data-large_image_height=\"756\"href='https:\/\/www.radiopiu.net\/wordpress\/wp-content\/uploads\/2020\/10\/120762989_4398754953531582_3053935367629268640_n.jpg'><img loading=\"lazy\" decoding=\"async\" width=\"150\" height=\"150\" src=\"https:\/\/www.radiopiu.net\/wordpress\/wp-content\/uploads\/2020\/10\/120762989_4398754953531582_3053935367629268640_n-150x150.jpg\" class=\"attachment-thumbnail size-thumbnail\" alt=\"\" srcset=\"https:\/\/www.radiopiu.net\/wordpress\/wp-content\/uploads\/2020\/10\/120762989_4398754953531582_3053935367629268640_n-150x150.jpg 150w, https:\/\/www.radiopiu.net\/wordpress\/wp-content\/uploads\/2020\/10\/120762989_4398754953531582_3053935367629268640_n-298x300.jpg 298w, https:\/\/www.radiopiu.net\/wordpress\/wp-content\/uploads\/2020\/10\/120762989_4398754953531582_3053935367629268640_n-125x125.jpg 125w, https:\/\/www.radiopiu.net\/wordpress\/wp-content\/uploads\/2020\/10\/120762989_4398754953531582_3053935367629268640_n-200x200.jpg 200w, https:\/\/www.radiopiu.net\/wordpress\/wp-content\/uploads\/2020\/10\/120762989_4398754953531582_3053935367629268640_n-80x80.jpg 80w, https:\/\/www.radiopiu.net\/wordpress\/wp-content\/uploads\/2020\/10\/120762989_4398754953531582_3053935367629268640_n-477x480.jpg 477w, https:\/\/www.radiopiu.net\/wordpress\/wp-content\/uploads\/2020\/10\/120762989_4398754953531582_3053935367629268640_n.jpg 752w\" sizes=\"auto, (max-width: 150px) 100vw, 150px\" \/><\/a>\n\t\t\t\t<\/dt><\/dl><dl class='gallery-item'>\n\t\t\t\t<dt class='gallery-icon portrait'>\n\t\t\t\t\t<a class=\"rollover rollover-zoom dt-pswp-item\" title=\"120756933_330475394916822_5461677040833315967_n\" data-dt-img-description=\"\" data-large_image_width=\"752\" data-large_image_height=\"756\"href='https:\/\/www.radiopiu.net\/wordpress\/wp-content\/uploads\/2020\/10\/120756933_330475394916822_5461677040833315967_n.jpg'><img loading=\"lazy\" decoding=\"async\" width=\"150\" height=\"150\" src=\"https:\/\/www.radiopiu.net\/wordpress\/wp-content\/uploads\/2020\/10\/120756933_330475394916822_5461677040833315967_n-150x150.jpg\" class=\"attachment-thumbnail size-thumbnail\" alt=\"\" srcset=\"https:\/\/www.radiopiu.net\/wordpress\/wp-content\/uploads\/2020\/10\/120756933_330475394916822_5461677040833315967_n-150x150.jpg 150w, https:\/\/www.radiopiu.net\/wordpress\/wp-content\/uploads\/2020\/10\/120756933_330475394916822_5461677040833315967_n-298x300.jpg 298w, https:\/\/www.radiopiu.net\/wordpress\/wp-content\/uploads\/2020\/10\/120756933_330475394916822_5461677040833315967_n-125x125.jpg 125w, https:\/\/www.radiopiu.net\/wordpress\/wp-content\/uploads\/2020\/10\/120756933_330475394916822_5461677040833315967_n-200x200.jpg 200w, https:\/\/www.radiopiu.net\/wordpress\/wp-content\/uploads\/2020\/10\/120756933_330475394916822_5461677040833315967_n-80x80.jpg 80w, https:\/\/www.radiopiu.net\/wordpress\/wp-content\/uploads\/2020\/10\/120756933_330475394916822_5461677040833315967_n-477x480.jpg 477w, https:\/\/www.radiopiu.net\/wordpress\/wp-content\/uploads\/2020\/10\/120756933_330475394916822_5461677040833315967_n.jpg 752w\" sizes=\"auto, (max-width: 150px) 100vw, 150px\" \/><\/a>\n\t\t\t\t<\/dt><\/dl><br style=\"clear: both\" \/>\n\t\t\t<\/div>\n\n<p><strong>RICEVIAMO E VOLENTIERI PUBBLICHIAMO\u00a0<\/strong>dalla Protezione Civile di Voltago. Anche loro avevano segnalato pi\u00f9 volte il problema&#8230;<\/p>\n<p><a class=\"dt-pswp-item\" href=\"https:\/\/www.radiopiu.net\/wordpress\/wp-content\/uploads\/2020\/10\/5b99f978-1589-4c2e-a61e-e4898c79e514.jpg\" data-dt-img-description=\"\" data-large_image_width=\"720\" data-large_image_height=\"1100\"><img loading=\"lazy\" decoding=\"async\" class=\"alignnone wp-image-164004\" src=\"https:\/\/www.radiopiu.net\/wordpress\/wp-content\/uploads\/2020\/10\/5b99f978-1589-4c2e-a61e-e4898c79e514-196x300.jpg\" alt=\"\" width=\"431\" height=\"660\" srcset=\"https:\/\/www.radiopiu.net\/wordpress\/wp-content\/uploads\/2020\/10\/5b99f978-1589-4c2e-a61e-e4898c79e514-196x300.jpg 196w, https:\/\/www.radiopiu.net\/wordpress\/wp-content\/uploads\/2020\/10\/5b99f978-1589-4c2e-a61e-e4898c79e514-670x1024.jpg 670w, https:\/\/www.radiopiu.net\/wordpress\/wp-content\/uploads\/2020\/10\/5b99f978-1589-4c2e-a61e-e4898c79e514-314x480.jpg 314w\" sizes=\"auto, (max-width: 431px) 100vw, 431px\" \/><\/a><\/p>\n<p>&nbsp;<\/p>\n<hr \/>\n<p>&nbsp;<\/p>\n<blockquote>\n<h3>LA SITUAZIONE DEL TORRENTE BIOIS A CENCENIGHE<\/h3>\n<\/blockquote>\n<p><strong>CENCENIGHE<\/strong> Questa la situazione del torrente Biois a Cencenighe, appena prima della confluenza con il Cordevole<\/p>\n<p><strong>LA DIRETTA FACEBOOK DI RADIO PI\u00d9<\/strong><\/p>\n<p>https:\/\/www.facebook.com\/Mirkomezziano\/videos\/2793276257621809<\/p>\n<p>&nbsp;<\/p>\n<hr \/>\n<p>&nbsp;<\/p>\n<blockquote class=\"wp-embedded-content\" data-secret=\"Bp6z0Sufbe\"><p><a href=\"https:\/\/www.radiopiu.net\/wordpress\/lago-di-alleghe-nessun-problema-ore-18-00\/\">LAGO DI ALLEGHE &#8230;. NESSUN PROBLEMA ore 18.00<\/a><\/p><\/blockquote>\n<p><iframe loading=\"lazy\" class=\"wp-embedded-content\" sandbox=\"allow-scripts\" security=\"restricted\" style=\"position: absolute; clip: rect(1px, 1px, 1px, 1px);\" title=\"&#8220;LAGO DI ALLEGHE &#8230;. NESSUN PROBLEMA ore 18.00&#8221; &#8212; Radio Pi\u00f9\" src=\"https:\/\/www.radiopiu.net\/wordpress\/lago-di-alleghe-nessun-problema-ore-18-00\/embed\/#?secret=Bp6z0Sufbe\" data-secret=\"Bp6z0Sufbe\" width=\"600\" height=\"338\" frameborder=\"0\" marginwidth=\"0\" marginheight=\"0\" scrolling=\"no\"><\/iframe><\/p>\n<p>&nbsp;<\/p>\n<hr \/>\n<p>&nbsp;<\/p>\n<blockquote>\n<h2>PRIMO COLLAUDO PER LA BRIGLIA SULLA BOA BIANCA A RONCH DI BOS<\/h2>\n<\/blockquote>\n<p>https:\/\/www.facebook.com\/100008183854281\/videos\/2793288840953884\/<\/p>\n<p>https:\/\/www.facebook.com\/100008183854281\/videos\/2793290330953735\/<\/p>\n<blockquote><p>&nbsp;<\/p>\n<p>&nbsp;<\/p><\/blockquote>\n<p>&nbsp;<\/p>\n<hr \/>\n<blockquote>\n<h3>VALLE DI CADORE STATALE 51 DI ALEMAGNA<\/h3>\n<\/blockquote>\n<p><strong>VALLE DI CADORE<\/strong> Ecco\u00a0 cosa ha provocato nel pomeriggio l&#8217;interruzione della strada stale 51 a Valle di Cadore. Foto dall&#8217;assessorato alla Protezione Civile_G.Bottacin<\/p>\n<p>&nbsp;<\/p>\n\n\t\t\t<style type='text\/css'>\n\t\t\t\t#gallery-4 {\n\t\t\t\t\tmargin: auto;\n\t\t\t\t}\n\t\t\t\t#gallery-4 .gallery-item {\n\t\t\t\t\tfloat: left;\n\t\t\t\t\tmargin-top: 10px;\n\t\t\t\t\ttext-align: center;\n\t\t\t\t\twidth: 33%;\n\t\t\t\t}\n\t\t\t\t#gallery-4 img {\n\t\t\t\t\tborder: 2px solid #cfcfcf;\n\t\t\t\t}\n\t\t\t\t#gallery-4 .gallery-caption {\n\t\t\t\t\tmargin-left: 0;\n\t\t\t\t}\n\t\t\t\t\/* see gallery_shortcode() in wp-includes\/media.php *\/\n\t\t\t<\/style>\n\t\t<div id='gallery-4' class='dt-gallery-container gallery galleryid-163920 gallery-columns-3 gallery-size-thumbnail'><dl class='gallery-item'>\n\t\t\t\t<dt class='gallery-icon landscape'>\n\t\t\t\t\t<a class=\"rollover rollover-zoom dt-pswp-item\" title=\"6fdb26dd-df80-4d54-9a36-aa7b6cafeb75\" data-dt-img-description=\"\" data-large_image_width=\"960\" data-large_image_height=\"720\"href='https:\/\/www.radiopiu.net\/wordpress\/wp-content\/uploads\/2020\/10\/6fdb26dd-df80-4d54-9a36-aa7b6cafeb75.jpg'><img loading=\"lazy\" decoding=\"async\" width=\"150\" height=\"150\" src=\"https:\/\/www.radiopiu.net\/wordpress\/wp-content\/uploads\/2020\/10\/6fdb26dd-df80-4d54-9a36-aa7b6cafeb75-150x150.jpg\" class=\"attachment-thumbnail size-thumbnail\" alt=\"\" srcset=\"https:\/\/www.radiopiu.net\/wordpress\/wp-content\/uploads\/2020\/10\/6fdb26dd-df80-4d54-9a36-aa7b6cafeb75-150x150.jpg 150w, https:\/\/www.radiopiu.net\/wordpress\/wp-content\/uploads\/2020\/10\/6fdb26dd-df80-4d54-9a36-aa7b6cafeb75-125x125.jpg 125w, https:\/\/www.radiopiu.net\/wordpress\/wp-content\/uploads\/2020\/10\/6fdb26dd-df80-4d54-9a36-aa7b6cafeb75-200x200.jpg 200w, https:\/\/www.radiopiu.net\/wordpress\/wp-content\/uploads\/2020\/10\/6fdb26dd-df80-4d54-9a36-aa7b6cafeb75-80x80.jpg 80w\" sizes=\"auto, (max-width: 150px) 100vw, 150px\" \/><\/a>\n\t\t\t\t<\/dt><\/dl><dl class='gallery-item'>\n\t\t\t\t<dt class='gallery-icon portrait'>\n\t\t\t\t\t<a class=\"rollover rollover-zoom dt-pswp-item\" title=\"c0ce677b-0d4d-4b68-a614-1e38e3954d30\" data-dt-img-description=\"\" data-large_image_width=\"720\" data-large_image_height=\"960\"href='https:\/\/www.radiopiu.net\/wordpress\/wp-content\/uploads\/2020\/10\/c0ce677b-0d4d-4b68-a614-1e38e3954d30.jpg'><img loading=\"lazy\" decoding=\"async\" width=\"150\" height=\"150\" src=\"https:\/\/www.radiopiu.net\/wordpress\/wp-content\/uploads\/2020\/10\/c0ce677b-0d4d-4b68-a614-1e38e3954d30-150x150.jpg\" class=\"attachment-thumbnail size-thumbnail\" alt=\"\" srcset=\"https:\/\/www.radiopiu.net\/wordpress\/wp-content\/uploads\/2020\/10\/c0ce677b-0d4d-4b68-a614-1e38e3954d30-150x150.jpg 150w, https:\/\/www.radiopiu.net\/wordpress\/wp-content\/uploads\/2020\/10\/c0ce677b-0d4d-4b68-a614-1e38e3954d30-125x125.jpg 125w, https:\/\/www.radiopiu.net\/wordpress\/wp-content\/uploads\/2020\/10\/c0ce677b-0d4d-4b68-a614-1e38e3954d30-200x200.jpg 200w, https:\/\/www.radiopiu.net\/wordpress\/wp-content\/uploads\/2020\/10\/c0ce677b-0d4d-4b68-a614-1e38e3954d30-80x80.jpg 80w\" sizes=\"auto, (max-width: 150px) 100vw, 150px\" \/><\/a>\n\t\t\t\t<\/dt><\/dl><dl class='gallery-item'>\n\t\t\t\t<dt class='gallery-icon portrait'>\n\t\t\t\t\t<a class=\"rollover rollover-zoom dt-pswp-item\" title=\"bc3a6542-207e-455d-b5c6-f05de29e0a2d\" data-dt-img-description=\"\" data-large_image_width=\"720\" data-large_image_height=\"960\"href='https:\/\/www.radiopiu.net\/wordpress\/wp-content\/uploads\/2020\/10\/bc3a6542-207e-455d-b5c6-f05de29e0a2d.jpg'><img loading=\"lazy\" decoding=\"async\" width=\"150\" height=\"150\" src=\"https:\/\/www.radiopiu.net\/wordpress\/wp-content\/uploads\/2020\/10\/bc3a6542-207e-455d-b5c6-f05de29e0a2d-150x150.jpg\" class=\"attachment-thumbnail size-thumbnail\" alt=\"\" srcset=\"https:\/\/www.radiopiu.net\/wordpress\/wp-content\/uploads\/2020\/10\/bc3a6542-207e-455d-b5c6-f05de29e0a2d-150x150.jpg 150w, https:\/\/www.radiopiu.net\/wordpress\/wp-content\/uploads\/2020\/10\/bc3a6542-207e-455d-b5c6-f05de29e0a2d-125x125.jpg 125w, https:\/\/www.radiopiu.net\/wordpress\/wp-content\/uploads\/2020\/10\/bc3a6542-207e-455d-b5c6-f05de29e0a2d-200x200.jpg 200w, https:\/\/www.radiopiu.net\/wordpress\/wp-content\/uploads\/2020\/10\/bc3a6542-207e-455d-b5c6-f05de29e0a2d-80x80.jpg 80w\" sizes=\"auto, (max-width: 150px) 100vw, 150px\" \/><\/a>\n\t\t\t\t<\/dt><\/dl><br style=\"clear: both\" \/>\n\t\t\t<\/div>\n\n<p>&nbsp;<\/p>\n<hr \/>\n<p>&nbsp;<\/p>\n<blockquote>\n<h3>MALTEMPO. MIGLIORA IN VENETO MA ANCORA ALLERTA FINO A OGGI POMERIGGIO<\/h3>\n<\/blockquote>\n<p><strong>VENEZIA\u00a0<\/strong>La situazione del maltempo in Veneto \u00e8 in miglioramento, ma in alcuni bacini idrografici l\u2019attenzione rimane alta.\u00a0Alla luce delle previsioni meteo, il Centro Funzionale Decentrato della Protezione Civile della Regione ha emesso un avviso di criticit\u00e0, valevole fino alle ore 14.00 di oggi.\u00a0Lo Stato di Attenzione (allerta gialla) \u00e8 dichiarato sui bacini Alto Piave, Alto Brenta-Bacchiglione-Alpone, Adige-Garda e Monti Lessini.\u00a0Lo Stato di Preallarme (allerta arancione, ieri era rossa) \u00e8 dichiarato sul bacino Piave Pedemontano (province di Belluno e Treviso). Il meteo indica residue precipitazioni con rovesci e locali temporali in diradamento a partire da ovest. Venti inizialmente forti in quota da sud e moderati\/tesi sulla costa, in successiva rotazione da ovest o sud-ovest e moderata attenuazione. Tra il pomeriggio\/sera di oggi e fino al mattino di domani, moderato episodio perturbato con nuove precipitazioni di entit\u00e0 in genere contenuta.<\/p>\n<p><a class=\"dt-pswp-item\" href=\"https:\/\/www.radiopiu.net\/wordpress\/wp-content\/uploads\/2020\/10\/Schermata-2020-10-03-alle-17.40.48.png\" data-dt-img-description=\"\" data-large_image_width=\"1512\" data-large_image_height=\"496\"><img loading=\"lazy\" decoding=\"async\" class=\"alignnone wp-image-164027 size-large\" src=\"https:\/\/www.radiopiu.net\/wordpress\/wp-content\/uploads\/2020\/10\/Schermata-2020-10-03-alle-17.40.48-1024x336.png\" alt=\"\" width=\"1024\" height=\"336\" srcset=\"https:\/\/www.radiopiu.net\/wordpress\/wp-content\/uploads\/2020\/10\/Schermata-2020-10-03-alle-17.40.48-1024x336.png 1024w, https:\/\/www.radiopiu.net\/wordpress\/wp-content\/uploads\/2020\/10\/Schermata-2020-10-03-alle-17.40.48-300x98.png 300w, https:\/\/www.radiopiu.net\/wordpress\/wp-content\/uploads\/2020\/10\/Schermata-2020-10-03-alle-17.40.48-768x252.png 768w, https:\/\/www.radiopiu.net\/wordpress\/wp-content\/uploads\/2020\/10\/Schermata-2020-10-03-alle-17.40.48-640x210.png 640w, https:\/\/www.radiopiu.net\/wordpress\/wp-content\/uploads\/2020\/10\/Schermata-2020-10-03-alle-17.40.48.png 1512w\" sizes=\"auto, (max-width: 1024px) 100vw, 1024px\" \/><\/a><\/p>\n<p>&nbsp;<\/p>\n<hr \/>\n<p>&nbsp;<\/p>\n<blockquote>\n<h3>SITUAZIONE MALTEMPO SOTTO CONTROLLO E CONDIZIONI METEO IN MIGLIORAMENTO<\/h3>\n<\/blockquote>\n<p><strong><a class=\"dt-pswp-item\" href=\"https:\/\/www.radiopiu.net\/wordpress\/wp-content\/uploads\/2020\/08\/TEMPORALE.jpg\" data-dt-img-description=\"\" data-large_image_width=\"1920\" data-large_image_height=\"1080\"><img loading=\"lazy\" decoding=\"async\" class=\"size-medium wp-image-158236 alignleft\" src=\"https:\/\/www.radiopiu.net\/wordpress\/wp-content\/uploads\/2020\/08\/TEMPORALE-300x169.jpg\" alt=\"\" width=\"300\" height=\"169\" srcset=\"https:\/\/www.radiopiu.net\/wordpress\/wp-content\/uploads\/2020\/08\/TEMPORALE-300x169.jpg 300w, https:\/\/www.radiopiu.net\/wordpress\/wp-content\/uploads\/2020\/08\/TEMPORALE-1024x576.jpg 1024w, https:\/\/www.radiopiu.net\/wordpress\/wp-content\/uploads\/2020\/08\/TEMPORALE-768x432.jpg 768w, https:\/\/www.radiopiu.net\/wordpress\/wp-content\/uploads\/2020\/08\/TEMPORALE-1536x864.jpg 1536w, https:\/\/www.radiopiu.net\/wordpress\/wp-content\/uploads\/2020\/08\/TEMPORALE-640x360.jpg 640w, https:\/\/www.radiopiu.net\/wordpress\/wp-content\/uploads\/2020\/08\/TEMPORALE.jpg 1920w\" sizes=\"auto, (max-width: 300px) 100vw, 300px\" \/><\/a>BELLUNO<\/strong> \u00ab<em>Il quadro meteorologico fornito dall\u2019Arpav e dalla Protezione Civile regionale \u00e8 in netto miglioramento. L\u2019allerta \u00e8 stata declassata da rossa ad arancione e dopo le 20 passer\u00e0 a gialla. Per fortuna, non \u00e8 successo niente<\/em>\u00bb. \u00c8 quanto afferma il consigliere provinciale delegato alla Protezione Civile, Massimo Bortoluzzi, al termine della riunione delle 14 in Prefettura. Riunione che ha deciso di non aprire il Ccs e mantenere la reperibilit\u00e0 dei soggetti al tavolo solo per eventuali cambiamenti meteo e conseguenti emergenze.\u00a0\u00ab<em>L\u2019allarme \u00e8 rientrato &#8211; spiega il consigliere Bortoluzzi -. Il quadro portato ieri al tavolo dal Centro funzionale decentrato della Protezione Civile ha imposto a Prefettura e sindaci di adottare le misure necessarie a far fronte a un allarme rosso. Da qui, la chiusura delle scuole e l\u2019annullamento degli eventi. Fortunatamente, l\u2019evoluzione delle condizioni meteo \u00e8 stata di gran lunga inferiore a quanto previsto inizialmente. Non si sono verificati danni, se non qualche pianta caduta in strada<\/em>\u00bb.\u00a0\u00ab<em>Ringrazio tutti i volontari che si sono attivati durante queste ore di allerta<\/em>\u00bb continua il consigliere Bortoluzzi. E al ringraziamento si unisce anche il presidente della Provincia, Roberto Padrin: \u00ab<em>La nostra Protezione Civile \u00e8 sempre pronta quando viene chiamata in causa. Un grazie particolare ai volontari dell\u2019Ana Feltre, che si sono adoperati per il taglio di alcune piante pericolanti davanti all\u2019istituto Colotti<\/em>\u00bb.<\/p>\n<p>&nbsp;<\/p>\n<p>&nbsp;<\/p>\n<hr \/>\n<p>&nbsp;<\/p>\n<blockquote class=\"wp-embedded-content\" data-secret=\"K9Ut63m0GW\"><p><a href=\"https:\/\/www.radiopiu.net\/wordpress\/resoconto-precipitazioni-ieri-ed-oggi\/\">RESOCONTO PRECIPITAZIONI, IERI ED OGGI<\/a><\/p><\/blockquote>\n<p><iframe loading=\"lazy\" class=\"wp-embedded-content\" sandbox=\"allow-scripts\" security=\"restricted\" style=\"position: absolute; clip: rect(1px, 1px, 1px, 1px);\" title=\"&#8220;RESOCONTO PRECIPITAZIONI, IERI ED OGGI&#8221; &#8212; Radio Pi\u00f9\" src=\"https:\/\/www.radiopiu.net\/wordpress\/resoconto-precipitazioni-ieri-ed-oggi\/embed\/#?secret=K9Ut63m0GW\" data-secret=\"K9Ut63m0GW\" width=\"600\" height=\"338\" frameborder=\"0\" marginwidth=\"0\" marginheight=\"0\" scrolling=\"no\"><\/iframe><\/p>\n<p>&nbsp;<\/p>\n<hr \/>\n<p>&nbsp;<\/p>\n<blockquote>\n<h3>SANTA GIUSTINA E FONZASO LE ULTIME TAPPE DEI TOPI D&#8217;APPARTAMENTO<\/h3>\n<\/blockquote>\n<p><strong><img loading=\"lazy\" decoding=\"async\" class=\"alignleft\" src=\"https:\/\/www.radiopiu.net\/wordpress\/wp-content\/uploads\/2019\/12\/CARABINIERI-FELTRE-2.jpg\" width=\"219\" height=\"164\" \/>SANTA GIUSTINA<\/strong> L&#8217;elenco si allunga e sulla cartina della Provincia ecco altre crocette dopo Cesiomaggiore, Pedavena e Feltre compare Santa Giustina e Fonzaso. A Santa Giustina\u00a0 ieri sera\u00a0 ignoti con il solito sistema (effrazione degli infissi) sono\u00a0 penetrati in un&#8217;abitazione di\u00a0 via Giardinetto asportando della bigiotteria e la somma di 500 euro in contanti. Forse gli stessi, forse altri,\u00a0 hanno poi forzato la porta d&#8217;ingresso della casa di riposo Sant&#8217;Antonio di Fonzaso, asportando da un armadietto denaro e monili in oro degli ospiti per un valore di alcune migliaia di euro. Le denunce raccolte dai Carabinieri che stanno indagando<\/p>\n<p>&nbsp;<\/p>\n<p>&nbsp;<\/p>\n<p>&nbsp;<\/p>\n<hr \/>\n<p>&nbsp;<\/p>\n<blockquote>\n<h3>INCENDIO IN CADORE, ANZIANA IN OSPEDALE<\/h3>\n<p>PIEVE DI CADORE Incendio in un appartamento a Pozzale.\u00a0 L&#8217;allarme \u00e8 scattato quando mancavano pochi minuti a mezzogiorno. A generare il principio d&#8217;incendio \u00e8 stato un elettrodomestico andato a fuoco,\u00a0 l&#8217;anziana donna residente nell&#8217;abitazione \u00e8 stata accompagnata al Pronto soccorso dell&#8217;ospedale<\/p><\/blockquote>\n<p>&nbsp;<\/p>\n<p>&nbsp;<\/p>\n<hr \/>\n<p>&nbsp;<\/p>\n<\/div>\n<blockquote>\n<h3>VISIONI DIVERSE SULL&#8217;IPOTIZZATO CENTRO COMUNALE CON ELIPIAZZOLA PER IL VOLO NOTTURNO. CONSIGLIERI CONTRO<\/h3>\n<\/blockquote>\n<p><strong>ROCCA PIETORE\u00a0<\/strong><\/p>\n<p><strong>DI GIANNI SANTOMASO\u00a0<\/strong><\/p>\n<audio class=\"wp-audio-shortcode\" id=\"audio-163920-3\" preload=\"none\" style=\"width: 100%;\" controls=\"controls\"><source type=\"audio\/mpeg\" src=\"https:\/\/www.radiopiu.net\/wordpress\/wp-content\/uploads\/2020\/10\/GIANNI-ROCCA-2.mp3?_=3\" \/><a href=\"https:\/\/www.radiopiu.net\/wordpress\/wp-content\/uploads\/2020\/10\/GIANNI-ROCCA-2.mp3\">https:\/\/www.radiopiu.net\/wordpress\/wp-content\/uploads\/2020\/10\/GIANNI-ROCCA-2.mp3<\/a><\/audio>\n<p>&nbsp;<\/p>\n<h2>LA REGISTRAZIONE DELL&#8217;INTERO CONSIGLIO COMUNALE<\/h2>\n<blockquote class=\"wp-embedded-content\" data-secret=\"dYL3VXalIH\"><p><a href=\"https:\/\/www.radiopiu.net\/wordpress\/il-consiglio-comunale-di-rocca-pietore\/\">IL CONSIGLIO COMUNALE DI ROCCA PIETORE<\/a><\/p><\/blockquote>\n<p><iframe loading=\"lazy\" class=\"wp-embedded-content\" sandbox=\"allow-scripts\" security=\"restricted\" style=\"position: absolute; clip: rect(1px, 1px, 1px, 1px);\" title=\"&#8220;IL CONSIGLIO COMUNALE DI ROCCA PIETORE&#8221; &#8212; Radio Pi\u00f9\" src=\"https:\/\/www.radiopiu.net\/wordpress\/il-consiglio-comunale-di-rocca-pietore\/embed\/#?secret=dYL3VXalIH\" data-secret=\"dYL3VXalIH\" width=\"600\" height=\"338\" frameborder=\"0\" marginwidth=\"0\" marginheight=\"0\" scrolling=\"no\"><\/iframe><\/p>\n<p>&nbsp;<\/p>\n<hr \/>\n<p>&nbsp;<\/p>\n<blockquote>\n<h3>CARLO AGOSTINI E MAURIZIO TROI I PRIMI COLLABORATORI DEL SINDACO FRENA. SISTO AGOSTINI INVITA A &#8220;GUARDARE OLTRE&#8221;<\/h3>\n<\/blockquote>\n<p><strong class=\"photoswipe-wrapper\"><a class=\"dt-pswp-item\" href=\"https:\/\/www.radiopiu.net\/wordpress\/wp-content\/uploads\/2018\/03\/paolo_frena.jpg\" data-dt-img-description=\"\" data-large_image_width=\"774\" data-large_image_height=\"884\"><img loading=\"lazy\" decoding=\"async\" class=\"size-medium wp-image-45409 alignleft\" src=\"https:\/\/www.radiopiu.net\/wordpress\/wp-content\/uploads\/2018\/03\/paolo_frena-263x300.jpg\" alt=\"\" width=\"263\" height=\"300\" srcset=\"https:\/\/www.radiopiu.net\/wordpress\/wp-content\/uploads\/2018\/03\/paolo_frena-263x300.jpg 263w, https:\/\/www.radiopiu.net\/wordpress\/wp-content\/uploads\/2018\/03\/paolo_frena-768x877.jpg 768w, https:\/\/www.radiopiu.net\/wordpress\/wp-content\/uploads\/2018\/03\/paolo_frena.jpg 774w\" sizes=\"auto, (max-width: 263px) 100vw, 263px\" \/><\/a>COLLE SANTA LUCIA<\/strong> Primo consiglio comunale stamane alle 8 che dar\u00e0 il via alla quarta legislatura del sindaco Paolo Frena. In Giunta\u00a0 siederanno Carlo Agostini (vice sindaco) e Maurizio Troi (assessore) come nel precedente mandato da poco concluso. Sisto Agostini capogruppo di minoranza invita a guardare oltre, a programmi pluriennali, idea sottoscritta dal primo cittadino<\/p>\n<p><strong>IL SINDACO PAOLO FRENA<\/strong><\/p>\n<audio class=\"wp-audio-shortcode\" id=\"audio-163920-4\" preload=\"none\" style=\"width: 100%;\" controls=\"controls\"><source type=\"audio\/mpeg\" src=\"https:\/\/www.radiopiu.net\/wordpress\/wp-content\/uploads\/2020\/10\/paolo-frena.mp3?_=4\" \/><a href=\"https:\/\/www.radiopiu.net\/wordpress\/wp-content\/uploads\/2020\/10\/paolo-frena.mp3\">https:\/\/www.radiopiu.net\/wordpress\/wp-content\/uploads\/2020\/10\/paolo-frena.mp3<\/a><\/audio>\n<p>In consiglio comunale anche i tre di minoranza della lista \u201cCivetta\u201d Sisto Agostini, Paola Beniamini Agostini e Alfonso Pezzei. Completano la squadra di consiglieri: Lorenzo Chizzali, Lucia Sief, Veronica Lezuo, Mattia Troi e Marco Tazzer.<\/p>\n<p>&nbsp;<\/p>\n<hr \/>\n<p>&nbsp;<\/p>\n<p>&nbsp;<\/p>\n<blockquote>\n<h3>NESSUN NUOVO POSITIVO IN COMELICO, MA 5 ANZIANI POSITIVI IN CASA DI RIPOSO TRASFERITI AL MALATTIE INFETTIVE<\/h3>\n<\/blockquote>\n<p style=\"text-align: left;\" align=\"CENTER\"><strong><a class=\"dt-pswp-item\" href=\"https:\/\/www.radiopiu.net\/wordpress\/wp-content\/uploads\/2020\/09\/corona-aggiornamenti-copia.jpg\" data-dt-img-description=\"\" data-large_image_width=\"626\" data-large_image_height=\"417\"><img loading=\"lazy\" decoding=\"async\" class=\"size-medium wp-image-158956 alignleft\" src=\"https:\/\/www.radiopiu.net\/wordpress\/wp-content\/uploads\/2020\/09\/corona-aggiornamenti-copia-300x200.jpg\" alt=\"\" width=\"300\" height=\"200\" srcset=\"https:\/\/www.radiopiu.net\/wordpress\/wp-content\/uploads\/2020\/09\/corona-aggiornamenti-copia-300x200.jpg 300w, https:\/\/www.radiopiu.net\/wordpress\/wp-content\/uploads\/2020\/09\/corona-aggiornamenti-copia.jpg 626w\" sizes=\"auto, (max-width: 300px) 100vw, 300px\" \/><\/a>BELLUNO<\/strong> Nessuna\u00a0 nuova positivit\u00e0 dal\u00a0 focolaio\u00a0 in\u00a0 Comelico nelle ultime 24 ore, ma sono state registrate<strong> cinque nuove positivit\u00e0 relative ad anziani ospiti di una casa di riposo a Cortina,<\/strong> trasferiti per precauzione presso il reparto di Malattie Infettive del San Martino che portano il totale di ricoverati nel reparto a 11 persone. In merito alla casa di riposo interessata da un focolaio interno sono stati eseguiti ieri tamponi di controllo agli ospiti e al personale, i risultati di tali tamponi determineranno eventuali ulteriori interventi di isolamento dei soggetti positivi. Nel pomeriggio odierno si \u00e8 svolta, inoltre, una sessione aggiuntiva di tamponi al drive-in di Tai di Cadore finalizzata ai numerosi controlli dei contatti dell\u2019ampia casisitica di positivi registrata ieri. L\u2019attivit\u00e0 proseguir\u00e0 domani per l\u2019intera giornata. Pur con orario ridotto per l\u2019allerta maltempo, i drive-in tampone di Belluno e di Feltre hanno eseguito questa mattina rispettivamente 87 e 73 tamponi. Il drive in di Belluno da luned\u00ec 5 ottobre operer\u00e0 nella nuova sede di via Meassa- Sagrogna (strada provinciale sinistra Piave tra Belluno- Col Cavalier e Ponte nelle Alpi) con accesso libero dalle 8.30 alle 12.30 tutti i giorni, al fine di alleggerire la viabilit\u00e0 interna ed esterna ospedaliera.<\/p>\n<p>&nbsp;<\/p>\n<blockquote class=\"wp-embedded-content\" data-secret=\"BAT16nl3Gm\"><p><a href=\"https:\/\/www.radiopiu.net\/wordpress\/coronavirus-aggiornamento-nazionale-03-ottobre\/\">CORONAVIRUS: AGGIORNAMENTO NAZIONALE 03 OTTOBRE<\/a><\/p><\/blockquote>\n<p><iframe loading=\"lazy\" class=\"wp-embedded-content\" sandbox=\"allow-scripts\" security=\"restricted\" style=\"position: absolute; clip: rect(1px, 1px, 1px, 1px);\" title=\"&#8220;CORONAVIRUS: AGGIORNAMENTO NAZIONALE 03 OTTOBRE&#8221; &#8212; Radio Pi\u00f9\" src=\"https:\/\/www.radiopiu.net\/wordpress\/coronavirus-aggiornamento-nazionale-03-ottobre\/embed\/#?secret=BAT16nl3Gm\" data-secret=\"BAT16nl3Gm\" width=\"600\" height=\"338\" frameborder=\"0\" marginwidth=\"0\" marginheight=\"0\" scrolling=\"no\"><\/iframe><\/p>\n<p>&nbsp;<\/p>\n<hr \/>\n<p>&nbsp;<\/p>\n<blockquote class=\"wp-embedded-content\" data-secret=\"HeMImdOnLE\"><p><a href=\"https:\/\/www.radiopiu.net\/wordpress\/sono-261-i-nuovi-positivi-in-veneto-delle-ultime-24-ore-un-decesso-in-calo-i-ricoveri-ma-non-le-terapie-intensive-a-belluno-21-positivi-in-piu\/\">SONO 261 I NUOVI POSITIVI IN VENETO DELLE ULTIME 24 ORE. UN DECESSO, IN CALO I RICOVERI MA NON LE TERAPIE INTENSIVE. A BELLUNO 21 POSITIVI IN PI\u00d9<\/a><\/p><\/blockquote>\n<p><iframe loading=\"lazy\" class=\"wp-embedded-content\" sandbox=\"allow-scripts\" security=\"restricted\" style=\"position: absolute; clip: rect(1px, 1px, 1px, 1px);\" title=\"&#8220;SONO 261 I NUOVI POSITIVI IN VENETO DELLE ULTIME 24 ORE. UN DECESSO, IN CALO I RICOVERI MA NON LE TERAPIE INTENSIVE. A BELLUNO 21 POSITIVI IN PI\u00d9&#8221; &#8212; Radio Pi\u00f9\" src=\"https:\/\/www.radiopiu.net\/wordpress\/sono-261-i-nuovi-positivi-in-veneto-delle-ultime-24-ore-un-decesso-in-calo-i-ricoveri-ma-non-le-terapie-intensive-a-belluno-21-positivi-in-piu\/embed\/#?secret=HeMImdOnLE\" data-secret=\"HeMImdOnLE\" width=\"600\" height=\"338\" frameborder=\"0\" marginwidth=\"0\" marginheight=\"0\" scrolling=\"no\"><\/iframe><\/p>\n<p>&nbsp;<\/p>\n<hr \/>\n<p>&nbsp;<\/p>\n<blockquote>\n<h3><em>DATI E GRAFICI DI TIZIANO DE COL<\/em><\/h3>\n<\/blockquote>\n\n\t\t\t<style type='text\/css'>\n\t\t\t\t#gallery-5 {\n\t\t\t\t\tmargin: auto;\n\t\t\t\t}\n\t\t\t\t#gallery-5 .gallery-item {\n\t\t\t\t\tfloat: left;\n\t\t\t\t\tmargin-top: 10px;\n\t\t\t\t\ttext-align: center;\n\t\t\t\t\twidth: 50%;\n\t\t\t\t}\n\t\t\t\t#gallery-5 img {\n\t\t\t\t\tborder: 2px solid #cfcfcf;\n\t\t\t\t}\n\t\t\t\t#gallery-5 .gallery-caption {\n\t\t\t\t\tmargin-left: 0;\n\t\t\t\t}\n\t\t\t\t\/* see gallery_shortcode() in wp-includes\/media.php *\/\n\t\t\t<\/style>\n\t\t<div id='gallery-5' class='dt-gallery-container gallery galleryid-163920 gallery-columns-2 gallery-size-medium'><dl class='gallery-item'>\n\t\t\t\t<dt class='gallery-icon landscape'>\n\t\t\t\t\t<a class=\"rollover rollover-zoom dt-pswp-item\" title=\"663dfc9c-dc57-4f37-a4a2-6920ae218fcf\" data-dt-img-description=\"\" data-large_image_width=\"480\" data-large_image_height=\"334\"href='https:\/\/www.radiopiu.net\/wordpress\/wp-content\/uploads\/2020\/10\/663dfc9c-dc57-4f37-a4a2-6920ae218fcf.jpg'><img loading=\"lazy\" decoding=\"async\" width=\"300\" height=\"209\" src=\"https:\/\/www.radiopiu.net\/wordpress\/wp-content\/uploads\/2020\/10\/663dfc9c-dc57-4f37-a4a2-6920ae218fcf-300x209.jpg\" class=\"attachment-medium size-medium\" alt=\"\" srcset=\"https:\/\/www.radiopiu.net\/wordpress\/wp-content\/uploads\/2020\/10\/663dfc9c-dc57-4f37-a4a2-6920ae218fcf-300x209.jpg 300w, https:\/\/www.radiopiu.net\/wordpress\/wp-content\/uploads\/2020\/10\/663dfc9c-dc57-4f37-a4a2-6920ae218fcf.jpg 480w\" sizes=\"auto, (max-width: 300px) 100vw, 300px\" \/><\/a>\n\t\t\t\t<\/dt><\/dl><dl class='gallery-item'>\n\t\t\t\t<dt class='gallery-icon portrait'>\n\t\t\t\t\t<a class=\"rollover rollover-zoom dt-pswp-item\" title=\"b6d6ca90-e0ae-46ca-a435-8f30c305cc47\" data-dt-img-description=\"\" data-large_image_width=\"480\" data-large_image_height=\"614\"href='https:\/\/www.radiopiu.net\/wordpress\/wp-content\/uploads\/2020\/10\/b6d6ca90-e0ae-46ca-a435-8f30c305cc47.jpg'><img loading=\"lazy\" decoding=\"async\" width=\"235\" height=\"300\" src=\"https:\/\/www.radiopiu.net\/wordpress\/wp-content\/uploads\/2020\/10\/b6d6ca90-e0ae-46ca-a435-8f30c305cc47-235x300.jpg\" class=\"attachment-medium size-medium\" alt=\"\" srcset=\"https:\/\/www.radiopiu.net\/wordpress\/wp-content\/uploads\/2020\/10\/b6d6ca90-e0ae-46ca-a435-8f30c305cc47-235x300.jpg 235w, https:\/\/www.radiopiu.net\/wordpress\/wp-content\/uploads\/2020\/10\/b6d6ca90-e0ae-46ca-a435-8f30c305cc47-375x480.jpg 375w, https:\/\/www.radiopiu.net\/wordpress\/wp-content\/uploads\/2020\/10\/b6d6ca90-e0ae-46ca-a435-8f30c305cc47.jpg 480w\" sizes=\"auto, (max-width: 235px) 100vw, 235px\" \/><\/a>\n\t\t\t\t<\/dt><\/dl><br style=\"clear: both\" \/>\n\t\t\t<\/div>\n\n<p>&nbsp;<\/p>\n<hr \/>\n<h3><\/h3>\n<blockquote>\n<h3>PARTITI I RIMBORSI PER LE PERSONE TRUFFATE DALLE BANCHE<\/h3>\n<\/blockquote>\n<p><strong><a class=\"dt-pswp-item\" href=\"https:\/\/www.radiopiu.net\/wordpress\/wp-content\/uploads\/2020\/10\/120769535_1757276227765901_7703963803392648621_n.jpg\" data-dt-img-description=\"\" data-large_image_width=\"810\" data-large_image_height=\"810\"><img loading=\"lazy\" decoding=\"async\" class=\"size-medium wp-image-163948 alignleft\" src=\"https:\/\/www.radiopiu.net\/wordpress\/wp-content\/uploads\/2020\/10\/120769535_1757276227765901_7703963803392648621_n-300x300.jpg\" alt=\"\" width=\"300\" height=\"300\" srcset=\"https:\/\/www.radiopiu.net\/wordpress\/wp-content\/uploads\/2020\/10\/120769535_1757276227765901_7703963803392648621_n-300x300.jpg 300w, https:\/\/www.radiopiu.net\/wordpress\/wp-content\/uploads\/2020\/10\/120769535_1757276227765901_7703963803392648621_n-150x150.jpg 150w, https:\/\/www.radiopiu.net\/wordpress\/wp-content\/uploads\/2020\/10\/120769535_1757276227765901_7703963803392648621_n-768x768.jpg 768w, https:\/\/www.radiopiu.net\/wordpress\/wp-content\/uploads\/2020\/10\/120769535_1757276227765901_7703963803392648621_n-125x125.jpg 125w, https:\/\/www.radiopiu.net\/wordpress\/wp-content\/uploads\/2020\/10\/120769535_1757276227765901_7703963803392648621_n-200x200.jpg 200w, https:\/\/www.radiopiu.net\/wordpress\/wp-content\/uploads\/2020\/10\/120769535_1757276227765901_7703963803392648621_n-80x80.jpg 80w, https:\/\/www.radiopiu.net\/wordpress\/wp-content\/uploads\/2020\/10\/120769535_1757276227765901_7703963803392648621_n-480x480.jpg 480w, https:\/\/www.radiopiu.net\/wordpress\/wp-content\/uploads\/2020\/10\/120769535_1757276227765901_7703963803392648621_n.jpg 810w\" sizes=\"auto, (max-width: 300px) 100vw, 300px\" \/><\/a>LA DICHIARAZIONE DEL MINISTRO FEDERICO D&#8217;INCA&#8217;<\/strong><\/p>\n<p><em>Avevamo annunciato l&#8217;avvio dei bonifici ai risparmiatori truffati dalle banche. Bene, ieri si sono avviate le prime operazioni di rimborso. \u00a0I bonifici predisposti finora superano 1 milione di euro e appena la procedura sar\u00e0 informatizzata, per ogni settimana lavorativa saranno predisposti migliaia di bonifici. Ricordo che il Fir, Fondo indennizzo risparmiatori \u00e8 stato istituito nel 2018 con una dotazione di 1 miliardo e mezzo di euro in tre anni e per i risparmiatori che si sono trovati in maggiore difficolt\u00e0 abbiamo deciso di semplificare la procedura e di riconoscere l&#8217;erogazione di un indennizzo forfettario. \u00c8 la risposta che il <a class=\"profileLink\" href=\"https:\/\/www.facebook.com\/movimentocinquestelle\/?fref=mentions&amp;__xts__%5B0%5D=68.ARCowEz15SB3QJE6Ymsth2US4PtXHfzmHsoQ560lb4pv31iQIzZKyI9LKvb3Ym-zqWB-1PVtbAU6YI73GUySrthfU957YuaJmqOL14870Eioc4CFe09LzLz6HhKhsb6LyNyIfqfyXu4RvB-to5cRoCk7D6yamHoJubL7oNSiXcbNXIWazlMJ7SzMkVsFrP6Meh06mK5nNtDeaKhAZVxD2lrPFJYqwf4TxDOOUXCRgV0j60Xcz3iUSuTZNkcfGZQz8k7wqY4j-mesb37R-ctfMt5tt6Znjvi6f94datOyZ-bHiuu4ImKPWp1sdGXAl-qNGmRO5x98SyZy2hURanm8YY66aw&amp;__tn__=K-R\">MoVimento 5 Stelle<\/a> ha voluto dare ai cittadini truffati dalle banche. Non li abbiamo mai abbandonati e continueremo a seguire questa battaglia giorno per giorno per tutelare i risparmiatori coinvolti.<\/em><\/p>\n<p>&nbsp;<\/p>\n<p>&nbsp;<\/p>\n<p>&nbsp;<\/p>\n<p>&nbsp;<\/p>\n<p>&nbsp;<\/p>\n<p>&nbsp;<\/p>\n<hr \/>\n<p>&nbsp;<\/p>\n<blockquote>\n<h3>L&#8217;INAUGURAZIONE DELLA NUOVA OFFICINA A CENCENIGHE, VIMACAR DI MATTEO VIECELI<\/h3>\n<\/blockquote>\n<p><strong>CENCENIGHE<\/strong> Da luned\u00ec apre ufficialmente l&#8217;officina ViMaCar di Matteo Vieceli<\/p>\n<p>https:\/\/www.facebook.com\/Mirkomezziano\/videos\/2793256620957106<\/p>\n<p>&nbsp;<\/p>\n<hr \/>\n<p>&nbsp;<\/p>\n<blockquote>\n<h3>APRE IN VIALE DOLOMITI UN DISTRIBUTORE DI FIORI FRESCHI:\u00a0\u00c8 IL PRIMO IN PROVINCIA<\/h3>\n<\/blockquote>\n<p><b><a class=\"dt-pswp-item\" href=\"https:\/\/www.radiopiu.net\/wordpress\/wp-content\/uploads\/2020\/10\/Fiori_freschi.jpg\" data-dt-img-description=\"\" data-large_image_width=\"1200\" data-large_image_height=\"1414\"><img loading=\"lazy\" decoding=\"async\" class=\"size-medium wp-image-163989 alignleft\" src=\"https:\/\/www.radiopiu.net\/wordpress\/wp-content\/uploads\/2020\/10\/Fiori_freschi-255x300.jpg\" alt=\"\" width=\"255\" height=\"300\" srcset=\"https:\/\/www.radiopiu.net\/wordpress\/wp-content\/uploads\/2020\/10\/Fiori_freschi-255x300.jpg 255w, https:\/\/www.radiopiu.net\/wordpress\/wp-content\/uploads\/2020\/10\/Fiori_freschi-869x1024.jpg 869w, https:\/\/www.radiopiu.net\/wordpress\/wp-content\/uploads\/2020\/10\/Fiori_freschi-768x905.jpg 768w, https:\/\/www.radiopiu.net\/wordpress\/wp-content\/uploads\/2020\/10\/Fiori_freschi-407x480.jpg 407w, https:\/\/www.radiopiu.net\/wordpress\/wp-content\/uploads\/2020\/10\/Fiori_freschi.jpg 1200w\" sizes=\"auto, (max-width: 255px) 100vw, 255px\" \/><\/a>PONTE NELLE ALPI <\/b>La bellezza? \u00c8 come il pane, il latte e, in generale, qualsiasi genere alimentare: un bene di prima necessit\u00e0. Perch\u00e9 eleva la qualit\u00e0 di vita, colora la quotidianit\u00e0, smussa le spigolature e addolcisce le amarezze. Insomma, la bellezza \u00e8 necessaria. E deve sempre essere a disposizione di chiunque: 24 ore su 24.\u00a0A questo proposito, Melanie Scussel ha deciso di aprire un distributore automatico di fiori freschi: i \u201cgeneratori\u201d per eccellenza del concetto di bellezza. A Ponte nelle Alpi, lungo viale Dolomiti, la nuova casetta dei fiori permetter\u00e0 a tutti di entrare in contatto con una serie di splendide e vaste composizioni, adatte a ogni occasione.\u00a0Bastano 60 secondi: oltre a vedere in anticipo il prodotto e il prezzo, \u00e8 possibile pagare con bancomat, carta di credito o una app specifica e di facile utilizzo. \u00abEra un&#8217;idea che maturavo da tempo &#8211; afferma proprio Melanie Scussel, impegnata nel settore da 18 anni &#8211; e l&#8217;ho concretizzata durante la pandemia. Volevo fare qualcosa che mi portasse al di fuori del mio negozio, a Longarone (\u201cLa bottega del fiore\u201d, in via Roma). E, con un po\u2019 di coraggio, mi sono buttata: si tratta del primo distributore automatico in provincia di Belluno, mentre in Austria e Germania un simile servizio \u00e8 piuttosto gettonato. L&#8217;auspicio \u00e8 che venga apprezzato anche qui\u00bb.\u00a0Il taglio del nastro \u00e8 avvenuto in mattinata: \u00abQuesta \u201cmacchina\u201d dei fiori non \u00e8 un\u2019utilitaria, ma una Ferrari, visto che garantisce la qualit\u00e0 del prodotto, alle giuste temperature e all\u2019ideale tasso di umidit\u00e0\u00bb. Entusiasta pure il sindaco di Ponte nelle Alpi, Paolo Vendramini: \u00abL\u2019attivit\u00e0, unica nel suo genere, \u00e8 promossa da una donna determinata e professionale. La quale ha voluto investire in una zona che sta diventando una grande opportunit\u00e0 commerciale e di servizi per il cittadino\u00bb.\u00a0In definitiva, perch\u00e9 un distributore? Il motivo \u00e8 racchiuso nella frase simbolo di Melanie: \u00abPerch\u00e9 i fiori regalano emozioni\u00bb.<\/p>\n<p>&nbsp;<\/p>\n<p>&nbsp;<\/p>\n<hr \/>\n<p>&nbsp;<\/p>\n<blockquote>\n<h3>CORSO DI COMPUTER ALLO SPI CGIL DI FELTRE<\/h3>\n<\/blockquote>\n<p><strong>FELTRE\u00a0<\/strong>Torna anche quest\u2019anno il corso di computer per le pensionate e i pensionati. Quest\u2019anno con le modalit\u00e0 di distanziamento.\u00a0In una nuova sede a Feltre,\u00a0sempre in piazza Parmeggiani\u00a0ma al civico 15.\u00a0Tutti coloro che vogliono avere una dimestichezza maggiore con la tecnologia informatica possono iscriversi al corso base per l\u2019utilizzo di computer e cellulari smart.\u00a0Partecipare ad un corso di computer vuol dire avere aggiornamenti sul mondo informatico, un mondo fantastico che magari non sentiamo tanto vicino, ma che, alla fine delle lezioni,\u00a0potremo apprezzarne la conoscenza per l&#8217;utilizzo nella nostra vita quotidiana.\u00a0Le iscrizioni sono aperte.\u00a0 Il corso inizia il 7 ottobre 2020.\u00a0Le lezioni settimanali si svolgono il pomeriggio di mercoled\u00ec dalle 15 alle 17.\u00a0Per info e iscrizioni chiamare il 347 277 1980<\/p>\n<p>&nbsp;<\/p>\n<p>&nbsp;<\/p>\n<hr \/>\n<p>&nbsp;<\/p>\n<blockquote>\n<h3>CONCORSO PUBBLICO A ROCCA PIETORE PER COLLABORATORE A TEMPO INDETERMINATO<\/h3>\n<\/blockquote>\n<p><strong>ROCCA PIETORE<\/strong> ll Comune ha indetto un concorso pubblico per esami per la copertura, a tempo indeterminato e a tempo pieno, di\u00a0un posto di Collaboratore Professionale\u2013Conduttore di macchine\u00a0operatrici complesse \u2013 addetto al trasporto scolastico, ai servizi manutentivi e cimiteriali. Le domande di partecipazione dovranno pervenire al Comune di Rocca Pietore. \u00a0Per informazioni \u00e8 possibile rivolgersi ai seguenti recapiti: telefono 0437.721178; posta elettronica: segretario.rocca@agordino.bl.it<\/p>\n<p>&nbsp;<\/p>\n<p>&nbsp;<\/p>\n<hr \/>\n<p>&nbsp;<\/p>\n<blockquote>\n<h3>UN FUNZIONARIO TECNICO PER IL PARCO NAZIONALE<\/h3>\n<\/blockquote>\n<p><strong>FELTRE<\/strong>\u00a0Il 5 ottobre alle\u00a0 12 scade il termine di presentazione delle domande relative all&#8217;avviso di mobilit\u00e0 pubblicato dall&#8217;Ente Parco Nazionale Dolomiti Bellunesi per la copertura di un posto di Funzionario Tecnico (di categoria C del CCNL comparto Funzioni centrali), da assegnare al all&#8217;Area Tecnica (Settore Lavori Pubblici e Manutenzioni) dell&#8217;Ente Parco. Il bando di mobilit\u00e0 e il facsimile di domanda sono scaricabili dal sito dell&#8217;Ente Parco. Informazioni sul sito dell&#8217;Ente.<\/p>\n<p>&nbsp;<\/p>\n<p>&nbsp;<\/p>\n<hr \/>\n<p>&nbsp;<\/p>\n<blockquote>\n<h3>AL VIA DA OTTOBRE LO SCREENING DI PREVENZIONE DEL MELANOMA<\/h3>\n<\/blockquote>\n<p><strong>BELLUNO\u00a0<\/strong>Dopo il recente successo dell&#8217;iniziativa di mappatura dei nei, offerta dalla Lilt sezione di Belluno, nei giorni 19 e 20 settembre all\u2019interno delle manifestazioni dell\u2019Associazione Dolomitike ad Auronzo di Cadore, proseguono a pieno ritmo le attivit\u00e0 del sodalizio bellunese.\u00a0Dal mese di ottobre, infatti, Lilt Belluno riparte con lo screening di prevenzione del melanoma per andare incontro alle numerose richieste della popolazione.\u00a0In considerazione della situazione sanitaria attuale e delle nuove regole previste dai decreti in materia Covid-19, le procedure per la sicurezza richiederanno maggior tempo; pertanto le visite saranno inizialmente 20 al mese in due mercoled\u00ec mattina, dalle ore 8.15 alle 12.45.\u00a0Esse si svolgeranno a Belluno presso gli ambulatori della Sma Service al Centro Millenium di via Vittorio Veneto, 158\/l.\u00a0Le date individuate per il mese di ottobre sono mercoled\u00ec 14 e mercoled\u00ec 28.\u00a0Per prenotazioni: 0437 944952 il marted\u00ec e il mercoled\u00ec dalle 10 alle 12 a partire dal 30 settembre.<\/p>\n<p>&nbsp;<\/p>\n<hr \/>\n<p>&nbsp;<\/p>\n<blockquote>\n<h3>CORSI OSS DEL CEIS, SLITTA LA DATA DI SELEZIONE<\/h3>\n<\/blockquote>\n<p><strong>BELLUNO<\/strong> Nel biennio 2020-2021 verranno avviati nella provincia di Belluno 7 corsi per Operatore Socio Sanitario (OSS). La data della prima selezione \u00e8 stata spostata su indicazione della Direzione Formazione e Istruzione della Regione Veneto, al fine di consentire una maggior partecipazione di quanti ancora non erano a conoscenza dell\u2019attivazione dei corsi nelle proprie provincie. \u00c8 stato quindi stabilito che la selezione verr\u00e0 effettuata su tutto territorio regionale il 22 ottobre alle\u00a0 8.30. Il corso durer\u00e0 1000 ore, di cui 480 di teoria e 520 di tirocinio pratico e rilascia una qualifica riconosciuta da Regione Veneto per lavorare nelle Strutture socio-sanitarie.Per informazioni: 0437\/950895 \u2013 info@ceisbelluno.org<\/p>\n<p>&nbsp;<\/p>\n<p>&nbsp;<\/p>\n<hr \/>\n<p>&nbsp;<\/p>\n<blockquote>\n<h3>IN PROGRAMMA L\u2019ASSEMBLEA ORDINARIA DELL\u2019ASSOCIAZIONE PETTIROSSO AGORDINO<\/h3>\n<\/blockquote>\n<p><strong class=\"photoswipe-wrapper\"><a class=\"dt-pswp-item pspw-wrap-ready\" href=\"https:\/\/i2.wp.com\/www.radiopiu.net\/wordpress\/wp-content\/uploads\/2016\/03\/cucc-pettirosso-15.jpg?ssl=1\" data-dt-img-description=\"\" data-large_image_width=\"400\" data-large_image_height=\"200\"><img loading=\"lazy\" decoding=\"async\" class=\" wp-image-17194 alignleft\" src=\"https:\/\/i2.wp.com\/www.radiopiu.net\/wordpress\/wp-content\/uploads\/2016\/03\/cucc-pettirosso-15.jpg?resize=234%2C117&amp;ssl=1\" sizes=\"auto, (max-width: 234px) 100vw, 234px\" srcset=\"https:\/\/i2.wp.com\/www.radiopiu.net\/wordpress\/wp-content\/uploads\/2016\/03\/cucc-pettirosso-15.jpg?resize=300%2C150&amp;ssl=1 300w, https:\/\/i2.wp.com\/www.radiopiu.net\/wordpress\/wp-content\/uploads\/2016\/03\/cucc-pettirosso-15.jpg?w=400&amp;ssl=1 400w\" alt=\"\" width=\"234\" height=\"117\" data-recalc-dims=\"1\" \/><\/a>AGORDO<\/strong> \u00c8 in programma per marted\u00ec 20 ottobre l\u2019assemblea ordinaria dell\u2019Associazione Pettirosso Agordino presso la sala Don Tamis dell\u2019Unione Montana ad Agordo. 5 punti all\u2019ordine del giorno. La ratifica del consiglio direttivo di ammissione nuovi soci, relazione esercizio sociale dell\u2019anno 2019, presentazione e approvazione del bilancio 2019, presentazione e approvazione del bilancio preventivo 2020, varie ed eventuali.<\/p>\n<p>&nbsp;<\/p>\n<p>&nbsp;<\/p>\n<p>&nbsp;<\/p>\n<hr \/>\n<p>&nbsp;<\/p>\n<blockquote>\n<h3>LE DOLOMITI CHE VORREI: PARTECIPA ANCHE TU AL QUESTIONARIO<\/h3>\n<\/blockquote>\n<p><strong>CORTINA\u00a0<\/strong>\u00c8 online il questionario promosso dalla Fondazione Dolomiti UNESCO, sviluppato nell\u2019ambito del progetto \u2018Musei delle Dolomiti\u2019, e che si rivolge a ragazzi e ragazze tra i 18 e i 35 anni per raccogliere le loro visioni di futuro per le Dolomiti e capire che ruolo possono avere i musei nell\u2019affiancare il cambiamento. L\u2019obiettivo \u00e8 dare voce alle nuove generazioni e comprendere come vivano il patrimonio culturale del proprio territorio e se nutrono speranza nella cultura affinch\u00e9 possa diventare una ragione per continuare a vivere e investire nelle Dolomiti.<b><\/b><\/p>\n<p>Per il questionario\u00a0<a href=\"http:\/\/patrimonio.museodolom.it\/exhibits\/show\/dolomitesmuseum\/dolomtieschange\/lemiedolomiti\" target=\"_blank\" rel=\"noopener noreferrer\">cliccare qui.\u00a0<\/a><\/p>\n<p>&nbsp;<\/p>\n<hr \/>\n<p>&nbsp;<\/p>\n<blockquote>\n<h2>GLI AUGURI A DONATELLA&#8230;DALLA &#8220;SUA&#8221; CORALE DI LIMANA<\/h2>\n<p><span style=\"color: #ff0000;\">A Donatella la direttrice della corale<\/span><\/p><\/blockquote>\n<div style=\"width: 640px;\" class=\"wp-video\"><video class=\"wp-video-shortcode\" id=\"video-163920-1\" width=\"640\" height=\"352\" preload=\"metadata\" controls=\"controls\"><source type=\"video\/mp4\" src=\"https:\/\/www.radiopiu.net\/wordpress\/wp-content\/uploads\/2020\/10\/WhatsApp-Video-2020-10-03-at-20.39.22-1.mp4?_=1\" \/><a href=\"https:\/\/www.radiopiu.net\/wordpress\/wp-content\/uploads\/2020\/10\/WhatsApp-Video-2020-10-03-at-20.39.22-1.mp4\">https:\/\/www.radiopiu.net\/wordpress\/wp-content\/uploads\/2020\/10\/WhatsApp-Video-2020-10-03-at-20.39.22-1.mp4<\/a><\/video><\/div>\n<p>&nbsp;<\/p>\n<p>&nbsp;<\/p>\n<hr \/>\n<p>&nbsp;<\/p>\n<p><a class=\"dt-pswp-item\" href=\"https:\/\/www.radiopiu.net\/wordpress\/wp-content\/uploads\/2018\/09\/appuntamenti.jpeg\" data-dt-img-description=\"\" data-large_image_width=\"800\" data-large_image_height=\"100\"><img loading=\"lazy\" decoding=\"async\" class=\"aligncenter wp-image-61958 size-full\" src=\"https:\/\/www.radiopiu.net\/wordpress\/wp-content\/uploads\/2018\/09\/appuntamenti.jpeg\" alt=\"\" width=\"800\" height=\"100\" srcset=\"https:\/\/www.radiopiu.net\/wordpress\/wp-content\/uploads\/2018\/09\/appuntamenti.jpeg 800w, https:\/\/www.radiopiu.net\/wordpress\/wp-content\/uploads\/2018\/09\/appuntamenti-300x38.jpeg 300w, https:\/\/www.radiopiu.net\/wordpress\/wp-content\/uploads\/2018\/09\/appuntamenti-768x96.jpeg 768w\" sizes=\"auto, (max-width: 800px) 100vw, 800px\" \/><\/a><\/p>\n<p>&nbsp;<\/p>\n<blockquote>\n<h3>SABATO 10 OTTOBRE LA FIERA DEL BESTIAM AD AGORDO<\/h3>\n<\/blockquote>\n<p><strong><a class=\"dt-pswp-item\" href=\"https:\/\/www.radiopiu.net\/wordpress\/wp-content\/uploads\/2020\/09\/5096f724-4c4c-4361-9675-444b18f0705b.jpg\" data-dt-img-description=\"\" data-large_image_width=\"982\" data-large_image_height=\"1377\"><img loading=\"lazy\" decoding=\"async\" class=\"size-medium wp-image-163359 alignleft\" src=\"https:\/\/www.radiopiu.net\/wordpress\/wp-content\/uploads\/2020\/09\/5096f724-4c4c-4361-9675-444b18f0705b-214x300.jpg\" alt=\"\" width=\"214\" height=\"300\" srcset=\"https:\/\/www.radiopiu.net\/wordpress\/wp-content\/uploads\/2020\/09\/5096f724-4c4c-4361-9675-444b18f0705b-214x300.jpg 214w, https:\/\/www.radiopiu.net\/wordpress\/wp-content\/uploads\/2020\/09\/5096f724-4c4c-4361-9675-444b18f0705b-730x1024.jpg 730w, https:\/\/www.radiopiu.net\/wordpress\/wp-content\/uploads\/2020\/09\/5096f724-4c4c-4361-9675-444b18f0705b-768x1077.jpg 768w, https:\/\/www.radiopiu.net\/wordpress\/wp-content\/uploads\/2020\/09\/5096f724-4c4c-4361-9675-444b18f0705b-342x480.jpg 342w, https:\/\/www.radiopiu.net\/wordpress\/wp-content\/uploads\/2020\/09\/5096f724-4c4c-4361-9675-444b18f0705b.jpg 982w\" sizes=\"auto, (max-width: 214px) 100vw, 214px\" \/><\/a>AGORDO\u00a0<\/strong>Ritorna la tradizionale Fiera del bestiame sul Broi di Agordo. Sabato 10 ottobre mercato dei prodotti agricoli, esposizione zootecnica, esposizione di macchine agricole e la &#8220;Scota&#8221; di Nino Belot. Alle 11:30 &#8220;Cognoson le pite&#8221;. Dalle 10:30 alle 18 a Palazzo Crotta-De Manzoni &#8220;Formai e vin&#8221;, esperienza di sapori, tradizioni e storia. Visita guidata nei luoghi inaccessibili della villa veneta e 5 stand enogastronomici dove si possono degustare formaggi agordini e vini di importanti cantine italiane.<\/p>\n<p>&nbsp;<\/p>\n<p>&nbsp;<\/p>\n<p>&nbsp;<\/p>\n<p>&nbsp;<\/p>\n<p>&nbsp;<\/p>\n<p>&nbsp;<\/p>\n<p>&nbsp;<\/p>\n<p>&nbsp;<\/p>\n<hr \/>\n<p>&nbsp;<\/p>\n<p><strong><a class=\"dt-pswp-item\" href=\"https:\/\/www.radiopiu.net\/wordpress\/wp-content\/uploads\/2020\/09\/ac438e09-73cc-459b-97f3-9268981f04c0.jpg\" data-dt-img-description=\"\" data-large_image_width=\"842\" data-large_image_height=\"1191\"><img loading=\"lazy\" decoding=\"async\" class=\" wp-image-162880 alignleft\" src=\"https:\/\/www.radiopiu.net\/wordpress\/wp-content\/uploads\/2020\/09\/ac438e09-73cc-459b-97f3-9268981f04c0-212x300.jpg\" alt=\"\" width=\"191\" height=\"270\" srcset=\"https:\/\/www.radiopiu.net\/wordpress\/wp-content\/uploads\/2020\/09\/ac438e09-73cc-459b-97f3-9268981f04c0-212x300.jpg 212w, https:\/\/www.radiopiu.net\/wordpress\/wp-content\/uploads\/2020\/09\/ac438e09-73cc-459b-97f3-9268981f04c0-724x1024.jpg 724w, https:\/\/www.radiopiu.net\/wordpress\/wp-content\/uploads\/2020\/09\/ac438e09-73cc-459b-97f3-9268981f04c0-768x1086.jpg 768w, https:\/\/www.radiopiu.net\/wordpress\/wp-content\/uploads\/2020\/09\/ac438e09-73cc-459b-97f3-9268981f04c0-339x480.jpg 339w, https:\/\/www.radiopiu.net\/wordpress\/wp-content\/uploads\/2020\/09\/ac438e09-73cc-459b-97f3-9268981f04c0.jpg 842w\" sizes=\"auto, (max-width: 191px) 100vw, 191px\" \/><\/a>FALCADE<\/strong> Sabato 17 ottobre alle 21 alla Casa della Giovent\u00f9 di Caviola in via Trento &#8220;Rimasti Avanti?&#8221;. Serata musicale con Marco V. Dal Farra e amici. Ingresso libero su prenotazione via mail proloco.caviola@libero.it, telefono 0437 599062 oppure 3403832079<\/p>\n<p><strong>CANALE D&#8217;AGORDO<\/strong> L&#8217;associazione Pro Loco di Canale D&#8217;Agordo organizza per questo autunno il corso di ginnastica postulare con la fisioterapista Silvana Andrich. 8 lezioni a partire da luned\u00ec 5 ottobre, dal luned\u00ec al venerd\u00ec dalle 17:30 alle 19:30. Per informazioni o iscrizioni telefonare allo 0437 1948030 (venerd\u00ec, sabato domenica e festivi dalle 9 alle 12 e dalle 15 alle 18) oppure 331 1248034, mail info@prolococanale.it Per le restrizioni e normative per il contenimento del Covid-19 i posti sono limitati.<\/p>\n<p><strong>CANALE D&#8217;AGORDO <\/strong>In collaborazione con la Biblioteca di Canale d&#8217;Agordo, la\u00a0<i>meditazione planetaria<\/i>\u00a0per la pace di &#8220;Maha Atma Choa Kok Sui&#8221;,\u00a0<i>ogni mercoled\u00ec\u00a0<\/i>alle\u00a0<i>ore 20.30<\/i>\u00a0presso la sala conferenze del MusAL a Canale d&#8217;Agordo<\/p>\n<p>&nbsp;<\/p>\n<p><strong>LIVINALLONGO\u00a0<\/strong> Il castello riaprir\u00e0 nei successivi 4 weekend (fino a domenica 11 ottobre), dal venerd\u00ec alla domenica, con orario leggermente ridotto: dalle 10.00 alle 12.30 e dalle 14.30 alle 17.30. \u00a0Le visite guidate o libere vanno prenotate al 334 33 46 680 o via mail a info@castellodiandraz.it<\/p>\n<p><strong>AGORDO<\/strong> La Val Pusteria\u00a0 con il Gruppo del\u00a0Monte Gruppo\u00a0\u00e8 la destinazione dell&#8217;escursione programmata\u00a0per i giorni\u00a010\u00a0e 11\u00a0ottobre.\u00a0Si tratta di diverse cime non particolarmente alte che riservano per\u00f2 prospettive tanto inusuali quanto spettacolari e che celano tra le\u00a0loro rocce scure diversi laghetti di origine glaciale tra cui, il pi\u00f9 grande \u00e8 quello di\u00a0Pausa\u00a0dove sorge l&#8217;omonimo ed accogliente\u00a0Rifugio. Tale struttura rimane aperta fino alla prima decade di novembre e il CAI di Agordo ne approfitta \u00a0nel periodo in cui i colori del mirtillo rosso e dei larici accendono i radi pascoli d&#8217;alta quota.\u00a0L&#8217;escursione \u00e8 valutata\u00a0EE con bevi tratti EEA.\u00a0I posti disponibili sono limitati.<\/p>\n<p>&nbsp;<\/p>\n<p>&nbsp;<\/p>\n<hr \/>\n<p>&nbsp;<\/p>\n<h2>IERI ALLA RADIO<\/h2>\n<h2><span style=\"color: #800080;\">LA RASSEGNA STAMPA DALL&#8217;AMICO DEL POPOLO di Gianni Santomaso\u00a0<\/span><\/h2>\n<p><strong><a class=\"dt-pswp-item\" href=\"https:\/\/www.radiopiu.net\/wordpress\/wp-content\/uploads\/2019\/05\/AGORDO-PAOLO-SELVA-MORETTI.jpeg\" data-dt-img-description=\"\" data-large_image_width=\"1024\" data-large_image_height=\"951\"><img loading=\"lazy\" decoding=\"async\" class=\"size-medium wp-image-86459 alignleft\" src=\"https:\/\/www.radiopiu.net\/wordpress\/wp-content\/uploads\/2019\/05\/AGORDO-PAOLO-SELVA-MORETTI-300x279.jpeg\" alt=\"\" width=\"300\" height=\"279\" srcset=\"https:\/\/www.radiopiu.net\/wordpress\/wp-content\/uploads\/2019\/05\/AGORDO-PAOLO-SELVA-MORETTI-300x279.jpeg 300w, https:\/\/www.radiopiu.net\/wordpress\/wp-content\/uploads\/2019\/05\/AGORDO-PAOLO-SELVA-MORETTI-768x713.jpeg 768w, https:\/\/www.radiopiu.net\/wordpress\/wp-content\/uploads\/2019\/05\/AGORDO-PAOLO-SELVA-MORETTI.jpeg 1024w\" sizes=\"auto, (max-width: 300px) 100vw, 300px\" \/><\/a>OSPITE: Paolo Selva Moretti<\/strong><\/p>\n<audio class=\"wp-audio-shortcode\" id=\"audio-163920-5\" preload=\"none\" style=\"width: 100%;\" controls=\"controls\"><source type=\"audio\/mpeg\" src=\"https:\/\/www.radiopiu.net\/wordpress\/wp-content\/uploads\/2020\/10\/RASSEGNA-GIANNI.mp3?_=5\" \/><a href=\"https:\/\/www.radiopiu.net\/wordpress\/wp-content\/uploads\/2020\/10\/RASSEGNA-GIANNI.mp3\">https:\/\/www.radiopiu.net\/wordpress\/wp-content\/uploads\/2020\/10\/RASSEGNA-GIANNI.mp3<\/a><\/audio>\n<p>&nbsp;<\/p>\n<hr \/>\n<p>&nbsp;<\/p>\n<h2><span style=\"color: #ff0000;\">DUE MINUTI UN LIBRO\u00a0<\/span><\/h2>\n<blockquote class=\"wp-embedded-content\" data-secret=\"EQQHeyAZjH\"><p><a href=\"https:\/\/www.radiopiu.net\/wordpress\/il-santuario-degli-eretici\/\">IL SANTUARIO DEGLI ERETICI<\/a><\/p><\/blockquote>\n<p><iframe loading=\"lazy\" class=\"wp-embedded-content\" sandbox=\"allow-scripts\" security=\"restricted\" style=\"position: absolute; clip: rect(1px, 1px, 1px, 1px);\" title=\"&#8220;IL SANTUARIO DEGLI ERETICI&#8221; &#8212; Radio Pi\u00f9\" src=\"https:\/\/www.radiopiu.net\/wordpress\/il-santuario-degli-eretici\/embed\/#?secret=EQQHeyAZjH\" data-secret=\"EQQHeyAZjH\" width=\"600\" height=\"338\" frameborder=\"0\" marginwidth=\"0\" marginheight=\"0\" scrolling=\"no\"><\/iframe><\/p>\n<h2>LA RACCOLTA COMPLETA<\/h2>\n<blockquote class=\"wp-embedded-content\" data-secret=\"01cLz2jxek\"><p><a href=\"https:\/\/www.radiopiu.net\/wordpress\/due-minuti-un-libro\/\">Due minuti un libro<\/a><\/p><\/blockquote>\n<p><iframe loading=\"lazy\" class=\"wp-embedded-content\" sandbox=\"allow-scripts\" security=\"restricted\" style=\"position: absolute; clip: rect(1px, 1px, 1px, 1px);\" title=\"&#8220;Due minuti un libro&#8221; &#8212; Radio Pi\u00f9\" src=\"https:\/\/www.radiopiu.net\/wordpress\/due-minuti-un-libro\/embed\/#?secret=01cLz2jxek\" data-secret=\"01cLz2jxek\" width=\"600\" height=\"338\" frameborder=\"0\" marginwidth=\"0\" marginheight=\"0\" scrolling=\"no\"><\/iframe><\/p>\n<p>&nbsp;<\/p>\n<p>&nbsp;<\/p>\n<hr \/>\n<p>&nbsp;<\/p>\n<div>\n<h2><span style=\"color: #33cccc;\">I RACCONTI DI PAOLO SOPPELSA il lunedi alle 9.30 e 18.30<\/span><\/h2>\n<h2><span style=\"color: #33cccc;\"><strong>LA RACCOLTA COMPLETA<\/strong><\/span><\/h2>\n<blockquote class=\"wp-embedded-content\" data-secret=\"5r8KExsTPh\"><p><a href=\"https:\/\/www.radiopiu.net\/wordpress\/i-racconti-di-paolo-soppelsa\/\">I racconti di Paolo Soppelsa<\/a><\/p><\/blockquote>\n<p><iframe loading=\"lazy\" class=\"wp-embedded-content\" sandbox=\"allow-scripts\" security=\"restricted\" style=\"position: absolute; clip: rect(1px, 1px, 1px, 1px);\" title=\"&#8220;I racconti di Paolo Soppelsa&#8221; &#8212; Radio Pi\u00f9\" src=\"https:\/\/www.radiopiu.net\/wordpress\/i-racconti-di-paolo-soppelsa\/embed\/#?secret=5r8KExsTPh\" data-secret=\"5r8KExsTPh\" width=\"600\" height=\"338\" frameborder=\"0\" marginwidth=\"0\" marginheight=\"0\" scrolling=\"no\"><\/iframe><\/p>\n<div class=\"_4tdt _ua1\">\n<div class=\"_31o4\">\n<div class=\"_6--1\" aria-hidden=\"true\">\n<div class=\"_1gyw _55lt\"><\/div>\n<\/div>\n<\/div>\n<\/div>\n<p>&nbsp;<\/p>\n<hr \/>\n<p>&nbsp;<\/p>\n<h2><span style=\"color: #000080;\"><a class=\"dt-pswp-item\" href=\"https:\/\/www.radiopiu.net\/wordpress\/wp-content\/uploads\/2020\/10\/pp.jpg\" data-dt-img-description=\"\" data-large_image_width=\"640\" data-large_image_height=\"640\"><img loading=\"lazy\" decoding=\"async\" class=\"wp-image-163678 alignleft\" src=\"https:\/\/www.radiopiu.net\/wordpress\/wp-content\/uploads\/2020\/10\/pp-300x300.jpg\" alt=\"\" width=\"106\" height=\"106\" srcset=\"https:\/\/www.radiopiu.net\/wordpress\/wp-content\/uploads\/2020\/10\/pp-300x300.jpg 300w, https:\/\/www.radiopiu.net\/wordpress\/wp-content\/uploads\/2020\/10\/pp-150x150.jpg 150w, https:\/\/www.radiopiu.net\/wordpress\/wp-content\/uploads\/2020\/10\/pp-125x125.jpg 125w, https:\/\/www.radiopiu.net\/wordpress\/wp-content\/uploads\/2020\/10\/pp-200x200.jpg 200w, https:\/\/www.radiopiu.net\/wordpress\/wp-content\/uploads\/2020\/10\/pp-80x80.jpg 80w, https:\/\/www.radiopiu.net\/wordpress\/wp-content\/uploads\/2020\/10\/pp-480x480.jpg 480w, https:\/\/www.radiopiu.net\/wordpress\/wp-content\/uploads\/2020\/10\/pp.jpg 640w\" sizes=\"auto, (max-width: 106px) 100vw, 106px\" \/><\/a>DON CESARE, IL PENSIERO DEL GIORNO. ALLA RADIO ALLE 7 DEL MATTINO E ALLE 19.30 DELLA SERA.\u00a0\u00a0<\/span><\/h2>\n<\/div>\n<p>&nbsp;<\/p>\n<p>&nbsp;<\/p>\n<p>&nbsp;<\/p>\n<audio class=\"wp-audio-shortcode\" id=\"audio-163920-6\" preload=\"none\" style=\"width: 100%;\" controls=\"controls\"><source type=\"audio\/mpeg\" src=\"https:\/\/www.radiopiu.net\/wordpress\/wp-content\/uploads\/2020\/10\/CESARE-1.mp3?_=6\" \/><a href=\"https:\/\/www.radiopiu.net\/wordpress\/wp-content\/uploads\/2020\/10\/CESARE-1.mp3\">https:\/\/www.radiopiu.net\/wordpress\/wp-content\/uploads\/2020\/10\/CESARE-1.mp3<\/a><\/audio>\n<p>&nbsp;<\/p>\n<p>&nbsp;<\/p>\n<hr \/>\n<p>&nbsp;<\/p>\n<div>\n<p><a class=\"dt-pswp-item\" href=\"https:\/\/www.radiopiu.net\/wordpress\/wp-content\/uploads\/2018\/09\/viabilita.jpeg\" data-dt-img-description=\"\" data-large_image_width=\"800\" data-large_image_height=\"100\"><img loading=\"lazy\" decoding=\"async\" class=\"aligncenter wp-image-61954 size-full\" src=\"https:\/\/www.radiopiu.net\/wordpress\/wp-content\/uploads\/2018\/09\/viabilita.jpeg\" alt=\"\" width=\"800\" height=\"100\" srcset=\"https:\/\/www.radiopiu.net\/wordpress\/wp-content\/uploads\/2018\/09\/viabilita.jpeg 800w, https:\/\/www.radiopiu.net\/wordpress\/wp-content\/uploads\/2018\/09\/viabilita-300x38.jpeg 300w, https:\/\/www.radiopiu.net\/wordpress\/wp-content\/uploads\/2018\/09\/viabilita-768x96.jpeg 768w\" sizes=\"auto, (max-width: 800px) 100vw, 800px\" \/><\/a><\/p>\n<\/div>\n<p><strong>\u00a0\u00a0<\/strong><\/p>\n<p><strong>SR 48 DELLE DOLOMITI<\/strong> dal 5 ottobre\u00a0 al 6 novembre (festivi e prefestivi inclusi) senso unico alternato in localit\u00e0 Brenta Comune di Livinallongo del Col di Lana.<\/p>\n<p><strong>SR 48 DELLE DOLOMITI<\/strong> i giorni 5 e 6 ottobre senso unico alternato regolato da semaforo in localit\u00e0 Brenta di Livinallongo per adeguamento accesso alla strada comunale<\/p>\n<p><strong>SP 422 DELL&#8217;ALPAGO E DEL CANSIGLIO<\/strong> fino al 30 ottobre senso unico alternato regolato da movieri tra le 8 e le 19 tra Puos e Cornei per posa fibra ottica<\/p>\n<p><strong>SP 422 DELL&#8217;ALPAGO E DEL CANSIGLIO<\/strong> fino al 21 ottobre senso unico alternato regolato da movieri tra le 7 e le 19 tra Spert e Pian Cansiglio per asfaltatura strada<\/p>\n<p><strong>SP 38 COL PERER<\/strong> dal 6 al 16 ottobre, dalle 7 alle 12 e dalle 13 alle 18 esclusi sabati e domeniche, interdizione totale al transito tra Rivai e Col Perer di Arsi\u00e8 per completamento lavori di bitumatura della sede stradale<\/p>\n<p><strong>SP 12 PEDEMONTANA<\/strong> interdizione totale al traffico a Pedavena dalle 8 del 12 ottobre alle 17 del 14 ottobre per rifacimento sfioratori per conto di bim gsp<\/p>\n<p><strong>SP 19 DI LAMON\u00a0<\/strong>dal 5 al 9 ottobre, dalle 8 alle 17, senso unico alternato regolato da moviere e interruzioni alla viabilit\u00e0 di massimo 10 minuti per taglio alberi in localit\u00e0 Pian Del Vescovo<\/p>\n<p><strong>SR 48 DELLE DOLOMITI\u00a0<\/strong>dal 5 al 31 ottobre, compresi sabati e domeniche, senso unico alternato regolato da impianto semaforico tra Passo Falzarego e il parcheggio 5 Torri per posa elettrodotto interrato<\/p>\n<p><strong>SP 49 DI MISURINA\u00a0<\/strong>dal 5 ottobre al 20 novembre, senso unico alternato regolato da impianto semaforico tra Misurina e il confine con la provincia di Bolzano per posa elettrodotto interrato<\/p>\n<p><strong>REGIONALE 48 DELLE DOLOMITI<\/strong> localit\u00e0 Cernadoi-Pian di Falzarego, fino al 30 ottobre senso unico alternato regolato da semaforo anche nei giorni festivi e prefestivi.<\/p>\n<p><strong>PROVINCIALE 251 VAL DI ZOLDO E CELLINA<\/strong> localit\u00e0 Pescul-Selva di Cadore, fino al 31 ottobre senso unico alternato con movieri o semaforo, escluso sabato e domenica.<\/p>\n<p><strong>PROVINCIALE 641 PASSO FEDAIA<\/strong> Fino al 30 ottobre compresi festivi e prefestivi senso unico con semaforo in localit\u00e0 Capanna Bill<\/p>\n<p><strong>REGIONALE 203 AGORDINA<\/strong>\u00a0 Fino\u00a0 al 18 dicembre (esclusi festivi e prefestivi) senso unico alternato tra Peron e Candaten con movieri dalle 7.30 alle 9 e dalle 16.30 alle 18. Con semaforo negli altri orari<\/p>\n<p><strong>SR 48 DELLE DOLOMITI<\/strong> fino a l\u20198 ottobre, dalle 7 alle 18 sabato e domenica esclusi, senso unico alternato regolato da impianto semaforico per miglioramento visibilit\u00e0 incrocio strada per Castello di Andraz<\/p>\n<p><strong>PROVINCIALE 35 \u2013 LASTE<\/strong> Per allargamento della sede stradale in localit\u00e0 Laste di Sopra limitazioni al transito fino al 15 ottobre esclusi festivi e prefestivi, brevi interruzioni durata massima di 15 minuti tra le 8 e le 12 e tra le 13 e le 17.\u00a0Negli altri orari semaforo e senso unico alternato<\/p>\n<p><strong>REGIONALE 203 AGORDINA<\/strong> Fino al 30 ottobre (sabato e domenica esclusi) tra Candaten e La Stanga dalle 7.30 alle 9 e dalle 16.30 alle 18 con movieri e negli altri orari con semaforo, senso unico alternato.<\/p>\n<p><strong>SR 48 DELLE DOLOMITI<\/strong>\u00a0 Fino al 9 ottobre senso unico alternato in localit\u00e0 Cernadoi, escluso sabato e domeniche<\/p>\n<div>\n<p>&nbsp;<\/p>\n<p>&nbsp;<\/p>\n<hr \/>\n<p>&nbsp;<\/p>\n<p class=\"photoswipe-wrapper\"><a class=\"dt-pswp-item pspw-wrap-ready\" href=\"https:\/\/i0.wp.com\/www.radiopiu.net\/wordpress\/wp-content\/uploads\/2018\/09\/WhatsApp-Image-2018-09-20-at-16.04.06.jpeg?ssl=1\" data-dt-img-description=\"\" data-large_image_width=\"800\" data-large_image_height=\"100\"><img loading=\"lazy\" decoding=\"async\" class=\"aligncenter wp-image-61378 size-full jetpack-lazy-image jetpack-lazy-image--handled\" src=\"https:\/\/i0.wp.com\/www.radiopiu.net\/wordpress\/wp-content\/uploads\/2018\/09\/WhatsApp-Image-2018-09-20-at-16.04.06.jpeg?resize=800%2C100&amp;ssl=1\" sizes=\"auto, (max-width: 800px) 100vw, 800px\" srcset=\"https:\/\/i0.wp.com\/www.radiopiu.net\/wordpress\/wp-content\/uploads\/2018\/09\/WhatsApp-Image-2018-09-20-at-16.04.06.jpeg?w=800&amp;ssl=1 800w, https:\/\/i0.wp.com\/www.radiopiu.net\/wordpress\/wp-content\/uploads\/2018\/09\/WhatsApp-Image-2018-09-20-at-16.04.06.jpeg?resize=300%2C38&amp;ssl=1 300w, https:\/\/i0.wp.com\/www.radiopiu.net\/wordpress\/wp-content\/uploads\/2018\/09\/WhatsApp-Image-2018-09-20-at-16.04.06.jpeg?resize=768%2C96&amp;ssl=1 768w\" alt=\"\" width=\"800\" height=\"100\" data-lazy-loaded=\"1\" \/><\/a><\/p>\n<\/div>\n<p>&nbsp;<\/p>\n<p><center><\/center><center><\/center><center><b>Domenica 4<\/b><\/center><b>Tempo atteso: <\/b>Dopo le schiarite notturne e di parte del mattino, la nuvolosit\u00e0 tender\u00e0 di nuovo ad aumentare, soprattutto dalla tarda mattinata o primo pomeriggio, con fenomeni, possibili gi\u00e0 in mattinata ma pi\u00f9 probabili nelle ore pomeridiane e sopratutto in quelle serali. Giornata decisamente pi\u00f9 fresca rispetto a sabato.<br \/>\n<b>Precipitazioni: <\/b>Nella notte generalmente assenti (10%), al mattino possibili piovaschi (50%), dal pomeriggio precipitazioni sempre pi\u00f9 probabili (da 70 a 90%), specie in serata. Entro mezzanotte sono previsti in media 15-30 mm di pioggia. Limite della neve fra i 1800 e i 2000 m, con 5-15 cm di neve fresca a 2000 m<br \/>\n<b>Temperature: <\/b>In sensibile diminuzione, specie in quota, salvo rimanere stazionarie a fondovalle nei valori massimi per il parziale soleggiamento del mattino. Su Prealpi a 1500 m min 4\u00b0C max 7\u00b0C, a 2000 m min 1\u00b0C max 3\u00b0C. Su Dolomiti a 2000 m min 0\u00b0C max 4\u00b0C, a 3000 m min -6\u00b0C max -4\u00b0C.<br \/>\n<b>Venti: <\/b>Nelle valli generalmente deboli, in quota tesi o forti, in rotazione da sud-ovest a sud, 35-45 km\/h a 2000 m, 50-60 km\/h a 3000 m.<\/p>\n<hr \/>\n<p><center><b>Lunedi 5<\/b><\/center><b>Tempo atteso: <\/b>Dopo il maltempo notturno, la mattinata sar\u00e0 parzialmente soleggiata, con schiarite via via pi\u00f9 ampie. Nel pomeriggio maggiore nuvolosit\u00e0 e saranno possibili dei fenomeni di instabilit\u00e0, specie sulle Prealpi.<br \/>\n<b>Precipitazioni: <\/b>Nella notte precipitazioni persistenti (90-100%), con altri 5-15 mm di pioggia dopo la mezzanotte. Neve oltre i 1600-1800 m sulle Dolomiti e oltre i 1800-1900 m sulle Prealpi. Previsti altri 5-15 cm di neve fresca a 2000 m nella seconda parte della notte. Al mattino generalmente assenti (10%), nel pomeriggio possibile qualche piovasco (20-40%) specie sulle Prealpi<br \/>\n<b>Temperature: <\/b>Temperature generalmente stazionarie, su valori leggermente inferiori alla norma. Su Prealpi a 1500 m min 5\u00b0C max 7\u00b0C, a 2000 m min 1\u00b0C max 3\u00b0C. Su Dolomiti a 2000 m min 2\u00b0C max 4\u00b0C, a 3000 m min -6\u00b0C max -4\u00b0C.<br \/>\n<b>Venti: <\/b>Nelle valli deboli o localmente moderati, in quota da sud-ovest, in graduale attenuazione, da tesi\/forti a moderati\/tesi, 35-45 km\/h sia a 2000 che a 3000 m.<\/p>\n<hr \/>\n<p><center><b>Martedi 6<\/b><\/center>Al mattino cielo inizialmente poco nuvoloso salvo nubi basse o nebbie in qualche valle. Nel resto della giornata nuvolosit\u00e0 man mano pi\u00f9 estesa, fino a cielo coperto in serata, senza tuttavia fenomeni di rilievo. Temperature senza grosse variazioni. Venti in quota da ovest, in graduale intensificazione, da deboli o moderati al primo mattino, a tesi o forti nel pomeriggio\/sera.<\/p>\n<hr \/>\n<p><center><b>Mercoledi 7<\/b><\/center>Giornata solo in parte soleggiata, con possibilit\u00e0 di qualche rovescio pomeridiano, soprattutto sulle Prealpi. Temperature in lieve aumento. Venti in quota deboli o moderati, mediamente occidentali. Previsore: B.R.<\/p>\n<p>&nbsp;<\/p>\n<hr \/>\n<p>&nbsp;<\/p>\n<p><a class=\"dt-pswp-item\" href=\"https:\/\/www.radiopiu.net\/wordpress\/wp-content\/uploads\/2018\/09\/sport.jpg\" data-dt-img-description=\"\" data-large_image_width=\"800\" data-large_image_height=\"100\"><img loading=\"lazy\" decoding=\"async\" class=\"wp-image-60761 size-full aligncenter\" src=\"https:\/\/www.radiopiu.net\/wordpress\/wp-content\/uploads\/2018\/09\/sport.jpg\" alt=\"\" width=\"800\" height=\"100\" srcset=\"https:\/\/www.radiopiu.net\/wordpress\/wp-content\/uploads\/2018\/09\/sport.jpg 800w, https:\/\/www.radiopiu.net\/wordpress\/wp-content\/uploads\/2018\/09\/sport-300x38.jpg 300w, https:\/\/www.radiopiu.net\/wordpress\/wp-content\/uploads\/2018\/09\/sport-768x96.jpg 768w\" sizes=\"auto, (max-width: 800px) 100vw, 800px\" \/><\/a><\/p>\n<p>&nbsp;<\/p>\n<blockquote>\n<h3>GOLEADA CON\u00a0 L&#8217;APPIANO PER L&#8217;ALLEGHE PRESTAZIONE DA 10 PIU&#8217;<\/h3>\n<\/blockquote>\n<p><strong><a class=\"dt-pswp-item\" href=\"https:\/\/www.radiopiu.net\/wordpress\/wp-content\/uploads\/2019\/08\/logo-alleghe-hockey.png\" data-dt-img-description=\"\" data-large_image_width=\"547\" data-large_image_height=\"512\"><img loading=\"lazy\" decoding=\"async\" class=\"size-medium wp-image-95699 alignleft\" src=\"https:\/\/www.radiopiu.net\/wordpress\/wp-content\/uploads\/2019\/08\/logo-alleghe-hockey-300x281.png\" alt=\"\" width=\"300\" height=\"281\" srcset=\"https:\/\/www.radiopiu.net\/wordpress\/wp-content\/uploads\/2019\/08\/logo-alleghe-hockey-300x281.png 300w, https:\/\/www.radiopiu.net\/wordpress\/wp-content\/uploads\/2019\/08\/logo-alleghe-hockey.png 547w\" sizes=\"auto, (max-width: 300px) 100vw, 300px\" \/><\/a>ALLEGHE &#8211; APPIANO 6-0<\/strong><\/p>\n<p>PARZIALI: 1-0, 3-0, 2-0<\/p>\n<p>GOL: pt. 13\u201956\u201d Kiviranta. st. 5\u201931\u201d De Val, 11\u201942\u201d L. Dall\u2019Agnol, 19\u201946\u201d M. Dall\u2019Agnol. tt. 8\u201950\u201d M. Dall\u2019Agnol, 16\u201934\u201d Martini<\/p>\n<p>Esordio col botto per l\u2019Alleghe Hockey che incamera i primi 3 punti stagionali dopo una prestazione superlativa. La squadra di Matikainen domina in lungo e in largo il campo del De Toni contro un Appiano che non riesce a creare azioni degne di nota. Ottima la prima linea alleghese con i fratelli Dall\u2019Agnol, Kiviranta e De Val che hanno fatto la differenza. Da segnalare anche il primo shoutout stagionale del golie Gianni Scola.\u00a0L\u2019Alleghe parte bene e mette subito in difficolt\u00e0 gli altoatesini che si sono presentati al De Toni con una formazione giovanissima. De Giacinto, Martini e Kiviranta impegnano il portiere fin da subito. Appiano che fatica a macinare gioco. Intanto Matteo Dall\u2019Agnol ci prova con due conclusioni che vengono bloccate. Le civette dominano il campo ma non riescono a sbloccare la partita. Al 14\u2019, dopo svariati tentativi andati a vuoto, gli agordini vanno a segno. Ci pensa Kiviranta che coglie un assist d\u2019oro di Lorenzo Dall\u2019Agnol per spedire il disco alle spalle dell\u2019estremo difensore. Continuano a premere i giocatori di Matikainen ma la prima frazione si chiude con una sola rete realizzata per le civette. Nel secondo drittel i padroni di casa rischiano di subire il pareggio con l\u2019uomo in pi\u00f9. Dopo una prima frazione corretta, iniziano a fioccare le penalit\u00e0. Alleghe infuriato che con Da Tos in panca puniti riesce a raddoppiare con un\u2019azione corale che si conclude con la conclusione vincente di De Val. I biancorossi continuano a spingere alla ricerca del terzo gol che arriva subito dopo il giro di boa del match da Lorenzo Dall\u2019Agnol. Alleghe che cala il poker a fine secondo tempo con Matteo Dall\u2019Agnol. Nel terzo drittel calano i ritmi e il gioco viene spezzettato pi\u00f9 volte. Alla prima vera occasione gli alleghesi portano a 5 i gol di vantaggio, ancora una volta con Matteo Dall\u2019Agnol. Match che termina con un punteggio tennistico grazie alla sesta marcatura messa a segno da Martini. Sabato prossimo trasferta a Bressanone per le civette.<\/p>\n<p>&nbsp;<\/p>\n<p>&nbsp;<\/p>\n<hr \/>\n<p>&nbsp;<\/p>\n<blockquote>\n<h3>NESSUNO STOP PER IL CAMPIONATO DI SECONDA CATEGORIA. SI CALMANO LE ACQUE DOPO L&#8217;INCONTRO CON LND E ULSS<\/h3>\n<\/blockquote>\n<p><strong><a class=\"dt-pswp-item\" href=\"https:\/\/www.radiopiu.net\/wordpress\/wp-content\/uploads\/2019\/07\/pallone-calcio-2019.jpg\" data-dt-img-description=\"\" data-large_image_width=\"4460\" data-large_image_height=\"2977\"><img loading=\"lazy\" decoding=\"async\" class=\"size-medium wp-image-91405 alignleft\" src=\"https:\/\/www.radiopiu.net\/wordpress\/wp-content\/uploads\/2019\/07\/pallone-calcio-2019-300x200.jpg\" alt=\"\" width=\"300\" height=\"200\" srcset=\"https:\/\/www.radiopiu.net\/wordpress\/wp-content\/uploads\/2019\/07\/pallone-calcio-2019-300x200.jpg 300w, https:\/\/www.radiopiu.net\/wordpress\/wp-content\/uploads\/2019\/07\/pallone-calcio-2019-768x513.jpg 768w, https:\/\/www.radiopiu.net\/wordpress\/wp-content\/uploads\/2019\/07\/pallone-calcio-2019-1024x684.jpg 1024w\" sizes=\"auto, (max-width: 300px) 100vw, 300px\" \/><\/a>VENEZIA <\/strong>\u00c8 stato un incontro calmo e cordiale quello di gioved\u00ec sera tra la le societ\u00e0 iscritte al campionato di\u00a0Seconda Categoria girone R, la\u00a0dirigenza della LND e la Ulss 1 e 2 per discutere dei protocolli da seguire in questo momento di pandemia.<\/p>\n<blockquote><p><strong>LA LETTERA<\/strong><\/p>\n<p>In seguito alla nostra comunicazione del 22 settembre scorso, che riportiamo in calce, abbiamo avuto una celere risposta dalla FIGC \u2013 LND veneta, nella persona del Presidente Giuseppe Ruzza.Questo ha portato all\u2019organizzazione di un incontro in presenza tenuto nella serata del primo ottobre a Ponte nelle Alpi a cui hanno partecipato i Presidenti, o loro delegati, delle sedici compagini di seconda categoria girone R oltre al Presidente regionale Giuseppe Ruzza, il vice-Presidente Roberto Mamerti, il delegato provinciale di Belluno Orazio Zanin ed i consiglieri Dario Ortolan per Treviso e Maurizio Giacomelli per Belluno. L\u2019incontro ha avuto dei toni fermi ma pacati \u00e8 si \u00e8 svolto all\u2019insegna della massima collaborazione e disponibilit\u00e0 delle parti per cercare di addivenire ad una soluzione che permetta ai tesserati delle societ\u00e0 calcistiche di svolgere serenamente e con la massima tranquillit\u00e0 possibile la loro passione sportiva, senza per questo compromettere la propria attivit\u00e0 professionale e lavorativa. I problemi principali vertono ovviamente sul punto di vista medico e purtroppo dalle ULSS 1 Dolomiti e ULSS 2 Marca Trevigiana non \u00e8 giunta alcuna riposta alla missiva del 22 settembre, cos\u00ec come non sono giunte risposte chiare ed univoche alle singole richieste di chiarimento sollevate dalle varie societ\u00e0 nelle ultime settimane. E\u2019 stata ribadita l\u2019importanza sociale che le societ\u00e0 calcistiche svolgono per le nostre comunit\u00e0 cittadine e la costante e massiccia partecipazione dei tesserati agli allenamenti, segno questo delle necessit\u00e0 dei nostri giovani e delle loro famiglie di stare assieme e di svolgere attivit\u00e0 fisiche in ambienti sani e protetti.Tuttavia i Presidenti tutti, pur nella unanime volont\u00e0 di riprendere, hanno sottolineato ulteriormente l\u2019eccessivo carico di responsabilit\u00e0 che ricade su di essi, anche e soprattutto alla luce dei recenti protocolli Covid19. In particolare sono state sollevate alcune tematiche conosciute e gi\u00e0 analizzate dalla FIGC \u2013 LND Veneta ma tutt\u2019ora non risolte dai vertici federali nazionali o dalle ULSS Venete. Il problema principale \u00e8 la <u>gestione dell\u2019isolamento fiduciario<\/u> di 14 giorni in seguito a contatto con persona positiva anche se il tampone risulta negativo. Riteniamo che questa misura sia esageratamente drastica e comprometta fortemente la pratica del gioco del calcio per i lavoratori, troppo alto \u00e8 infatti il rischio di doversi assentare dal lavoro per periodi di due settimane. Vediamo a livello nazionale che anche la positivit\u00e0 di un giocatore non blocca i colleghi della stessa formazione, vedasi il caso di Ibrahimovic positivo al Covid19 ed il Milan continua a giocare regolarmente in Italia ed all\u2019estero. Altre tematiche scottanti e correlate alle disposizioni dei vari protocolli che si sono succeduti in queste settimane sono l\u2019individuazione del <u>medico sociale<\/u> e l\u2019effettuazione delle <u>visite medico sportive<\/u>. La quasi totalit\u00e0 delle societ\u00e0 dilettantistiche non riesce a trovare la disponibilit\u00e0 dei medici a svolgere le mansioni richieste dai protocolli, con la conseguenza che le relative responsabilit\u00e0 vengono prese dai DAP delle societ\u00e0 i cui adempimenti spesso sono svolti ancora una volta dai Presidenti. In seconda battuta rileviamo una forte difficolt\u00e0 nel far svolgere ai nostri tesserati le visite mediche agonistiche obbligatorie per praticare l\u2019attivit\u00e0 agonistica. Questo a causa delle liste d\u2019attesa rese ancor pi\u00f9 lunghe dalla pandemia. Inoltre i Presidenti hanno evidenziato una difficolt\u00e0 interpretativa delle varie documentazioni da presentare ad arbitri ed avversari, cos\u00ec come quelle da conservare presso le proprie sedi, in particolar modo la gestione delle autocertificazioni, con notevole dispendio di carta e tempo per stampare e far redigere le stesse ogni 14 giorni da tutti i tesserati.\u00a0\u00a0 Infine abbiamo rilevato una difformit\u00e0 di interpretazioni durante le ultime partite ufficiali in merito al comportamento ed alle richieste degli <u>arbitri<\/u>. Queste tematiche hanno trovato piena condivisione da parte del Presidente Ruzza che ha evidenziato il massimo sostegno all\u2019iniziativa di sensibilizzazione attuato dai presidenti del girone R di seconda categoria.\u00a0Ruzza ha inoltre illustrato tutte le azioni gi\u00e0 svolte dalla federazione veneta per cercare di risolvere alcune delle problematiche sollevate, soprattutto con riguardo alla quarantena fiduciaria, denunciando tuttavia l\u2019impotenza della FIGC \u2013 LND sulla materia e la ricerca di dialogo costante con la Regione e le ULSS per addivenire ad una interpretazione pi\u00f9 morbida.\u00a0La disponibilit\u00e0 a sostenere l\u2019iniziativa da parte di Ruzza e le parole di conforto e collaborazione espresse anche dai propri collaboratori, hanno spinto i Presidenti a ritirare la minaccia di sospensione delle partite dell\u201911 ottobre, ma non hanno ovviamente dato delle soluzioni concrete alle problematiche sollevate.\u00a0 Per questo motivo i Presidenti, all\u2019unanimit\u00e0, hanno scelto s\u00ec di giocare regolarmente l\u201911, ma si sono riservati di effettuare delle azioni simili o ancor pi\u00f9 drastiche, se da parte delle istituzioni amministrative, sanitarie e sportive regionali e nazionali, non verranno prese delle decisioni univoche per risolvere i problemi creati dalla pandemia per le attivit\u00e0 sportive dilettantistiche.\u00a0 Per questo motivo abbiamo indirizzato la presente, oltre ai vertici federali ed ai direttori delle ULSS di Belluno e Treviso, anche ai vertici politici del Veneto e delle due provincie interessate evidenziando che le tematiche sollevate hanno un peso notevole per le nostre comunit\u00e0. Non \u00e8 infatti necessario sottolineare come i tesserati in Veneto siano diverse decine di migliaia ed il ruolo sociale dello sport e del calcio in particolare \u00e8 fondamentale per i nostri giovani. L\u2019auspicio \u00e8 infine di allargare le nostre riflessioni e preoccupazioni anche alle altre categorie e gironi del Veneto, in modo da unire le forze e far sentire in maniera ancor pi\u00f9 forte e decisa il nostro disagio e le nostre difficolt\u00e0<\/p>\n<p>Con viva cordialit\u00e0<\/p>\n<p>I PRESIDENTI<\/p><\/blockquote>\n<p>&nbsp;<\/p>\n<p><strong>DAI NOTIZIARI DI RADIO PIU\u00a0<\/strong><\/p>\n<blockquote class=\"wp-embedded-content\" data-secret=\"kcBk39jb8m\"><p><a href=\"https:\/\/www.radiopiu.net\/wordpress\/i-presidenti-delle-squadre-di-seconda-categoria-girone-r-sul-piede-di-guerra-chiedono-un-incontro-urgente-con-lnd-e-ulss\/\">I PRESIDENTI DELLE SQUADRE DI SECONDA CATEGORIA GIRONE R SUL PIEDE DI GUERRA. CHIEDONO UN INCONTRO URGENTE CON LND E ULSS<\/a><\/p><\/blockquote>\n<p><iframe loading=\"lazy\" class=\"wp-embedded-content\" sandbox=\"allow-scripts\" security=\"restricted\" style=\"position: absolute; clip: rect(1px, 1px, 1px, 1px);\" title=\"&#8220;I PRESIDENTI DELLE SQUADRE DI SECONDA CATEGORIA GIRONE R SUL PIEDE DI GUERRA. CHIEDONO UN INCONTRO URGENTE CON LND E ULSS&#8221; &#8212; Radio Pi\u00f9\" src=\"https:\/\/www.radiopiu.net\/wordpress\/i-presidenti-delle-squadre-di-seconda-categoria-girone-r-sul-piede-di-guerra-chiedono-un-incontro-urgente-con-lnd-e-ulss\/embed\/#?secret=kcBk39jb8m\" data-secret=\"kcBk39jb8m\" width=\"600\" height=\"338\" frameborder=\"0\" marginwidth=\"0\" marginheight=\"0\" scrolling=\"no\"><\/iframe><\/p>\n<p>&nbsp;<\/p>\n","protected":false},"excerpt":{"rendered":"<p>EMERGENZA MALTEMPO, RADIO PIU&#8217; IN PRIMA LINEA OLTRE 100.000 INGRESSI NEL SITO NELLE ULTIME 72 ORE. grazie per la fiducia PER RICEVERE QUESTO NOTIZIARIO DIRETTAMENTE SUL TUO CELLULARE ISCRIVITI AL CANALE TELEGRAM \u201cRADIO PIU\u00a0 INFORMAZIONE&#8221; ATTENZIONE: LA NUOVA APP PER IOS-IPHONE https:\/\/apps.apple.com\/it\/app\/radio-pi%C3%B9-emittente-agordina\/id1515939845 ATTENZIONE: LA NUOVA APP RADIO\u00a0 PER ANDROID https:\/\/play.google.com\/store\/apps\/details?id=net.radiopiu.iniko &nbsp; &nbsp; PER CHI VIAGGIA:&hellip;<\/p>\n","protected":false},"author":4,"featured_media":164069,"comment_status":"closed","ping_status":"closed","sticky":false,"template":"","format":"standard","meta":{"_monsterinsights_skip_tracking":false,"_monsterinsights_sitenote_active":false,"_monsterinsights_sitenote_note":"","_monsterinsights_sitenote_category":0,"footnotes":""},"categories":[1,86,49],"tags":[],"class_list":["post-163920","post","type-post","status-publish","format-standard","has-post-thumbnail","hentry","category-senza-categoria","category-gr","category-news-18","category-1","category-86","category-49","description-off"],"img_url":"https:\/\/www.radiopiu.net\/wordpress\/wp-content\/uploads\/2020\/10\/c15bdbdb-e52e-4e0a-992c-44697c90a40e.jpg","_links":{"self":[{"href":"https:\/\/www.radiopiu.net\/wordpress\/wp-json\/wp\/v2\/posts\/163920","targetHints":{"allow":["GET"]}}],"collection":[{"href":"https:\/\/www.radiopiu.net\/wordpress\/wp-json\/wp\/v2\/posts"}],"about":[{"href":"https:\/\/www.radiopiu.net\/wordpress\/wp-json\/wp\/v2\/types\/post"}],"author":[{"embeddable":true,"href":"https:\/\/www.radiopiu.net\/wordpress\/wp-json\/wp\/v2\/users\/4"}],"replies":[{"embeddable":true,"href":"https:\/\/www.radiopiu.net\/wordpress\/wp-json\/wp\/v2\/comments?post=163920"}],"version-history":[{"count":0,"href":"https:\/\/www.radiopiu.net\/wordpress\/wp-json\/wp\/v2\/posts\/163920\/revisions"}],"wp:featuredmedia":[{"embeddable":true,"href":"https:\/\/www.radiopiu.net\/wordpress\/wp-json\/wp\/v2\/media\/164069"}],"wp:attachment":[{"href":"https:\/\/www.radiopiu.net\/wordpress\/wp-json\/wp\/v2\/media?parent=163920"}],"wp:term":[{"taxonomy":"category","embeddable":true,"href":"https:\/\/www.radiopiu.net\/wordpress\/wp-json\/wp\/v2\/categories?post=163920"},{"taxonomy":"post_tag","embeddable":true,"href":"https:\/\/www.radiopiu.net\/wordpress\/wp-json\/wp\/v2\/tags?post=163920"}],"curies":[{"name":"wp","href":"https:\/\/api.w.org\/{rel}","templated":true}]}}