{"id":163946,"date":"2020-10-03T13:05:24","date_gmt":"2020-10-03T11:05:24","guid":{"rendered":"https:\/\/www.radiopiu.net\/wordpress\/?p=163946"},"modified":"2020-10-03T13:05:24","modified_gmt":"2020-10-03T11:05:24","slug":"ultimora-notizia-aggiornamento-meteo-da-arabba","status":"publish","type":"post","link":"https:\/\/www.radiopiu.net\/wordpress\/ultimora-notizia-aggiornamento-meteo-da-arabba\/","title":{"rendered":"ULTIM&#8217;ORA NOTIZIA: AGGIORNAMENTO METEO DA ARABBA"},"content":{"rendered":"<p><strong><a class=\"dt-pswp-item\" href=\"https:\/\/www.radiopiu.net\/wordpress\/wp-content\/uploads\/2018\/08\/METEO-PREVISIONI.jpeg\" data-dt-img-description=\"\" data-large_image_width=\"1280\" data-large_image_height=\"768\"><img loading=\"lazy\" decoding=\"async\" class=\"size-medium wp-image-57212 alignleft\" src=\"https:\/\/www.radiopiu.net\/wordpress\/wp-content\/uploads\/2018\/08\/METEO-PREVISIONI-300x180.jpeg\" alt=\"\" width=\"300\" height=\"180\" srcset=\"https:\/\/www.radiopiu.net\/wordpress\/wp-content\/uploads\/2018\/08\/METEO-PREVISIONI-300x180.jpeg 300w, https:\/\/www.radiopiu.net\/wordpress\/wp-content\/uploads\/2018\/08\/METEO-PREVISIONI-768x461.jpeg 768w, https:\/\/www.radiopiu.net\/wordpress\/wp-content\/uploads\/2018\/08\/METEO-PREVISIONI-1024x614.jpeg 1024w, https:\/\/www.radiopiu.net\/wordpress\/wp-content\/uploads\/2018\/08\/METEO-PREVISIONI.jpeg 1280w\" sizes=\"auto, (max-width: 300px) 100vw, 300px\" \/><\/a>TAIBON <\/strong><b>SEGNALAZIONE METEO:\u00a0<\/b>Nel pomeriggio residue precipitazioni con rovesci e locali temporali in diradamento a partire da ovest. Venti inizialmente forti in quota da sud e moderati\/tesi sulla costa, in successiva rotazione da ovest o sud-ovest e moderata attenuazione. Tra il pomeriggio\/sera di domenica e fino al mattino di luned\u00ec, moderato episodio perturbato con nuove precipitazioni di entit\u00e0 in genere contenuta.<\/p>\n<p><center><\/p>\n<hr \/>\n<p><\/center><center><b>Evoluzione generale<\/b><\/center>Fino a luned\u00ec una depressione centrata in quota fra la Gran Bretagna e la Francia settentrionale manterr\u00e0 sul Veneto un flusso da sud-ovest ciclonico e molto umido. Dopo il fronte freddo in transito nelle ore centrali di sabato, un secondo fronte, un po&#8217; meno intenso, transiter\u00e0 nella notte fra domenica e luned\u00ec. Fra marted\u00ec e gioved\u00ec la citata depressione, con il suo minimo spostato pi\u00f9 a nord, sulla Scozia, non interesser\u00e0 pi\u00f9 direttamente le Alpi, dove si avranno in quota correnti occidentali, solo a tratti umide.<\/p>\n<hr \/>\n<p><center><b>Pomeriggio\/sera di Sabato 3<\/b><\/center>Inizialmente instabile-perturbato, con precipitazioni a tratti forti e occasionalmente ancora a carattere temporalesco, pi\u00f9 frequenti sul Bellunese, dove il limite delle nevicate dal primo pomeriggio si abbasser\u00e0 da 2800-3000 m a 2000-2200 m a fine evento. A met\u00e0\/tardo pomeriggio miglioramento da ovest sulle Prealpi veronesi e vicentine e verso sera anche sul Bellunese, con possibili, residui fenomeni ad inizio serata in Comelico. Temperature inizialmente superiori alla norma, poi in diminuzione. Venti in quota inizialmente forti o molto forti da sud, con qualche raffica nelle valli, in parziale attenuazione.<\/p>\n","protected":false},"excerpt":{"rendered":"<p>TAIBON SEGNALAZIONE METEO:\u00a0Nel pomeriggio residue precipitazioni con rovesci e locali temporali in diradamento a partire da ovest. Venti inizialmente forti in quota da sud e moderati\/tesi sulla costa, in successiva rotazione da ovest o sud-ovest e moderata attenuazione. Tra il pomeriggio\/sera di domenica e fino al mattino di luned\u00ec, moderato episodio perturbato con nuove precipitazioni&hellip;<\/p>\n","protected":false},"author":4,"featured_media":57212,"comment_status":"closed","ping_status":"closed","sticky":false,"template":"","format":"standard","meta":{"_monsterinsights_skip_tracking":false,"_monsterinsights_sitenote_active":false,"_monsterinsights_sitenote_note":"","_monsterinsights_sitenote_category":0,"footnotes":""},"categories":[49],"tags":[],"class_list":["post-163946","post","type-post","status-publish","format-standard","has-post-thumbnail","hentry","category-news-18","category-49","description-off"],"img_url":"https:\/\/www.radiopiu.net\/wordpress\/wp-content\/uploads\/2018\/08\/METEO-PREVISIONI.jpeg","_links":{"self":[{"href":"https:\/\/www.radiopiu.net\/wordpress\/wp-json\/wp\/v2\/posts\/163946","targetHints":{"allow":["GET"]}}],"collection":[{"href":"https:\/\/www.radiopiu.net\/wordpress\/wp-json\/wp\/v2\/posts"}],"about":[{"href":"https:\/\/www.radiopiu.net\/wordpress\/wp-json\/wp\/v2\/types\/post"}],"author":[{"embeddable":true,"href":"https:\/\/www.radiopiu.net\/wordpress\/wp-json\/wp\/v2\/users\/4"}],"replies":[{"embeddable":true,"href":"https:\/\/www.radiopiu.net\/wordpress\/wp-json\/wp\/v2\/comments?post=163946"}],"version-history":[{"count":0,"href":"https:\/\/www.radiopiu.net\/wordpress\/wp-json\/wp\/v2\/posts\/163946\/revisions"}],"wp:featuredmedia":[{"embeddable":true,"href":"https:\/\/www.radiopiu.net\/wordpress\/wp-json\/wp\/v2\/media\/57212"}],"wp:attachment":[{"href":"https:\/\/www.radiopiu.net\/wordpress\/wp-json\/wp\/v2\/media?parent=163946"}],"wp:term":[{"taxonomy":"category","embeddable":true,"href":"https:\/\/www.radiopiu.net\/wordpress\/wp-json\/wp\/v2\/categories?post=163946"},{"taxonomy":"post_tag","embeddable":true,"href":"https:\/\/www.radiopiu.net\/wordpress\/wp-json\/wp\/v2\/tags?post=163946"}],"curies":[{"name":"wp","href":"https:\/\/api.w.org\/{rel}","templated":true}]}}