{"id":164008,"date":"2020-10-03T17:03:17","date_gmt":"2020-10-03T15:03:17","guid":{"rendered":"https:\/\/www.radiopiu.net\/wordpress\/?p=164008"},"modified":"2020-10-03T17:03:17","modified_gmt":"2020-10-03T15:03:17","slug":"situazione-maltempo-sotto-controllo-e-condizioni-meteo-in-miglioramento","status":"publish","type":"post","link":"https:\/\/www.radiopiu.net\/wordpress\/situazione-maltempo-sotto-controllo-e-condizioni-meteo-in-miglioramento\/","title":{"rendered":"SITUAZIONE MALTEMPO SOTTO CONTROLLO E CONDIZIONI METEO IN MIGLIORAMENTO"},"content":{"rendered":"<p><strong><a class=\"dt-pswp-item\" href=\"https:\/\/www.radiopiu.net\/wordpress\/wp-content\/uploads\/2020\/08\/TEMPORALE.jpg\" data-dt-img-description=\"\" data-large_image_width=\"1920\" data-large_image_height=\"1080\"><img loading=\"lazy\" decoding=\"async\" class=\"size-medium wp-image-158236 alignleft\" src=\"https:\/\/www.radiopiu.net\/wordpress\/wp-content\/uploads\/2020\/08\/TEMPORALE-300x169.jpg\" alt=\"\" width=\"300\" height=\"169\" srcset=\"https:\/\/www.radiopiu.net\/wordpress\/wp-content\/uploads\/2020\/08\/TEMPORALE-300x169.jpg 300w, https:\/\/www.radiopiu.net\/wordpress\/wp-content\/uploads\/2020\/08\/TEMPORALE-1024x576.jpg 1024w, https:\/\/www.radiopiu.net\/wordpress\/wp-content\/uploads\/2020\/08\/TEMPORALE-768x432.jpg 768w, https:\/\/www.radiopiu.net\/wordpress\/wp-content\/uploads\/2020\/08\/TEMPORALE-1536x864.jpg 1536w, https:\/\/www.radiopiu.net\/wordpress\/wp-content\/uploads\/2020\/08\/TEMPORALE-640x360.jpg 640w, https:\/\/www.radiopiu.net\/wordpress\/wp-content\/uploads\/2020\/08\/TEMPORALE.jpg 1920w\" sizes=\"auto, (max-width: 300px) 100vw, 300px\" \/><\/a>BELLUNO<\/strong> \u00ab<em>Il quadro meteorologico fornito dall\u2019Arpav e dalla Protezione Civile regionale \u00e8 in netto miglioramento. L\u2019allerta \u00e8 stata declassata da rossa ad arancione e dopo le 20 passer\u00e0 a gialla. Per fortuna, non \u00e8 successo niente<\/em>\u00bb. \u00c8 quanto afferma il consigliere provinciale delegato alla Protezione Civile, Massimo Bortoluzzi, al termine della riunione delle 14 in Prefettura. Riunione che ha deciso di non aprire il Ccs e mantenere la reperibilit\u00e0 dei soggetti al tavolo solo per eventuali cambiamenti meteo e conseguenti emergenze.\u00a0\u00ab<em>L\u2019allarme \u00e8 rientrato &#8211; spiega il consigliere Bortoluzzi -. Il quadro portato ieri al tavolo dal Centro funzionale decentrato della Protezione Civile ha imposto a Prefettura e sindaci di adottare le misure necessarie a far fronte a un allarme rosso. Da qui, la chiusura delle scuole e l\u2019annullamento degli eventi. Fortunatamente, l\u2019evoluzione delle condizioni meteo \u00e8 stata di gran lunga inferiore a quanto previsto inizialmente. Non si sono verificati danni, se non qualche pianta caduta in strada<\/em>\u00bb.\u00a0\u00ab<em>Ringrazio tutti i volontari che si sono attivati durante queste ore di allerta<\/em>\u00bb continua il consigliere Bortoluzzi. E al ringraziamento si unisce anche il presidente della Provincia, Roberto Padrin: \u00ab<em>La nostra Protezione Civile \u00e8 sempre pronta quando viene chiamata in causa. Un grazie particolare ai volontari dell\u2019Ana Feltre, che si sono adoperati per il taglio di alcune piante pericolanti davanti all\u2019istituto Colotti<\/em>\u00bb.<\/p>\n","protected":false},"excerpt":{"rendered":"<p>BELLUNO \u00abIl quadro meteorologico fornito dall\u2019Arpav e dalla Protezione Civile regionale \u00e8 in netto miglioramento. L\u2019allerta \u00e8 stata declassata da rossa ad arancione e dopo le 20 passer\u00e0 a gialla. Per fortuna, non \u00e8 successo niente\u00bb. \u00c8 quanto afferma il consigliere provinciale delegato alla Protezione Civile, Massimo Bortoluzzi, al termine della riunione delle 14 in&hellip;<\/p>\n","protected":false},"author":4,"featured_media":158236,"comment_status":"closed","ping_status":"closed","sticky":false,"template":"","format":"standard","meta":{"_monsterinsights_skip_tracking":false,"_monsterinsights_sitenote_active":false,"_monsterinsights_sitenote_note":"","_monsterinsights_sitenote_category":0,"footnotes":""},"categories":[49],"tags":[],"class_list":["post-164008","post","type-post","status-publish","format-standard","has-post-thumbnail","hentry","category-news-18","category-49","description-off"],"img_url":"https:\/\/www.radiopiu.net\/wordpress\/wp-content\/uploads\/2020\/08\/TEMPORALE.jpg","_links":{"self":[{"href":"https:\/\/www.radiopiu.net\/wordpress\/wp-json\/wp\/v2\/posts\/164008","targetHints":{"allow":["GET"]}}],"collection":[{"href":"https:\/\/www.radiopiu.net\/wordpress\/wp-json\/wp\/v2\/posts"}],"about":[{"href":"https:\/\/www.radiopiu.net\/wordpress\/wp-json\/wp\/v2\/types\/post"}],"author":[{"embeddable":true,"href":"https:\/\/www.radiopiu.net\/wordpress\/wp-json\/wp\/v2\/users\/4"}],"replies":[{"embeddable":true,"href":"https:\/\/www.radiopiu.net\/wordpress\/wp-json\/wp\/v2\/comments?post=164008"}],"version-history":[{"count":0,"href":"https:\/\/www.radiopiu.net\/wordpress\/wp-json\/wp\/v2\/posts\/164008\/revisions"}],"wp:featuredmedia":[{"embeddable":true,"href":"https:\/\/www.radiopiu.net\/wordpress\/wp-json\/wp\/v2\/media\/158236"}],"wp:attachment":[{"href":"https:\/\/www.radiopiu.net\/wordpress\/wp-json\/wp\/v2\/media?parent=164008"}],"wp:term":[{"taxonomy":"category","embeddable":true,"href":"https:\/\/www.radiopiu.net\/wordpress\/wp-json\/wp\/v2\/categories?post=164008"},{"taxonomy":"post_tag","embeddable":true,"href":"https:\/\/www.radiopiu.net\/wordpress\/wp-json\/wp\/v2\/tags?post=164008"}],"curies":[{"name":"wp","href":"https:\/\/api.w.org\/{rel}","templated":true}]}}