{"id":164168,"date":"2020-10-05T05:47:56","date_gmt":"2020-10-05T03:47:56","guid":{"rendered":"https:\/\/www.radiopiu.net\/wordpress\/?p=164168"},"modified":"2020-10-05T05:49:02","modified_gmt":"2020-10-05T03:49:02","slug":"disastri-ambientali-cambiamenti-climatici-e-abbandono-della-montagna-e-il-momento-delle-scelte-politiche-ed-economiche-chiare","status":"publish","type":"post","link":"https:\/\/www.radiopiu.net\/wordpress\/disastri-ambientali-cambiamenti-climatici-e-abbandono-della-montagna-e-il-momento-delle-scelte-politiche-ed-economiche-chiare\/","title":{"rendered":"DISASTRI AMBIENTALI, CAMBIAMENTI CLIMATICI E ABBANDONO DELLA MONTAGNA. E&#8217; IL MOMENTO DELLE SCELTE POLITICHE ED ECONOMICHE CHIARE"},"content":{"rendered":"<p><strong>ROMA<\/strong> Retorica e luoghi comuni, di fronte all&#8217;ennesimo disastro ambientale, non servono. Cambiamenti climatici e abbandono dei territori montani sono cause primarie di quanto avvenuto &#8211; e purtroppo rischia di succedere nuovamente &#8211; in Piemonte, Liguria, Val d&#8217;Aosta. Un binomio pericoloso sul quale occorre una riflessione politica e istituzionale seria, sulla quale montare investimenti e processi duraturi di intervento. Come quello del Piemonte, che sin dal 1997 ha una piccola porzione di tariffa idrica pagata da tutti i piemontesi (4 euro l&#8217;anno a famiglia) destinata ai territori montani per interventi di prevenzione del dissesto. Venti milioni di euro l&#8217;anno.<em> &#8220;Se non ci fossero &#8211; precisa Marco Bussone, Presidente Uncem &#8211; la situazione sarebbe ben peggiore, anche nelle citt\u00e0 del fondovalle. Ecco perch\u00e9 occorre ripartire da qui, in tutte le Regioni italiane. Un sistema sussidiario, gi\u00e0 presente anche in Emilia-Romagna e nelle Marche, oltre ad altri investimenti forti. A partire da 20 miliardi di euro del Recovery Fund. Il 10 per cento del Next generation UE da investire in prevenzione del dissesto&#8221;. E non solo. &#8220;Venti miliardi di euro, Dieci per cento dei fondi del Piano nazionale Ripresa e Resilienza &#8211; precisa Bussone &#8211; da investire in due anni per la prevenzione del dissesto che ha un asse fondamentale nell&#8217;attuazione della Strategia forestale nazionale. Abbiamo in Italia 11 milioni di ettari di boschi, un terzo della superficie complessiva del Paese, e non lo sappiamo. Un milione in Piemonte, in crescita. Il dissesto si origina da foreste non gestite, non pianificate, e che non drenano pi\u00f9. Versanti troppo carichi, foreste non certificate, boschi d&#8217;invasione. E ancora, propriet\u00e0 troppo piccole, parcellizzazione dei fondi che poi sono abbandonati. Facciamo una seria analisi su questo fronte. Che \u00e8 dovuto all&#8217;abbandono, allo spopolamento della montagna&#8221;.\u00a0<\/em>Occorre intervenire, secondo Uncem, per facilitare il recupero di superfici agricole, per superare la frammentazione fondiaria con le &#8220;associazioni fondiarie&#8221;, per dare forza e attuazione alla Strategia forestale nazionale, per rigenerare muretti a secco, &#8220;Patrimonio dell&#8217;Umanit\u00e0&#8221; ma oggi in abbandono, e ancor prima per agevolare chi vuole reinsediarsi recuperando attivit\u00e0 agricole e zootecniche sui versanti. Sono loro, questi reinsediamento, il primo antidoto ad abbandono e fragilit\u00e0. Garantiscono servizi ecosistemici-ambientali all&#8217;intero Paese. Alle Citt\u00e0. Il problema nei Comuni montani non \u00e8 il consumo di suolo! Bens\u00ec l&#8217;abbandono e la parcellizzazione del suolo! Aver perso agricoltura e superficie agricola mostra oggi gli effetti. Anche su questo occorre potenziare una Strategia per le aree montane e interne che deve vedere al centro i Comuni che imparano a lavorare insieme, nelle valli alpine e appenniniche, a pianificare (anche la pianificazione forestale \u00e8 imprescindibile, &#8220;di valle) e a investire insieme.<\/p>\n<blockquote>\n<h3><a class=\"dt-pswp-item\" href=\"https:\/\/www.radiopiu.net\/wordpress\/wp-content\/uploads\/2020\/10\/UNCEM_CAIRE_FMI_dissesto_dossier_ott2020_2.jpg\" data-dt-img-description=\"\" data-large_image_width=\"1455\" data-large_image_height=\"2006\"><img loading=\"lazy\" decoding=\"async\" class=\"alignnone wp-image-164166 \" src=\"https:\/\/www.radiopiu.net\/wordpress\/wp-content\/uploads\/2020\/10\/UNCEM_CAIRE_FMI_dissesto_dossier_ott2020_2-743x1024.jpg\" alt=\"\" width=\"371\" height=\"511\" srcset=\"https:\/\/www.radiopiu.net\/wordpress\/wp-content\/uploads\/2020\/10\/UNCEM_CAIRE_FMI_dissesto_dossier_ott2020_2-743x1024.jpg 743w, https:\/\/www.radiopiu.net\/wordpress\/wp-content\/uploads\/2020\/10\/UNCEM_CAIRE_FMI_dissesto_dossier_ott2020_2-218x300.jpg 218w, https:\/\/www.radiopiu.net\/wordpress\/wp-content\/uploads\/2020\/10\/UNCEM_CAIRE_FMI_dissesto_dossier_ott2020_2-768x1059.jpg 768w, https:\/\/www.radiopiu.net\/wordpress\/wp-content\/uploads\/2020\/10\/UNCEM_CAIRE_FMI_dissesto_dossier_ott2020_2-1114x1536.jpg 1114w, https:\/\/www.radiopiu.net\/wordpress\/wp-content\/uploads\/2020\/10\/UNCEM_CAIRE_FMI_dissesto_dossier_ott2020_2-348x480.jpg 348w, https:\/\/www.radiopiu.net\/wordpress\/wp-content\/uploads\/2020\/10\/UNCEM_CAIRE_FMI_dissesto_dossier_ott2020_2.jpg 1455w\" sizes=\"auto, (max-width: 371px) 100vw, 371px\" \/><\/a><a class=\"dt-pswp-item\" href=\"https:\/\/www.radiopiu.net\/wordpress\/wp-content\/uploads\/2020\/10\/UNCEM_CAIRE_FMI_dissesto_dossier_ott2020.jpg\" data-dt-img-description=\"\" data-large_image_width=\"1338\" data-large_image_height=\"1889\"><img loading=\"lazy\" decoding=\"async\" class=\"alignnone wp-image-164165 \" src=\"https:\/\/www.radiopiu.net\/wordpress\/wp-content\/uploads\/2020\/10\/UNCEM_CAIRE_FMI_dissesto_dossier_ott2020-725x1024.jpg\" alt=\"\" width=\"359\" height=\"507\" srcset=\"https:\/\/www.radiopiu.net\/wordpress\/wp-content\/uploads\/2020\/10\/UNCEM_CAIRE_FMI_dissesto_dossier_ott2020-725x1024.jpg 725w, https:\/\/www.radiopiu.net\/wordpress\/wp-content\/uploads\/2020\/10\/UNCEM_CAIRE_FMI_dissesto_dossier_ott2020-212x300.jpg 212w, https:\/\/www.radiopiu.net\/wordpress\/wp-content\/uploads\/2020\/10\/UNCEM_CAIRE_FMI_dissesto_dossier_ott2020-768x1084.jpg 768w, https:\/\/www.radiopiu.net\/wordpress\/wp-content\/uploads\/2020\/10\/UNCEM_CAIRE_FMI_dissesto_dossier_ott2020-1088x1536.jpg 1088w, https:\/\/www.radiopiu.net\/wordpress\/wp-content\/uploads\/2020\/10\/UNCEM_CAIRE_FMI_dissesto_dossier_ott2020-340x480.jpg 340w, https:\/\/www.radiopiu.net\/wordpress\/wp-content\/uploads\/2020\/10\/UNCEM_CAIRE_FMI_dissesto_dossier_ott2020.jpg 1338w\" sizes=\"auto, (max-width: 359px) 100vw, 359px\" \/><\/a><\/h3>\n<h3><\/h3>\n<h3><\/h3>\n<\/blockquote>\n","protected":false},"excerpt":{"rendered":"<p>ROMA Retorica e luoghi comuni, di fronte all&#8217;ennesimo disastro ambientale, non servono. Cambiamenti climatici e abbandono dei territori montani sono cause primarie di quanto avvenuto &#8211; e purtroppo rischia di succedere nuovamente &#8211; in Piemonte, Liguria, Val d&#8217;Aosta. Un binomio pericoloso sul quale occorre una riflessione politica e istituzionale seria, sulla quale montare investimenti e&hellip;<\/p>\n","protected":false},"author":4,"featured_media":71005,"comment_status":"closed","ping_status":"closed","sticky":false,"template":"","format":"standard","meta":{"_monsterinsights_skip_tracking":false,"_monsterinsights_sitenote_active":false,"_monsterinsights_sitenote_note":"","_monsterinsights_sitenote_category":0,"footnotes":""},"categories":[51,49],"tags":[],"class_list":["post-164168","post","type-post","status-publish","format-standard","has-post-thumbnail","hentry","category-evidenza-top","category-news-18","category-51","category-49","description-off"],"img_url":"https:\/\/www.radiopiu.net\/wordpress\/wp-content\/uploads\/2018\/12\/argentera_ferrere-3.jpg","_links":{"self":[{"href":"https:\/\/www.radiopiu.net\/wordpress\/wp-json\/wp\/v2\/posts\/164168","targetHints":{"allow":["GET"]}}],"collection":[{"href":"https:\/\/www.radiopiu.net\/wordpress\/wp-json\/wp\/v2\/posts"}],"about":[{"href":"https:\/\/www.radiopiu.net\/wordpress\/wp-json\/wp\/v2\/types\/post"}],"author":[{"embeddable":true,"href":"https:\/\/www.radiopiu.net\/wordpress\/wp-json\/wp\/v2\/users\/4"}],"replies":[{"embeddable":true,"href":"https:\/\/www.radiopiu.net\/wordpress\/wp-json\/wp\/v2\/comments?post=164168"}],"version-history":[{"count":0,"href":"https:\/\/www.radiopiu.net\/wordpress\/wp-json\/wp\/v2\/posts\/164168\/revisions"}],"wp:featuredmedia":[{"embeddable":true,"href":"https:\/\/www.radiopiu.net\/wordpress\/wp-json\/wp\/v2\/media\/71005"}],"wp:attachment":[{"href":"https:\/\/www.radiopiu.net\/wordpress\/wp-json\/wp\/v2\/media?parent=164168"}],"wp:term":[{"taxonomy":"category","embeddable":true,"href":"https:\/\/www.radiopiu.net\/wordpress\/wp-json\/wp\/v2\/categories?post=164168"},{"taxonomy":"post_tag","embeddable":true,"href":"https:\/\/www.radiopiu.net\/wordpress\/wp-json\/wp\/v2\/tags?post=164168"}],"curies":[{"name":"wp","href":"https:\/\/api.w.org\/{rel}","templated":true}]}}