{"id":164293,"date":"2020-10-05T10:09:17","date_gmt":"2020-10-05T08:09:17","guid":{"rendered":"https:\/\/www.radiopiu.net\/wordpress\/?p=164293"},"modified":"2020-10-05T13:23:28","modified_gmt":"2020-10-05T11:23:28","slug":"ricerche-fungaiolo-aggiornamento-dal-soccorso-alpino","status":"publish","type":"post","link":"https:\/\/www.radiopiu.net\/wordpress\/ricerche-fungaiolo-aggiornamento-dal-soccorso-alpino\/","title":{"rendered":"RICERCHE FUNGAIOLO, AGGIORNAMENTO DAL SOCCORSO ALPINO"},"content":{"rendered":"<div><strong><img loading=\"lazy\" decoding=\"async\" class=\"alignleft\" src=\"https:\/\/www.radiopiu.net\/wordpress\/wp-content\/uploads\/2020\/10\/Leopoldo_Celegon_1.jpg\" width=\"187\" height=\"118\" \/>CORTINA<\/strong>\u00a0 Le squadre del Soccorso alpino di Cortina e San Vito di Cadore, assieme al Sagf di Cortina, ai Vigili del fuoco e ai Carabinieri, stanno cercando un uomo nella zona sopra Malga Pezi\u00e9 de Par\u00f9, dove ha parcheggiato la macchina ieri mattina per andare a funghi. Leopoldo Celegon, 72 anni, di Castelfranco Veneto (TV), \u00e8 partito da casa alle 5, l&#8217;ultima chiamata ai familiari \u00e8 arrivata verso le 9.30. L&#8217;allarme \u00e8 scattato attorno alle 20 e i soccorritori hanno da subito avviato le perlustrazioni in zona, con il supporto di altre squadre dalle prime luci di questa mattina. Sono presenti diverse unit\u00e0 cinofile da ricerca di superficie. Dopo aver prelevato dalla casa di Castelfranco alcuni effetti personali, sta per avviare la ricerca anche un&#8217;unit\u00e0 cinofila molecolare. Il cellulare dell&#8217;uomo non \u00e8 raggiungibile gi\u00e0 da ieri. Leopoldo \u00e8 alto un metro e 80, pesa una novantina di chili, ha capelli castani e occhi scuri. Chiunque avesse sue notizie \u00e8 pregato di chiamare i Carabinieri.<\/div>\n<div><\/div>\n","protected":false},"excerpt":{"rendered":"<p>CORTINA\u00a0 Le squadre del Soccorso alpino di Cortina e San Vito di Cadore, assieme al Sagf di Cortina, ai Vigili del fuoco e ai Carabinieri, stanno cercando un uomo nella zona sopra Malga Pezi\u00e9 de Par\u00f9, dove ha parcheggiato la macchina ieri mattina per andare a funghi. Leopoldo Celegon, 72 anni, di Castelfranco Veneto (TV),&hellip;<\/p>\n","protected":false},"author":1,"featured_media":164331,"comment_status":"closed","ping_status":"closed","sticky":false,"template":"","format":"standard","meta":{"_monsterinsights_skip_tracking":false,"_monsterinsights_sitenote_active":false,"_monsterinsights_sitenote_note":"","_monsterinsights_sitenote_category":0,"footnotes":""},"categories":[51,49],"tags":[],"class_list":["post-164293","post","type-post","status-publish","format-standard","has-post-thumbnail","hentry","category-evidenza-top","category-news-18","category-51","category-49","description-off"],"img_url":"https:\/\/www.radiopiu.net\/wordpress\/wp-content\/uploads\/2020\/10\/Leopoldo_Celegon_1.jpg","_links":{"self":[{"href":"https:\/\/www.radiopiu.net\/wordpress\/wp-json\/wp\/v2\/posts\/164293","targetHints":{"allow":["GET"]}}],"collection":[{"href":"https:\/\/www.radiopiu.net\/wordpress\/wp-json\/wp\/v2\/posts"}],"about":[{"href":"https:\/\/www.radiopiu.net\/wordpress\/wp-json\/wp\/v2\/types\/post"}],"author":[{"embeddable":true,"href":"https:\/\/www.radiopiu.net\/wordpress\/wp-json\/wp\/v2\/users\/1"}],"replies":[{"embeddable":true,"href":"https:\/\/www.radiopiu.net\/wordpress\/wp-json\/wp\/v2\/comments?post=164293"}],"version-history":[{"count":0,"href":"https:\/\/www.radiopiu.net\/wordpress\/wp-json\/wp\/v2\/posts\/164293\/revisions"}],"wp:featuredmedia":[{"embeddable":true,"href":"https:\/\/www.radiopiu.net\/wordpress\/wp-json\/wp\/v2\/media\/164331"}],"wp:attachment":[{"href":"https:\/\/www.radiopiu.net\/wordpress\/wp-json\/wp\/v2\/media?parent=164293"}],"wp:term":[{"taxonomy":"category","embeddable":true,"href":"https:\/\/www.radiopiu.net\/wordpress\/wp-json\/wp\/v2\/categories?post=164293"},{"taxonomy":"post_tag","embeddable":true,"href":"https:\/\/www.radiopiu.net\/wordpress\/wp-json\/wp\/v2\/tags?post=164293"}],"curies":[{"name":"wp","href":"https:\/\/api.w.org\/{rel}","templated":true}]}}